{"id":10522,"date":"2024-11-20T13:56:44","date_gmt":"2024-11-20T12:56:44","guid":{"rendered":"https:\/\/www.oliquide.com\/blog\/?p=10522"},"modified":"2025-02-07T11:16:46","modified_gmt":"2025-02-07T10:16:46","slug":"mois-sans-tabac-portes-ouvertes","status":"publish","type":"post","link":"https:\/\/www.oliquide.com\/blog\/mois-sans-tabac-portes-ouvertes\/","title":{"rendered":"MOIS SANS TABAC : Oliquide ouvre ses portes pour la vape"},"content":{"rendered":"<p><img decoding=\"async\" src=\"\/blog\/wp-content\/uploads\/2025\/02\/PORTE-OUVERTES.jpg\" alt=\"banni\u00e8re portes ouvertes\"><\/p>\n<h1><span class=\"ez-toc-section\" id=\"Mois_Sans_Tabac_Oliquide_ouvre_ses_portes_sur_la_vape\"><\/span><strong>Mois Sans Tabac : <\/strong><strong>Oliquide ouvre ses portes sur la vape<\/strong><span class=\"ez-toc-section-end\"><\/span><\/h1>\n<div>\n<p><strong>Oliquide<\/strong>, acteur incontournable de la <strong>vape<\/strong> et du <strong>sevrage tabagique<\/strong>, c\u00e9l\u00e8bre son <strong>10e anniversaire<\/strong> avec un \u00e9v\u00e9nement exceptionnel le <strong>29 novembre 2024 de 15h \u00e0 19h<\/strong>. \u00c0 l\u2019occasion de la cl\u00f4ture du <strong>Mois Sans Tabac<\/strong>, les portes ouvertes mettront en avant des solutions alternatives pour une vie sans tabac, tout en renfor\u00e7ant un engagement solidaire.<\/p>\n<\/div>\n<div>\n<div id=\"ez-toc-container\" class=\"ez-toc-v2_0_82_2 counter-hierarchy ez-toc-counter ez-toc-grey ez-toc-container-direction\">\n<div class=\"ez-toc-title-container\">\n<p class=\"ez-toc-title\" style=\"cursor:inherit\">Sommaire<\/p>\n<span class=\"ez-toc-title-toggle\"><a href=\"#\" class=\"ez-toc-pull-right ez-toc-btn ez-toc-btn-xs ez-toc-btn-default ez-toc-toggle\" aria-label=\"Toggle Table of Content\"><span class=\"ez-toc-js-icon-con\"><span class=\"\"><span class=\"eztoc-hide\" style=\"display:none;\">Toggle<\/span><span class=\"ez-toc-icon-toggle-span\"><svg style=\"fill: #999;color:#999\" xmlns=\"http:\/\/www.w3.org\/2000\/svg\" class=\"list-377408\" width=\"20px\" height=\"20px\" viewBox=\"0 0 24 24\" fill=\"none\"><path d=\"M6 6H4v2h2V6zm14 0H8v2h12V6zM4 11h2v2H4v-2zm16 0H8v2h12v-2zM4 16h2v2H4v-2zm16 0H8v2h12v-2z\" fill=\"currentColor\"><\/path><\/svg><svg style=\"fill: #999;color:#999\" class=\"arrow-unsorted-368013\" xmlns=\"http:\/\/www.w3.org\/2000\/svg\" width=\"10px\" height=\"10px\" viewBox=\"0 0 24 24\" version=\"1.2\" baseProfile=\"tiny\"><path d=\"M18.2 9.3l-6.2-6.3-6.2 6.3c-.2.2-.3.4-.3.7s.1.5.3.7c.2.2.4.3.7.3h11c.3 0 .5-.1.7-.3.2-.2.3-.5.3-.7s-.1-.5-.3-.7zM5.8 14.7l6.2 6.3 6.2-6.3c.2-.2.3-.5.3-.7s-.1-.5-.3-.7c-.2-.2-.4-.3-.7-.3h-11c-.3 0-.5.1-.7.3-.2.2-.3.5-.3.7s.1.5.3.7z\"\/><\/svg><\/span><\/span><\/span><\/a><\/span><\/div>\n<nav><ul class='ez-toc-list ez-toc-list-level-1 eztoc-toggle-hide-by-default' ><li class='ez-toc-page-1 ez-toc-heading-level-1'><a class=\"ez-toc-link ez-toc-heading-1\" href=\"https:\/\/www.oliquide.com\/blog\/mois-sans-tabac-portes-ouvertes\/#Mois_Sans_Tabac_Oliquide_ouvre_ses_portes_sur_la_vape\" >Mois Sans Tabac : Oliquide ouvre ses portes sur la vape<\/a><ul class='ez-toc-list-level-2' ><li class='ez-toc-heading-level-2'><a class=\"ez-toc-link ez-toc-heading-2\" href=\"https:\/\/www.oliquide.com\/blog\/mois-sans-tabac-portes-ouvertes\/#10_ans_daccompagnement_vers_une_vie_sans_tabac\" >10 ans d\u2019accompagnement vers une vie sans tabac<\/a><\/li><li class='ez-toc-page-1 ez-toc-heading-level-2'><a class=\"ez-toc-link ez-toc-heading-3\" href=\"https:\/\/www.oliquide.com\/blog\/mois-sans-tabac-portes-ouvertes\/#Un_evenement_autour_de_la_sante_publique_et_de_la_solidarite\" >Un \u00e9v\u00e9nement autour de la sant\u00e9 publique et de la solidarit\u00e9<\/a><\/li><li class='ez-toc-page-1 ez-toc-heading-level-2'><a class=\"ez-toc-link ez-toc-heading-4\" href=\"https:\/\/www.oliquide.com\/blog\/mois-sans-tabac-portes-ouvertes\/#Le_Mois_Sans_Tabac_une_initiative_pour_un_avenir_sans_cigarette\" >Le Mois Sans Tabac : une initiative pour un avenir sans cigarette<\/a><\/li><li class='ez-toc-page-1 ez-toc-heading-level-2'><a class=\"ez-toc-link ez-toc-heading-5\" href=\"https:\/\/www.oliquide.com\/blog\/mois-sans-tabac-portes-ouvertes\/#Un_engagement_solidaire_avec_Les_Restos_du_Coeur\" >Un engagement solidaire avec Les Restos du C\u0153ur<\/a><\/li><li class='ez-toc-page-1 ez-toc-heading-level-2'><a class=\"ez-toc-link ez-toc-heading-6\" href=\"https:\/\/www.oliquide.com\/blog\/mois-sans-tabac-portes-ouvertes\/#Un_programme_riche_et_interactif\" >Un programme riche et interactif<\/a><\/li><\/ul><\/li><\/ul><\/nav><\/div>\n<\/div>\n<div>\n<h2><span class=\"ez-toc-section\" id=\"10_ans_daccompagnement_vers_une_vie_sans_tabac\"><\/span><strong>10 ans d\u2019accompagnement vers une vie sans tabac<\/strong><span class=\"ez-toc-section-end\"><\/span><\/h2>\n<\/div>\n<div>\n<p>Depuis 2014, Oliquide s\u2019engage pleinement dans la\u00a0promotion de solutions alternnalis\u00e9 pour les fumeurs souhaitant arr\u00eater. Dix ann\u00e9es marqu\u00e9es par des\u00a0milliers de clients aid\u00e9s dans leur\u00a0<strong>transition vers une vie sans tabac<\/strong>, avec des conseils adapt\u00e9s et des produits fiables. Cet anniversaire est l\u2019occasion de c\u00e9l\u00e9brer cet engagement constant pour une sant\u00e9 publique am\u00e9lior\u00e9e.atives au tabac, offrant des produits de <strong>vape de qualit\u00e9<\/strong> et un accompagnement person<\/p>\n<\/div>\n<p><img decoding=\"async\" src=\"\/blog\/wp-content\/uploads\/2024\/11\/LOGO-10-ANS-OLIQUIDE.png\" alt=\"10 ans oliquide\"><\/p>\n<div>\n<h2><span class=\"ez-toc-section\" id=\"Un_evenement_autour_de_la_sante_publique_et_de_la_solidarite\"><\/span><strong>Un \u00e9v\u00e9nement autour de la sant\u00e9 publique et de la solidarit\u00e9<\/strong><span class=\"ez-toc-section-end\"><\/span><\/h2>\n<\/div>\n<div>\n<p>Cet \u00e9v\u00e9nement se tiendra dans l\u2019entrep\u00f4t d\u2019Oliquide, situ\u00e9 au <a href=\"https:\/\/www.google.com\/maps\/dir\/\/215+Rue+Guy+Pernin,+54200+Toul\/data=!4m6!4m5!1m1!4e2!1m2!1m1!1s0x4794ae5c4d3026f1:0xfeb91f67818274b0?sa=X&amp;ved=1t:707&amp;ictx=111\"><strong>215 rue Guy Pernin, Toul<\/strong><\/a>. Il permettra de :<\/p>\n<ul>\n<li>D\u00e9couvrir les produits et initiatives de la marque.<\/li>\n<li>S\u2019informer sur les avantages de la <strong>vape<\/strong> pour arr\u00eater de fumer.<\/li>\n<li>Participer \u00e0 des animations et ateliers d\u00e9di\u00e9s au <strong>sevrage tabagique<\/strong> et au <a href=\"https:\/\/www.oliquide.com\/recharge-liquides.?p17%5B%5D=64\"><span style=\"text-decoration: underline;\"><strong>CBD<\/strong><\/span><\/a>.<\/li>\n<\/ul>\n<p>Pour accompagner les visiteurs, des professionnels\u00a0form\u00e9s et certifi\u00e9s <a href=\"https:\/\/www.oliquide.com\/blog\/formation-cimvape-en-route-vers-la-certification\/\"><span style=\"text-decoration: underline;\"><strong>CIMVAPE<\/strong><\/span><\/a><strong> <\/strong>seront pr\u00e9sents pour r\u00e9pondre \u00e0 toutes les questions et offrir un accompagnement personnalis\u00e9.<\/p>\n<\/div>\n<div>\n<h2><span class=\"ez-toc-section\" id=\"Le_Mois_Sans_Tabac_une_initiative_pour_un_avenir_sans_cigarette\"><\/span><strong>Le Mois Sans Tabac : une initiative pour un avenir sans cigarette<\/strong><span class=\"ez-toc-section-end\"><\/span><\/h2>\n<\/div>\n<p><img decoding=\"async\" src=\"\/blog\/wp-content\/uploads\/2024\/11\/Illustration109_cd2fdb01-7555-4468-ab9a-347fb18daeca.png\" alt=\"mois sans tabac\"><\/p>\n<div>\n<p>Le <strong>Mois Sans Tabac<\/strong>, lanc\u00e9 en 2016 en France, est un d\u00e9fi collectif qui incite les fumeurs \u00e0 arr\u00eater de fumer pendant 30 jours. Ce d\u00e9lai, crucial pour briser la d\u00e9pendance, augmente consid\u00e9rablement les chances d\u2019un arr\u00eat d\u00e9finitif. Inspir\u00e9 du programme britannique \u00ab\u00a0Stoptober\u00a0\u00bb, cet \u00e9v\u00e9nement national, soutenu par de nombreuses institutions de sant\u00e9 publique, vise \u00e0 sensibiliser les fumeurs et \u00e0 leur offrir les ressources n\u00e9cessaires pour r\u00e9ussir leur sevrage.<\/p>\n<p>Pour Oliquide, participer au <strong>Mois Sans Tabac<\/strong> est une mani\u00e8re naturelle de s\u2019impliquer dans cette d\u00e9marche de sant\u00e9 publique, en proposant des solutions alternatives, comme la <strong>vape<\/strong>, qui a prouv\u00e9 son efficacit\u00e9 en tant qu\u2019outil d\u2019accompagnement vers une vie sans tabac. Ce 29 novembre 2024, l\u2019entreprise r\u00e9affirme son engagement en faveur d\u2019un avenir plus sain pour tous.<\/p>\n<\/div>\n<hr>\n<div>\n<h2><span class=\"ez-toc-section\" id=\"Un_engagement_solidaire_avec_Les_Restos_du_Coeur\"><\/span><strong>Un engagement solidaire avec Les Restos du C\u0153ur<\/strong><span class=\"ez-toc-section-end\"><\/span><\/h2>\n<\/div>\n<div>\n<p>En plus de sensibiliser au <strong>Mois Sans Tabac<\/strong>, Oliquide profite de cet \u00e9v\u00e9nement pour remettre un don de <strong>8 550 \u20ac<\/strong> \u00e0 l\u2019association<span style=\"text-decoration: underline;\"> <a href=\"https:\/\/www.oliquide.com\/compteUtilisateur\/espaceSolidaire\/les-restaurants-du-c-ur-111.html\"><strong>Les Restos du C\u0153ur<\/strong><\/a><\/span>. Ce geste, symbolique et concret, t\u00e9moigne de l\u2019engagement d\u2019Oliquide envers les populations les plus pr\u00e9caires.<\/p>\n<p>Pour aller encore plus loin, Oliquide pr\u00e9voit une collaboration avec les Restos en 2025. L\u2019objectif ? Proposer des <a href=\"https:\/\/www.oliquide.com\/recharge-liquides.?p2[]=64\"><strong>produits de vape<\/strong><\/a> aux personnes en difficult\u00e9 afin de les accompagner dans leur d\u00e9marche de <strong>sevrage tabagique<\/strong>.<\/p>\n<\/div>\n<p><img decoding=\"async\" src=\"\/blog\/wp-content\/uploads\/2024\/11\/Restos_du_coeur_Logo.svg.png\" alt=\"Restos du coeur\"><\/p>\n<div>\n<h2><span class=\"ez-toc-section\" id=\"Un_programme_riche_et_interactif\"><\/span><strong>Un programme riche et interactif<\/strong><span class=\"ez-toc-section-end\"><\/span><\/h2>\n<ul><\/ul>\n<p>Venez vivre une journ\u00e9e rythm\u00e9e par :<\/p>\n<ul>\n<li>Un <strong>bar \u00e0 vape<\/strong> : testez gratuitement diff\u00e9rents e-liquides et mat\u00e9riels.<\/li>\n<li>Des <strong>ateliers d&rsquo;information<\/strong> sur la vape et le sevrage tabagique.<\/li>\n<li>Un <strong>stand CBD<\/strong>, pour en savoir plus sur son r\u00f4le dans l\u2019arr\u00eat du tabac.<\/li>\n<li>Des rencontres exclusives avec deux grandes marques de e-liquides, <span style=\"text-decoration: underline;\"><a href=\"https:\/\/www.oliquide.com\/recharge-liquides.?p2[]=4\"><strong>Alfaliquid<\/strong> <\/a><\/span>et <a href=\"https:\/\/www.oliquide.com\/recharge-liquides.?p15%5B%5D=4\"><span style=\"text-decoration: underline;\"><strong>VDLV<\/strong>.<\/span><\/a><\/li>\n<\/ul>\n<p>Le tout se terminera par un moment convivial autour d\u2019un verre pour c\u00e9l\u00e9brer cette journ\u00e9e et les actions men\u00e9es.<\/p>\n<\/div>\n<div>\n<h3><strong>Des cadeaux pour vous remercier de votre pr\u00e9sence !<\/strong><\/h3>\n<p>\u00c0 l\u2019occasion de cet \u00e9v\u00e9nement sp\u00e9cial, Oliquide tient \u00e0 vous g\u00e2ter ! Tous les visiteurs repartiront avec un <strong>tote bag exclusif<\/strong>, rempli de surprises soigneusement s\u00e9lectionn\u00e9es pour marquer cette journ\u00e9e exceptionnelle :<\/p>\n<ul>\n<li>\ud83c\udf7a <strong>Une bi\u00e8re artisanale bio<\/strong> de la c\u00e9l\u00e8bre brasserie Coincoin, pour une d\u00e9gustation locale et responsable.<\/li>\n<li>\ud83d\udd11 <strong>Un porte-cl\u00e9 d\u00e9capsuleur<\/strong>, \u00e0 la fois pratique et \u00e9l\u00e9gant, parfait pour accompagner vos soir\u00e9es.<\/li>\n<li>\ud83d\udd8a\ufe0f <strong>Un stylo en bambou<\/strong>, symbole d\u2019engagement \u00e9cologique et durable.<\/li>\n<li>\ud83e\udd64 <strong>Une eco-cup r\u00e9utilisable<\/strong>, id\u00e9ale pour r\u00e9duire les d\u00e9chets au quotidien.<\/li>\n<\/ul>\n<\/div>\n<div>\n<h3><strong>Un tirage au sort exceptionnel !<\/strong><\/h3>\n<p>En participant \u00e0 l\u2019\u00e9v\u00e9nement, vous aurez \u00e9galement la chance de remporter l\u2019un des <strong>trois packs d\u00e9butants<\/strong> mis en jeu. Chaque pack inclut :<\/p>\n<ul>\n<li>Une <strong>cigarette \u00e9lectronique<\/strong>, pour vous accompagner dans votre d\u00e9marche de sevrage tabagique.<\/li>\n<li>Une s\u00e9lection de <strong>e-liquides<\/strong>, pour d\u00e9couvrir des saveurs vari\u00e9es et de qualit\u00e9.<\/li>\n<\/ul>\n<p>Le tirage au sort aura lieu en fin de journ\u00e9e, alors ne manquez pas cette opportunit\u00e9 de repartir avec un cadeau qui pourrait changer votre vie !<\/p>\n<\/div>\n<p><img decoding=\"async\" src=\"\/blog\/wp-content\/uploads\/2024\/11\/Capture-decran-2024-11-22-155153.png\" alt=\"TOTE BAG\n\"><\/p>\n<p><!--more--><br \/>\n<!-- {\"type\":\"layout\",\"children\":[{\"type\":\"section\",\"props\":{\"image_position\":\"center-center\",\"padding\":\"small\",\"style\":\"default\",\"title_breakpoint\":\"xl\",\"title_position\":\"top-left\",\"title_rotation\":\"left\",\"vertical_align\":\"middle\",\"width\":\"default\"},\"children\":[{\"type\":\"row\",\"children\":[{\"type\":\"column\",\"props\":{\"image_position\":\"center-center\",\"position_sticky_breakpoint\":\"m\"},\"children\":[{\"type\":\"image\",\"props\":{\"image\":\"wp-content\\\/uploads\\\/2025\\\/02\\\/PORTE-OUVERTES.jpg\",\"image_alt\":\"banni\\u00e8re portes ouvertes\",\"image_svg_color\":\"emphasis\",\"margin\":\"default\"}},{\"type\":\"headline\",\"props\":{\"content\":\"<strong>Mois Sans Tabac : <\\\/strong><strong>Oliquide ouvre ses portes sur la vape<\\\/strong>\",\"title_element\":\"h1\"}},{\"type\":\"text\",\"props\":{\"column_breakpoint\":\"m\",\"content\":\"\n\n<p><strong>Oliquide<\\\/strong>, acteur incontournable de la <strong>vape<\\\/strong> et du <strong>sevrage tabagique<\\\/strong>, c\\u00e9l\\u00e8bre son <strong>10e anniversaire<\\\/strong> avec un \\u00e9v\\u00e9nement exceptionnel le <strong>29 novembre 2024 de 15h \\u00e0 19h<\\\/strong>. \\u00c0 l\\u2019occasion de la cl\\u00f4ture du <strong>Mois Sans Tabac<\\\/strong>, les portes ouvertes mettront en avant des solutions alternatives pour une vie sans tabac, tout en renfor\\u00e7ant un engagement solidaire.<\\\/p>\",\"margin\":\"default\"}}]}]},{\"type\":\"row\",\"props\":{\"layout\":\"1-2,1-2\"},\"children\":[{\"type\":\"column\",\"props\":{\"image_position\":\"center-center\",\"position_sticky_breakpoint\":\"m\",\"vertical_align\":\"bottom\",\"width_medium\":\"2-3\"},\"children\":[{\"type\":\"html\",\"props\":{\"content\":\"[ez-toc]\"}},{\"type\":\"text\",\"props\":{\"column_breakpoint\":\"m\",\"content\":\"\n\n<h2><strong>10 ans d\\u2019accompagnement vers une vie sans tabac<\\\/strong><\\\/h2>\",\"margin\":\"default\"}},{\"type\":\"text\",\"props\":{\"column_breakpoint\":\"m\",\"content\":\"\n\n<p>Depuis 2014, Oliquide s\\u2019engage pleinement dans la\\u00a0promotion de solutions alternnalis\\u00e9 pour les fumeurs souhaitant arr\\u00eater. Dix ann\\u00e9es marqu\\u00e9es par des\\u00a0milliers de clients aid\\u00e9s dans leur\\u00a0<strong>transition vers une vie sans tabac<\\\/strong>, avec des conseils adapt\\u00e9s et des produits fiables. Cet anniversaire est l\\u2019occasion de c\\u00e9l\\u00e9brer cet engagement constant pour une sant\\u00e9 publique am\\u00e9lior\\u00e9e.atives au tabac, offrant des produits de <strong>vape de qualit\\u00e9<\\\/strong> et un accompagnement person<\\\/p>\",\"margin\":\"small\"}}]},{\"type\":\"column\",\"props\":{\"image_position\":\"center-center\",\"position_sticky_breakpoint\":\"m\",\"vertical_align\":\"bottom\",\"width_medium\":\"1-3\"},\"children\":[{\"type\":\"image\",\"props\":{\"image\":\"wp-content\\\/uploads\\\/2024\\\/11\\\/LOGO-10-ANS-OLIQUIDE.png\",\"image_alt\":\"10 ans oliquide\",\"image_svg_color\":\"emphasis\",\"image_width\":300,\"margin\":\"default\"}}]}]}]},{\"type\":\"section\",\"props\":{\"image_position\":\"center-center\",\"padding\":\"small\",\"style\":\"default\",\"title_breakpoint\":\"xl\",\"title_position\":\"top-left\",\"title_rotation\":\"left\",\"vertical_align\":\"middle\",\"width\":\"default\"},\"children\":[{\"type\":\"row\",\"children\":[{\"type\":\"column\",\"props\":{\"image_position\":\"center-center\",\"position_sticky_breakpoint\":\"m\",\"vertical_align\":\"middle\"},\"children\":[{\"type\":\"text\",\"props\":{\"column_breakpoint\":\"m\",\"content\":\"\n\n<h2><strong>Un \\u00e9v\\u00e9nement autour de la sant\\u00e9 publique et de la solidarit\\u00e9<\\\/strong><\\\/h2>\",\"margin\":\"default\"}},{\"type\":\"text\",\"props\":{\"column_breakpoint\":\"m\",\"content\":\"\n\n<p>Cet \\u00e9v\\u00e9nement se tiendra dans l\\u2019entrep\\u00f4t d\\u2019Oliquide, situ\\u00e9 au <a href=\\\"https:\\\/\\\/www.google.com\\\/maps\\\/dir\\\/\\\/215+Rue+Guy+Pernin,+54200+Toul\\\/data=!4m6!4m5!1m1!4e2!1m2!1m1!1s0x4794ae5c4d3026f1:0xfeb91f67818274b0?sa=X&amp;ved=1t:707&amp;ictx=111\\\"><strong>215 rue Guy Pernin, Toul<\\\/strong><\\\/a>. Il permettra de :<\\\/p>\\n\n\n<ul>\\n\n\n<li>D\\u00e9couvrir les produits et initiatives de la marque.<\\\/li>\\n\n\n<li>S\\u2019informer sur les avantages de la <strong>vape<\\\/strong> pour arr\\u00eater de fumer.<\\\/li>\\n\n\n<li>Participer \\u00e0 des animations et ateliers d\\u00e9di\\u00e9s au <strong>sevrage tabagique<\\\/strong> et au <a href=\\\"https:\\\/\\\/www.oliquide.com\\\/recharge-liquides.?p17%5B%5D=64\\\"><span style=\\\"text-decoration: underline;\\\"><strong>CBD<\\\/strong><\\\/span><\\\/a>.<\\\/li>\\n<\\\/ul>\\n\n\n<p>Pour accompagner les visiteurs, des professionnels\\u00a0form\\u00e9s et certifi\\u00e9s <a href=\\\"https:\\\/\\\/www.oliquide.com\\\/blog\\\/formation-cimvape-en-route-vers-la-certification\\\/\\\"><span style=\\\"text-decoration: underline;\\\"><strong>CIMVAPE<\\\/strong><\\\/span><\\\/a><strong> <\\\/strong>seront pr\\u00e9sents pour r\\u00e9pondre \\u00e0 toutes les questions et offrir un accompagnement personnalis\\u00e9.<\\\/p>\",\"margin\":\"default\"}}]}]}]},{\"type\":\"section\",\"props\":{\"image_position\":\"center-center\",\"padding\":\"small\",\"style\":\"muted\",\"title_breakpoint\":\"xl\",\"title_position\":\"top-left\",\"title_rotation\":\"left\",\"vertical_align\":\"middle\",\"width\":\"default\"},\"children\":[{\"type\":\"row\",\"children\":[{\"type\":\"column\",\"props\":{\"image_position\":\"center-center\",\"position_sticky_breakpoint\":\"m\"},\"children\":[{\"type\":\"text\",\"props\":{\"column_breakpoint\":\"m\",\"content\":\"\n\n<h2><strong>Le Mois Sans Tabac : une initiative pour un avenir sans cigarette<\\\/strong><\\\/h2>\",\"margin\":\"default\"}}]}]},{\"type\":\"row\",\"props\":{\"layout\":\"1-2,1-2\"},\"children\":[{\"type\":\"column\",\"props\":{\"image_position\":\"center-center\",\"position_sticky_breakpoint\":\"m\",\"width_medium\":\"1-3\"},\"children\":[{\"type\":\"image\",\"props\":{\"image\":\"wp-content\\\/uploads\\\/2024\\\/11\\\/Illustration109_cd2fdb01-7555-4468-ab9a-347fb18daeca.png\",\"image_alt\":\"mois sans tabac\",\"image_svg_color\":\"emphasis\",\"image_width\":280,\"margin\":\"default\"}}]},{\"type\":\"column\",\"props\":{\"image_position\":\"center-center\",\"position_sticky_breakpoint\":\"m\",\"width_medium\":\"2-3\"},\"children\":[{\"type\":\"text\",\"props\":{\"column_breakpoint\":\"m\",\"content\":\"\n\n<p>Le <strong>Mois Sans Tabac<\\\/strong>, lanc\\u00e9 en 2016 en France, est un d\\u00e9fi collectif qui incite les fumeurs \\u00e0 arr\\u00eater de fumer pendant 30 jours. Ce d\\u00e9lai, crucial pour briser la d\\u00e9pendance, augmente consid\\u00e9rablement les chances d\\u2019un arr\\u00eat d\\u00e9finitif. Inspir\\u00e9 du programme britannique \\\"Stoptober\\\", cet \\u00e9v\\u00e9nement national, soutenu par de nombreuses institutions de sant\\u00e9 publique, vise \\u00e0 sensibiliser les fumeurs et \\u00e0 leur offrir les ressources n\\u00e9cessaires pour r\\u00e9ussir leur sevrage.<\\\/p>\\n\n\n<p>Pour Oliquide, participer au <strong>Mois Sans Tabac<\\\/strong> est une mani\\u00e8re naturelle de s\\u2019impliquer dans cette d\\u00e9marche de sant\\u00e9 publique, en proposant des solutions alternatives, comme la <strong>vape<\\\/strong>, qui a prouv\\u00e9 son efficacit\\u00e9 en tant qu\\u2019outil d\\u2019accompagnement vers une vie sans tabac. Ce 29 novembre 2024, l\\u2019entreprise r\\u00e9affirme son engagement en faveur d\\u2019un avenir plus sain pour tous.<\\\/p>\",\"margin\":\"default\"}},{\"type\":\"divider\",\"props\":{\"divider_element\":\"hr\"}}]}]}]},{\"type\":\"section\",\"props\":{\"image_position\":\"center-center\",\"padding\":\"small\",\"style\":\"default\",\"title_breakpoint\":\"xl\",\"title_position\":\"top-left\",\"title_rotation\":\"left\",\"vertical_align\":\"middle\",\"width\":\"default\"},\"children\":[{\"type\":\"row\",\"children\":[{\"type\":\"column\",\"props\":{\"image_position\":\"center-center\",\"position_sticky_breakpoint\":\"m\",\"width_medium\":\"5-6\"},\"children\":[{\"type\":\"text\",\"props\":{\"column_breakpoint\":\"m\",\"content\":\"\n\n<h2><strong>Un engagement solidaire avec Les Restos du C\\u0153ur<\\\/strong><\\\/h2>\",\"margin\":\"default\"}},{\"type\":\"text\",\"props\":{\"column_breakpoint\":\"m\",\"content\":\"\n\n<p>En plus de sensibiliser au <strong>Mois Sans Tabac<\\\/strong>, Oliquide profite de cet \\u00e9v\\u00e9nement pour remettre un don de <strong>8 550 \\u20ac<\\\/strong> \\u00e0 l\\u2019association<span style=\\\"text-decoration: underline;\\\"> <a href=\\\"https:\\\/\\\/www.oliquide.com\\\/compteUtilisateur\\\/espaceSolidaire\\\/les-restaurants-du-c-ur-111.html\\\"><strong>Les Restos du C\\u0153ur<\\\/strong><\\\/a><\\\/span>. Ce geste, symbolique et concret, t\\u00e9moigne de l\\u2019engagement d\\u2019Oliquide envers les populations les plus pr\\u00e9caires.<\\\/p>\\n\n\n<p>Pour aller encore plus loin, Oliquide pr\\u00e9voit une collaboration avec les Restos en 2025. L\\u2019objectif ? Proposer des <a href=\\\"https:\\\/\\\/www.oliquide.com\\\/recharge-liquides.?p2[]=64\\\"><strong>produits de vape<\\\/strong><\\\/a> aux personnes en difficult\\u00e9 afin de les accompagner dans leur d\\u00e9marche de <strong>sevrage tabagique<\\\/strong>.<\\\/p>\",\"margin\":\"default\"}}]},{\"type\":\"column\",\"props\":{\"image_position\":\"center-center\",\"position_sticky_breakpoint\":\"m\",\"width_medium\":\"1-6\"},\"children\":[{\"type\":\"image\",\"props\":{\"image\":\"wp-content\\\/uploads\\\/2024\\\/11\\\/Restos_du_coeur_Logo.svg.png\",\"image_alt\":\"Restos du coeur\",\"image_svg_color\":\"emphasis\",\"margin\":\"default\",\"text_align\":\"center\"}}]}],\"props\":{\"layout\":\"1-2,1-2\"}}]},{\"type\":\"section\",\"props\":{\"image_position\":\"center-center\",\"style\":\"muted\",\"title_breakpoint\":\"xl\",\"title_position\":\"top-left\",\"title_rotation\":\"left\",\"vertical_align\":\"middle\",\"width\":\"default\"},\"children\":[{\"type\":\"row\",\"children\":[{\"type\":\"column\",\"props\":{\"image_position\":\"center-center\",\"position_sticky_breakpoint\":\"m\"},\"children\":[{\"type\":\"text\",\"props\":{\"column_breakpoint\":\"m\",\"content\":\"\n\n<h2><strong>Un programme riche et interactif<\\\/strong><\\\/h2>\\n\n\n<ul><\\\/ul>\\n\n\n<p>Venez vivre une journ\\u00e9e rythm\\u00e9e par :<\\\/p>\\n\n\n<ul>\\n\n\n<li>Un <strong>bar \\u00e0 vape<\\\/strong> : testez gratuitement diff\\u00e9rents e-liquides et mat\\u00e9riels.<\\\/li>\\n\n\n<li>Des <strong>ateliers d'information<\\\/strong> sur la vape et le sevrage tabagique.<\\\/li>\\n\n\n<li>Un <strong>stand CBD<\\\/strong>, pour en savoir plus sur son r\\u00f4le dans l\\u2019arr\\u00eat du tabac.<\\\/li>\\n\n\n<li>Des rencontres exclusives avec deux grandes marques de e-liquides, <span style=\\\"text-decoration: underline;\\\"><a href=\\\"https:\\\/\\\/www.oliquide.com\\\/recharge-liquides.?p2[]=4\\\"><strong>Alfaliquid<\\\/strong> <\\\/a><\\\/span>et <a href=\\\"https:\\\/\\\/www.oliquide.com\\\/recharge-liquides.?p15%5B%5D=4\\\"><span style=\\\"text-decoration: underline;\\\"><strong>VDLV<\\\/strong>.<\\\/span><\\\/a><\\\/li>\\n<\\\/ul>\\n\n\n<p>Le tout se terminera par un moment convivial autour d\\u2019un verre pour c\\u00e9l\\u00e9brer cette journ\\u00e9e et les actions men\\u00e9es.<\\\/p>\",\"dropcap\":false,\"margin\":\"default\"}}]}]},{\"type\":\"row\",\"props\":{\"layout\":\"1-2,1-2\"},\"children\":[{\"type\":\"column\",\"props\":{\"image_position\":\"center-center\",\"position_sticky_breakpoint\":\"m\",\"width_medium\":\"1-2\"},\"children\":[{\"type\":\"text\",\"props\":{\"column_breakpoint\":\"m\",\"content\":\"\n\n<h3><strong>Des cadeaux pour vous remercier de votre pr\\u00e9sence !<\\\/strong><\\\/h3>\\n\n\n<p>\\u00c0 l\\u2019occasion de cet \\u00e9v\\u00e9nement sp\\u00e9cial, Oliquide tient \\u00e0 vous g\\u00e2ter ! Tous les visiteurs repartiront avec un <strong>tote bag exclusif<\\\/strong>, rempli de surprises soigneusement s\\u00e9lectionn\\u00e9es pour marquer cette journ\\u00e9e exceptionnelle :<\\\/p>\\n\n\n<ul>\\n\n\n<li>\\ud83c\\udf7a <strong>Une bi\\u00e8re artisanale bio<\\\/strong> de la c\\u00e9l\\u00e8bre brasserie Coincoin, pour une d\\u00e9gustation locale et responsable.<\\\/li>\\n\n\n<li>\\ud83d\\udd11 <strong>Un porte-cl\\u00e9 d\\u00e9capsuleur<\\\/strong>, \\u00e0 la fois pratique et \\u00e9l\\u00e9gant, parfait pour accompagner vos soir\\u00e9es.<\\\/li>\\n\n\n<li>\\ud83d\\udd8a\\ufe0f <strong>Un stylo en bambou<\\\/strong>, symbole d\\u2019engagement \\u00e9cologique et durable.<\\\/li>\\n\n\n<li>\\ud83e\\udd64 <strong>Une eco-cup r\\u00e9utilisable<\\\/strong>, id\\u00e9ale pour r\\u00e9duire les d\\u00e9chets au quotidien.<\\\/li>\\n<\\\/ul>\",\"margin\":\"default\"}},{\"type\":\"text\",\"props\":{\"column_breakpoint\":\"m\",\"content\":\"\n\n<h3><strong>Un tirage au sort exceptionnel !<\\\/strong><\\\/h3>\\n\n\n<p>En participant \\u00e0 l\\u2019\\u00e9v\\u00e9nement, vous aurez \\u00e9galement la chance de remporter l\\u2019un des <strong>trois packs d\\u00e9butants<\\\/strong> mis en jeu. Chaque pack inclut :<\\\/p>\\n\n\n<ul>\\n\n\n<li>Une <strong>cigarette \\u00e9lectronique<\\\/strong>, pour vous accompagner dans votre d\\u00e9marche de sevrage tabagique.<\\\/li>\\n\n\n<li>Une s\\u00e9lection de <strong>e-liquides<\\\/strong>, pour d\\u00e9couvrir des saveurs vari\\u00e9es et de qualit\\u00e9.<\\\/li>\\n<\\\/ul>\\n\n\n<p>Le tirage au sort aura lieu en fin de journ\\u00e9e, alors ne manquez pas cette opportunit\\u00e9 de repartir avec un cadeau qui pourrait changer votre vie !<\\\/p>\",\"margin\":\"default\"}}]},{\"type\":\"column\",\"props\":{\"image_position\":\"center-center\",\"position_sticky_breakpoint\":\"m\",\"width_medium\":\"1-2\"},\"children\":[{\"type\":\"image\",\"props\":{\"image\":\"wp-content\\\/uploads\\\/2024\\\/11\\\/Capture-decran-2024-11-22-155153.png\",\"image_alt\":\"TOTE BAG\\n\",\"image_svg_color\":\"emphasis\",\"margin\":\"default\"}}]}]},{\"type\":\"row\",\"children\":[{\"type\":\"column\",\"props\":{\"image_position\":\"center-center\",\"position_sticky_breakpoint\":\"m\"}}]}]}],\"version\":\"4.5.4\"} --><\/p>\n","protected":false},"excerpt":{"rendered":"<p>Mois Sans Tabac : Oliquide ouvre ses portes sur la vape Oliquide, acteur incontournable de la vape et du sevrage tabagique, c\u00e9l\u00e8bre son 10e anniversaire avec un \u00e9v\u00e9nement exceptionnel le 29 novembre 2024 de 15h \u00e0 19h. \u00c0 l\u2019occasion de la cl\u00f4ture du Mois Sans Tabac, les portes ouvertes mettront en avant des solutions alternatives [&hellip;]<\/p>\n","protected":false},"author":6,"featured_media":10524,"comment_status":"open","ping_status":"open","sticky":false,"template":"","format":"standard","meta":{"_jetpack_memberships_contains_paid_content":false,"footnotes":""},"categories":[4,10],"tags":[],"class_list":["post-10522","post","type-post","status-publish","format-standard","has-post-thumbnail","hentry","category-actus-oliquide","category-stop-tabac"],"aioseo_notices":[],"jetpack_featured_media_url":"https:\/\/www.oliquide.com\/blog\/wp-content\/uploads\/2024\/11\/BANNIERE-BLOG-PORTES-OUVERTES.jpg","jetpack_sharing_enabled":true,"_links":{"self":[{"href":"https:\/\/www.oliquide.com\/blog\/wp-json\/wp\/v2\/posts\/10522","targetHints":{"allow":["GET"]}}],"collection":[{"href":"https:\/\/www.oliquide.com\/blog\/wp-json\/wp\/v2\/posts"}],"about":[{"href":"https:\/\/www.oliquide.com\/blog\/wp-json\/wp\/v2\/types\/post"}],"author":[{"embeddable":true,"href":"https:\/\/www.oliquide.com\/blog\/wp-json\/wp\/v2\/users\/6"}],"replies":[{"embeddable":true,"href":"https:\/\/www.oliquide.com\/blog\/wp-json\/wp\/v2\/comments?post=10522"}],"version-history":[{"count":0,"href":"https:\/\/www.oliquide.com\/blog\/wp-json\/wp\/v2\/posts\/10522\/revisions"}],"wp:featuredmedia":[{"embeddable":true,"href":"https:\/\/www.oliquide.com\/blog\/wp-json\/wp\/v2\/media\/10524"}],"wp:attachment":[{"href":"https:\/\/www.oliquide.com\/blog\/wp-json\/wp\/v2\/media?parent=10522"}],"wp:term":[{"taxonomy":"category","embeddable":true,"href":"https:\/\/www.oliquide.com\/blog\/wp-json\/wp\/v2\/categories?post=10522"},{"taxonomy":"post_tag","embeddable":true,"href":"https:\/\/www.oliquide.com\/blog\/wp-json\/wp\/v2\/tags?post=10522"}],"curies":[{"name":"wp","href":"https:\/\/api.w.org\/{rel}","templated":true}]}}