{"id":13022,"date":"2025-02-17T12:27:17","date_gmt":"2025-02-17T11:27:17","guid":{"rendered":"https:\/\/www.oliquide.com\/blog\/?p=13022"},"modified":"2025-09-08T11:48:20","modified_gmt":"2025-09-08T09:48:20","slug":"linterdiction-puffs-france-la-sante-publique-environnement","status":"publish","type":"post","link":"https:\/\/www.oliquide.com\/blog\/linterdiction-puffs-france-la-sante-publique-environnement\/","title":{"rendered":"L\u2019interdiction des puffs en France : Une d\u00e9cision unanime pour la sant\u00e9 publique et l\u2019environnement"},"content":{"rendered":"<p><img decoding=\"async\" src=\"\/blog\/wp-content\/uploads\/2025\/02\/BANNIERE-INTERDICTION-PUFFS-2.jpg\" alt=\"le s\u00e9nat a interdit les puffs en France\"><\/p>\n<div>\n<h2 data-pm-slice=\"1 1 []\"><span class=\"ez-toc-section\" id=\"Linterdiction_des_puffs_en_France_Une_decision_unanime_pour_la_sante_publique_et_lenvironnement\"><\/span><strong>L\u2019interdiction des puffs en France : Une d\u00e9cision unanime pour la sant\u00e9 publique et l\u2019environnement<\/strong><span class=\"ez-toc-section-end\"><\/span><\/h2>\n<\/div>\n<div>\n<p data-pm-slice=\"1 1 []\"><span><strong>Le jeudi 13 f\u00e9vrier 2025<\/strong> marque un tournant majeur pour le march\u00e9 du vapotage en France. Le S\u00e9nat a vot\u00e9 \u00e0 l\u2019unanimit\u00e9 l\u2019interdiction des<strong> cigarettes \u00e9lectroniques jetables,<\/strong> commun\u00e9ment appel\u00e9es \u00ab <strong>puffs<\/strong> \u00bb. Cette mesure, qui s\u2019inscrit dans le cadre du <strong><a href=\"https:\/\/sante.gouv.fr\/IMG\/pdf\/dp_plan_lutte_tabac.pdf\"><em>Programme National de Lutte contre le Tabac<\/em><\/a><\/strong> 2023-2027, vise \u00e0 prot\u00e9ger la sant\u00e9 des jeunes et <strong>\u00e0 limiter l\u2019impact \u00e9cologique<\/strong> de ces dispositifs.<\/span><\/p>\n<\/div>\n<div>\n<div id=\"ez-toc-container\" class=\"ez-toc-v2_0_82_2 counter-hierarchy ez-toc-counter ez-toc-grey ez-toc-container-direction\">\n<div class=\"ez-toc-title-container\">\n<p class=\"ez-toc-title\" style=\"cursor:inherit\">Sommaire<\/p>\n<span class=\"ez-toc-title-toggle\"><a href=\"#\" class=\"ez-toc-pull-right ez-toc-btn ez-toc-btn-xs ez-toc-btn-default ez-toc-toggle\" aria-label=\"Toggle Table of Content\"><span class=\"ez-toc-js-icon-con\"><span class=\"\"><span class=\"eztoc-hide\" style=\"display:none;\">Toggle<\/span><span class=\"ez-toc-icon-toggle-span\"><svg style=\"fill: #999;color:#999\" xmlns=\"http:\/\/www.w3.org\/2000\/svg\" class=\"list-377408\" width=\"20px\" height=\"20px\" viewBox=\"0 0 24 24\" fill=\"none\"><path d=\"M6 6H4v2h2V6zm14 0H8v2h12V6zM4 11h2v2H4v-2zm16 0H8v2h12v-2zM4 16h2v2H4v-2zm16 0H8v2h12v-2z\" fill=\"currentColor\"><\/path><\/svg><svg style=\"fill: #999;color:#999\" class=\"arrow-unsorted-368013\" xmlns=\"http:\/\/www.w3.org\/2000\/svg\" width=\"10px\" height=\"10px\" viewBox=\"0 0 24 24\" version=\"1.2\" baseProfile=\"tiny\"><path d=\"M18.2 9.3l-6.2-6.3-6.2 6.3c-.2.2-.3.4-.3.7s.1.5.3.7c.2.2.4.3.7.3h11c.3 0 .5-.1.7-.3.2-.2.3-.5.3-.7s-.1-.5-.3-.7zM5.8 14.7l6.2 6.3 6.2-6.3c.2-.2.3-.5.3-.7s-.1-.5-.3-.7c-.2-.2-.4-.3-.7-.3h-11c-.3 0-.5.1-.7.3-.2.2-.3.5-.3.7s.1.5.3.7z\"\/><\/svg><\/span><\/span><\/span><\/a><\/span><\/div>\n<nav><ul class='ez-toc-list ez-toc-list-level-1 eztoc-toggle-hide-by-default' ><li class='ez-toc-page-1 ez-toc-heading-level-2'><a class=\"ez-toc-link ez-toc-heading-1\" href=\"https:\/\/www.oliquide.com\/blog\/linterdiction-puffs-france-la-sante-publique-environnement\/#Linterdiction_des_puffs_en_France_Une_decision_unanime_pour_la_sante_publique_et_lenvironnement\" >L\u2019interdiction des puffs en France : Une d\u00e9cision unanime pour la sant\u00e9 publique et l\u2019environnement<\/a><\/li><li class='ez-toc-page-1 ez-toc-heading-level-2'><a class=\"ez-toc-link ez-toc-heading-2\" href=\"https:\/\/www.oliquide.com\/blog\/linterdiction-puffs-france-la-sante-publique-environnement\/#Pourquoi_interdire_les_puffs\" >Pourquoi interdire les puffs ?<\/a><\/li><li class='ez-toc-page-1 ez-toc-heading-level-2'><a class=\"ez-toc-link ez-toc-heading-3\" href=\"https:\/\/www.oliquide.com\/blog\/linterdiction-puffs-france-la-sante-publique-environnement\/#Un_consensus_politique_fort\" >Un consensus politique fort<\/a><\/li><li class='ez-toc-page-1 ez-toc-heading-level-2'><a class=\"ez-toc-link ez-toc-heading-4\" href=\"https:\/\/www.oliquide.com\/blog\/linterdiction-puffs-france-la-sante-publique-environnement\/#Quelles_consequences_pour_le_secteur_du_vapotage\" >Quelles cons\u00e9quences pour le secteur du vapotage ?<\/a><\/li><li class='ez-toc-page-1 ez-toc-heading-level-2'><a class=\"ez-toc-link ez-toc-heading-5\" href=\"https:\/\/www.oliquide.com\/blog\/linterdiction-puffs-france-la-sante-publique-environnement\/#Une_interdiction_qui_setend_en_Europe\" >Une interdiction qui s\u2019\u00e9tend en Europe ?<\/a><\/li><li class='ez-toc-page-1 ez-toc-heading-level-2'><a class=\"ez-toc-link ez-toc-heading-6\" href=\"https:\/\/www.oliquide.com\/blog\/linterdiction-puffs-france-la-sante-publique-environnement\/#Quelles_perspectives_pour_lavenir\" >Quelles perspectives pour l\u2019avenir ?<\/a><\/li><li class='ez-toc-page-1 ez-toc-heading-level-2'><a class=\"ez-toc-link ez-toc-heading-7\" href=\"https:\/\/www.oliquide.com\/blog\/linterdiction-puffs-france-la-sante-publique-environnement\/#FAQ_Linterdiction_des_puffs_en_France\" >FAQ : L\u2019interdiction des puffs en France<\/a><\/li><\/ul><\/nav><\/div>\n<\/div>\n<div>\n<h2 data-pm-slice=\"1 1 []\"><span class=\"ez-toc-section\" id=\"Pourquoi_interdire_les_puffs\"><\/span><strong>Pourquoi interdire les puffs ?<\/strong><span class=\"ez-toc-section-end\"><\/span><\/h2>\n<h3><span><strong>Un enjeu de sant\u00e9 publique<\/strong><\/span><br \/><span><\/span><\/h3>\n<p><span><strong>Les puffs<\/strong>, avec leurs ar\u00f4mes sucr\u00e9s et leur design attrayant, sont particuli\u00e8rement pris\u00e9es par les <strong>adolescents<\/strong>. Leur commercialisation a \u00e9t\u00e9 d\u00e9nonc\u00e9e par de nombreux professionnels de sant\u00e9 qui pointent du doigt leur r\u00f4le dans l\u2019initiation \u00e0 la nicotine et leur potentiel effet passerelle vers le tabagisme classique. Bien que le vapotage soit reconnu comme<strong> une alternative moins nocive que la cigarette traditionnelle,<\/strong> les autorit\u00e9s craignent que ces produits ne favorisent une d\u00e9pendance pr\u00e9coce chez les jeunes.<\/span><\/p>\n<blockquote>\n<p><span><strong>Catherine Vautrin, ministre du Travail<\/strong>, de la Sant\u00e9 et des Solidarit\u00e9s, a d\u00e9clar\u00e9 :<\/span><br \/><span><em>\u00ab Ce vote d\u00e9montre une prise de conscience collective face au danger que repr\u00e9sentent les puffs pour nos enfants et adolescents. Ces produits pi\u00e8gent trop souvent les jeunes dans une premi\u00e8re consommation qui peut les conduire vers le tabagisme. C\u2019est une mesure de bon sens et de responsabilit\u00e9. \u00bb<\/em><\/span><\/p>\n<\/blockquote>\n<\/div>\n<p><img decoding=\"async\" src=\"\/blog\/wp-content\/uploads\/2025\/02\/oEyb_5Yp_400x400.jpg\" alt=\"catherine Vautrin\"><\/p>\n<div>\n<h3 data-pm-slice=\"1 1 []\"><span><strong>Un d\u00e9sastre environnemental<\/strong><\/span><\/h3>\n<p data-pm-slice=\"1 1 []\"><span>Les puffs sont des dispositifs \u00e0 usage unique, compos\u00e9s de <strong>plastique<\/strong>, de <strong>m\u00e9taux lourds<\/strong> et de <strong>batteries au lithium<\/strong>, rendant leur recyclage complexe. Malheureusement, la majorit\u00e9 d\u2019entre elles finissent dans la nature, contribuant \u00e0 <strong>la pollution des sols et des eaux.<\/strong> Cette interdiction vise donc aussi \u00e0 r\u00e9duire leur <strong>empreinte \u00e9cologique<\/strong> et \u00e0 favoriser une consommation plus responsable des produits du vapotage.<\/span><\/p>\n<\/div>\n<p><img decoding=\"async\" src=\"\/blog\/wp-content\/uploads\/2025\/02\/AdobeStock_964693575-scaled.jpeg\" alt=\"pollution des eaux d\u00fb aux puffs\"><\/p>\n<div>\n<h2 data-pm-slice=\"1 1 []\"><span class=\"ez-toc-section\" id=\"Un_consensus_politique_fort\"><\/span><strong>Un consensus politique fort<\/strong><span class=\"ez-toc-section-end\"><\/span><\/h2>\n<p><span>La proposition de loi port\u00e9e par les <strong>d\u00e9put\u00e9s Khalif\u00e9 Khalife<\/strong> et <strong>Michel Lauzzana<\/strong> a \u00e9t\u00e9 adopt\u00e9e \u00e0 l\u2019unanimit\u00e9 par <strong>l\u2019Assembl\u00e9e nationale et le S\u00e9nat<\/strong>, apr\u00e8s deux ans de d\u00e9bats et de concertations transpartisanes. Ce large consensus t\u00e9moigne de l\u2019importance du dialogue parlementaire sur ce sujet sensible.<\/span><\/p>\n<blockquote>\n<p><span><strong>Yannick Neuder<\/strong>, <strong>ministre charg\u00e9 de la Sant\u00e9 et de l\u2019Acc\u00e8s aux soins<\/strong>, s\u2019est f\u00e9licit\u00e9 de cette d\u00e9cision en d\u00e9clarant :<\/span><br \/><span><em>\u00ab Gr\u00e2ce \u00e0 cet engagement collectif, nous faisons un pas d\u00e9cisif pour prot\u00e9ger nos jeunes d\u2019une entr\u00e9e dans le tabagisme et pr\u00e9venir cette addiction n\u00e9faste \u00e0 tous points de vue. \u00bb<\/em><\/span><\/p>\n<\/blockquote>\n<\/div>\n<div>\n<h2 data-pm-slice=\"1 1 []\"><span class=\"ez-toc-section\" id=\"Quelles_consequences_pour_le_secteur_du_vapotage\"><\/span><strong>Quelles cons\u00e9quences pour le secteur du vapotage ?<\/strong><span class=\"ez-toc-section-end\"><\/span><\/h2>\n<p><span>L\u2019interdiction des puffs vient renforcer un cadre r\u00e9glementaire d\u00e9j\u00e0 strict autour du vapotage en France :<\/span><\/p>\n<ul data-spread=\"false\">\n<li>\n<p><span><strong>Interdiction de la vente aux mineurs<\/strong><\/span><\/p>\n<\/li>\n<li>\n<p><span><strong>Limitation du taux de nicotine \u00e0 20 mg\/ml<\/strong><\/span><\/p>\n<\/li>\n<li>\n<p><span><strong>Proscription de toute publicit\u00e9 ou promotion pour ces produits<\/strong><\/span><\/p>\n<\/li>\n<\/ul>\n<p><span>D\u00e9sormais, la Direction g\u00e9n\u00e9rale de la Concurrence, de la Consommation et de la R\u00e9pression des fraudes (DGCCRF) sera charg\u00e9e de veiller au respect de cette interdiction et d\u2019appliquer des sanctions en cas de manquement.<\/span><\/p>\n<\/div>\n<div>\n<h2 data-pm-slice=\"1 1 []\"><span class=\"ez-toc-section\" id=\"Une_interdiction_qui_setend_en_Europe\"><\/span><strong>Une interdiction qui s\u2019\u00e9tend en Europe ?<\/strong><span class=\"ez-toc-section-end\"><\/span><\/h2>\n<p><span>Apr\u00e8s <strong>la Belgique<\/strong>,<strong> la France<\/strong> devient le deuxi\u00e8me pays europ\u00e9en \u00e0 interdire la commercialisation des puffs. <strong>La Commission europ\u00e9enne<\/strong> avait donn\u00e9 son feu vert en septembre 2024, ajoutant une recommandation pr\u00e9cisant que l\u2019interdiction devait concerner les dispositifs \u00ab<strong> pr\u00e9-remplis avec un liquide et ne pouvant \u00eatre remplis \u00e0 nouveau, qu\u2019ils disposent ou non d\u2019une batterie rechargeable<\/strong> \u00bb.<\/span><\/p>\n<p><span><em><a href=\"https:\/\/www.ligue-cancer.net\/\"><strong>La Ligue contre le cancer<\/strong><\/a> <\/em>a salu\u00e9 cette interdiction comme <\/span><span><em>\u00ab une avanc\u00e9e majeure \u00bb<\/em><\/span><span>, estimant que <\/span><span><em>\u00ab les cigarettes \u00e9lectroniques jetables constituent aujourd\u2019hui de v\u00e9ritables portes d\u2019entr\u00e9e vers le tabagisme, en particulier chez les plus jeunes, en les exposant \u00e0 d\u2019importants risques de d\u00e9pendance \u00bb<\/em><\/span><span>.<\/span><\/p>\n<\/div>\n<p><img decoding=\"async\" src=\"\/blog\/wp-content\/uploads\/2025\/02\/Logo_de_la_Ligue_contre_le_Cancer-scaled.jpg\" alt=\"Logo la ligue contre le cancer\"><\/p>\n<div>\n<h2 data-pm-slice=\"1 1 []\"><span class=\"ez-toc-section\" id=\"Quelles_perspectives_pour_lavenir\"><\/span><strong>Quelles perspectives pour l\u2019avenir ?<\/strong><span class=\"ez-toc-section-end\"><\/span><\/h2>\n<p><span><strong>L\u2019interdiction des puffs<\/strong> pourrait \u00eatre la premi\u00e8re \u00e9tape d\u2019un durcissement de la l\u00e9gislation sur les nouveaux produits nicotin\u00e9s. <strong>Patrick Mignola<\/strong>, ministre d\u00e9l\u00e9gu\u00e9 charg\u00e9 des relations avec le Parlement, a d\u2019ores et d\u00e9j\u00e0 indiqu\u00e9 que <\/span><span><em>\u00ab nous devons continuer sur les sachets de nicotine \u00bb<\/em><\/span><span>, laissant entendre que d\u2019autres mesures pourraient suivre.<\/span><\/p>\n<p><span>Si cette interdiction vise \u00e0 prot\u00e9ger les jeunes et l\u2019environnement, elle soul\u00e8ve \u00e9galement des questions sur l\u2019acc\u00e8s \u00e0 des alternatives de sevrage tabagique efficaces. De nombreux experts en sant\u00e9 publique insistent sur la n\u00e9cessit\u00e9 de promouvoir une approche bas\u00e9e sur la r\u00e9duction des risques, plut\u00f4t que sur une interdiction g\u00e9n\u00e9ralis\u00e9e des <strong>produits du vapotage<\/strong>.<\/span><\/p>\n<\/div>\n<div>\n<p data-pm-slice=\"1 1 []\"><span>L\u2019interdiction <strong>des puffs en France<\/strong> marque un tournant majeur dans la politique de lutte contre le tabac et la <strong>protection de l\u2019environnement<\/strong>. Cette mesure, salu\u00e9e par les professionnels de sant\u00e9 et les associations \u00e9cologistes, pourrait ouvrir la voie \u00e0 d\u2019autres r\u00e9gulations dans le secteur du vapotage. Cependant, il est essentiel que cette d\u00e9cision s\u2019accompagne d\u2019un v\u00e9ritable effort d\u2019\u00e9ducation et de sensibilisation pour aider les fumeurs \u00e0 trouver des solutions adapt\u00e9es pour arr\u00eater la cigarette.<\/span><\/p>\n<p><span>Que pensez-vous de cette interdiction ? Une avanc\u00e9e n\u00e9cessaire ou une d\u00e9cision trop radicale ? Partagez votre avis en commentaire !<\/span><\/p>\n<\/div>\n<div>\n<h2><span class=\"ez-toc-section\" id=\"FAQ_Linterdiction_des_puffs_en_France\"><\/span><strong>FAQ : L\u2019interdiction des puffs en France<\/strong><span class=\"ez-toc-section-end\"><\/span><\/h2>\n<\/div>\n<ul>\n<li>\n<h3>Pourquoi la France interdit-elle les puffs ?<\/h3>\n<div>\n<p>La France interdit les cigarettes \u00e9lectroniques jetables, appel\u00e9es \u00ab puffs \u00bb, pour des raisons de sant\u00e9 publique et environnementales. Elles attirent particuli\u00e8rement les jeunes et peuvent les conduire \u00e0 la d\u00e9pendance \u00e0 la nicotine. De plus, leur impact \u00e9cologique est important en raison des d\u00e9chets qu\u2019elles g\u00e9n\u00e8rent.<\/p>\n<\/div>\n<\/li>\n<li>\n<h3>\u00c0 partir de quand l\u2019interdiction entre-t-elle en vigueur ?<\/h3>\n<div>\n<p>L\u2019interdiction a \u00e9t\u00e9 vot\u00e9e le 13 f\u00e9vrier 2025 par le S\u00e9nat. La mise en application d\u00e9pendra du d\u00e9cret officiel, mais elle pourrait entrer en vigueur dans les mois qui suivent.<\/p>\n<\/div>\n<\/li>\n<li>\n<h3>Qui est concern\u00e9 par cette interdiction ?<\/h3>\n<div>\n<p>L\u2019interdiction concerne tous les acteurs du march\u00e9 : fabricants, distributeurs et commer\u00e7ants qui ne pourront plus vendre de puffs en France. Les consommateurs ne pourront plus en acheter l\u00e9galement.<\/p>\n<\/div>\n<\/li>\n<li>\n<h3>Quelles sont les principales raisons invoqu\u00e9es ?<\/h3>\n<div>\n<ul>\n<li data-start=\"1050\" data-end=\"1148\"><strong data-start=\"1052\" data-end=\"1070\">Sant\u00e9 publique<\/strong> : Les puffs favorisent l\u2019initiation \u00e0 la nicotine, surtout chez les jeunes.<\/li>\n<li data-start=\"1149\" data-end=\"1221\"><strong data-start=\"1151\" data-end=\"1168\">Environnement<\/strong> : Ces dispositifs sont jetables et tr\u00e8s polluants.<\/li>\n<\/ul>\n<\/div>\n<\/li>\n<li>\n<h3>La d\u00e9cision fait-elle consensus ?<\/h3>\n<div>\n<p>Oui, la loi a \u00e9t\u00e9 adopt\u00e9e \u00e0 l\u2019unanimit\u00e9 par l\u2019Assembl\u00e9e nationale et le S\u00e9nat, avec le soutien des professionnels de sant\u00e9 et des associations \u00e9cologistes.<\/p>\n<\/div>\n<\/li>\n<li>\n<h3>Que risque un commer\u00e7ant qui continue \u00e0 vendre des puffs ?<\/h3>\n<div>\n<p>La DGCCRF sera charg\u00e9e d\u2019appliquer des sanctions aux contrevenants, mais les d\u00e9tails pr\u00e9cis des amendes et sanctions restent \u00e0 d\u00e9finir.<\/p>\n<\/div>\n<\/li>\n<li>\n<h3>Quelles alternatives pour les fumeurs ?<\/h3>\n<div>\n<p>Les utilisateurs de puffs devront se tourner vers des alternatives comme <a href=\"https:\/\/www.oliquide.com\/recharge-liquides.?p2[]=33554432&amp;p2[]=67108864&amp;p2[]=134217728&amp;p4[]=512\">les cigarettes \u00e9lectroniques<\/a> rechargeables ou d\u2019autres m\u00e9thodes de sevrage tabagique (patchs, gommes, etc.).<\/p>\n<\/div>\n<\/li>\n<\/ul>\n<p><!--more--><br \/>\n<!-- {\"type\":\"layout\",\"children\":[{\"type\":\"section\",\"props\":{\"image_position\":\"center-center\",\"padding\":\"small\",\"style\":\"default\",\"title_breakpoint\":\"xl\",\"title_position\":\"top-left\",\"title_rotation\":\"left\",\"vertical_align\":\"middle\",\"width\":\"default\"},\"children\":[{\"type\":\"row\",\"children\":[{\"type\":\"column\",\"props\":{\"image_position\":\"center-center\",\"position_sticky_breakpoint\":\"m\"},\"children\":[{\"type\":\"image\",\"props\":{\"image\":\"wp-content\\\/uploads\\\/2025\\\/02\\\/BANNIERE-INTERDICTION-PUFFS-2.jpg\",\"image_alt\":\"le s\\u00e9nat a interdit les puffs en France\",\"image_box_decoration\":\"mask\",\"image_svg_color\":\"emphasis\",\"margin\":\"default\"}},{\"type\":\"text\",\"props\":{\"column_breakpoint\":\"m\",\"content\":\"\n\n<h2 data-pm-slice=\\\"1 1 []\\\"><strong>L\\u2019interdiction des puffs en France : Une d\\u00e9cision unanime pour la sant\\u00e9 publique et l\\u2019environnement<\\\/strong><\\\/h2>\",\"margin\":\"default\"}},{\"type\":\"text\",\"props\":{\"column_breakpoint\":\"m\",\"content\":\"\n\n<p data-pm-slice=\\\"1 1 []\\\"><span><strong>Le jeudi 13 f\\u00e9vrier 2025<\\\/strong> marque un tournant majeur pour le march\\u00e9 du vapotage en France. Le S\\u00e9nat a vot\\u00e9 \\u00e0 l\\u2019unanimit\\u00e9 l\\u2019interdiction des<strong> cigarettes \\u00e9lectroniques jetables,<\\\/strong> commun\\u00e9ment appel\\u00e9es \\u00ab <strong>puffs<\\\/strong> \\u00bb. Cette mesure, qui s\\u2019inscrit dans le cadre du <strong><a href=\\\"https:\\\/\\\/sante.gouv.fr\\\/IMG\\\/pdf\\\/dp_plan_lutte_tabac.pdf\\\"><em>Programme National de Lutte contre le Tabac<\\\/em><\\\/a><\\\/strong> 2023-2027, vise \\u00e0 prot\\u00e9ger la sant\\u00e9 des jeunes et <strong>\\u00e0 limiter l\\u2019impact \\u00e9cologique<\\\/strong> de ces dispositifs.<\\\/span><\\\/p>\",\"margin\":\"default\"}},{\"type\":\"html\",\"props\":{\"content\":\"[ez-toc]\"}}]}]}]},{\"type\":\"section\",\"props\":{\"animation\":\"scale-up\",\"image_position\":\"center-center\",\"padding\":\"xsmall\",\"style\":\"default\",\"title_breakpoint\":\"xl\",\"title_position\":\"top-left\",\"title_rotation\":\"left\",\"vertical_align\":\"middle\",\"width\":\"default\"},\"children\":[{\"type\":\"row\",\"props\":{\"layout\":\"2-3,1-3\"},\"children\":[{\"type\":\"column\",\"props\":{\"image_position\":\"center-center\",\"position_sticky_breakpoint\":\"m\",\"width_medium\":\"2-3\"},\"children\":[{\"type\":\"text\",\"props\":{\"column_breakpoint\":\"m\",\"content\":\"\n\n<h2 data-pm-slice=\\\"1 1 []\\\"><strong>Pourquoi interdire les puffs ?<\\\/strong><\\\/h2>\\n\n\n<h3><span><strong>Un enjeu de sant\\u00e9 publique<\\\/strong><\\\/span><br \\\/><span><\\\/span><\\\/h3>\\n\n\n<p><span><strong>Les puffs<\\\/strong>, avec leurs ar\\u00f4mes sucr\\u00e9s et leur design attrayant, sont particuli\\u00e8rement pris\\u00e9es par les <strong>adolescents<\\\/strong>. Leur commercialisation a \\u00e9t\\u00e9 d\\u00e9nonc\\u00e9e par de nombreux professionnels de sant\\u00e9 qui pointent du doigt leur r\\u00f4le dans l\\u2019initiation \\u00e0 la nicotine et leur potentiel effet passerelle vers le tabagisme classique. Bien que le vapotage soit reconnu comme<strong> une alternative moins nocive que la cigarette traditionnelle,<\\\/strong> les autorit\\u00e9s craignent que ces produits ne favorisent une d\\u00e9pendance pr\\u00e9coce chez les jeunes.<\\\/span><\\\/p>\\n\n\n<blockquote>\\n\n\n<p><span><strong>Catherine Vautrin, ministre du Travail<\\\/strong>, de la Sant\\u00e9 et des Solidarit\\u00e9s, a d\\u00e9clar\\u00e9 :<\\\/span><br \\\/><span><em>\\u00ab Ce vote d\\u00e9montre une prise de conscience collective face au danger que repr\\u00e9sentent les puffs pour nos enfants et adolescents. Ces produits pi\\u00e8gent trop souvent les jeunes dans une premi\\u00e8re consommation qui peut les conduire vers le tabagisme. C\\u2019est une mesure de bon sens et de responsabilit\\u00e9. \\u00bb<\\\/em><\\\/span><\\\/p>\\n<\\\/blockquote>\",\"margin\":\"default\"}}]},{\"type\":\"column\",\"props\":{\"image_position\":\"center-center\",\"position_sticky_breakpoint\":\"m\",\"vertical_align\":\"middle\",\"width_medium\":\"1-3\"},\"children\":[{\"type\":\"image\",\"props\":{\"image\":\"wp-content\\\/uploads\\\/2025\\\/02\\\/oEyb_5Yp_400x400.jpg\",\"image_alt\":\"catherine Vautrin\",\"image_box_decoration\":\"mask\",\"image_svg_color\":\"emphasis\",\"margin\":\"default\",\"text_align\":\"center\"}}]}]}]},{\"type\":\"section\",\"props\":{\"animation\":\"slide-right-medium\",\"image_position\":\"center-center\",\"style\":\"default\",\"title_breakpoint\":\"xl\",\"title_position\":\"top-left\",\"title_rotation\":\"left\",\"vertical_align\":\"middle\",\"width\":\"default\"},\"children\":[{\"type\":\"row\",\"children\":[{\"type\":\"column\",\"props\":{\"image_position\":\"center-center\",\"position_sticky_breakpoint\":\"m\"},\"children\":[{\"type\":\"text\",\"props\":{\"column_breakpoint\":\"m\",\"content\":\"\n\n<h3 data-pm-slice=\\\"1 1 []\\\"><span><strong>Un d\\u00e9sastre environnemental<\\\/strong><\\\/span><\\\/h3>\\n\n\n<p data-pm-slice=\\\"1 1 []\\\"><span>Les puffs sont des dispositifs \\u00e0 usage unique, compos\\u00e9s de <strong>plastique<\\\/strong>, de <strong>m\\u00e9taux lourds<\\\/strong> et de <strong>batteries au lithium<\\\/strong>, rendant leur recyclage complexe. Malheureusement, la majorit\\u00e9 d\\u2019entre elles finissent dans la nature, contribuant \\u00e0 <strong>la pollution des sols et des eaux.<\\\/strong> Cette interdiction vise donc aussi \\u00e0 r\\u00e9duire leur <strong>empreinte \\u00e9cologique<\\\/strong> et \\u00e0 favoriser une consommation plus responsable des produits du vapotage.<\\\/span><\\\/p>\",\"margin\":\"default\"}},{\"type\":\"image\",\"props\":{\"image\":\"wp-content\\\/uploads\\\/2025\\\/02\\\/AdobeStock_964693575-scaled.jpeg\",\"image_alt\":\"pollution des eaux d\\u00fb aux puffs\",\"image_box_decoration\":\"mask\",\"image_svg_color\":\"emphasis\",\"margin\":\"default\",\"text_align\":\"center\"}}]}]}]},{\"type\":\"section\",\"props\":{\"animation\":\"slide-top\",\"image_position\":\"center-center\",\"padding\":\"xsmall\",\"style\":\"default\",\"title_breakpoint\":\"xl\",\"title_position\":\"top-left\",\"title_rotation\":\"left\",\"vertical_align\":\"middle\",\"width\":\"default\"},\"children\":[{\"type\":\"row\",\"children\":[{\"type\":\"column\",\"props\":{\"image_position\":\"center-center\",\"position_sticky_breakpoint\":\"m\"},\"children\":[{\"type\":\"text\",\"props\":{\"column_breakpoint\":\"m\",\"content\":\"\n\n<h2 data-pm-slice=\\\"1 1 []\\\"><strong>Un consensus politique fort<\\\/strong><\\\/h2>\\n\n\n<p><span>La proposition de loi port\\u00e9e par les <strong>d\\u00e9put\\u00e9s Khalif\\u00e9 Khalife<\\\/strong> et <strong>Michel Lauzzana<\\\/strong> a \\u00e9t\\u00e9 adopt\\u00e9e \\u00e0 l\\u2019unanimit\\u00e9 par <strong>l\\u2019Assembl\\u00e9e nationale et le S\\u00e9nat<\\\/strong>, apr\\u00e8s deux ans de d\\u00e9bats et de concertations transpartisanes. Ce large consensus t\\u00e9moigne de l\\u2019importance du dialogue parlementaire sur ce sujet sensible.<\\\/span><\\\/p>\\n\n\n<blockquote>\\n\n\n<p><span><strong>Yannick Neuder<\\\/strong>, <strong>ministre charg\\u00e9 de la Sant\\u00e9 et de l\\u2019Acc\\u00e8s aux soins<\\\/strong>, s\\u2019est f\\u00e9licit\\u00e9 de cette d\\u00e9cision en d\\u00e9clarant :<\\\/span><br \\\/><span><em>\\u00ab Gr\\u00e2ce \\u00e0 cet engagement collectif, nous faisons un pas d\\u00e9cisif pour prot\\u00e9ger nos jeunes d\\u2019une entr\\u00e9e dans le tabagisme et pr\\u00e9venir cette addiction n\\u00e9faste \\u00e0 tous points de vue. \\u00bb<\\\/em><\\\/span><\\\/p>\\n<\\\/blockquote>\",\"margin\":\"default\"}}]}]}]},{\"type\":\"section\",\"props\":{\"image_position\":\"center-center\",\"padding\":\"small\",\"style\":\"default\",\"title_breakpoint\":\"xl\",\"title_position\":\"top-left\",\"title_rotation\":\"left\",\"vertical_align\":\"middle\",\"width\":\"default\"},\"children\":[{\"type\":\"row\",\"children\":[{\"type\":\"column\",\"props\":{\"image_position\":\"center-center\",\"position_sticky_breakpoint\":\"m\"},\"children\":[{\"type\":\"text\",\"props\":{\"column_breakpoint\":\"m\",\"content\":\"\n\n<h2 data-pm-slice=\\\"1 1 []\\\"><strong>Quelles cons\\u00e9quences pour le secteur du vapotage ?<\\\/strong><\\\/h2>\\n\n\n<p><span>L\\u2019interdiction des puffs vient renforcer un cadre r\\u00e9glementaire d\\u00e9j\\u00e0 strict autour du vapotage en France :<\\\/span><\\\/p>\\n\n\n<ul data-spread=\\\"false\\\">\\n\n\n<li>\\n\n\n<p><span><strong>Interdiction de la vente aux mineurs<\\\/strong><\\\/span><\\\/p>\\n<\\\/li>\\n\n\n<li>\\n\n\n<p><span><strong>Limitation du taux de nicotine \\u00e0 20 mg\\\/ml<\\\/strong><\\\/span><\\\/p>\\n<\\\/li>\\n\n\n<li>\\n\n\n<p><span><strong>Proscription de toute publicit\\u00e9 ou promotion pour ces produits<\\\/strong><\\\/span><\\\/p>\\n<\\\/li>\\n<\\\/ul>\\n\n\n<p><span>D\\u00e9sormais, la Direction g\\u00e9n\\u00e9rale de la Concurrence, de la Consommation et de la R\\u00e9pression des fraudes (DGCCRF) sera charg\\u00e9e de veiller au respect de cette interdiction et d\\u2019appliquer des sanctions en cas de manquement.<\\\/span><\\\/p>\",\"margin\":\"default\"}}]}]}]},{\"type\":\"section\",\"props\":{\"animation\":\"slide-bottom-medium\",\"image_position\":\"center-center\",\"padding\":\"small\",\"style\":\"default\",\"title_breakpoint\":\"xl\",\"title_position\":\"top-left\",\"title_rotation\":\"left\",\"vertical_align\":\"middle\",\"width\":\"default\"},\"children\":[{\"type\":\"row\",\"props\":{\"layout\":\"3-4,1-4\"},\"children\":[{\"type\":\"column\",\"props\":{\"image_position\":\"center-center\",\"position_sticky_breakpoint\":\"m\",\"vertical_align\":\"middle\",\"width_medium\":\"3-4\"},\"children\":[{\"type\":\"text\",\"props\":{\"column_breakpoint\":\"m\",\"content\":\"\n\n<h2 data-pm-slice=\\\"1 1 []\\\"><strong>Une interdiction qui s\\u2019\\u00e9tend en Europe ?<\\\/strong><\\\/h2>\\n\n\n<p><span>Apr\\u00e8s <strong>la Belgique<\\\/strong>,<strong> la France<\\\/strong> devient le deuxi\\u00e8me pays europ\\u00e9en \\u00e0 interdire la commercialisation des puffs. <strong>La Commission europ\\u00e9enne<\\\/strong> avait donn\\u00e9 son feu vert en septembre 2024, ajoutant une recommandation pr\\u00e9cisant que l\\u2019interdiction devait concerner les dispositifs \\u00ab<strong> pr\\u00e9-remplis avec un liquide et ne pouvant \\u00eatre remplis \\u00e0 nouveau, qu\\u2019ils disposent ou non d\\u2019une batterie rechargeable<\\\/strong> \\u00bb.<\\\/span><\\\/p>\\n\n\n<p><span><em><a href=\\\"https:\\\/\\\/www.ligue-cancer.net\\\/\\\"><strong>La Ligue contre le cancer<\\\/strong><\\\/a> <\\\/em>a salu\\u00e9 cette interdiction comme <\\\/span><span><em>\\u00ab une avanc\\u00e9e majeure \\u00bb<\\\/em><\\\/span><span>, estimant que <\\\/span><span><em>\\u00ab les cigarettes \\u00e9lectroniques jetables constituent aujourd\\u2019hui de v\\u00e9ritables portes d\\u2019entr\\u00e9e vers le tabagisme, en particulier chez les plus jeunes, en les exposant \\u00e0 d\\u2019importants risques de d\\u00e9pendance \\u00bb<\\\/em><\\\/span><span>.<\\\/span><\\\/p>\",\"margin\":\"default\"}}]},{\"type\":\"column\",\"props\":{\"image_position\":\"center-center\",\"position_sticky_breakpoint\":\"m\",\"vertical_align\":\"middle\",\"width_medium\":\"1-4\"},\"children\":[{\"type\":\"image\",\"props\":{\"image\":\"wp-content\\\/uploads\\\/2025\\\/02\\\/Logo_de_la_Ligue_contre_le_Cancer-scaled.jpg\",\"image_alt\":\"Logo la ligue contre le cancer\",\"image_svg_color\":\"emphasis\",\"margin\":\"default\",\"text_align\":\"center\"}}]}]}]},{\"type\":\"section\",\"props\":{\"animation\":\"slide-right-small\",\"image_position\":\"center-center\",\"style\":\"default\",\"title_breakpoint\":\"xl\",\"title_position\":\"top-left\",\"title_rotation\":\"left\",\"vertical_align\":\"middle\",\"width\":\"default\"},\"children\":[{\"type\":\"row\",\"children\":[{\"type\":\"column\",\"props\":{\"image_position\":\"center-center\",\"position_sticky_breakpoint\":\"m\"},\"children\":[{\"type\":\"text\",\"props\":{\"column_breakpoint\":\"m\",\"content\":\"\n\n<h2 data-pm-slice=\\\"1 1 []\\\"><strong>Quelles perspectives pour l\\u2019avenir ?<\\\/strong><\\\/h2>\\n\n\n<p><span><strong>L\\u2019interdiction des puffs<\\\/strong> pourrait \\u00eatre la premi\\u00e8re \\u00e9tape d\\u2019un durcissement de la l\\u00e9gislation sur les nouveaux produits nicotin\\u00e9s. <strong>Patrick Mignola<\\\/strong>, ministre d\\u00e9l\\u00e9gu\\u00e9 charg\\u00e9 des relations avec le Parlement, a d\\u2019ores et d\\u00e9j\\u00e0 indiqu\\u00e9 que <\\\/span><span><em>\\u00ab nous devons continuer sur les sachets de nicotine \\u00bb<\\\/em><\\\/span><span>, laissant entendre que d\\u2019autres mesures pourraient suivre.<\\\/span><\\\/p>\\n\n\n<p><span>Si cette interdiction vise \\u00e0 prot\\u00e9ger les jeunes et l\\u2019environnement, elle soul\\u00e8ve \\u00e9galement des questions sur l\\u2019acc\\u00e8s \\u00e0 des alternatives de sevrage tabagique efficaces. De nombreux experts en sant\\u00e9 publique insistent sur la n\\u00e9cessit\\u00e9 de promouvoir une approche bas\\u00e9e sur la r\\u00e9duction des risques, plut\\u00f4t que sur une interdiction g\\u00e9n\\u00e9ralis\\u00e9e des <strong>produits du vapotage<\\\/strong>.<\\\/span><\\\/p>\",\"margin\":\"default\"}}]}]},{\"type\":\"row\",\"children\":[{\"type\":\"column\",\"props\":{\"image_position\":\"center-center\",\"position_sticky_breakpoint\":\"m\"},\"children\":[{\"type\":\"text\",\"props\":{\"column_breakpoint\":\"m\",\"content\":\"\n\n<p data-pm-slice=\\\"1 1 []\\\"><span>L\\u2019interdiction <strong>des puffs en France<\\\/strong> marque un tournant majeur dans la politique de lutte contre le tabac et la <strong>protection de l\\u2019environnement<\\\/strong>. Cette mesure, salu\\u00e9e par les professionnels de sant\\u00e9 et les associations \\u00e9cologistes, pourrait ouvrir la voie \\u00e0 d\\u2019autres r\\u00e9gulations dans le secteur du vapotage. Cependant, il est essentiel que cette d\\u00e9cision s\\u2019accompagne d\\u2019un v\\u00e9ritable effort d\\u2019\\u00e9ducation et de sensibilisation pour aider les fumeurs \\u00e0 trouver des solutions adapt\\u00e9es pour arr\\u00eater la cigarette.<\\\/span><\\\/p>\\n\n\n<p><span>Que pensez-vous de cette interdiction ? Une avanc\\u00e9e n\\u00e9cessaire ou une d\\u00e9cision trop radicale ? Partagez votre avis en commentaire !<\\\/span><\\\/p>\",\"margin\":\"default\"}}]}]}]},{\"type\":\"section\",\"props\":{\"image_position\":\"center-center\",\"style\":\"default\",\"title_breakpoint\":\"xl\",\"title_position\":\"top-left\",\"title_rotation\":\"left\",\"vertical_align\":\"middle\",\"width\":\"default\"},\"children\":[{\"type\":\"row\",\"children\":[{\"type\":\"column\",\"props\":{\"image_position\":\"center-center\",\"position_sticky_breakpoint\":\"m\"},\"children\":[{\"type\":\"text\",\"props\":{\"column_breakpoint\":\"m\",\"content\":\"\n\n<h2><strong>FAQ : L\\u2019interdiction des puffs en France<\\\/strong><\\\/h2>\",\"margin\":\"default\"}},{\"type\":\"accordion\",\"props\":{\"collapsible\":true,\"content_column_breakpoint\":\"m\",\"image_align\":\"top\",\"image_grid_breakpoint\":\"m\",\"image_grid_width\":\"1-2\",\"image_svg_color\":\"emphasis\",\"link_style\":\"default\",\"link_text\":\"Read more\",\"show_image\":true,\"show_link\":true},\"children\":[{\"type\":\"accordion_item\",\"props\":{\"content\":\"\n\n<p>La France interdit les cigarettes \\u00e9lectroniques jetables, appel\\u00e9es \\u00ab puffs \\u00bb, pour des raisons de sant\\u00e9 publique et environnementales. Elles attirent particuli\\u00e8rement les jeunes et peuvent les conduire \\u00e0 la d\\u00e9pendance \\u00e0 la nicotine. De plus, leur impact \\u00e9cologique est important en raison des d\\u00e9chets qu\\u2019elles g\\u00e9n\\u00e8rent.<\\\/p>\",\"title\":\"Pourquoi la France interdit-elle les puffs ?\"}},{\"type\":\"accordion_item\",\"props\":{\"content\":\"\n\n<p>L\\u2019interdiction a \\u00e9t\\u00e9 vot\\u00e9e le 13 f\\u00e9vrier 2025 par le S\\u00e9nat. La mise en application d\\u00e9pendra du d\\u00e9cret officiel, mais elle pourrait entrer en vigueur dans les mois qui suivent.<\\\/p>\",\"title\":\"\\u00c0 partir de quand l\\u2019interdiction entre-t-elle en vigueur ?\"}},{\"type\":\"accordion_item\",\"props\":{\"content\":\"\n\n<p>L\\u2019interdiction concerne tous les acteurs du march\\u00e9 : fabricants, distributeurs et commer\\u00e7ants qui ne pourront plus vendre de puffs en France. Les consommateurs ne pourront plus en acheter l\\u00e9galement.<\\\/p>\",\"title\":\"Qui est concern\\u00e9 par cette interdiction ?\"}},{\"type\":\"accordion_item\",\"props\":{\"content\":\"\n\n<ul>\\n\n\n<li data-start=\\\"1050\\\" data-end=\\\"1148\\\"><strong data-start=\\\"1052\\\" data-end=\\\"1070\\\">Sant\\u00e9 publique<\\\/strong> : Les puffs favorisent l\\u2019initiation \\u00e0 la nicotine, surtout chez les jeunes.<\\\/li>\\n\n\n<li data-start=\\\"1149\\\" data-end=\\\"1221\\\"><strong data-start=\\\"1151\\\" data-end=\\\"1168\\\">Environnement<\\\/strong> : Ces dispositifs sont jetables et tr\\u00e8s polluants.<\\\/li>\\n<\\\/ul>\",\"title\":\"Quelles sont les principales raisons invoqu\\u00e9es ?\"}},{\"type\":\"accordion_item\",\"props\":{\"content\":\"\n\n<p>Oui, la loi a \\u00e9t\\u00e9 adopt\\u00e9e \\u00e0 l\\u2019unanimit\\u00e9 par l\\u2019Assembl\\u00e9e nationale et le S\\u00e9nat, avec le soutien des professionnels de sant\\u00e9 et des associations \\u00e9cologistes.<\\\/p>\",\"title\":\"La d\\u00e9cision fait-elle consensus ?\"}},{\"type\":\"accordion_item\",\"props\":{\"content\":\"\n\n<p>La DGCCRF sera charg\\u00e9e d\\u2019appliquer des sanctions aux contrevenants, mais les d\\u00e9tails pr\\u00e9cis des amendes et sanctions restent \\u00e0 d\\u00e9finir.<\\\/p>\",\"title\":\"Que risque un commer\\u00e7ant qui continue \\u00e0 vendre des puffs ?\"}},{\"type\":\"accordion_item\",\"props\":{\"content\":\"\n\n<p>Les utilisateurs de puffs devront se tourner vers des alternatives comme <a href=\\\"https:\\\/\\\/www.oliquide.com\\\/recharge-liquides.?p2[]=33554432&amp;p2[]=67108864&amp;p2[]=134217728&amp;p4[]=512\\\">les cigarettes \\u00e9lectroniques<\\\/a> rechargeables ou d\\u2019autres m\\u00e9thodes de sevrage tabagique (patchs, gommes, etc.).<\\\/p>\",\"title\":\"Quelles alternatives pour les fumeurs ?\"}}]}]}]}]},{\"type\":\"section\",\"props\":{\"animation\":\"slide-top-medium\",\"image_position\":\"center-center\",\"style\":\"default\",\"title_breakpoint\":\"xl\",\"title_position\":\"top-left\",\"title_rotation\":\"left\",\"vertical_align\":\"middle\",\"width\":\"default\"},\"children\":[{\"type\":\"row\",\"children\":[{\"type\":\"column\",\"props\":{\"image_position\":\"center-center\",\"position_sticky_breakpoint\":\"m\"},\"children\":[{\"type\":\"comments\",\"props\":{\"link_style\":\"default\",\"margin\":\"default\",\"title_decoration\":\"bullet\",\"title_element\":\"h2\",\"title_style\":\"h3\"}}]}]}]},{\"type\":\"section\",\"props\":{\"image_position\":\"center-center\",\"style\":\"default\",\"title_breakpoint\":\"xl\",\"title_position\":\"top-left\",\"title_rotation\":\"left\",\"vertical_align\":\"middle\",\"width\":\"default\"},\"children\":[{\"type\":\"row\",\"children\":[{\"type\":\"column\",\"props\":{\"image_position\":\"center-center\",\"position_sticky_breakpoint\":\"m\"}}]}]}],\"version\":\"4.5.6\"} --><\/p>\n","protected":false},"excerpt":{"rendered":"<p>L\u2019interdiction des puffs en France : Une d\u00e9cision unanime pour la sant\u00e9 publique et l\u2019environnement Le jeudi 13 f\u00e9vrier 2025 marque un tournant majeur pour le march\u00e9 du vapotage en France. Le S\u00e9nat a vot\u00e9 \u00e0 l\u2019unanimit\u00e9 l\u2019interdiction des cigarettes \u00e9lectroniques jetables, commun\u00e9ment appel\u00e9es \u00ab puffs \u00bb. Cette mesure, qui s\u2019inscrit dans le cadre du [&hellip;]<\/p>\n","protected":false},"author":6,"featured_media":13137,"comment_status":"open","ping_status":"open","sticky":false,"template":"","format":"standard","meta":{"_jetpack_memberships_contains_paid_content":false,"footnotes":""},"categories":[3,4],"tags":[481,63,64,65,602,108,480,600,479,483,601,478],"class_list":["post-13022","post","type-post","status-publish","format-standard","has-post-thumbnail","hentry","category-actus-de-la-vape","category-actus-oliquide","tag-alternatives-puffs","tag-arreter-de-fumer","tag-arreter-de-fumer-avec-la-cigarette-electronique","tag-arreter-la-cigarette","tag-assemblee-nationale","tag-cigarette-debutant","tag-interdiction-puffs-jetables","tag-puffs","tag-puffs-jetables","tag-puffs-rechargeable","tag-senat","tag-stop-puffs"],"aioseo_notices":[],"jetpack_featured_media_url":"https:\/\/www.oliquide.com\/blog\/wp-content\/uploads\/2025\/02\/BANNIERE-INTERDICTION-PUFFS-2.jpg","jetpack_sharing_enabled":true,"_links":{"self":[{"href":"https:\/\/www.oliquide.com\/blog\/wp-json\/wp\/v2\/posts\/13022","targetHints":{"allow":["GET"]}}],"collection":[{"href":"https:\/\/www.oliquide.com\/blog\/wp-json\/wp\/v2\/posts"}],"about":[{"href":"https:\/\/www.oliquide.com\/blog\/wp-json\/wp\/v2\/types\/post"}],"author":[{"embeddable":true,"href":"https:\/\/www.oliquide.com\/blog\/wp-json\/wp\/v2\/users\/6"}],"replies":[{"embeddable":true,"href":"https:\/\/www.oliquide.com\/blog\/wp-json\/wp\/v2\/comments?post=13022"}],"version-history":[{"count":1,"href":"https:\/\/www.oliquide.com\/blog\/wp-json\/wp\/v2\/posts\/13022\/revisions"}],"predecessor-version":[{"id":16952,"href":"https:\/\/www.oliquide.com\/blog\/wp-json\/wp\/v2\/posts\/13022\/revisions\/16952"}],"wp:featuredmedia":[{"embeddable":true,"href":"https:\/\/www.oliquide.com\/blog\/wp-json\/wp\/v2\/media\/13137"}],"wp:attachment":[{"href":"https:\/\/www.oliquide.com\/blog\/wp-json\/wp\/v2\/media?parent=13022"}],"wp:term":[{"taxonomy":"category","embeddable":true,"href":"https:\/\/www.oliquide.com\/blog\/wp-json\/wp\/v2\/categories?post=13022"},{"taxonomy":"post_tag","embeddable":true,"href":"https:\/\/www.oliquide.com\/blog\/wp-json\/wp\/v2\/tags?post=13022"}],"curies":[{"name":"wp","href":"https:\/\/api.w.org\/{rel}","templated":true}]}}