{"id":14908,"date":"2025-05-13T15:36:58","date_gmt":"2025-05-13T13:36:58","guid":{"rendered":"https:\/\/www.oliquide.com\/blog\/?p=14908"},"modified":"2025-05-13T15:36:58","modified_gmt":"2025-05-13T13:36:58","slug":"harcelement-oliquide-sengage","status":"publish","type":"post","link":"https:\/\/www.oliquide.com\/blog\/harcelement-oliquide-sengage\/","title":{"rendered":"Tous concern\u00e9s, tous engag\u00e9s : Oliquide s&rsquo;engage contre le harc\u00e8lement"},"content":{"rendered":"<p><img decoding=\"async\" src=\"\/blog\/wp-content\/uploads\/2025\/04\/banniere-campagne-harcelement.jpg\" alt=\"lutte conte le harc\u00e8lement\"><\/p>\n<h1><span class=\"ez-toc-section\" id=\"Tous_concernes_tous_engages_Oliquide_sengage_contre_le_harcelement\"><\/span><strong>Tous concern\u00e9s, tous engag\u00e9s : <em><a href=\"https:\/\/www.oliquide.com\/\">Oliquide<\/a> s&rsquo;engage <\/em>contre le harc\u00e8lement<br \/><\/strong><span class=\"ez-toc-section-end\"><\/span><\/h1>\n<div>\n<p>Chez <em><a href=\"https:\/\/www.oliquide.com\/\">Oliquide<\/a><\/em>, nous croyons fermement que chaque collaborateur a le droit de travailler dans un environnement sain, respectueux et inclusif. C&rsquo;est dans cette d\u00e9marche que nous lan\u00e7ons <strong>une campagne de sensibilisation autour des formes de harc\u00e8lement<\/strong> en entreprise.\u00a0<\/p>\n<p>Parce que le <strong>harc\u00e8lement<\/strong> peut prendre plusieurs visages &#8211; parfois insidieux, parfois visibles &#8211; il nous semblait indispensable de mettre en lumi\u00e8re ces comportements, pour mieux les identifier&#8230; et mieux les combattre.\u00a0<\/p>\n<\/div>\n<div>\n<div id=\"ez-toc-container\" class=\"ez-toc-v2_0_82_2 counter-hierarchy ez-toc-counter ez-toc-grey ez-toc-container-direction\">\n<div class=\"ez-toc-title-container\">\n<p class=\"ez-toc-title\" style=\"cursor:inherit\">Sommaire<\/p>\n<span class=\"ez-toc-title-toggle\"><a href=\"#\" class=\"ez-toc-pull-right ez-toc-btn ez-toc-btn-xs ez-toc-btn-default ez-toc-toggle\" aria-label=\"Toggle Table of Content\"><span class=\"ez-toc-js-icon-con\"><span class=\"\"><span class=\"eztoc-hide\" style=\"display:none;\">Toggle<\/span><span class=\"ez-toc-icon-toggle-span\"><svg style=\"fill: #999;color:#999\" xmlns=\"http:\/\/www.w3.org\/2000\/svg\" class=\"list-377408\" width=\"20px\" height=\"20px\" viewBox=\"0 0 24 24\" fill=\"none\"><path d=\"M6 6H4v2h2V6zm14 0H8v2h12V6zM4 11h2v2H4v-2zm16 0H8v2h12v-2zM4 16h2v2H4v-2zm16 0H8v2h12v-2z\" fill=\"currentColor\"><\/path><\/svg><svg style=\"fill: #999;color:#999\" class=\"arrow-unsorted-368013\" xmlns=\"http:\/\/www.w3.org\/2000\/svg\" width=\"10px\" height=\"10px\" viewBox=\"0 0 24 24\" version=\"1.2\" baseProfile=\"tiny\"><path d=\"M18.2 9.3l-6.2-6.3-6.2 6.3c-.2.2-.3.4-.3.7s.1.5.3.7c.2.2.4.3.7.3h11c.3 0 .5-.1.7-.3.2-.2.3-.5.3-.7s-.1-.5-.3-.7zM5.8 14.7l6.2 6.3 6.2-6.3c.2-.2.3-.5.3-.7s-.1-.5-.3-.7c-.2-.2-.4-.3-.7-.3h-11c-.3 0-.5.1-.7.3-.2.2-.3.5-.3.7s.1.5.3.7z\"\/><\/svg><\/span><\/span><\/span><\/a><\/span><\/div>\n<nav><ul class='ez-toc-list ez-toc-list-level-1 eztoc-toggle-hide-by-default' ><li class='ez-toc-page-1 ez-toc-heading-level-1'><a class=\"ez-toc-link ez-toc-heading-1\" href=\"https:\/\/www.oliquide.com\/blog\/harcelement-oliquide-sengage\/#Tous_concernes_tous_engages_Oliquide_sengage_contre_le_harcelement\" >Tous concern\u00e9s, tous engag\u00e9s : Oliquide s&rsquo;engage contre le harc\u00e8lement<\/a><ul class='ez-toc-list-level-2' ><li class='ez-toc-heading-level-2'><a class=\"ez-toc-link ez-toc-heading-2\" href=\"https:\/\/www.oliquide.com\/blog\/harcelement-oliquide-sengage\/#Une_campagne_construite_autour_de_situations_reelles\" >Une campagne construite autour de situations r\u00e9elles<\/a><\/li><li class='ez-toc-page-1 ez-toc-heading-level-2'><a class=\"ez-toc-link ez-toc-heading-3\" href=\"https:\/\/www.oliquide.com\/blog\/harcelement-oliquide-sengage\/#Des_affiches_visuelles_impactantes\" >Des affiches visuelles impactantes\u00a0<\/a><\/li><li class='ez-toc-page-1 ez-toc-heading-level-2'><a class=\"ez-toc-link ez-toc-heading-4\" href=\"https:\/\/www.oliquide.com\/blog\/harcelement-oliquide-sengage\/#Brisons_le_silence_ensemble\" >Brisons le silence ensemble\u00a0<\/a><\/li><li class='ez-toc-page-1 ez-toc-heading-level-2'><a class=\"ez-toc-link ez-toc-heading-5\" href=\"https:\/\/www.oliquide.com\/blog\/harcelement-oliquide-sengage\/#Des_rendez-vous_reguliers_sur_le_bien-etre_et_sur_la_sante_au_travail\" >Des rendez-vous r\u00e9guliers sur le bien-\u00eatre et sur la sant\u00e9 au travail\u00a0<\/a><\/li><li class='ez-toc-page-1 ez-toc-heading-level-2'><a class=\"ez-toc-link ez-toc-heading-6\" href=\"https:\/\/www.oliquide.com\/blog\/harcelement-oliquide-sengage\/#Une_demarche_inscrite_dans_notre_engagement_RSE\" >Une d\u00e9marche inscrite dans notre engagement RSE<\/a><\/li><li class='ez-toc-page-1 ez-toc-heading-level-2'><a class=\"ez-toc-link ez-toc-heading-7\" href=\"https:\/\/www.oliquide.com\/blog\/harcelement-oliquide-sengage\/#FAQ_%E2%80%93_Campagne_de_sensibilisation_au_harcelement_bien-etre_au_travail\" >FAQ \u2013 Campagne de sensibilisation au harc\u00e8lement &amp; bien-\u00eatre au travail<\/a><\/li><\/ul><\/li><\/ul><\/nav><\/div>\n<\/div>\n<div>\n<h2><span class=\"ez-toc-section\" id=\"Une_campagne_construite_autour_de_situations_reelles\"><\/span><strong>Une campagne construite autour de situations r\u00e9elles<\/strong><span class=\"ez-toc-section-end\"><\/span><\/h2>\n<\/div>\n<div>\n<p>En collaboration avec notre service communication, nous avons imagin\u00e9 <strong>une s\u00e9rie d&rsquo;affiches percutantes<\/strong>, bas\u00e9es sur des situations concr\u00e8tes, tir\u00e9es du quotidien au sein d&rsquo;une entreprise. L&rsquo;id\u00e9e ? Rendre visibles<strong> des comportements parfois banalis\u00e9s ou mal compris<\/strong>, pour inciter chacun \u00e0 la r\u00e9flexion&#8230; mais surtout&#8230;<strong> \u00c0 L&rsquo;ACTION !<\/strong><\/p>\n<p>La campagne repose sur <strong>5 triptyques<\/strong>, chacun d\u00e9di\u00e9 \u00e0 une forme sp\u00e9cifique de harc\u00e8lement :\u00a0<\/p>\n<ul>\n<li><strong>Harc\u00e8lement moral<\/strong><\/li>\n<li><strong>Cyberharc\u00e8lement<\/strong><\/li>\n<li><strong>Harc\u00e8lement sexuel<\/strong><\/li>\n<li><strong>Harc\u00e8lement hi\u00e9rarchique<\/strong><\/li>\n<li><strong>Discrimination<\/strong><\/li>\n<\/ul>\n<p>Pour chaque th\u00e9matique, nous avons s\u00e9lectionn\u00e9 trois exemples illustrant des sc\u00e8nes que l&rsquo;on pourrait malheureusement croiser dans n&rsquo;importe quel <strong>environnement de travail<\/strong>. Chaque affiche met en sc\u00e8ne une seul situation, afin de concentrer l&rsquo;attention et provoquer <strong>une prise de conscience imm\u00e9diate<\/strong>.\u00a0<\/p>\n<\/div>\n<div>\n<h2><span class=\"ez-toc-section\" id=\"Des_affiches_visuelles_impactantes\"><\/span><strong>Des affiches visuelles impactantes<\/strong>\u00a0<span class=\"ez-toc-section-end\"><\/span><\/h2>\n<p>Ces affiches seront dispos\u00e9es <strong>dans diff\u00e9rents lieux strat\u00e9giques<\/strong> de l&rsquo;entreprise comme les toilettes, la salle de pause et le hall, pour \u00eatre visibles de tous, \u00e0 tout moment. Elles interpellent sans culpabiliser, questionnent sans accuser, et surtout, invitent chacun \u00e0 reconna\u00eetre<strong> les signes d&rsquo;harc\u00e8lement<\/strong> et \u00e0 agir.\u00a0\u00a0<\/p>\n<p>Les affiches seront expos\u00e9es dans ces lieux strat\u00e9giques <strong>tout au long du mois de mai 2025<\/strong>. \u00c0 l\u2019issue de cette p\u00e9riode, elles seront regroup\u00e9es et affich\u00e9es en permanence dans le d\u00e9p\u00f4t, afin de rester visibles et continuer \u00e0 <strong>sensibiliser au quotidien.<\/strong><\/p>\n<p>Nous avons fait le choix d&rsquo;user d&rsquo;un ton volontairement direct, parfois frontal, dans le but de<strong> provoquer une prise de conscience imm\u00e9diate.<\/strong> Ces visuels ne cherchent pas \u00e0 adoucir la r\u00e9alit\u00e9 : ils interpellent, d\u00e9rangent parfois, mais toujours<strong> dans l&rsquo;objectif de faire r\u00e9agir et d&rsquo;ouvrir la dialogue<\/strong>. Le harc\u00e8lement ne doit plus \u00eatre <strong>minimis\u00e9 ou ignor\u00e9.\u00a0<\/strong><\/p>\n<p>Chaque affiche met en sc\u00e8ne une situation pr\u00e9cise, avec <strong>une illustration forte<\/strong>, parfois claire, parfois plus m\u00e9taphorique, pour repr\u00e9senter la forme de harc\u00e8lement abord\u00e9e. Une couleur diff\u00e9rente est associ\u00e9 \u00e0 chaque type de harc\u00e8lement, afin de les distinguer visuellement et de renforcer leur impact.\u00a0<\/p>\n<p>Les affiches ont \u00e9t\u00e9 con\u00e7ues sous forme de <strong>triptyque<\/strong>, permettant aux lecteurs de d\u00e9couvrir une phrase qui se construit progressivement \u00e0 travers trois visuels plac\u00e9s c\u00f4te \u00e0 c\u00f4te.<\/p>\n<p>Un message de pr\u00e9vention commun figure \u00e9galement sur chaque visuel :\u00a0<\/p>\n<\/div>\n<blockquote>\n<p style=\"text-align: center;\"><strong><em>\u00ab\u00a0Si vous \u00eates victime ou t\u00e9moin de harc\u00e8lement, n&rsquo;attendez pas pour en parler !\u00a0\u00bb<\/em><\/strong><\/p>\n<\/blockquote>\n<ul>\n<li>\n<p>        <img decoding=\"async\" src=\"\/blog\/wp-content\/uploads\/2025\/04\/Capture-decran-2025-04-24-154804.png\" alt=\"cyberharc\u00e8lement rumeur en ligne\"><\/p>\n<\/li>\n<li>\n<p>        <img decoding=\"async\" src=\"\/blog\/wp-content\/uploads\/2025\/04\/Capture-decran-2025-04-24-154715.png\" alt=\"cyberharc\u00e8lement - messages insultants\"><\/p>\n<\/li>\n<li>\n<p>        <img decoding=\"async\" src=\"\/blog\/wp-content\/uploads\/2025\/04\/Capture-decran-2025-04-24-154731.png\" alt=\"cyberharc\u00e8lement photo priv\u00e9e\"><\/p>\n<\/li>\n<li>\n<p>        <img decoding=\"async\" src=\"\/blog\/wp-content\/uploads\/2025\/04\/Capture-decran-2025-04-24-155148.png\" alt=\"discrimination - racisme\"><\/p>\n<\/li>\n<li>\n<p>        <img decoding=\"async\" src=\"\/blog\/wp-content\/uploads\/2025\/04\/Capture-decran-2025-04-24-155206.png\" alt=\"discrimination - sexisme\"><\/p>\n<\/li>\n<li>\n<p>        <img decoding=\"async\" src=\"\/blog\/wp-content\/uploads\/2025\/04\/Capture-decran-2025-04-24-155139.png\" alt=\"discrimination - homophobie\"><\/p>\n<\/li>\n<li>\n<p>        <img decoding=\"async\" src=\"\/blog\/wp-content\/uploads\/2025\/04\/Capture-decran-2025-04-24-155546.png\" alt=\"harc\u00e8lement hierarchique - abus de pouvoir\"><\/p>\n<\/li>\n<li>\n<p>        <img decoding=\"async\" src=\"\/blog\/wp-content\/uploads\/2025\/04\/Capture-decran-2025-04-24-155521.png\" alt=\"harc\u00e8lement hi\u00e9rarchique - pression\"><\/p>\n<\/li>\n<li>\n<p>        <img decoding=\"async\" src=\"\/blog\/wp-content\/uploads\/2025\/04\/Capture-decran-2025-04-24-155510.png\" alt=\"harc\u00e8lement hi\u00e9rarchique - favoritisme\"><\/p>\n<\/li>\n<li>\n<p>        <img decoding=\"async\" src=\"\/blog\/wp-content\/uploads\/2025\/04\/Capture-decran-2025-04-24-155731.png\" alt=\"harc\u00e8lement moral - humiliation\"><\/p>\n<\/li>\n<li>\n<p>        <img decoding=\"async\" src=\"\/blog\/wp-content\/uploads\/2025\/04\/Capture-decran-2025-04-24-155723.png\" alt=\"harc\u00e8lement moral - critiques constantes\"><\/p>\n<\/li>\n<li>\n<p>        <img decoding=\"async\" src=\"\/blog\/wp-content\/uploads\/2025\/04\/Capture-decran-2025-04-24-155529.png\" alt=\"harc\u00e8lement moral pression\"><\/p>\n<\/li>\n<li>\n<p>        <img decoding=\"async\" src=\"\/blog\/wp-content\/uploads\/2025\/04\/Capture-decran-2025-04-24-155931.png\" alt=\"harc\u00e8lement sexuel - dm d\u00e9plac\u00e9s\"><\/p>\n<\/li>\n<li>\n<p>        <img decoding=\"async\" src=\"\/blog\/wp-content\/uploads\/2025\/04\/Capture-decran-2025-04-24-155941.png\" alt=\"harc\u00e8lement sexuel - propos \"><\/p>\n<\/li>\n<li>\n<p>        <img decoding=\"async\" src=\"\/blog\/wp-content\/uploads\/2025\/04\/Capture-decran-2025-04-24-155952.png\" alt=\"harc\u00e8lement sexuel - gestes inappropri\u00e9s\"><\/p>\n<\/li>\n<\/ul>\n<div>\n<p><em>Ma\u00ebva Soilihi &amp; \u00d6zlem Cetinkaya &#8211; Charg\u00e9es de communication\u00a0<\/em><\/p>\n<\/div>\n<div>\n<h2><span class=\"ez-toc-section\" id=\"Brisons_le_silence_ensemble\"><\/span><strong>Brisons le silence ensemble\u00a0<\/strong><span class=\"ez-toc-section-end\"><\/span><\/h2>\n<p>Cette campagne n&rsquo;est qu&rsquo;un d\u00e9but. Notre objectif est de cr\u00e9er <strong>un dialogue<\/strong>, de lib\u00e9rer la parole et de rappeler que le harc\u00e8lement n&rsquo;est jamais <strong>une fatalit\u00e9<\/strong>, ni une norme \u00e0 tol\u00e9rer. Il est de notre responsabilit\u00e9 collective de veiller les uns sur les autres, de faire preuve de bienveillance, et de b\u00e2tir ensemble une culture d&rsquo;entreprise bas\u00e9e sur <strong>le respect, l&rsquo;\u00e9coute et la solidarit\u00e9.\u00a0<\/strong><\/p>\n<\/div>\n<div>\n<h2><span class=\"ez-toc-section\" id=\"Des_rendez-vous_reguliers_sur_le_bien-etre_et_sur_la_sante_au_travail\"><\/span><strong>Des rendez-vous r\u00e9guliers sur le bien-\u00eatre et sur la sant\u00e9 au travail\u00a0<\/strong><span class=\"ez-toc-section-end\"><\/span><\/h2>\n<\/div>\n<div>\n<p>Dans la continuit\u00e9 de cette d\u00e9marche, nous avons \u00e9galement d\u00e9cid\u00e9 de mettre en place deux r\u00e9unions mensuelles \u00ab\u00a0on s&rsquo;pose 5 minutes\u00a0\u00bb autour des <strong>th\u00e9matiques du bien-\u00eatre et de la sant\u00e9 au travail.\u00a0<\/strong><\/p>\n<p>Ces \u00e9changes de 15 minutes, <strong>anim\u00e9s par No\u00e9mie Parisot<\/strong>, intervenante externe sp\u00e9cialis\u00e9e, ont lieu <strong>deux jeudis par mois<\/strong> et sont pens\u00e9s comme des temps courts mais pr\u00e9cieux pour nourrir la r\u00e9flexion collective.\u00a0<\/p>\n<p>Parmi les sujets abord\u00e9s on pourra retrouver : les obligations du salari\u00e9, les obligations de l&#8217;employeur, la gestion du stress, les postures au travail, la charge mentales, la communication bienveillante, etc&#8230;<\/p>\n<p>\u00a0Ces moments visent \u00e0 renforcer <strong>la coh\u00e9sions d&rsquo;\u00e9quipe,<\/strong> \u00e0 partager des bonnes pratiques, et \u00e0 rappeler que<strong> le bien-\u00eatre en entreprise est une responsabilit\u00e9 partag\u00e9e.\u00a0<\/strong><\/p>\n<\/div>\n<p><img decoding=\"async\" src=\"\/blog\/wp-content\/uploads\/2025\/04\/colleagues-working-together-project.jpg\" alt=\"on s'pose 5 minutes\"><\/p>\n<div>\n<h2><span class=\"ez-toc-section\" id=\"Une_demarche_inscrite_dans_notre_engagement_RSE\"><\/span><strong>Une d\u00e9marche inscrite dans notre engagement RSE<\/strong><span class=\"ez-toc-section-end\"><\/span><\/h2>\n<p>Cette campagne de sensibilisation s&rsquo;inscrit pleinement dans notre d\u00e9marche <strong>RSE (Responsabilit\u00e9 Soci\u00e9tale des Entreprises)<\/strong>. Chez <a href=\"https:\/\/www.oliquide.com\/\">Oliquide<\/a>, nous sommes convaincu que notre responsabilit\u00e9 va au-del\u00e0 de la performance \u00e9conomique : elle inclut bien \u00e9videmment <strong>le bien-\u00eatre de nos collaborateurs<\/strong>, ainsi que leur s\u00e9curit\u00e9 et leur \u00e9panouissement au quotidien.\u00a0<\/p>\n<p>Nous voulons faire de l&rsquo;entreprise un v\u00e9ritable lieu de vie, o\u00f9 chacun se sent respect\u00e9, \u00e9cout\u00e9 et surtout \u00e0 sa place. Pr\u00e9venir le harc\u00e8lement, favoriser le dialogue et cr\u00e9er un environnement de travail sain font partie des <strong data-start=\"825\" data-end=\"868\">fondations essentielles de cette vision<\/strong>.<\/p>\n<p data-start=\"871\" data-end=\"1140\" class=\"\">Au c\u0153ur de notre culture d\u2019entreprise : la bienveillance, la vigilance collective, et la volont\u00e9 de b\u00e2tir un cadre de travail durable, o\u00f9 chacun peut s\u2019exprimer librement, progresser sereinement et <strong data-start=\"1069\" data-end=\"1139\">trouver sa place dans une \u00e9quipe qui veille les uns sur les autres<\/strong>.<\/p>\n<\/div>\n<div>\n<h2><span class=\"ez-toc-section\" id=\"FAQ_%E2%80%93_Campagne_de_sensibilisation_au_harcelement_bien-etre_au_travail\"><\/span><strong>FAQ \u2013 Campagne de sensibilisation au harc\u00e8lement &amp; bien-\u00eatre au travail<\/strong><span class=\"ez-toc-section-end\"><\/span><\/h2>\n<\/div>\n<ul>\n<li>\n<h3>\u00c0 qui s\u2019adresse cette campagne ?<\/h3>\n<div>\n<p data-start=\"298\" data-end=\"514\" class=\"\">\u00c0 <strong data-start=\"300\" data-end=\"327\">tous les collaborateurs<\/strong> de l\u2019entreprise, quels que soient leur poste, leur anciennet\u00e9 ou leur service. Le harc\u00e8lement peut concerner chacun d\u2019entre nous, en tant que t\u00e9moin, victime ou m\u00eame auteur involontaire.<\/p>\n<\/div>\n<\/li>\n<li>\n<h3>Quels types de harc\u00e8lement sont abord\u00e9s ?<\/h3>\n<div>\n<p data-start=\"576\" data-end=\"642\" class=\"\">La campagne traite de <strong data-start=\"598\" data-end=\"640\">cinq formes principales de harc\u00e8lement<\/strong> :<\/p>\n<ul data-start=\"643\" data-end=\"756\">\n<li data-start=\"643\" data-end=\"664\" class=\"\">\n<p data-start=\"645\" data-end=\"664\" class=\"\">Harc\u00e8lement moral<\/p>\n<\/li>\n<li data-start=\"665\" data-end=\"687\" class=\"\">\n<p data-start=\"667\" data-end=\"687\" class=\"\">Harc\u00e8lement sexuel<\/p>\n<\/li>\n<li data-start=\"688\" data-end=\"716\" class=\"\">\n<p data-start=\"690\" data-end=\"716\" class=\"\">Harc\u00e8lement hi\u00e9rarchique<\/p>\n<\/li>\n<li data-start=\"717\" data-end=\"737\" class=\"\">\n<p data-start=\"719\" data-end=\"737\" class=\"\">Cyberharc\u00e8lement<\/p>\n<\/li>\n<li data-start=\"738\" data-end=\"756\" class=\"\">\n<p data-start=\"740\" data-end=\"756\" class=\"\">Discrimination<\/p>\n<\/li>\n<\/ul>\n<p data-start=\"758\" data-end=\"866\" class=\"\">Chaque type est repr\u00e9sent\u00e9 par une <strong data-start=\"793\" data-end=\"815\">affiche sp\u00e9cifique<\/strong>, avec une <strong data-start=\"826\" data-end=\"865\">couleur et une illustration propres<\/strong>.<\/p>\n<\/div>\n<\/li>\n<li>\n<h3>O\u00f9 peut-on voir les affiches ?<\/h3>\n<div>\n<p>Les affiches sont expos\u00e9es dans <strong data-start=\"949\" data-end=\"980\">diff\u00e9rents lieux de passage<\/strong> au sein de l\u2019entreprise (halls et espaces communs) durant <strong data-start=\"1050\" data-end=\"1078\">tout le mois de mai 2025<\/strong>.<br data-start=\"1079\" data-end=\"1082\" \/>Elles seront ensuite regroup\u00e9es et affich\u00e9es de mani\u00e8re permanente dans le <strong data-start=\"1157\" data-end=\"1166\">d\u00e9p\u00f4t<\/strong>, pour maintenir une sensibilisation continue.<\/p>\n<\/div>\n<\/li>\n<li>\n<h3> Que faire si je suis victime ou t\u00e9moin d\u2019une situation de harc\u00e8lement ?<\/h3>\n<div>\n<p data-start=\"1304\" data-end=\"1345\" class=\"\">Chaque affiche porte ce message clair :<\/p>\n<blockquote data-start=\"1346\" data-end=\"1434\">\n<p data-start=\"1348\" data-end=\"1434\" class=\"\"><strong data-start=\"1348\" data-end=\"1432\">\u00ab\u00a0Si vous \u00eates victime ou t\u00e9moin de harc\u00e8lement, n\u2019attendez pas pour en parler !\u00a0\u00bb<\/strong><\/p>\n<\/blockquote>\n<p data-start=\"1436\" data-end=\"1459\" class=\"\">Vous pouvez contacter :<\/p>\n<ul data-start=\"1460\" data-end=\"1660\">\n<li data-start=\"1460\" data-end=\"1494\" class=\"\">\n<p data-start=\"1462\" data-end=\"1494\" class=\"\">Votre <strong data-start=\"1468\" data-end=\"1492\">manager de proximit\u00e9<\/strong><\/p>\n<\/li>\n<li data-start=\"1495\" data-end=\"1556\" class=\"\">\n<p data-start=\"1497\" data-end=\"1556\" class=\"\">Le <strong data-start=\"1500\" data-end=\"1524\">r\u00e9f\u00e9rent harc\u00e8lement<\/strong> (Arthur Gachod)<\/p>\n<\/li>\n<li data-start=\"1557\" data-end=\"1578\" class=\"\">\n<p data-start=\"1559\" data-end=\"1578\" class=\"\">Le <strong data-start=\"1562\" data-end=\"1576\">service RH<\/strong><\/p>\n<\/li>\n<li data-start=\"1579\" data-end=\"1660\" class=\"\">\n<p data-start=\"1581\" data-end=\"1660\" class=\"\">Ou <strong data-start=\"1584\" data-end=\"1602\">No\u00e9mie Parisot<\/strong>, notre intervenante externe lors des sessions bien-\u00eatre<\/p>\n<\/li>\n<\/ul>\n<p data-start=\"1662\" data-end=\"1758\" class=\"\">Les \u00e9changes sont <strong data-start=\"1680\" data-end=\"1697\">confidentiels<\/strong>, et des <strong data-start=\"1706\" data-end=\"1728\">solutions adapt\u00e9es<\/strong> pourront vous \u00eatre propos\u00e9es<\/p>\n<\/div>\n<\/li>\n<li>\n<h3>Que sont les r\u00e9unions bien-\u00eatre mises en place ?<\/h3>\n<div>\n<p>Deux jeudis par mois, nous organisons des <strong data-start=\"1869\" data-end=\"1902\">temps d\u2019\u00e9change de 15 minutes<\/strong> autour de la <strong data-start=\"1916\" data-end=\"1952\">sant\u00e9 et du bien-\u00eatre au travail<\/strong>, anim\u00e9s par <strong data-start=\"1965\" data-end=\"1983\">No\u00e9mie Parisot<\/strong>.<\/p>\n<p data-start=\"2084\" data-end=\"2222\" class=\"\">Ces r\u00e9unions sont <strong data-start=\"2102\" data-end=\"2121\">ouvertes \u00e0 tous<\/strong> et permettent de <strong data-start=\"2139\" data-end=\"2162\">poser des questions<\/strong>, de <strong data-start=\"2167\" data-end=\"2192\">partager son ressenti<\/strong>, ou simplement d\u2019<strong data-start=\"2210\" data-end=\"2221\">\u00e9couter<\/strong>.<\/p>\n<\/div>\n<\/li>\n<\/ul>\n<p><!--more--><br \/>\n<!-- {\"type\":\"layout\",\"children\":[{\"type\":\"section\",\"props\":{\"image_position\":\"center-center\",\"padding\":\"small\",\"style\":\"default\",\"title_breakpoint\":\"xl\",\"title_position\":\"top-left\",\"title_rotation\":\"left\",\"vertical_align\":\"middle\",\"width\":\"default\"},\"children\":[{\"type\":\"row\",\"children\":[{\"type\":\"column\",\"props\":{\"image_position\":\"center-center\",\"position_sticky_breakpoint\":\"m\"},\"children\":[{\"type\":\"image\",\"props\":{\"image\":\"wp-content\\\/uploads\\\/2025\\\/04\\\/banniere-campagne-harcelement.jpg\",\"image_alt\":\"lutte conte le harc\\u00e8lement\",\"image_box_decoration\":\"mask\",\"image_svg_color\":\"emphasis\",\"margin\":\"default\"}},{\"type\":\"headline\",\"props\":{\"content\":\"<strong>Tous concern\\u00e9s, tous engag\\u00e9s : <em><a href=\\\"https:\\\/\\\/www.oliquide.com\\\/\\\">Oliquide<\\\/a> s'engage <\\\/em>contre le harc\\u00e8lement<br \\\/><\\\/strong>\",\"title_element\":\"h1\"}},{\"type\":\"text\",\"props\":{\"column_breakpoint\":\"m\",\"content\":\"\n\n<p>Chez <em><a href=\\\"https:\\\/\\\/www.oliquide.com\\\/\\\">Oliquide<\\\/a><\\\/em>, nous croyons fermement que chaque collaborateur a le droit de travailler dans un environnement sain, respectueux et inclusif. C'est dans cette d\\u00e9marche que nous lan\\u00e7ons <strong>une campagne de sensibilisation autour des formes de harc\\u00e8lement<\\\/strong> en entreprise.\\u00a0<\\\/p>\\n\n\n<p>Parce que le <strong>harc\\u00e8lement<\\\/strong> peut prendre plusieurs visages - parfois insidieux, parfois visibles - il nous semblait indispensable de mettre en lumi\\u00e8re ces comportements, pour mieux les identifier... et mieux les combattre.\\u00a0<\\\/p>\",\"margin\":\"default\"}},{\"type\":\"html\",\"props\":{\"content\":\"[ez-toc]\"}}]}]}]},{\"type\":\"section\",\"props\":{\"animation\":\"scale-down\",\"image_position\":\"center-center\",\"padding\":\"small\",\"style\":\"default\",\"title_breakpoint\":\"xl\",\"title_position\":\"top-left\",\"title_rotation\":\"left\",\"vertical_align\":\"middle\",\"width\":\"default\"},\"children\":[{\"type\":\"row\",\"children\":[{\"type\":\"column\",\"props\":{\"image_position\":\"center-center\",\"position_sticky_breakpoint\":\"m\"},\"children\":[{\"type\":\"text\",\"props\":{\"column_breakpoint\":\"m\",\"content\":\"\n\n<h2><strong>Une campagne construite autour de situations r\\u00e9elles<\\\/strong><\\\/h2>\",\"margin\":\"default\"}},{\"type\":\"text\",\"props\":{\"column_breakpoint\":\"m\",\"content\":\"\n\n<p>En collaboration avec notre service communication, nous avons imagin\\u00e9 <strong>une s\\u00e9rie d'affiches percutantes<\\\/strong>, bas\\u00e9es sur des situations concr\\u00e8tes, tir\\u00e9es du quotidien au sein d'une entreprise. L'id\\u00e9e ? Rendre visibles<strong> des comportements parfois banalis\\u00e9s ou mal compris<\\\/strong>, pour inciter chacun \\u00e0 la r\\u00e9flexion... mais surtout...<strong> \\u00c0 L'ACTION !<\\\/strong><\\\/p>\\n\n\n<p>La campagne repose sur <strong>5 triptyques<\\\/strong>, chacun d\\u00e9di\\u00e9 \\u00e0 une forme sp\\u00e9cifique de harc\\u00e8lement :\\u00a0<\\\/p>\\n\n\n<ul>\\n\n\n<li><strong>Harc\\u00e8lement moral<\\\/strong><\\\/li>\\n\n\n<li><strong>Cyberharc\\u00e8lement<\\\/strong><\\\/li>\\n\n\n<li><strong>Harc\\u00e8lement sexuel<\\\/strong><\\\/li>\\n\n\n<li><strong>Harc\\u00e8lement hi\\u00e9rarchique<\\\/strong><\\\/li>\\n\n\n<li><strong>Discrimination<\\\/strong><\\\/li>\\n<\\\/ul>\\n\n\n<p>Pour chaque th\\u00e9matique, nous avons s\\u00e9lectionn\\u00e9 trois exemples illustrant des sc\\u00e8nes que l'on pourrait malheureusement croiser dans n'importe quel <strong>environnement de travail<\\\/strong>. Chaque affiche met en sc\\u00e8ne une seul situation, afin de concentrer l'attention et provoquer <strong>une prise de conscience imm\\u00e9diate<\\\/strong>.\\u00a0<\\\/p>\",\"margin\":\"default\"}}]}]}]},{\"type\":\"section\",\"props\":{\"animation\":\"scale-down\",\"image_position\":\"center-center\",\"padding\":\"small\",\"style\":\"default\",\"title_breakpoint\":\"xl\",\"title_position\":\"top-left\",\"title_rotation\":\"left\",\"vertical_align\":\"middle\",\"width\":\"default\"},\"children\":[{\"type\":\"row\",\"children\":[{\"type\":\"column\",\"props\":{\"image_position\":\"center-center\",\"position_sticky_breakpoint\":\"m\"},\"children\":[{\"type\":\"text\",\"props\":{\"column_breakpoint\":\"m\",\"content\":\"\n\n<h2><strong>Des affiches visuelles impactantes<\\\/strong>\\u00a0<\\\/h2>\\n\n\n<p>Ces affiches seront dispos\\u00e9es <strong>dans diff\\u00e9rents lieux strat\\u00e9giques<\\\/strong> de l'entreprise comme les toilettes, la salle de pause et le hall, pour \\u00eatre visibles de tous, \\u00e0 tout moment. Elles interpellent sans culpabiliser, questionnent sans accuser, et surtout, invitent chacun \\u00e0 reconna\\u00eetre<strong> les signes d'harc\\u00e8lement<\\\/strong> et \\u00e0 agir.\\u00a0\\u00a0<\\\/p>\\n\n\n<p>Les affiches seront expos\\u00e9es dans ces lieux strat\\u00e9giques <strong>tout au long du mois de mai 2025<\\\/strong>. \\u00c0 l\\u2019issue de cette p\\u00e9riode, elles seront regroup\\u00e9es et affich\\u00e9es en permanence dans le d\\u00e9p\\u00f4t, afin de rester visibles et continuer \\u00e0 <strong>sensibiliser au quotidien.<\\\/strong><\\\/p>\\n\n\n<p>Nous avons fait le choix d'user d'un ton volontairement direct, parfois frontal, dans le but de<strong> provoquer une prise de conscience imm\\u00e9diate.<\\\/strong> Ces visuels ne cherchent pas \\u00e0 adoucir la r\\u00e9alit\\u00e9 : ils interpellent, d\\u00e9rangent parfois, mais toujours<strong> dans l'objectif de faire r\\u00e9agir et d'ouvrir la dialogue<\\\/strong>. Le harc\\u00e8lement ne doit plus \\u00eatre <strong>minimis\\u00e9 ou ignor\\u00e9.\\u00a0<\\\/strong><\\\/p>\\n\n\n<p>Chaque affiche met en sc\\u00e8ne une situation pr\\u00e9cise, avec <strong>une illustration forte<\\\/strong>, parfois claire, parfois plus m\\u00e9taphorique, pour repr\\u00e9senter la forme de harc\\u00e8lement abord\\u00e9e. Une couleur diff\\u00e9rente est associ\\u00e9 \\u00e0 chaque type de harc\\u00e8lement, afin de les distinguer visuellement et de renforcer leur impact.\\u00a0<\\\/p>\\n\n\n<p>Les affiches ont \\u00e9t\\u00e9 con\\u00e7ues sous forme de <strong>triptyque<\\\/strong>, permettant aux lecteurs de d\\u00e9couvrir une phrase qui se construit progressivement \\u00e0 travers trois visuels plac\\u00e9s c\\u00f4te \\u00e0 c\\u00f4te.<\\\/p>\\n\n\n<p>Un message de pr\\u00e9vention commun figure \\u00e9galement sur chaque visuel :\\u00a0<\\\/p>\",\"margin\":\"default\"}},{\"type\":\"quotation\",\"props\":{\"content\":\"\n\n<p style=\\\"text-align: center;\\\"><strong><em>\\\"Si vous \\u00eates victime ou t\\u00e9moin de harc\\u00e8lement, n'attendez pas pour en parler !\\\"<\\\/em><\\\/strong><\\\/p>\"}}]}]},{\"type\":\"row\",\"children\":[{\"type\":\"column\",\"props\":{\"image_position\":\"center-center\",\"position_sticky_breakpoint\":\"m\"},\"children\":[{\"type\":\"overlay-slider\",\"props\":{\"link_style\":\"default\",\"link_text\":\"Read more\",\"margin\":\"default\",\"meta_align\":\"below-title\",\"meta_element\":\"div\",\"meta_style\":\"text-meta\",\"nav\":\"dotnav\",\"nav_align\":\"center\",\"nav_below\":true,\"nav_breakpoint\":\"s\",\"nav_position\":\"bottom-center\",\"nav_position_margin\":\"medium\",\"overlay_mode\":\"cover\",\"overlay_position\":\"center\",\"overlay_transition\":\"fade\",\"show_content\":true,\"show_hover_image\":true,\"show_hover_video\":true,\"show_link\":true,\"show_meta\":true,\"show_title\":true,\"slidenav\":\"default\",\"slidenav_breakpoint\":\"s\",\"slidenav_margin\":\"medium\",\"slidenav_outside_breakpoint\":\"xl\",\"slider_autoplay_pause\":true,\"slider_gap\":\"default\",\"slider_sets\":true,\"slider_width\":\"fixed\",\"slider_width_default\":\"1-1\",\"slider_width_medium\":\"1-3\",\"text_align\":\"center\",\"title_element\":\"h3\",\"title_hover_style\":\"reset\"},\"children\":[{\"type\":\"overlay-slider_item\",\"props\":{\"image\":\"wp-content\\\/uploads\\\/2025\\\/04\\\/Capture-decran-2025-04-24-154804.png\",\"image_alt\":\"cyberharc\\u00e8lement rumeur en ligne\"}},{\"type\":\"overlay-slider_item\",\"props\":{\"image\":\"wp-content\\\/uploads\\\/2025\\\/04\\\/Capture-decran-2025-04-24-154715.png\",\"image_alt\":\"cyberharc\\u00e8lement - messages insultants\"}},{\"type\":\"overlay-slider_item\",\"props\":{\"image\":\"wp-content\\\/uploads\\\/2025\\\/04\\\/Capture-decran-2025-04-24-154731.png\",\"image_alt\":\"cyberharc\\u00e8lement photo priv\\u00e9e\"}},{\"type\":\"overlay-slider_item\",\"props\":{\"image\":\"wp-content\\\/uploads\\\/2025\\\/04\\\/Capture-decran-2025-04-24-155148.png\",\"image_alt\":\"discrimination - racisme\"}},{\"type\":\"overlay-slider_item\",\"props\":{\"image\":\"wp-content\\\/uploads\\\/2025\\\/04\\\/Capture-decran-2025-04-24-155206.png\",\"image_alt\":\"discrimination - sexisme\"}},{\"type\":\"overlay-slider_item\",\"props\":{\"image\":\"wp-content\\\/uploads\\\/2025\\\/04\\\/Capture-decran-2025-04-24-155139.png\",\"image_alt\":\"discrimination - homophobie\"}},{\"type\":\"overlay-slider_item\",\"props\":{\"image\":\"wp-content\\\/uploads\\\/2025\\\/04\\\/Capture-decran-2025-04-24-155546.png\",\"image_alt\":\"harc\\u00e8lement hierarchique - abus de pouvoir\"}},{\"type\":\"overlay-slider_item\",\"props\":{\"image\":\"wp-content\\\/uploads\\\/2025\\\/04\\\/Capture-decran-2025-04-24-155521.png\",\"image_alt\":\"harc\\u00e8lement hi\\u00e9rarchique - pression\"}},{\"type\":\"overlay-slider_item\",\"props\":{\"image\":\"wp-content\\\/uploads\\\/2025\\\/04\\\/Capture-decran-2025-04-24-155510.png\",\"image_alt\":\"harc\\u00e8lement hi\\u00e9rarchique - favoritisme\"}},{\"type\":\"overlay-slider_item\",\"props\":{\"image\":\"wp-content\\\/uploads\\\/2025\\\/04\\\/Capture-decran-2025-04-24-155731.png\",\"image_alt\":\"harc\\u00e8lement moral - humiliation\"}},{\"type\":\"overlay-slider_item\",\"props\":{\"image\":\"wp-content\\\/uploads\\\/2025\\\/04\\\/Capture-decran-2025-04-24-155723.png\",\"image_alt\":\"harc\\u00e8lement moral - critiques constantes\"}},{\"type\":\"overlay-slider_item\",\"props\":{\"image\":\"wp-content\\\/uploads\\\/2025\\\/04\\\/Capture-decran-2025-04-24-155529.png\",\"image_alt\":\"harc\\u00e8lement moral pression\"}},{\"type\":\"overlay-slider_item\",\"props\":{\"image\":\"wp-content\\\/uploads\\\/2025\\\/04\\\/Capture-decran-2025-04-24-155931.png\",\"image_alt\":\"harc\\u00e8lement sexuel - dm d\\u00e9plac\\u00e9s\"}},{\"type\":\"overlay-slider_item\",\"props\":{\"image\":\"wp-content\\\/uploads\\\/2025\\\/04\\\/Capture-decran-2025-04-24-155941.png\",\"image_alt\":\"harc\\u00e8lement sexuel - propos \"}},{\"type\":\"overlay-slider_item\",\"props\":{\"image\":\"wp-content\\\/uploads\\\/2025\\\/04\\\/Capture-decran-2025-04-24-155952.png\",\"image_alt\":\"harc\\u00e8lement sexuel - gestes inappropri\\u00e9s\"}}]},{\"type\":\"text\",\"props\":{\"column_breakpoint\":\"m\",\"content\":\"\n\n<p><em>Ma\\u00ebva Soilihi &amp; \\u00d6zlem Cetinkaya - Charg\\u00e9es de communication\\u00a0<\\\/em><\\\/p>\",\"margin\":\"default\"}}]}]}]},{\"type\":\"section\",\"props\":{\"animation\":\"slide-bottom-small\",\"image_position\":\"center-center\",\"padding\":\"small\",\"style\":\"default\",\"title_breakpoint\":\"xl\",\"title_position\":\"top-left\",\"title_rotation\":\"left\",\"vertical_align\":\"middle\",\"width\":\"default\"},\"children\":[{\"type\":\"row\",\"children\":[{\"type\":\"column\",\"props\":{\"image_position\":\"center-center\",\"position_sticky_breakpoint\":\"m\"},\"children\":[{\"type\":\"text\",\"props\":{\"column_breakpoint\":\"m\",\"content\":\"\n\n<h2><strong>Brisons le silence ensemble\\u00a0<\\\/strong><\\\/h2>\\n\n\n<p>Cette campagne n'est qu'un d\\u00e9but. Notre objectif est de cr\\u00e9er <strong>un dialogue<\\\/strong>, de lib\\u00e9rer la parole et de rappeler que le harc\\u00e8lement n'est jamais <strong>une fatalit\\u00e9<\\\/strong>, ni une norme \\u00e0 tol\\u00e9rer. Il est de notre responsabilit\\u00e9 collective de veiller les uns sur les autres, de faire preuve de bienveillance, et de b\\u00e2tir ensemble une culture d'entreprise bas\\u00e9e sur <strong>le respect, l'\\u00e9coute et la solidarit\\u00e9.\\u00a0<\\\/strong><\\\/p>\",\"margin\":\"default\"}}]}]}]},{\"type\":\"section\",\"props\":{\"animation\":\"scale-down\",\"image_position\":\"center-center\",\"padding\":\"small\",\"style\":\"default\",\"title_breakpoint\":\"xl\",\"title_position\":\"top-left\",\"title_rotation\":\"left\",\"vertical_align\":\"middle\",\"width\":\"default\"},\"children\":[{\"type\":\"row\",\"children\":[{\"type\":\"column\",\"props\":{\"image_position\":\"center-center\",\"position_sticky_breakpoint\":\"m\"},\"children\":[{\"type\":\"text\",\"props\":{\"column_breakpoint\":\"m\",\"content\":\"\n\n<h2><strong>Des rendez-vous r\\u00e9guliers sur le bien-\\u00eatre et sur la sant\\u00e9 au travail\\u00a0<\\\/strong><\\\/h2>\",\"margin\":\"default\"}}]}]},{\"type\":\"row\",\"children\":[{\"type\":\"column\",\"props\":{\"image_position\":\"center-center\",\"position_sticky_breakpoint\":\"m\",\"width_medium\":\"1-2\"},\"children\":[{\"type\":\"text\",\"props\":{\"column_breakpoint\":\"m\",\"content\":\"\n\n<p>Dans la continuit\\u00e9 de cette d\\u00e9marche, nous avons \\u00e9galement d\\u00e9cid\\u00e9 de mettre en place deux r\\u00e9unions mensuelles \\\"on s'pose 5 minutes\\\" autour des <strong>th\\u00e9matiques du bien-\\u00eatre et de la sant\\u00e9 au travail.\\u00a0<\\\/strong><\\\/p>\\n\n\n<p>Ces \\u00e9changes de 15 minutes, <strong>anim\\u00e9s par No\\u00e9mie Parisot<\\\/strong>, intervenante externe sp\\u00e9cialis\\u00e9e, ont lieu <strong>deux jeudis par mois<\\\/strong> et sont pens\\u00e9s comme des temps courts mais pr\\u00e9cieux pour nourrir la r\\u00e9flexion collective.\\u00a0<\\\/p>\\n\n\n<p>Parmi les sujets abord\\u00e9s on pourra retrouver : les obligations du salari\\u00e9, les obligations de l'employeur, la gestion du stress, les postures au travail, la charge mentales, la communication bienveillante, etc...<\\\/p>\\n\n\n<p>\\u00a0Ces moments visent \\u00e0 renforcer <strong>la coh\\u00e9sions d'\\u00e9quipe,<\\\/strong> \\u00e0 partager des bonnes pratiques, et \\u00e0 rappeler que<strong> le bien-\\u00eatre en entreprise est une responsabilit\\u00e9 partag\\u00e9e.\\u00a0<\\\/strong><\\\/p>\",\"margin\":\"default\"}}]},{\"type\":\"column\",\"props\":{\"image_position\":\"center-center\",\"position_sticky_breakpoint\":\"m\",\"vertical_align\":\"middle\",\"width_medium\":\"1-2\"},\"children\":[{\"type\":\"image\",\"props\":{\"image\":\"wp-content\\\/uploads\\\/2025\\\/04\\\/colleagues-working-together-project.jpg\",\"image_alt\":\"on s'pose 5 minutes\",\"image_box_decoration\":\"mask\",\"image_svg_color\":\"emphasis\",\"margin\":\"default\"}}]}],\"props\":{\"layout\":\"1-2,1-2\"}}]},{\"type\":\"section\",\"props\":{\"animation\":\"scale-down\",\"image_position\":\"center-center\",\"style\":\"default\",\"title_breakpoint\":\"xl\",\"title_position\":\"top-left\",\"title_rotation\":\"left\",\"vertical_align\":\"middle\",\"width\":\"default\"},\"children\":[{\"type\":\"row\",\"children\":[{\"type\":\"column\",\"props\":{\"image_position\":\"center-center\",\"position_sticky_breakpoint\":\"m\"},\"children\":[{\"type\":\"text\",\"props\":{\"column_breakpoint\":\"m\",\"content\":\"\n\n<h2><strong>Une d\\u00e9marche inscrite dans notre engagement RSE<\\\/strong><\\\/h2>\\n\n\n<p>Cette campagne de sensibilisation s'inscrit pleinement dans notre d\\u00e9marche <strong>RSE (Responsabilit\\u00e9 Soci\\u00e9tale des Entreprises)<\\\/strong>. Chez <a href=\\\"https:\\\/\\\/www.oliquide.com\\\/\\\">Oliquide<\\\/a>, nous sommes convaincu que notre responsabilit\\u00e9 va au-del\\u00e0 de la performance \\u00e9conomique : elle inclut bien \\u00e9videmment <strong>le bien-\\u00eatre de nos collaborateurs<\\\/strong>, ainsi que leur s\\u00e9curit\\u00e9 et leur \\u00e9panouissement au quotidien.\\u00a0<\\\/p>\\n\n\n<p>Nous voulons faire de l'entreprise un v\\u00e9ritable lieu de vie, o\\u00f9 chacun se sent respect\\u00e9, \\u00e9cout\\u00e9 et surtout \\u00e0 sa place. Pr\\u00e9venir le harc\\u00e8lement, favoriser le dialogue et cr\\u00e9er un environnement de travail sain font partie des <strong data-start=\\\"825\\\" data-end=\\\"868\\\">fondations essentielles de cette vision<\\\/strong>.<\\\/p>\\n\n\n<p data-start=\\\"871\\\" data-end=\\\"1140\\\" class=\\\"\\\">Au c\\u0153ur de notre culture d\\u2019entreprise : la bienveillance, la vigilance collective, et la volont\\u00e9 de b\\u00e2tir un cadre de travail durable, o\\u00f9 chacun peut s\\u2019exprimer librement, progresser sereinement et <strong data-start=\\\"1069\\\" data-end=\\\"1139\\\">trouver sa place dans une \\u00e9quipe qui veille les uns sur les autres<\\\/strong>.<\\\/p>\",\"margin\":\"default\"}}]}]}]},{\"type\":\"section\",\"props\":{\"animation\":\"scale-up\",\"image_position\":\"center-center\",\"padding\":\"small\",\"style\":\"default\",\"title_breakpoint\":\"xl\",\"title_position\":\"top-left\",\"title_rotation\":\"left\",\"vertical_align\":\"middle\",\"width\":\"default\"},\"children\":[{\"type\":\"row\",\"children\":[{\"type\":\"column\",\"props\":{\"image_position\":\"center-center\",\"position_sticky_breakpoint\":\"m\"},\"children\":[{\"type\":\"text\",\"props\":{\"column_breakpoint\":\"m\",\"content\":\"\n\n<h2><strong>FAQ \\u2013 Campagne de sensibilisation au harc\\u00e8lement &amp; bien-\\u00eatre au travail<\\\/strong><\\\/h2>\",\"margin\":\"default\"}},{\"type\":\"accordion\",\"props\":{\"collapsible\":true,\"content_column_breakpoint\":\"m\",\"image_align\":\"top\",\"image_grid_breakpoint\":\"m\",\"image_grid_width\":\"1-2\",\"image_svg_color\":\"emphasis\",\"link_style\":\"default\",\"link_text\":\"Read more\",\"show_image\":true,\"show_link\":true},\"children\":[{\"type\":\"accordion_item\",\"props\":{\"content\":\"\n\n<p data-start=\\\"298\\\" data-end=\\\"514\\\" class=\\\"\\\">\\u00c0 <strong data-start=\\\"300\\\" data-end=\\\"327\\\">tous les collaborateurs<\\\/strong> de l\\u2019entreprise, quels que soient leur poste, leur anciennet\\u00e9 ou leur service. Le harc\\u00e8lement peut concerner chacun d\\u2019entre nous, en tant que t\\u00e9moin, victime ou m\\u00eame auteur involontaire.<\\\/p>\",\"title\":\"\\u00c0 qui s\\u2019adresse cette campagne ?\"}},{\"type\":\"accordion_item\",\"props\":{\"content\":\"\n\n<p data-start=\\\"576\\\" data-end=\\\"642\\\" class=\\\"\\\">La campagne traite de <strong data-start=\\\"598\\\" data-end=\\\"640\\\">cinq formes principales de harc\\u00e8lement<\\\/strong> :<\\\/p>\\n\n\n<ul data-start=\\\"643\\\" data-end=\\\"756\\\">\\n\n\n<li data-start=\\\"643\\\" data-end=\\\"664\\\" class=\\\"\\\">\\n\n\n<p data-start=\\\"645\\\" data-end=\\\"664\\\" class=\\\"\\\">Harc\\u00e8lement moral<\\\/p>\\n<\\\/li>\\n\n\n<li data-start=\\\"665\\\" data-end=\\\"687\\\" class=\\\"\\\">\\n\n\n<p data-start=\\\"667\\\" data-end=\\\"687\\\" class=\\\"\\\">Harc\\u00e8lement sexuel<\\\/p>\\n<\\\/li>\\n\n\n<li data-start=\\\"688\\\" data-end=\\\"716\\\" class=\\\"\\\">\\n\n\n<p data-start=\\\"690\\\" data-end=\\\"716\\\" class=\\\"\\\">Harc\\u00e8lement hi\\u00e9rarchique<\\\/p>\\n<\\\/li>\\n\n\n<li data-start=\\\"717\\\" data-end=\\\"737\\\" class=\\\"\\\">\\n\n\n<p data-start=\\\"719\\\" data-end=\\\"737\\\" class=\\\"\\\">Cyberharc\\u00e8lement<\\\/p>\\n<\\\/li>\\n\n\n<li data-start=\\\"738\\\" data-end=\\\"756\\\" class=\\\"\\\">\\n\n\n<p data-start=\\\"740\\\" data-end=\\\"756\\\" class=\\\"\\\">Discrimination<\\\/p>\\n<\\\/li>\\n<\\\/ul>\\n\n\n<p data-start=\\\"758\\\" data-end=\\\"866\\\" class=\\\"\\\">Chaque type est repr\\u00e9sent\\u00e9 par une <strong data-start=\\\"793\\\" data-end=\\\"815\\\">affiche sp\\u00e9cifique<\\\/strong>, avec une <strong data-start=\\\"826\\\" data-end=\\\"865\\\">couleur et une illustration propres<\\\/strong>.<\\\/p>\",\"title\":\"Quels types de harc\\u00e8lement sont abord\\u00e9s ?\"}},{\"type\":\"accordion_item\",\"props\":{\"content\":\"\n\n<p>Les affiches sont expos\\u00e9es dans <strong data-start=\\\"949\\\" data-end=\\\"980\\\">diff\\u00e9rents lieux de passage<\\\/strong> au sein de l\\u2019entreprise (halls et espaces communs) durant <strong data-start=\\\"1050\\\" data-end=\\\"1078\\\">tout le mois de mai 2025<\\\/strong>.<br data-start=\\\"1079\\\" data-end=\\\"1082\\\" \\\/>Elles seront ensuite regroup\\u00e9es et affich\\u00e9es de mani\\u00e8re permanente dans le <strong data-start=\\\"1157\\\" data-end=\\\"1166\\\">d\\u00e9p\\u00f4t<\\\/strong>, pour maintenir une sensibilisation continue.<\\\/p>\",\"title\":\"O\\u00f9 peut-on voir les affiches ?\"}},{\"type\":\"accordion_item\",\"props\":{\"content\":\"\n\n<p data-start=\\\"1304\\\" data-end=\\\"1345\\\" class=\\\"\\\">Chaque affiche porte ce message clair :<\\\/p>\\n\n\n<blockquote data-start=\\\"1346\\\" data-end=\\\"1434\\\">\\n\n\n<p data-start=\\\"1348\\\" data-end=\\\"1434\\\" class=\\\"\\\"><strong data-start=\\\"1348\\\" data-end=\\\"1432\\\">\\\"Si vous \\u00eates victime ou t\\u00e9moin de harc\\u00e8lement, n\\u2019attendez pas pour en parler !\\\"<\\\/strong><\\\/p>\\n<\\\/blockquote>\\n\n\n<p data-start=\\\"1436\\\" data-end=\\\"1459\\\" class=\\\"\\\">Vous pouvez contacter :<\\\/p>\\n\n\n<ul data-start=\\\"1460\\\" data-end=\\\"1660\\\">\\n\n\n<li data-start=\\\"1460\\\" data-end=\\\"1494\\\" class=\\\"\\\">\\n\n\n<p data-start=\\\"1462\\\" data-end=\\\"1494\\\" class=\\\"\\\">Votre <strong data-start=\\\"1468\\\" data-end=\\\"1492\\\">manager de proximit\\u00e9<\\\/strong><\\\/p>\\n<\\\/li>\\n\n\n<li data-start=\\\"1495\\\" data-end=\\\"1556\\\" class=\\\"\\\">\\n\n\n<p data-start=\\\"1497\\\" data-end=\\\"1556\\\" class=\\\"\\\">Le <strong data-start=\\\"1500\\\" data-end=\\\"1524\\\">r\\u00e9f\\u00e9rent harc\\u00e8lement<\\\/strong> (Arthur Gachod)<\\\/p>\\n<\\\/li>\\n\n\n<li data-start=\\\"1557\\\" data-end=\\\"1578\\\" class=\\\"\\\">\\n\n\n<p data-start=\\\"1559\\\" data-end=\\\"1578\\\" class=\\\"\\\">Le <strong data-start=\\\"1562\\\" data-end=\\\"1576\\\">service RH<\\\/strong><\\\/p>\\n<\\\/li>\\n\n\n<li data-start=\\\"1579\\\" data-end=\\\"1660\\\" class=\\\"\\\">\\n\n\n<p data-start=\\\"1581\\\" data-end=\\\"1660\\\" class=\\\"\\\">Ou <strong data-start=\\\"1584\\\" data-end=\\\"1602\\\">No\\u00e9mie Parisot<\\\/strong>, notre intervenante externe lors des sessions bien-\\u00eatre<\\\/p>\\n<\\\/li>\\n<\\\/ul>\\n\n\n<p data-start=\\\"1662\\\" data-end=\\\"1758\\\" class=\\\"\\\">Les \\u00e9changes sont <strong data-start=\\\"1680\\\" data-end=\\\"1697\\\">confidentiels<\\\/strong>, et des <strong data-start=\\\"1706\\\" data-end=\\\"1728\\\">solutions adapt\\u00e9es<\\\/strong> pourront vous \\u00eatre propos\\u00e9es<\\\/p>\",\"title\":\" Que faire si je suis victime ou t\\u00e9moin d\\u2019une situation de harc\\u00e8lement ?\"}},{\"type\":\"accordion_item\",\"props\":{\"content\":\"\n\n<p>Deux jeudis par mois, nous organisons des <strong data-start=\\\"1869\\\" data-end=\\\"1902\\\">temps d\\u2019\\u00e9change de 15 minutes<\\\/strong> autour de la <strong data-start=\\\"1916\\\" data-end=\\\"1952\\\">sant\\u00e9 et du bien-\\u00eatre au travail<\\\/strong>, anim\\u00e9s par <strong data-start=\\\"1965\\\" data-end=\\\"1983\\\">No\\u00e9mie Parisot<\\\/strong>.<\\\/p>\\n\n\n<p data-start=\\\"2084\\\" data-end=\\\"2222\\\" class=\\\"\\\">Ces r\\u00e9unions sont <strong data-start=\\\"2102\\\" data-end=\\\"2121\\\">ouvertes \\u00e0 tous<\\\/strong> et permettent de <strong data-start=\\\"2139\\\" data-end=\\\"2162\\\">poser des questions<\\\/strong>, de <strong data-start=\\\"2167\\\" data-end=\\\"2192\\\">partager son ressenti<\\\/strong>, ou simplement d\\u2019<strong data-start=\\\"2210\\\" data-end=\\\"2221\\\">\\u00e9couter<\\\/strong>.<\\\/p>\",\"title\":\"Que sont les r\\u00e9unions bien-\\u00eatre mises en place ?\"}}]}]}]}]},{\"type\":\"section\",\"props\":{\"animation\":\"slide-top\",\"image_position\":\"center-center\",\"style\":\"default\",\"title_breakpoint\":\"xl\",\"title_position\":\"top-left\",\"title_rotation\":\"left\",\"vertical_align\":\"middle\",\"width\":\"default\"},\"children\":[{\"type\":\"row\",\"children\":[{\"type\":\"column\",\"props\":{\"image_position\":\"center-center\",\"position_sticky_breakpoint\":\"m\"},\"children\":[{\"type\":\"comments\",\"props\":{\"link_style\":\"default\",\"margin\":\"default\",\"title_decoration\":\"bullet\",\"title_element\":\"h2\",\"title_style\":\"h3\"}}]}]}]}],\"version\":\"4.5.15\"} --><\/p>\n","protected":false},"excerpt":{"rendered":"<p>Tous concern\u00e9s, tous engag\u00e9s : Oliquide s&rsquo;engage contre le harc\u00e8lement Chez Oliquide, nous croyons fermement que chaque collaborateur a le droit de travailler dans un environnement sain, respectueux et inclusif. C&rsquo;est dans cette d\u00e9marche que nous lan\u00e7ons une campagne de sensibilisation autour des formes de harc\u00e8lement en entreprise.\u00a0 Parce que le harc\u00e8lement peut prendre plusieurs [&hellip;]<\/p>\n","protected":false},"author":6,"featured_media":14909,"comment_status":"open","ping_status":"open","sticky":false,"template":"","format":"standard","meta":{"_jetpack_memberships_contains_paid_content":false,"footnotes":""},"categories":[4,14,807],"tags":[773,759,768,769,772,766,771,761,775,756,764,762,763,728,311,757,767,774,760,765,770,758],"class_list":["post-14908","post","type-post","status-publish","format-standard","has-post-thumbnail","hentry","category-actus-oliquide","category-nos-engagements","category-rse","tag-affiches-de-sensibilisation","tag-bien-etre-en-entreprise","tag-campagne-de-sensibilisation","tag-communication-interne","tag-culture-dentreprise","tag-cyberharcelement","tag-dialogue-en-entreprise","tag-discrimination","tag-environnement-de-travail-sain","tag-harcelement-au-travail","tag-harcelement-hierarchique","tag-harcelement-moral","tag-harcelement-sexuel","tag-olietvapo","tag-oliquide","tag-prevention","tag-qualite-de-vie-au-travail","tag-relations-humaines","tag-respect","tag-rh","tag-sante-au-travail","tag-sante-mentale"],"aioseo_notices":[],"jetpack_featured_media_url":"https:\/\/www.oliquide.com\/blog\/wp-content\/uploads\/2025\/04\/banniere-campagne-harcelement.jpg","jetpack_sharing_enabled":true,"_links":{"self":[{"href":"https:\/\/www.oliquide.com\/blog\/wp-json\/wp\/v2\/posts\/14908","targetHints":{"allow":["GET"]}}],"collection":[{"href":"https:\/\/www.oliquide.com\/blog\/wp-json\/wp\/v2\/posts"}],"about":[{"href":"https:\/\/www.oliquide.com\/blog\/wp-json\/wp\/v2\/types\/post"}],"author":[{"embeddable":true,"href":"https:\/\/www.oliquide.com\/blog\/wp-json\/wp\/v2\/users\/6"}],"replies":[{"embeddable":true,"href":"https:\/\/www.oliquide.com\/blog\/wp-json\/wp\/v2\/comments?post=14908"}],"version-history":[{"count":66,"href":"https:\/\/www.oliquide.com\/blog\/wp-json\/wp\/v2\/posts\/14908\/revisions"}],"predecessor-version":[{"id":15240,"href":"https:\/\/www.oliquide.com\/blog\/wp-json\/wp\/v2\/posts\/14908\/revisions\/15240"}],"wp:featuredmedia":[{"embeddable":true,"href":"https:\/\/www.oliquide.com\/blog\/wp-json\/wp\/v2\/media\/14909"}],"wp:attachment":[{"href":"https:\/\/www.oliquide.com\/blog\/wp-json\/wp\/v2\/media?parent=14908"}],"wp:term":[{"taxonomy":"category","embeddable":true,"href":"https:\/\/www.oliquide.com\/blog\/wp-json\/wp\/v2\/categories?post=14908"},{"taxonomy":"post_tag","embeddable":true,"href":"https:\/\/www.oliquide.com\/blog\/wp-json\/wp\/v2\/tags?post=14908"}],"curies":[{"name":"wp","href":"https:\/\/api.w.org\/{rel}","templated":true}]}}