{"id":15300,"date":"2025-05-19T10:44:41","date_gmt":"2025-05-19T08:44:41","guid":{"rendered":"https:\/\/www.oliquide.com\/blog\/?p=15300"},"modified":"2025-09-08T11:45:38","modified_gmt":"2025-09-08T09:45:38","slug":"oliquide-mobilite-durable-defi-jy-vais","status":"publish","type":"post","link":"https:\/\/www.oliquide.com\/blog\/oliquide-mobilite-durable-defi-jy-vais\/","title":{"rendered":"Oliquide s\u2019engage pour une mobilit\u00e9 plus durable avec le D\u00e9fi \u00ab J\u2019y vais ! \u00bb"},"content":{"rendered":"<p><img decoding=\"async\" src=\"\/blog\/wp-content\/uploads\/2025\/05\/Banniere-defi-jy-vais.jpg\" alt=\"lancement d\u00e9fi j'y vais\"><\/p>\n<h1><span class=\"ez-toc-section\" id=\"Oliquide_sengage_pour_une_mobilite_plus_durable_avec_le_Defi_%C2%AB_Jy_vais_%C2%BB\"><\/span><b><a href=\"https:\/\/www.oliquide.com\/\"><i>Oliquide <\/i><\/a>s\u2019engage pour une mobilit\u00e9 plus durable avec le <a href=\"https:\/\/defi-jyvais.fr\/\">D\u00e9fi<i> \u00ab J\u2019y vais ! \u00bb<\/i><\/a><\/b><span class=\"ez-toc-section-end\"><\/span><\/h1>\n<div>\n<h3><b>Parce que bouger autrement, c\u2019est aussi une question de valeurs<\/b><\/h3>\n<p><span style=\"font-weight: 400;\">Chez <\/span><em><a href=\"https:\/\/www.oliquide.com\/\"><b>Oliquide<\/b><\/a><\/em><span style=\"font-weight: 400;\">, notre engagement va au-del\u00e0 de notre activit\u00e9 e-commerce dans la vape.<\/span><span style=\"font-weight: 400;\"><br \/><\/span><span style=\"font-weight: 400;\"> Nous cherchons chaque jour \u00e0 r\u00e9duire notre impact environnemental tout en valorisant des gestes concrets au sein de notre \u00e9quipe.<\/span><\/p>\n<p><span style=\"font-weight: 400;\">C\u2019est dans cette logique que nous participons, cette ann\u00e9e,\u00a0 au <\/span><b><a href=\"https:\/\/defi-jyvais.fr\/\">D\u00e9fi \u00ab J\u2019y vais !<\/a> \u00bb<\/b><span style=\"font-weight: 400;\">, un challenge \u00e0 l\u2019\u00e9chelle du Grand Est qui encourage la <\/span><b>mobilit\u00e9 durable et solidaire<\/b><span style=\"font-weight: 400;\">.<\/span><\/p>\n<\/div>\n<div>\n<div id=\"ez-toc-container\" class=\"ez-toc-v2_0_82_2 counter-hierarchy ez-toc-counter ez-toc-grey ez-toc-container-direction\">\n<div class=\"ez-toc-title-container\">\n<p class=\"ez-toc-title\" style=\"cursor:inherit\">Sommaire<\/p>\n<span class=\"ez-toc-title-toggle\"><a href=\"#\" class=\"ez-toc-pull-right ez-toc-btn ez-toc-btn-xs ez-toc-btn-default ez-toc-toggle\" aria-label=\"Toggle Table of Content\"><span class=\"ez-toc-js-icon-con\"><span class=\"\"><span class=\"eztoc-hide\" style=\"display:none;\">Toggle<\/span><span class=\"ez-toc-icon-toggle-span\"><svg style=\"fill: #999;color:#999\" xmlns=\"http:\/\/www.w3.org\/2000\/svg\" class=\"list-377408\" width=\"20px\" height=\"20px\" viewBox=\"0 0 24 24\" fill=\"none\"><path d=\"M6 6H4v2h2V6zm14 0H8v2h12V6zM4 11h2v2H4v-2zm16 0H8v2h12v-2zM4 16h2v2H4v-2zm16 0H8v2h12v-2z\" fill=\"currentColor\"><\/path><\/svg><svg style=\"fill: #999;color:#999\" class=\"arrow-unsorted-368013\" xmlns=\"http:\/\/www.w3.org\/2000\/svg\" width=\"10px\" height=\"10px\" viewBox=\"0 0 24 24\" version=\"1.2\" baseProfile=\"tiny\"><path d=\"M18.2 9.3l-6.2-6.3-6.2 6.3c-.2.2-.3.4-.3.7s.1.5.3.7c.2.2.4.3.7.3h11c.3 0 .5-.1.7-.3.2-.2.3-.5.3-.7s-.1-.5-.3-.7zM5.8 14.7l6.2 6.3 6.2-6.3c.2-.2.3-.5.3-.7s-.1-.5-.3-.7c-.2-.2-.4-.3-.7-.3h-11c-.3 0-.5.1-.7.3-.2.2-.3.5-.3.7s.1.5.3.7z\"\/><\/svg><\/span><\/span><\/span><\/a><\/span><\/div>\n<nav><ul class='ez-toc-list ez-toc-list-level-1 eztoc-toggle-hide-by-default' ><li class='ez-toc-page-1 ez-toc-heading-level-1'><a class=\"ez-toc-link ez-toc-heading-1\" href=\"https:\/\/www.oliquide.com\/blog\/oliquide-mobilite-durable-defi-jy-vais\/#Oliquide_sengage_pour_une_mobilite_plus_durable_avec_le_Defi_%C2%AB_Jy_vais_%C2%BB\" >Oliquide s\u2019engage pour une mobilit\u00e9 plus durable avec le D\u00e9fi \u00ab J\u2019y vais ! \u00bb<\/a><ul class='ez-toc-list-level-2' ><li class='ez-toc-heading-level-2'><a class=\"ez-toc-link ez-toc-heading-2\" href=\"https:\/\/www.oliquide.com\/blog\/oliquide-mobilite-durable-defi-jy-vais\/#Le_Defi_%C2%AB_Jy_vais_%C2%BB_une_initiative_simple_et_engagee\" >Le D\u00e9fi \u00ab J\u2019y vais ! \u00bb : une initiative simple et engag\u00e9e<\/a><\/li><li class='ez-toc-page-1 ez-toc-heading-level-2'><a class=\"ez-toc-link ez-toc-heading-3\" href=\"https:\/\/www.oliquide.com\/blog\/oliquide-mobilite-durable-defi-jy-vais\/#Oliquide_entre_dans_la_course\" >Oliquide entre dans la course !<\/a><\/li><li class='ez-toc-page-1 ez-toc-heading-level-2'><a class=\"ez-toc-link ez-toc-heading-4\" href=\"https:\/\/www.oliquide.com\/blog\/oliquide-mobilite-durable-defi-jy-vais\/#Un_prolongement_naturel_de_notre_demarche_RSE\" >Un prolongement naturel de notre d\u00e9marche RSE<\/a><\/li><li class='ez-toc-page-1 ez-toc-heading-level-2'><a class=\"ez-toc-link ez-toc-heading-5\" href=\"https:\/\/www.oliquide.com\/blog\/oliquide-mobilite-durable-defi-jy-vais\/#_FAQ_%E2%80%93_Tout_savoir_sur_notre_participation_au_Defi_%C2%AB_Jy_vais_%C2%BB\" >\u00a0FAQ \u2013 Tout savoir sur notre participation au D\u00e9fi \u00ab J\u2019y vais ! \u00bb<\/a><\/li><\/ul><\/li><\/ul><\/nav><\/div>\n<\/div>\n<div>\n<h2><span class=\"ez-toc-section\" id=\"Le_Defi_%C2%AB_Jy_vais_%C2%BB_une_initiative_simple_et_engagee\"><\/span><b>Le D\u00e9fi \u00ab J\u2019y vais ! \u00bb : une initiative simple et engag\u00e9e<\/b><span class=\"ez-toc-section-end\"><\/span><\/h2>\n<p><span style=\"font-weight: 400;\">Organis\u00e9 tout au long du mois de mai, ce d\u00e9fi invite salari\u00e9\u00b7es, \u00e9l\u00e8ves et citoyens \u00e0 <\/span><b>se rendre au travail ou \u00e0 l\u2019\u00e9cole autrement qu\u2019en voiture individuelle<\/b><span style=\"font-weight: 400;\">.<\/span><\/p>\n<p><span style=\"font-weight: 400;\">Marche, v\u00e9lo, covoiturage, transports en commun, trottinette\u2026 tous les modes de d\u00e9placement durables sont encourag\u00e9s.<\/span><span style=\"font-weight: 400;\"><br \/><\/span><span style=\"font-weight: 400;\">Chaque kilom\u00e8tre parcouru autrement est comptabilis\u00e9 et converti en <\/span><b>dotation solidaire<\/b><span style=\"font-weight: 400;\"> au profit d\u2019une association \u0153uvrant dans les domaines de la sant\u00e9, de la solidarit\u00e9 ou de la mobilit\u00e9 active.<\/span><\/p>\n<p><span style=\"font-weight: 400;\">L\u2019objectif est triple :<\/span><span style=\"font-weight: 400;\"><br \/><\/span><span style=\"font-weight: 400;\"> \u2714 R\u00e9duire nos \u00e9missions de CO\u2082<\/span><span style=\"font-weight: 400;\"><br \/><\/span><span style=\"font-weight: 400;\"> \u2714 Tester de nouveaux r\u00e9flexes de mobilit\u00e9<\/span><span style=\"font-weight: 400;\"><br \/><\/span><span style=\"font-weight: 400;\"> \u2714 Contribuer \u00e0 une cause d\u2019int\u00e9r\u00eat g\u00e9n\u00e9ral<\/span><\/p>\n<\/div>\n<p><img decoding=\"async\" src=\"\/blog\/wp-content\/uploads\/2025\/05\/logo_defi-jy-vais.webp\" alt=\"logo defi j'y vais\"><br \/>\n<img decoding=\"async\" src=\"\/blog\/wp-content\/uploads\/2025\/05\/IMG_6074-scaled.jpg\" alt=\"jean-marc sur son v\u00e9lo\"><\/p>\n<div>\n<h2><span class=\"ez-toc-section\" id=\"Oliquide_entre_dans_la_course\"><\/span><b><a href=\"https:\/\/www.oliquide.com\/\"><em>Oliquide<\/em><\/a> entre dans la course !<\/b><span class=\"ez-toc-section-end\"><\/span><\/h2>\n<p><span style=\"font-weight: 400;\">Pour cette \u00e9dition 2025, l\u2019\u00e9quipe <em><a href=\"https:\/\/www.oliquide.com\/\">Oliquide<\/a> <\/em>se mobilise avec enthousiasme. <\/span><span style=\"font-weight: 400;\">Tout au long du mois, nos collaborateurs sont invit\u00e9s \u00e0 <\/span><b>changer leurs habitudes de d\u00e9placement<\/b><span style=\"font-weight: 400;\">.<\/span><\/p>\n<p><span style=\"font-weight: 400;\">Certain\u00b7es optent pour le v\u00e9lo, d\u2019autres red\u00e9couvrent les joies de la marche ou partagent leur trajet en covoiturage.<\/span><span style=\"font-weight: 400;\"><br \/><\/span><span style=\"font-weight: 400;\"> Chaque contribution compte, peu importe la distance.<\/span><\/p>\n<blockquote>\n<p><i><span style=\"font-weight: 400;\">\u00ab J\u2019ai ressorti mon v\u00e9lo pour le trajet du matin, et franchement, \u00e7a met de bonne humeur ! \u00bb<\/span><\/i><i><span style=\"font-weight: 400;\"><br \/><\/span><\/i><span style=\"font-weight: 400;\"> \u2013 Jean-Marc, service informatique<\/span><\/p>\n<\/blockquote>\n<\/div>\n<div>\n<h2><span class=\"ez-toc-section\" id=\"Un_prolongement_naturel_de_notre_demarche_RSE\"><\/span><b>Un prolongement naturel de notre d\u00e9marche RSE<\/b><span class=\"ez-toc-section-end\"><\/span><\/h2>\n<p><span style=\"font-weight: 400;\">Cette participation au d\u00e9fi s\u2019inscrit naturellement dans la <\/span><b>strat\u00e9gie RSE <em><a href=\"https:\/\/www.oliquide.com\/\">d\u2019Oliquide<\/a><\/em><\/b><span style=\"font-weight: 400;\">. <\/span><span style=\"font-weight: 400;\">Depuis plusieurs ann\u00e9es, nous nous engageons sur plusieurs axes :<\/span><\/p>\n<ul>\n<li style=\"font-weight: 400;\" aria-level=\"1\"><span style=\"font-weight: 400;\">R\u00e9duction des d\u00e9chets dans notre logistique<\/span><\/li>\n<li style=\"font-weight: 400;\" aria-level=\"1\"><span style=\"font-weight: 400;\">Un b\u00e2timent durable<\/span><\/li>\n<li style=\"font-weight: 400;\" aria-level=\"1\"><span style=\"font-weight: 400;\">Espace biodiversit\u00e9<\/span><\/li>\n<li style=\"font-weight: 400;\" aria-level=\"1\"><span style=\"font-weight: 400;\">Prime pour les moyens de transport \u00e9co-responsables<\/span><\/li>\n<li style=\"font-weight: 400;\" aria-level=\"1\"><span style=\"font-weight: 400;\">S\u00e9lection de produits contr\u00f4l\u00e9s et plus durables<\/span><span style=\"font-weight: 400;\">\n<p><\/span><\/li>\n<\/ul>\n<p><span style=\"font-weight: 400;\">Avec <em><a href=\"https:\/\/defi-jyvais.fr\/\">le D\u00e9fi \u00ab J\u2019y vais ! \u00bb<\/a><\/em>, nous explorons un <\/span><b>nouveau levier d\u2019action : la mobilit\u00e9 quotidienne<\/b><span style=\"font-weight: 400;\">.<\/span><\/p>\n<\/div>\n<div>\n<p><span style=\"font-weight: 400;\">Au-del\u00e0 du d\u00e9fi ponctuel, cette exp\u00e9rience collective ouvre la voie \u00e0 d\u2019autres initiatives. <\/span><span style=\"font-weight: 400;\">Pourquoi ne pas poursuivre avec du <\/span><b>covoiturage r\u00e9gulier<\/b><span style=\"font-weight: 400;\">, des <\/span><b>am\u00e9nagements v\u00e9lo<\/b><span style=\"font-weight: 400;\">, ou m\u00eame un <\/span><b>plan de mobilit\u00e9 interne<\/b><span style=\"font-weight: 400;\"> ?<\/span><\/p>\n<p><span style=\"font-weight: 400;\">Ce sont souvent les petites actions qui amorcent les vrais changements.<\/span><\/p>\n<p><span style=\"font-weight: 400;\">Merci \u00e0 toutes celles et ceux qui s\u2019impliquent dans ce challenge avec \u00e9nergie et bonne humeur. <\/span><span style=\"font-weight: 400;\">C\u2019est en \u00e9quipe que nous progressons vers un mode de fonctionnement plus durable, plus solidaire, et plus responsable.<\/span><\/p>\n<p><span style=\"font-weight: 400;\">\ud83d\udeb6\u200d\u2642\ufe0f\ud83d\udeb4\u200d\u2640\ufe0f En mai, on bouge autrement\u2026 et on avance dans le bon sens !<\/span><\/p>\n<\/div>\n<div>\n<h2><span class=\"ez-toc-section\" id=\"_FAQ_%E2%80%93_Tout_savoir_sur_notre_participation_au_Defi_%C2%AB_Jy_vais_%C2%BB\"><\/span><b>\u00a0FAQ \u2013 Tout savoir sur notre participation au D\u00e9fi \u00ab J\u2019y vais ! \u00bb<\/b><span class=\"ez-toc-section-end\"><\/span><\/h2>\n<\/div>\n<ul>\n<li>\n<h3>Qu\u2019est-ce que le D\u00e9fi \u00ab J\u2019y vais ! \u00bb exactement ?<\/h3>\n<div>\n<p><span style=\"font-weight: 400;\">C\u2019est un challenge organis\u00e9 chaque ann\u00e9e au mois de mai dans le Grand Est. Il invite les salari\u00e9\u00b7es, \u00e9l\u00e8ves et citoyen\u00b7nes \u00e0 se rendre au travail ou \u00e0 l\u2019\u00e9cole <\/span><b>par des modes de d\u00e9placement durables<\/b><span style=\"font-weight: 400;\"> : marche, v\u00e9lo, bus, covoiturage, train, etc.<\/span><\/p>\n<\/div>\n<\/li>\n<li>\n<h3>Quand a lieu le d\u00e9fi ?<\/h3>\n<div>\n<p><span style=\"font-weight: 400;\">Du <\/span><b>1er au 31 mai 2025<\/b><span style=\"font-weight: 400;\">. Chaque jour compte, m\u00eame pour un petit trajet !<\/span><\/p>\n<\/div>\n<\/li>\n<li>\n<h3>Quels types de d\u00e9placements sont pris en compte ?<\/h3>\n<div>\n<p><span style=\"font-weight: 400;\">Tous les <\/span><b>modes de transport durables<\/b><span style=\"font-weight: 400;\"> :<\/span><\/p>\n<ul>\n<li style=\"font-weight: 400;\" aria-level=\"1\"><span style=\"font-weight: 400;\">\u00c0 pied<\/span><span style=\"font-weight: 400;\"><br \/><\/span><\/li>\n<li style=\"font-weight: 400;\" aria-level=\"1\"><span style=\"font-weight: 400;\">\u00c0 v\u00e9lo (classique ou \u00e9lectrique)<\/span><span style=\"font-weight: 400;\"><br \/><\/span><\/li>\n<li style=\"font-weight: 400;\" aria-level=\"1\"><span style=\"font-weight: 400;\">En transports en commun (bus, tram, train)<\/span><span style=\"font-weight: 400;\"><br \/><\/span><\/li>\n<li style=\"font-weight: 400;\" aria-level=\"1\"><span style=\"font-weight: 400;\">En covoiturage<\/span><span style=\"font-weight: 400;\"><br \/><\/span><\/li>\n<li style=\"font-weight: 400;\" aria-level=\"1\"><span style=\"font-weight: 400;\">En trottinette non thermique<\/span><span style=\"font-weight: 400;\"><br \/><\/span><\/li>\n<\/ul>\n<p><span style=\"font-weight: 400;\">Les trajets mixtes (ex : train + v\u00e9lo) sont aussi accept\u00e9s.<\/span><\/p>\n<\/div>\n<\/li>\n<li>\n<h3>Qui peut participer ?<\/h3>\n<div>\n<p><span style=\"font-weight: 400;\">Tous les salari\u00e9\u00b7es d\u2019Oliquide peuvent participer, peu importe leur poste. Le d\u00e9fi est aussi ouvert aux \u00e9tablissements scolaires, collectivit\u00e9s et entreprises du Grand Est.<\/span><\/p>\n<\/div>\n<\/li>\n<li>\n<h3>Comment participer concr\u00e8tement ?<\/h3>\n<div>\n<ol>\n<li style=\"font-weight: 400;\" aria-level=\"1\"><span style=\"font-weight: 400;\">Inscrivez-vous sur le site officiel : <em><a href=\"https:\/\/defi-jyvais.fr\/\">https:\/\/defi-jyvais.fr\/<\/a><\/em><\/span><\/li>\n<li style=\"font-weight: 400;\" aria-level=\"1\"><span style=\"font-weight: 400;\">Utilisez votre <\/span><b>code \u00e9tablissement <\/b>si vous \u00eates salari\u00e9(e).\u00a0<span style=\"font-weight: 400;\"><br \/><\/span><\/li>\n<li style=\"font-weight: 400;\" aria-level=\"1\"><span style=\"font-weight: 400;\">Enregistrez vos trajets chaque jour ou chaque semaine dans l\u2019interface<\/span><span style=\"font-weight: 400;\">\n<p><\/span><\/li>\n<\/ol>\n<p><span style=\"font-weight: 400;\">C\u2019est simple, rapide\u2026 et motivant !<\/span><\/p>\n<\/div>\n<\/li>\n<li>\n<h3>Pourquoi Oliquide participe ?<\/h3>\n<div>\n<p><span style=\"font-weight: 400;\">Parce que la <\/span><b>mobilit\u00e9 durable fait partie de notre engagement RSE<\/b><span style=\"font-weight: 400;\">.<\/span><span style=\"font-weight: 400;\"><br \/><\/span><span style=\"font-weight: 400;\"> C\u2019est aussi une belle occasion de <\/span><b>tester de nouvelles habitudes<\/b><span style=\"font-weight: 400;\">, de <\/span><b>r\u00e9duire notre empreinte carbone<\/b><span style=\"font-weight: 400;\"> et de <\/span><b>soutenir une cause solidaire<\/b><span style=\"font-weight: 400;\">, puisque chaque kilom\u00e8tre \u00e9coresponsable est converti en don.<\/span><\/p>\n<\/div>\n<\/li>\n<li>\n<h3>Que gagne-t-on \u00e0 participer ?<\/h3>\n<div>\n<p><span style=\"font-weight: 400;\">Au-del\u00e0 des b\u00e9n\u00e9fices pour la plan\u00e8te et la cause soutenue, c\u2019est aussi :<\/span><\/p>\n<ul>\n<li style=\"font-weight: 400;\" aria-level=\"1\"><span style=\"font-weight: 400;\">Une dynamique collective positive<\/span><span style=\"font-weight: 400;\">\n<p><\/span><\/li>\n<li style=\"font-weight: 400;\" aria-level=\"1\"><span style=\"font-weight: 400;\">Une meilleure forme (merci les trajets \u00e0 pied ou \u00e0 v\u00e9lo !)<\/span><span style=\"font-weight: 400;\">\n<p><\/span><\/li>\n<li style=\"font-weight: 400;\" aria-level=\"1\"><span style=\"font-weight: 400;\">Parfois m\u00eame\u2026 du fun entre coll\u00e8gues \ud83d\ude04<\/span><\/li>\n<\/ul>\n<\/div>\n<\/li>\n<li>\n<h3>Peut-on partager nos trajets ou photos ?<\/h3>\n<div>\n<p><span style=\"font-weight: 400;\">Oui, avec plaisir !<\/span><span style=\"font-weight: 400;\"><br \/><\/span><span style=\"font-weight: 400;\"> Envoyez vos photos \u00e0 l\u2019\u00e9quipe com\u2019 ou partagez-les sur les r\u00e9seaux avec le hashtag <\/span><b>#OliquideEnMouvement<\/b><span style=\"font-weight: 400;\">.<\/span><span style=\"font-weight: 400;\"><br \/><\/span><span style=\"font-weight: 400;\"> On adore voir vos trajets \u00e9colos, vos v\u00e9los du matin ou vos vues de tramway \u2600\ufe0f<\/span><\/p>\n<\/div>\n<\/li>\n<\/ul>\n<p><!--more--><br \/>\n<!-- {\"type\":\"layout\",\"children\":[{\"type\":\"section\",\"props\":{\"image_position\":\"center-center\",\"padding\":\"small\",\"style\":\"default\",\"title_breakpoint\":\"xl\",\"title_position\":\"top-left\",\"title_rotation\":\"left\",\"vertical_align\":\"middle\",\"width\":\"default\"},\"children\":[{\"type\":\"row\",\"children\":[{\"type\":\"column\",\"props\":{\"image_position\":\"center-center\",\"position_sticky_breakpoint\":\"m\"},\"children\":[{\"type\":\"image\",\"props\":{\"image\":\"wp-content\\\/uploads\\\/2025\\\/05\\\/Banniere-defi-jy-vais.jpg\",\"image_alt\":\"lancement d\\u00e9fi j'y vais\",\"image_box_decoration\":\"mask\",\"image_svg_color\":\"emphasis\",\"margin\":\"default\"}},{\"type\":\"headline\",\"props\":{\"content\":\"<b><a href=\\\"https:\\\/\\\/www.oliquide.com\\\/\\\"><i>Oliquide <\\\/i><\\\/a>s\\u2019engage pour une mobilit\\u00e9 plus durable avec le <a href=\\\"https:\\\/\\\/defi-jyvais.fr\\\/\\\">D\\u00e9fi<i> \\u00ab J\\u2019y vais ! \\u00bb<\\\/i><\\\/a><\\\/b>\",\"title_element\":\"h1\"}},{\"type\":\"text\",\"props\":{\"column_breakpoint\":\"m\",\"content\":\"\n\n<h3><b>Parce que bouger autrement, c\\u2019est aussi une question de valeurs<\\\/b><\\\/h3>\\n\n\n<p><span style=\\\"font-weight: 400;\\\">Chez <\\\/span><em><a href=\\\"https:\\\/\\\/www.oliquide.com\\\/\\\"><b>Oliquide<\\\/b><\\\/a><\\\/em><span style=\\\"font-weight: 400;\\\">, notre engagement va au-del\\u00e0 de notre activit\\u00e9 e-commerce dans la vape.<\\\/span><span style=\\\"font-weight: 400;\\\"><br \\\/><\\\/span><span style=\\\"font-weight: 400;\\\"> Nous cherchons chaque jour \\u00e0 r\\u00e9duire notre impact environnemental tout en valorisant des gestes concrets au sein de notre \\u00e9quipe.<\\\/span><\\\/p>\\n\n\n<p><span style=\\\"font-weight: 400;\\\">C\\u2019est dans cette logique que nous participons, cette ann\\u00e9e,\\u00a0 au <\\\/span><b><a href=\\\"https:\\\/\\\/defi-jyvais.fr\\\/\\\">D\\u00e9fi \\u00ab J\\u2019y vais !<\\\/a> \\u00bb<\\\/b><span style=\\\"font-weight: 400;\\\">, un challenge \\u00e0 l\\u2019\\u00e9chelle du Grand Est qui encourage la <\\\/span><b>mobilit\\u00e9 durable et solidaire<\\\/b><span style=\\\"font-weight: 400;\\\">.<\\\/span><\\\/p>\",\"margin\":\"default\"}},{\"type\":\"html\",\"props\":{\"content\":\"[ez-toc]\"}}]}]}]},{\"type\":\"section\",\"props\":{\"image_position\":\"center-center\",\"padding\":\"small\",\"style\":\"default\",\"title_breakpoint\":\"xl\",\"title_position\":\"top-left\",\"title_rotation\":\"left\",\"vertical_align\":\"middle\",\"width\":\"default\"},\"children\":[{\"type\":\"row\",\"props\":{\"layout\":\"2-3,1-3\"},\"children\":[{\"type\":\"column\",\"props\":{\"image_position\":\"center-center\",\"position_sticky_breakpoint\":\"m\",\"width_medium\":\"2-3\"},\"children\":[{\"type\":\"text\",\"props\":{\"column_breakpoint\":\"m\",\"content\":\"\n\n<h2><b>Le D\\u00e9fi \\u00ab J\\u2019y vais ! \\u00bb : une initiative simple et engag\\u00e9e<\\\/b><\\\/h2>\\n\n\n<p><span style=\\\"font-weight: 400;\\\">Organis\\u00e9 tout au long du mois de mai, ce d\\u00e9fi invite salari\\u00e9\\u00b7es, \\u00e9l\\u00e8ves et citoyens \\u00e0 <\\\/span><b>se rendre au travail ou \\u00e0 l\\u2019\\u00e9cole autrement qu\\u2019en voiture individuelle<\\\/b><span style=\\\"font-weight: 400;\\\">.<\\\/span><\\\/p>\\n\n\n<p><span style=\\\"font-weight: 400;\\\">Marche, v\\u00e9lo, covoiturage, transports en commun, trottinette\\u2026 tous les modes de d\\u00e9placement durables sont encourag\\u00e9s.<\\\/span><span style=\\\"font-weight: 400;\\\"><br \\\/><\\\/span><span style=\\\"font-weight: 400;\\\">Chaque kilom\\u00e8tre parcouru autrement est comptabilis\\u00e9 et converti en <\\\/span><b>dotation solidaire<\\\/b><span style=\\\"font-weight: 400;\\\"> au profit d\\u2019une association \\u0153uvrant dans les domaines de la sant\\u00e9, de la solidarit\\u00e9 ou de la mobilit\\u00e9 active.<\\\/span><\\\/p>\\n\n\n<p><span style=\\\"font-weight: 400;\\\">L\\u2019objectif est triple :<\\\/span><span style=\\\"font-weight: 400;\\\"><br \\\/><\\\/span><span style=\\\"font-weight: 400;\\\"> \\u2714 R\\u00e9duire nos \\u00e9missions de CO\\u2082<\\\/span><span style=\\\"font-weight: 400;\\\"><br \\\/><\\\/span><span style=\\\"font-weight: 400;\\\"> \\u2714 Tester de nouveaux r\\u00e9flexes de mobilit\\u00e9<\\\/span><span style=\\\"font-weight: 400;\\\"><br \\\/><\\\/span><span style=\\\"font-weight: 400;\\\"> \\u2714 Contribuer \\u00e0 une cause d\\u2019int\\u00e9r\\u00eat g\\u00e9n\\u00e9ral<\\\/span><\\\/p>\",\"margin\":\"default\"}}]},{\"type\":\"column\",\"props\":{\"image_position\":\"center-center\",\"position_sticky_breakpoint\":\"m\",\"width_medium\":\"1-3\"},\"children\":[{\"type\":\"image\",\"props\":{\"image\":\"wp-content\\\/uploads\\\/2025\\\/05\\\/logo_defi-jy-vais.webp\",\"image_alt\":\"logo defi j'y vais\",\"image_svg_color\":\"emphasis\",\"margin\":\"default\"}}]}]}]},{\"type\":\"section\",\"props\":{\"image_position\":\"center-center\",\"padding\":\"small\",\"style\":\"default\",\"title_breakpoint\":\"xl\",\"title_position\":\"top-left\",\"title_rotation\":\"left\",\"vertical_align\":\"middle\",\"width\":\"default\"},\"children\":[{\"type\":\"row\",\"props\":{\"layout\":\"1-3,2-3\"},\"children\":[{\"type\":\"column\",\"props\":{\"image_position\":\"center-center\",\"position_sticky_breakpoint\":\"m\",\"width_medium\":\"1-3\"},\"children\":[{\"type\":\"image\",\"props\":{\"image\":\"wp-content\\\/uploads\\\/2025\\\/05\\\/IMG_6074-scaled.jpg\",\"image_alt\":\"jean-marc sur son v\\u00e9lo\",\"image_box_decoration\":\"mask\",\"image_svg_color\":\"emphasis\",\"margin\":\"default\"}}]},{\"type\":\"column\",\"props\":{\"image_position\":\"center-center\",\"position_sticky_breakpoint\":\"m\",\"vertical_align\":\"middle\",\"width_medium\":\"2-3\"},\"children\":[{\"type\":\"text\",\"props\":{\"column_breakpoint\":\"m\",\"content\":\"\n\n<h2><b><a href=\\\"https:\\\/\\\/www.oliquide.com\\\/\\\"><em>Oliquide<\\\/em><\\\/a> entre dans la course !<\\\/b><\\\/h2>\\n\n\n<p><span style=\\\"font-weight: 400;\\\">Pour cette \\u00e9dition 2025, l\\u2019\\u00e9quipe <em><a href=\\\"https:\\\/\\\/www.oliquide.com\\\/\\\">Oliquide<\\\/a> <\\\/em>se mobilise avec enthousiasme. <\\\/span><span style=\\\"font-weight: 400;\\\">Tout au long du mois, nos collaborateurs sont invit\\u00e9s \\u00e0 <\\\/span><b>changer leurs habitudes de d\\u00e9placement<\\\/b><span style=\\\"font-weight: 400;\\\">.<\\\/span><\\\/p>\\n\n\n<p><span style=\\\"font-weight: 400;\\\">Certain\\u00b7es optent pour le v\\u00e9lo, d\\u2019autres red\\u00e9couvrent les joies de la marche ou partagent leur trajet en covoiturage.<\\\/span><span style=\\\"font-weight: 400;\\\"><br \\\/><\\\/span><span style=\\\"font-weight: 400;\\\"> Chaque contribution compte, peu importe la distance.<\\\/span><\\\/p>\\n\n\n<blockquote>\\n\n\n<p><i><span style=\\\"font-weight: 400;\\\">\\u00ab J\\u2019ai ressorti mon v\\u00e9lo pour le trajet du matin, et franchement, \\u00e7a met de bonne humeur ! \\u00bb<\\\/span><\\\/i><i><span style=\\\"font-weight: 400;\\\"><br \\\/><\\\/span><\\\/i><span style=\\\"font-weight: 400;\\\"> \\u2013 Jean-Marc, service informatique<\\\/span><\\\/p>\\n<\\\/blockquote>\",\"margin\":\"default\"}}]}]}]},{\"type\":\"section\",\"props\":{\"image_position\":\"center-center\",\"padding\":\"small\",\"style\":\"default\",\"title_breakpoint\":\"xl\",\"title_position\":\"top-left\",\"title_rotation\":\"left\",\"vertical_align\":\"middle\",\"width\":\"default\"},\"children\":[{\"type\":\"row\",\"children\":[{\"type\":\"column\",\"props\":{\"image_position\":\"center-center\",\"position_sticky_breakpoint\":\"m\"},\"children\":[{\"type\":\"text\",\"props\":{\"column_breakpoint\":\"m\",\"content\":\"\n\n<h2><b>Un prolongement naturel de notre d\\u00e9marche RSE<\\\/b><\\\/h2>\\n\n\n<p><span style=\\\"font-weight: 400;\\\">Cette participation au d\\u00e9fi s\\u2019inscrit naturellement dans la <\\\/span><b>strat\\u00e9gie RSE <em><a href=\\\"https:\\\/\\\/www.oliquide.com\\\/\\\">d\\u2019Oliquide<\\\/a><\\\/em><\\\/b><span style=\\\"font-weight: 400;\\\">. <\\\/span><span style=\\\"font-weight: 400;\\\">Depuis plusieurs ann\\u00e9es, nous nous engageons sur plusieurs axes :<\\\/span><\\\/p>\\n\n\n<ul>\\n\n\n<li style=\\\"font-weight: 400;\\\" aria-level=\\\"1\\\"><span style=\\\"font-weight: 400;\\\">R\\u00e9duction des d\\u00e9chets dans notre logistique<\\\/span><\\\/li>\\n\n\n<li style=\\\"font-weight: 400;\\\" aria-level=\\\"1\\\"><span style=\\\"font-weight: 400;\\\">Un b\\u00e2timent durable<\\\/span><\\\/li>\\n\n\n<li style=\\\"font-weight: 400;\\\" aria-level=\\\"1\\\"><span style=\\\"font-weight: 400;\\\">Espace biodiversit\\u00e9<\\\/span><\\\/li>\\n\n\n<li style=\\\"font-weight: 400;\\\" aria-level=\\\"1\\\"><span style=\\\"font-weight: 400;\\\">Prime pour les moyens de transport \\u00e9co-responsables<\\\/span><\\\/li>\\n\n\n<li style=\\\"font-weight: 400;\\\" aria-level=\\\"1\\\"><span style=\\\"font-weight: 400;\\\">S\\u00e9lection de produits contr\\u00f4l\\u00e9s et plus durables<\\\/span><span style=\\\"font-weight: 400;\\\"><br \\\/><br \\\/><\\\/span><\\\/li>\\n<\\\/ul>\\n\n\n<p><span style=\\\"font-weight: 400;\\\">Avec <em><a href=\\\"https:\\\/\\\/defi-jyvais.fr\\\/\\\">le D\\u00e9fi \\u00ab J\\u2019y vais ! \\u00bb<\\\/a><\\\/em>, nous explorons un <\\\/span><b>nouveau levier d\\u2019action : la mobilit\\u00e9 quotidienne<\\\/b><span style=\\\"font-weight: 400;\\\">.<\\\/span><\\\/p>\",\"margin\":\"default\"}}]}]}]},{\"type\":\"section\",\"props\":{\"image_position\":\"center-center\",\"style\":\"default\",\"title_breakpoint\":\"xl\",\"title_position\":\"top-left\",\"title_rotation\":\"left\",\"vertical_align\":\"middle\",\"width\":\"default\"},\"children\":[{\"type\":\"row\",\"children\":[{\"type\":\"column\",\"props\":{\"image_position\":\"center-center\",\"position_sticky_breakpoint\":\"m\"},\"children\":[{\"type\":\"text\",\"props\":{\"column_breakpoint\":\"m\",\"content\":\"\n\n<p><span style=\\\"font-weight: 400;\\\">Au-del\\u00e0 du d\\u00e9fi ponctuel, cette exp\\u00e9rience collective ouvre la voie \\u00e0 d\\u2019autres initiatives. <\\\/span><span style=\\\"font-weight: 400;\\\">Pourquoi ne pas poursuivre avec du <\\\/span><b>covoiturage r\\u00e9gulier<\\\/b><span style=\\\"font-weight: 400;\\\">, des <\\\/span><b>am\\u00e9nagements v\\u00e9lo<\\\/b><span style=\\\"font-weight: 400;\\\">, ou m\\u00eame un <\\\/span><b>plan de mobilit\\u00e9 interne<\\\/b><span style=\\\"font-weight: 400;\\\"> ?<\\\/span><\\\/p>\\n\n\n<p><span style=\\\"font-weight: 400;\\\">Ce sont souvent les petites actions qui amorcent les vrais changements.<\\\/span><\\\/p>\\n\n\n<p><span style=\\\"font-weight: 400;\\\">Merci \\u00e0 toutes celles et ceux qui s\\u2019impliquent dans ce challenge avec \\u00e9nergie et bonne humeur. <\\\/span><span style=\\\"font-weight: 400;\\\">C\\u2019est en \\u00e9quipe que nous progressons vers un mode de fonctionnement plus durable, plus solidaire, et plus responsable.<\\\/span><\\\/p>\\n\n\n<p><span style=\\\"font-weight: 400;\\\">\\ud83d\\udeb6\\u200d\\u2642\\ufe0f\\ud83d\\udeb4\\u200d\\u2640\\ufe0f En mai, on bouge autrement\\u2026 et on avance dans le bon sens !<\\\/span><\\\/p>\",\"margin\":\"default\"}}]}]}]},{\"type\":\"section\",\"props\":{\"image_position\":\"center-center\",\"padding\":\"small\",\"style\":\"default\",\"title_breakpoint\":\"xl\",\"title_position\":\"top-left\",\"title_rotation\":\"left\",\"vertical_align\":\"middle\",\"width\":\"default\"},\"children\":[{\"type\":\"row\",\"children\":[{\"type\":\"column\",\"props\":{\"image_position\":\"center-center\",\"position_sticky_breakpoint\":\"m\"},\"children\":[{\"type\":\"text\",\"props\":{\"column_breakpoint\":\"m\",\"content\":\"\n\n<h2><b>\\u00a0FAQ \\u2013 Tout savoir sur notre participation au D\\u00e9fi \\u00ab J\\u2019y vais ! \\u00bb<\\\/b><\\\/h2>\",\"margin\":\"default\"}},{\"type\":\"accordion\",\"props\":{\"collapsible\":true,\"content_column_breakpoint\":\"m\",\"image_align\":\"top\",\"image_grid_breakpoint\":\"m\",\"image_grid_width\":\"1-2\",\"image_svg_color\":\"emphasis\",\"link_style\":\"default\",\"link_text\":\"Read more\",\"show_image\":true,\"show_link\":true},\"children\":[{\"type\":\"accordion_item\",\"props\":{\"content\":\"\n\n<p><span style=\\\"font-weight: 400;\\\">C\\u2019est un challenge organis\\u00e9 chaque ann\\u00e9e au mois de mai dans le Grand Est. Il invite les salari\\u00e9\\u00b7es, \\u00e9l\\u00e8ves et citoyen\\u00b7nes \\u00e0 se rendre au travail ou \\u00e0 l\\u2019\\u00e9cole <\\\/span><b>par des modes de d\\u00e9placement durables<\\\/b><span style=\\\"font-weight: 400;\\\"> : marche, v\\u00e9lo, bus, covoiturage, train, etc.<\\\/span><\\\/p>\",\"title\":\"Qu\\u2019est-ce que le D\\u00e9fi \\u00ab J\\u2019y vais ! \\u00bb exactement ?\"}},{\"type\":\"accordion_item\",\"props\":{\"content\":\"\n\n<p><span style=\\\"font-weight: 400;\\\">Du <\\\/span><b>1er au 31 mai 2025<\\\/b><span style=\\\"font-weight: 400;\\\">. Chaque jour compte, m\\u00eame pour un petit trajet !<\\\/span><\\\/p>\",\"title\":\"Quand a lieu le d\\u00e9fi ?\"}},{\"type\":\"accordion_item\",\"props\":{\"content\":\"\n\n<p><span style=\\\"font-weight: 400;\\\">Tous les <\\\/span><b>modes de transport durables<\\\/b><span style=\\\"font-weight: 400;\\\"> :<\\\/span><\\\/p>\\n\n\n<ul>\\n\n\n<li style=\\\"font-weight: 400;\\\" aria-level=\\\"1\\\"><span style=\\\"font-weight: 400;\\\">\\u00c0 pied<\\\/span><span style=\\\"font-weight: 400;\\\"><br \\\/><\\\/span><\\\/li>\\n\n\n<li style=\\\"font-weight: 400;\\\" aria-level=\\\"1\\\"><span style=\\\"font-weight: 400;\\\">\\u00c0 v\\u00e9lo (classique ou \\u00e9lectrique)<\\\/span><span style=\\\"font-weight: 400;\\\"><br \\\/><\\\/span><\\\/li>\\n\n\n<li style=\\\"font-weight: 400;\\\" aria-level=\\\"1\\\"><span style=\\\"font-weight: 400;\\\">En transports en commun (bus, tram, train)<\\\/span><span style=\\\"font-weight: 400;\\\"><br \\\/><\\\/span><\\\/li>\\n\n\n<li style=\\\"font-weight: 400;\\\" aria-level=\\\"1\\\"><span style=\\\"font-weight: 400;\\\">En covoiturage<\\\/span><span style=\\\"font-weight: 400;\\\"><br \\\/><\\\/span><\\\/li>\\n\n\n<li style=\\\"font-weight: 400;\\\" aria-level=\\\"1\\\"><span style=\\\"font-weight: 400;\\\">En trottinette non thermique<\\\/span><span style=\\\"font-weight: 400;\\\"><br \\\/><\\\/span><\\\/li>\\n<\\\/ul>\\n\n\n<p><span style=\\\"font-weight: 400;\\\">Les trajets mixtes (ex : train + v\\u00e9lo) sont aussi accept\\u00e9s.<\\\/span><\\\/p>\",\"title\":\"Quels types de d\\u00e9placements sont pris en compte ?\"}},{\"type\":\"accordion_item\",\"props\":{\"content\":\"\n\n<p><span style=\\\"font-weight: 400;\\\">Tous les salari\\u00e9\\u00b7es d\\u2019Oliquide peuvent participer, peu importe leur poste. Le d\\u00e9fi est aussi ouvert aux \\u00e9tablissements scolaires, collectivit\\u00e9s et entreprises du Grand Est.<\\\/span><\\\/p>\",\"title\":\"Qui peut participer ?\"}},{\"type\":\"accordion_item\",\"props\":{\"content\":\"\n\n<ol>\\n\n\n<li style=\\\"font-weight: 400;\\\" aria-level=\\\"1\\\"><span style=\\\"font-weight: 400;\\\">Inscrivez-vous sur le site officiel : <em><a href=\\\"https:\\\/\\\/defi-jyvais.fr\\\/\\\">https:\\\/\\\/defi-jyvais.fr\\\/<\\\/a><\\\/em><\\\/span><\\\/li>\\n\n\n<li style=\\\"font-weight: 400;\\\" aria-level=\\\"1\\\"><span style=\\\"font-weight: 400;\\\">Utilisez votre <\\\/span><b>code \\u00e9tablissement <\\\/b>si vous \\u00eates salari\\u00e9(e).\\u00a0<span style=\\\"font-weight: 400;\\\"><br \\\/><\\\/span><\\\/li>\\n\n\n<li style=\\\"font-weight: 400;\\\" aria-level=\\\"1\\\"><span style=\\\"font-weight: 400;\\\">Enregistrez vos trajets chaque jour ou chaque semaine dans l\\u2019interface<\\\/span><span style=\\\"font-weight: 400;\\\"><br \\\/><br \\\/><\\\/span><\\\/li>\\n<\\\/ol>\\n\n\n<p><span style=\\\"font-weight: 400;\\\">C\\u2019est simple, rapide\\u2026 et motivant !<\\\/span><\\\/p>\",\"title\":\"Comment participer concr\\u00e8tement ?\"}},{\"type\":\"accordion_item\",\"props\":{\"content\":\"\n\n<p><span style=\\\"font-weight: 400;\\\">Parce que la <\\\/span><b>mobilit\\u00e9 durable fait partie de notre engagement RSE<\\\/b><span style=\\\"font-weight: 400;\\\">.<\\\/span><span style=\\\"font-weight: 400;\\\"><br \\\/><\\\/span><span style=\\\"font-weight: 400;\\\"> C\\u2019est aussi une belle occasion de <\\\/span><b>tester de nouvelles habitudes<\\\/b><span style=\\\"font-weight: 400;\\\">, de <\\\/span><b>r\\u00e9duire notre empreinte carbone<\\\/b><span style=\\\"font-weight: 400;\\\"> et de <\\\/span><b>soutenir une cause solidaire<\\\/b><span style=\\\"font-weight: 400;\\\">, puisque chaque kilom\\u00e8tre \\u00e9coresponsable est converti en don.<\\\/span><\\\/p>\",\"title\":\"Pourquoi Oliquide participe ?\"}},{\"type\":\"accordion_item\",\"props\":{\"content\":\"\n\n<p><span style=\\\"font-weight: 400;\\\">Au-del\\u00e0 des b\\u00e9n\\u00e9fices pour la plan\\u00e8te et la cause soutenue, c\\u2019est aussi :<\\\/span><\\\/p>\\n\n\n<ul>\\n\n\n<li style=\\\"font-weight: 400;\\\" aria-level=\\\"1\\\"><span style=\\\"font-weight: 400;\\\">Une dynamique collective positive<\\\/span><span style=\\\"font-weight: 400;\\\"><br \\\/><br \\\/><\\\/span><\\\/li>\\n\n\n<li style=\\\"font-weight: 400;\\\" aria-level=\\\"1\\\"><span style=\\\"font-weight: 400;\\\">Une meilleure forme (merci les trajets \\u00e0 pied ou \\u00e0 v\\u00e9lo !)<\\\/span><span style=\\\"font-weight: 400;\\\"><br \\\/><br \\\/><\\\/span><\\\/li>\\n\n\n<li style=\\\"font-weight: 400;\\\" aria-level=\\\"1\\\"><span style=\\\"font-weight: 400;\\\">Parfois m\\u00eame\\u2026 du fun entre coll\\u00e8gues \\ud83d\\ude04<\\\/span><\\\/li>\\n<\\\/ul>\",\"title\":\"Que gagne-t-on \\u00e0 participer ?\"}},{\"type\":\"accordion_item\",\"props\":{\"content\":\"\n\n<p><span style=\\\"font-weight: 400;\\\">Oui, avec plaisir !<\\\/span><span style=\\\"font-weight: 400;\\\"><br \\\/><\\\/span><span style=\\\"font-weight: 400;\\\"> Envoyez vos photos \\u00e0 l\\u2019\\u00e9quipe com\\u2019 ou partagez-les sur les r\\u00e9seaux avec le hashtag <\\\/span><b>#OliquideEnMouvement<\\\/b><span style=\\\"font-weight: 400;\\\">.<\\\/span><span style=\\\"font-weight: 400;\\\"><br \\\/><\\\/span><span style=\\\"font-weight: 400;\\\"> On adore voir vos trajets \\u00e9colos, vos v\\u00e9los du matin ou vos vues de tramway \\u2600\\ufe0f<\\\/span><\\\/p>\",\"title\":\"Peut-on partager nos trajets ou photos ?\"}}]}]}]}]},{\"type\":\"section\",\"props\":{\"image_position\":\"center-center\",\"padding\":\"small\",\"style\":\"default\",\"title_breakpoint\":\"xl\",\"title_position\":\"top-left\",\"title_rotation\":\"left\",\"vertical_align\":\"middle\",\"width\":\"default\"},\"children\":[{\"type\":\"row\",\"children\":[{\"type\":\"column\",\"props\":{\"image_position\":\"center-center\",\"position_sticky_breakpoint\":\"m\"},\"children\":[{\"type\":\"comments\",\"props\":{\"link_style\":\"default\",\"margin\":\"default\",\"title_decoration\":\"bullet\",\"title_element\":\"h2\",\"title_style\":\"h3\"}}]}]}]}],\"version\":\"4.5.16\"} --><\/p>\n","protected":false},"excerpt":{"rendered":"<p>Oliquide s\u2019engage pour une mobilit\u00e9 plus durable avec le D\u00e9fi \u00ab J\u2019y vais ! \u00bb Parce que bouger autrement, c\u2019est aussi une question de valeurs Chez Oliquide, notre engagement va au-del\u00e0 de notre activit\u00e9 e-commerce dans la vape. Nous cherchons chaque jour \u00e0 r\u00e9duire notre impact environnemental tout en valorisant des gestes concrets au sein [&hellip;]<\/p>\n","protected":false},"author":6,"featured_media":15301,"comment_status":"open","ping_status":"open","sticky":false,"template":"","format":"standard","meta":{"_jetpack_memberships_contains_paid_content":false,"footnotes":""},"categories":[4,5,14,807],"tags":[812,814,811,171,175,176,813,815,370,438,457,458],"class_list":["post-15300","post","type-post","status-publish","format-standard","has-post-thumbnail","hentry","category-actus-oliquide","category-biodiversite","category-nos-engagements","category-rse","tag-challenge-ecologique","tag-defi-jy-vais","tag-developpement-durable","tag-ecologie","tag-ecoresponsabilite","tag-ecoresponsabilite-en-entreprise","tag-grand-est","tag-oliquide-sengage","tag-rse","tag-vape-responsable","tag-vie-dentreprise","tag-vie-doliquide"],"aioseo_notices":[],"jetpack_featured_media_url":"https:\/\/www.oliquide.com\/blog\/wp-content\/uploads\/2025\/05\/Banniere-defi-jy-vais.jpg","jetpack_sharing_enabled":true,"_links":{"self":[{"href":"https:\/\/www.oliquide.com\/blog\/wp-json\/wp\/v2\/posts\/15300","targetHints":{"allow":["GET"]}}],"collection":[{"href":"https:\/\/www.oliquide.com\/blog\/wp-json\/wp\/v2\/posts"}],"about":[{"href":"https:\/\/www.oliquide.com\/blog\/wp-json\/wp\/v2\/types\/post"}],"author":[{"embeddable":true,"href":"https:\/\/www.oliquide.com\/blog\/wp-json\/wp\/v2\/users\/6"}],"replies":[{"embeddable":true,"href":"https:\/\/www.oliquide.com\/blog\/wp-json\/wp\/v2\/comments?post=15300"}],"version-history":[{"count":33,"href":"https:\/\/www.oliquide.com\/blog\/wp-json\/wp\/v2\/posts\/15300\/revisions"}],"predecessor-version":[{"id":15336,"href":"https:\/\/www.oliquide.com\/blog\/wp-json\/wp\/v2\/posts\/15300\/revisions\/15336"}],"wp:featuredmedia":[{"embeddable":true,"href":"https:\/\/www.oliquide.com\/blog\/wp-json\/wp\/v2\/media\/15301"}],"wp:attachment":[{"href":"https:\/\/www.oliquide.com\/blog\/wp-json\/wp\/v2\/media?parent=15300"}],"wp:term":[{"taxonomy":"category","embeddable":true,"href":"https:\/\/www.oliquide.com\/blog\/wp-json\/wp\/v2\/categories?post=15300"},{"taxonomy":"post_tag","embeddable":true,"href":"https:\/\/www.oliquide.com\/blog\/wp-json\/wp\/v2\/tags?post=15300"}],"curies":[{"name":"wp","href":"https:\/\/api.w.org\/{rel}","templated":true}]}}