{"id":15848,"date":"2025-06-04T10:46:52","date_gmt":"2025-06-04T08:46:52","guid":{"rendered":"https:\/\/www.oliquide.com\/blog\/?p=15848"},"modified":"2025-06-11T08:53:05","modified_gmt":"2025-06-11T06:53:05","slug":"vapotagefrance2025","status":"publish","type":"post","link":"https:\/\/www.oliquide.com\/blog\/vapotagefrance2025\/","title":{"rendered":"Vape en France : restrictions d\u00e8s 2026 ?"},"content":{"rendered":"<p><img decoding=\"async\" src=\"\/blog\/wp-content\/uploads\/2025\/06\/Banniere-lois-2026.jpg\" alt=\"\"><\/p>\n<h1><span class=\"ez-toc-section\" id=\"Cigarette_electronique_la_France_prepare_un_virage_reglementaire_choc_dici_2026\"><\/span><b>Cigarette \u00e9lectronique : la France pr\u00e9pare un virage r\u00e9glementaire choc d\u2019ici 2026<\/b><span class=\"ez-toc-section-end\"><\/span><\/h1>\n<div>\n<p>Le gouvernement fran\u00e7ais serre la vis. Apr\u00e8s avoir cibl\u00e9 le tabac, il s&rsquo;attaque d\u00e9sormais \u00e0 la <a href=\"https:\/\/www.oliquide.com\/recharge-liquides.?p2[]=33554432&amp;p2[]=67108864&amp;p2[]=134217728&amp;p4[]=512\"><em>cigarette \u00e9lectronique<\/em><\/a>. Ce que beaucoup consid\u00e9raient comme un outil de sevrage tabagique efficace pourrait bient\u00f4t \u00eatre amput\u00e9 de ses principaux attraits : <strong>nicotine et <em><a href=\"https:\/\/www.oliquide.com\/recharge-liquides.?p5%5B%5D=1\">ar\u00f4mes<\/a><\/em><\/strong>. Une s\u00e9rie de mesures r\u00e9v\u00e9l\u00e9es par la ministre de la Sant\u00e9 <strong><a href=\"https:\/\/www.ouest-france.fr\/sante\/addictions\/tabac\/exclusif-fumer-sera-interdit-sur-les-plages-au-parc-pres-des-ecoles-annonce-la-ministre-4e4d7df2-3bb7-11f0-b71a-e87c40f434be\" target=\"_blank\" rel=\"noopener noreferrer\">Catherine Vautrin<\/a><\/strong> qui font d\u00e9j\u00e0 grincer des dents. <\/p>\n<\/div>\n<div>\n<div id=\"ez-toc-container\" class=\"ez-toc-v2_0_82_2 counter-hierarchy ez-toc-counter ez-toc-grey ez-toc-container-direction\">\n<div class=\"ez-toc-title-container\">\n<p class=\"ez-toc-title\" style=\"cursor:inherit\">Sommaire<\/p>\n<span class=\"ez-toc-title-toggle\"><a href=\"#\" class=\"ez-toc-pull-right ez-toc-btn ez-toc-btn-xs ez-toc-btn-default ez-toc-toggle\" aria-label=\"Toggle Table of Content\"><span class=\"ez-toc-js-icon-con\"><span class=\"\"><span class=\"eztoc-hide\" style=\"display:none;\">Toggle<\/span><span class=\"ez-toc-icon-toggle-span\"><svg style=\"fill: #999;color:#999\" xmlns=\"http:\/\/www.w3.org\/2000\/svg\" class=\"list-377408\" width=\"20px\" height=\"20px\" viewBox=\"0 0 24 24\" fill=\"none\"><path d=\"M6 6H4v2h2V6zm14 0H8v2h12V6zM4 11h2v2H4v-2zm16 0H8v2h12v-2zM4 16h2v2H4v-2zm16 0H8v2h12v-2z\" fill=\"currentColor\"><\/path><\/svg><svg style=\"fill: #999;color:#999\" class=\"arrow-unsorted-368013\" xmlns=\"http:\/\/www.w3.org\/2000\/svg\" width=\"10px\" height=\"10px\" viewBox=\"0 0 24 24\" version=\"1.2\" baseProfile=\"tiny\"><path d=\"M18.2 9.3l-6.2-6.3-6.2 6.3c-.2.2-.3.4-.3.7s.1.5.3.7c.2.2.4.3.7.3h11c.3 0 .5-.1.7-.3.2-.2.3-.5.3-.7s-.1-.5-.3-.7zM5.8 14.7l6.2 6.3 6.2-6.3c.2-.2.3-.5.3-.7s-.1-.5-.3-.7c-.2-.2-.4-.3-.7-.3h-11c-.3 0-.5.1-.7.3-.2.2-.3.5-.3.7s.1.5.3.7z\"\/><\/svg><\/span><\/span><\/span><\/a><\/span><\/div>\n<nav><ul class='ez-toc-list ez-toc-list-level-1 eztoc-toggle-hide-by-default' ><li class='ez-toc-page-1 ez-toc-heading-level-1'><a class=\"ez-toc-link ez-toc-heading-1\" href=\"https:\/\/www.oliquide.com\/blog\/vapotagefrance2025\/#Cigarette_electronique_la_France_prepare_un_virage_reglementaire_choc_dici_2026\" >Cigarette \u00e9lectronique : la France pr\u00e9pare un virage r\u00e9glementaire choc d\u2019ici 2026<\/a><ul class='ez-toc-list-level-2' ><li class='ez-toc-heading-level-2'><a class=\"ez-toc-link ez-toc-heading-2\" href=\"https:\/\/www.oliquide.com\/blog\/vapotagefrance2025\/#Un_ete_sans_fumee%E2%80%A6_ni_vape\" >Un \u00e9t\u00e9 sans fum\u00e9e&#8230; ni vape ?\u00a0<\/a><\/li><li class='ez-toc-page-1 ez-toc-heading-level-2'><a class=\"ez-toc-link ez-toc-heading-3\" href=\"https:\/\/www.oliquide.com\/blog\/vapotagefrance2025\/#Vers_une_vape_sans_nicotine_ni_saveur\" >Vers une vape sans nicotine ni saveur ?\u00a0<\/a><\/li><li class='ez-toc-page-1 ez-toc-heading-level-2'><a class=\"ez-toc-link ez-toc-heading-4\" href=\"https:\/\/www.oliquide.com\/blog\/vapotagefrance2025\/#Des_chiffres_qui_racontent_une_autre_histoire\" >Des chiffres qui racontent une autre histoire<\/a><\/li><li class='ez-toc-page-1 ez-toc-heading-level-2'><a class=\"ez-toc-link ez-toc-heading-5\" href=\"https:\/\/www.oliquide.com\/blog\/vapotagefrance2025\/#Le_spectre_de_la_metatine\" >Le spectre de la m\u00e9tatine<\/a><\/li><li class='ez-toc-page-1 ez-toc-heading-level-2'><a class=\"ez-toc-link ez-toc-heading-6\" href=\"https:\/\/www.oliquide.com\/blog\/vapotagefrance2025\/#Peut-on_concilier_protection_des_jeunes_et_sevrage_des_adultes\" >Peut-on concilier protection des jeunes et sevrage des adultes ?<\/a><\/li><li class='ez-toc-page-1 ez-toc-heading-level-2'><a class=\"ez-toc-link ez-toc-heading-7\" href=\"https:\/\/www.oliquide.com\/blog\/vapotagefrance2025\/#Sources_citees\" >Sources cit\u00e9es<\/a><\/li><li class='ez-toc-page-1 ez-toc-heading-level-2'><a class=\"ez-toc-link ez-toc-heading-8\" href=\"https:\/\/www.oliquide.com\/blog\/vapotagefrance2025\/#FAQ\" >FAQ<\/a><\/li><\/ul><\/li><\/ul><\/nav><\/div>\n<\/div>\n<div>\n<h2><span class=\"ez-toc-section\" id=\"Un_ete_sans_fumee%E2%80%A6_ni_vape\"><\/span>Un \u00e9t\u00e9 sans fum\u00e9e&#8230; ni vape ?\u00a0<span class=\"ez-toc-section-end\"><\/span><\/h2>\n<p><strong>D\u00e8s le 1<em><sup>er<\/sup><\/em> juillet 2025<\/strong>, la cigarette sera bannie de plusieurs espaces publics : plages, parcs, abris bus, abords d&rsquo;\u00e9coles, stades&#8230; l&rsquo;id\u00e9e : prot\u00e9ger les enfants et briser la normalisation de la cigarette dans l&rsquo;espace public.\u00a0<\/p>\n<p>Mais cette annonce n&rsquo;est que la premi\u00e8re vague d&rsquo;un plan bien plus vaste. Dans le viseur : <strong>le vapotage<\/strong>, dont la popularit\u00e9 ne cesse de cro\u00eetre chez les jeunes, au point d&rsquo;inqui\u00e9ter l&rsquo;ex\u00e9cutif.\u00a0<\/p>\n<\/div>\n<blockquote>\n<p>\u00ab\u00a0L\u00e0 o\u00f9 il y a des enfants, le tabac &#8211; demain le vapotage &#8211; n&rsquo;a pas sa place\u00a0\u00bb, laisse entendre la ministre.\u00a0<\/p>\n<\/blockquote>\n<div>\n<h2><span class=\"ez-toc-section\" id=\"Vers_une_vape_sans_nicotine_ni_saveur\"><\/span>Vers une vape sans nicotine ni saveur ?\u00a0<span class=\"ez-toc-section-end\"><\/span><\/h2>\n<p>D&rsquo;ici mi-2026, un cadre r\u00e9glementaire in\u00e9dit pour les produits de vapotage devrait voir la jour. Objectif : r\u00e9duire le potentiel addictif de ces dispositifs en agissant sur deux leviers majeurs :\u00a0<\/p>\n<\/div>\n<p><img decoding=\"async\" src=\"\/blog\/wp-content\/uploads\/2025\/06\/molecule-article-blog-Recupere.png\" alt=\"\"><\/p>\n<div>\n<p><strong>1. Une baisse du taux de nicotine\u00a0<\/strong><\/p>\n<p>Un projet est en cours avec<em><strong> <a href=\"https:\/\/www.anses.fr\/fr\">L&rsquo;ANSES <\/a><\/strong><\/em>(Agence national de s\u00e9curit\u00e9 sanitaire de l&rsquo;alimentation, de l&rsquo;environnement et du travail) et<strong><em><a href=\"https:\/\/www.has-sante.fr\/\"> l&rsquo;HAS <\/a><\/em><\/strong>(haute autorit\u00e9 de Sant\u00e9) pour diminuer<strong> le seuil de nicotine<\/strong> autoris\u00e9 dans<em><a href=\"https:\/\/www.oliquide.com\/recharge-liquides.?p2[]=64\"> les e-liquides<\/a><\/em>. Si cette mesure part d&rsquo;une intention de sant\u00e9 publique, elle pourrait avoir un effet contre productif, en particulier pour les fumeurs qui utilisent la vape pour arr\u00eater.\u00a0<\/p>\n<p>A savoir : <strong>selon la <a href=\"https:\/\/www.cochranelibrary.com\/cdsr\/doi\/10.1002\/14651858.CD010216.pub9\/full\/fr\">revue Cochrane<\/a><\/strong>, <a href=\"https:\/\/www.oliquide.com\/recharge-liquides.?p2[]=33554432&amp;p2[]=67108864&amp;p2[]=134217728&amp;p4[]=512\"><em>les e-cigarettes<\/em><\/a> nicotin\u00e9es sont les plus efficaces pour <strong>l&rsquo;arr\u00eat du tabac<\/strong>, devant les patchs ou gommes.\u00a0<\/p>\n<\/p>\n<\/div>\n<div>\n<p><b>\u00a02. Une r\u00e9duction drastique des ar\u00f4mes<\/b><\/p>\n<p><span style=\"font-weight: 400;\">Menthe, fruits exotiques, bonbon, caf\u00e9 latte, \u00ab licorne \u00bb&#8230; les go\u00fbts fantasques, pris\u00e9s des adolescents, pourraient \u00eatre <\/span><b>interdits ou fortement restreints<\/b><span style=\"font-weight: 400;\">. Une position d\u00e9j\u00e0 \u00e9voqu\u00e9e dans d\u2019autres pays europ\u00e9ens, mais encore in\u00e9dite en France.<\/span><\/p>\n<p><span style=\"font-weight: 400;\">Plusieurs \u00e9tudes montrent que ces <em><a href=\"https:\/\/www.oliquide.com\/recharge-liquides.?p5%5B%5D=1\">ar\u00f4mes<\/a> <\/em>jouent un <\/span><b>r\u00f4le d\u2019attractivit\u00e9<\/b><span style=\"font-weight: 400;\">, mais aussi de <\/span><b>substitution au tabac<\/b><span style=\"font-weight: 400;\"> chez les adultes.<\/span><\/p>\n<\/div>\n<div>\n<h2><span class=\"ez-toc-section\" id=\"Des_chiffres_qui_racontent_une_autre_histoire\"><\/span>Des chiffres qui racontent une autre histoire<span class=\"ez-toc-section-end\"><\/span><\/h2>\n<p>\n  <span style=\"font-weight: 400;\"><br \/>\n    La volont\u00e9 de \u00ab d\u00e9sarmer \u00bb la<br \/>\n    <a href=\"https:\/\/www.oliquide.com\/recharge-liquides.?p2[]=33554432&amp;p2[]=67108864&amp;p2[]=134217728&amp;p4[]=512\" style=\"font-weight: bold; font-style: italic;\">vape<\/a><br \/>\n    repose en partie sur la peur d\u2019un <strong>effet passerelle<\/strong> vers le tabac.<br \/>\n    Pourtant, les donn\u00e9es disponibles racontent une autre version.<br \/>\n  <\/span>\n<\/p>\n<\/div>\n<div>\n<p><span style=\"font-weight: 400;\"><a href=\"https:\/\/www.ofdt.fr\/publication\/2025\/tabagisme-et-vapotage-parmi-les-18-75-ans-en-2023-2526\" style=\"text-decoration: none; font-weight: bold; font-style: italic;\">Ces chiffres<\/a> montrent une tendance claire : plus le <strong>vapotage augmente<\/strong>, plus le <strong>tabagisme recule<\/strong>. Une co\u00efncidence ? Pas pour la majorit\u00e9 des sp\u00e9cialistes du sevrage.<\/span><\/p>\n<\/div>\n<p><a href=\"https:\/\/www.ofdt.fr\/publication\/2025\/tabagisme-et-vapotage-parmi-les-18-75-ans-en-2023-2526\"><img decoding=\"async\" src=\"\/blog\/wp-content\/uploads\/2025\/06\/tableau.png\" alt=\"\"><\/a><br \/>\n<img decoding=\"async\" src=\"\/blog\/wp-content\/uploads\/2025\/06\/Sans-titre-1.png\" alt=\"\"><\/p>\n<div>\n<h2><span class=\"ez-toc-section\" id=\"Le_spectre_de_la_metatine\"><\/span>Le spectre de la m\u00e9tatine<span class=\"ez-toc-section-end\"><\/span><\/h2>\n<p><span style=\"font-weight: 400;\">Autre point sensible du d\u00e9bat : la <a href=\"https:\/\/cnct.fr\/communiques\/le-cnct-alerte-sur-lusage-dune-nouvelle-molecule-addictive-utilisee-par-lindustrie-du-tabac-la-6-methyl-nicotine\/\" style=\"text-decoration: none; font-weight: bold; font-style: italic;\">m\u00e9tatine<\/a>, un <strong>nouveau composant<\/strong> mis en avant par certains fabricants comme une <strong>alternative \u00e0 la nicotine<\/strong>. Mais ce compos\u00e9 serait <strong>encore plus addictif,<\/strong> selon une alerte r\u00e9cente du <em><a href=\"https:\/\/cnct.fr\/\">Comit\u00e9 national contre le tabagisme (CNCT)<\/a><\/em>.<\/span><\/p>\n<p><span style=\"font-weight: 400;\">Cette d\u00e9couverte relance la <strong>n\u00e9cessit\u00e9 d\u2019une r\u00e9glementation<\/strong> encadr\u00e9e mais rationnelle, pour \u00e9viter les d\u00e9rives tout en conservant les vertus de l\u2019e-cigarette dans une strat\u00e9gie de sant\u00e9 publique.<\/span><\/p>\n<\/div>\n<div>\n<h2><span class=\"ez-toc-section\" id=\"Peut-on_concilier_protection_des_jeunes_et_sevrage_des_adultes\"><\/span>Peut-on concilier protection des jeunes et sevrage des adultes ?<span class=\"ez-toc-section-end\"><\/span><\/h2>\n<p><span style=\"font-weight: 400;\">Le plan de Catherine Vautrin se donne pour ambition de faire des enfants n\u00e9s en 2025 la premi\u00e8re <strong>g\u00e9n\u00e9ration sans tabac<\/strong>. Un objectif salu\u00e9, mais qui soul\u00e8ve une tension de fond : peut-on interdire sans nuire \u00e0 ceux qui veulent arr\u00eater ?<\/span><\/p>\n<p><span style=\"font-weight: 400;\"><strong>R\u00e9duire la nicotine<\/strong> \u00e0 un seuil trop bas ou retirer les ar\u00f4mes, c\u2019est <strong>risquer de<\/strong> <strong>fragiliser<\/strong> l\u2019un des outils les plus accessibles et efficaces du <a href=\"https:\/\/www.oliquide.com\/blog\/passer-a-des-e-liquides-sans-nicotine-quand-et-pourquoi\/\" style=\"text-decoration: none; font-weight: bold; font-style: italic;\">sevrage<\/a>. Pour beaucoup, le vapotage n\u2019est <\/span><\/p>\n<p><strong>Ce qu\u2019il faut retenir<\/strong><\/p>\n<ul>\n<li style=\"font-weight: 400;\" aria-level=\"1\"><span style=\"font-weight: 400;\">\ud83d\udeac Tabac interdit dans les lieux fr\u00e9quent\u00e9s par des enfants d\u00e8s juillet 2025<\/span><span style=\"font-weight: 400;\">\n<p><\/span><\/li>\n<li style=\"font-weight: 400;\" aria-level=\"1\"><span style=\"font-weight: 400;\">\ud83d\udca8 <strong>R\u00e9duction du taux de nicotine<\/strong> et limitation des ar\u00f4mes en e-cigarette annonc\u00e9es pour 2026<\/span><span style=\"font-weight: 400;\">\n<p><\/span><\/li>\n<li style=\"font-weight: 400;\" aria-level=\"1\"><span style=\"font-weight: 400;\">\ud83d\udd0d Des \u00e9tudes contredisent l\u2019id\u00e9e que la vape pousse au tabagisme<\/span><span style=\"font-weight: 400;\">\n<p><\/span><\/li>\n<li style=\"font-weight: 400;\" aria-level=\"1\"><span style=\"font-weight: 400;\">\u26a0\ufe0f <strong>La m\u00e9tatine<\/strong>, nouvelle <strong>substance inqui\u00e9tante<\/strong>, pourrait rebattre les cartes<\/span><span style=\"font-weight: 400;\">\n<p><\/span><\/li>\n<\/ul>\n<\/div>\n<div>\n<h2><span class=\"ez-toc-section\" id=\"Sources_citees\"><\/span>Sources cit\u00e9es<span class=\"ez-toc-section-end\"><\/span><\/h2>\n<ul>\n<li style=\"font-weight: 400;\" aria-level=\"1\"><span style=\"font-weight: 400;\">Interview de Catherine Vautrin, <\/span><i><span style=\"font-weight: 400;\">Ouest-France<\/span><\/i><span style=\"font-weight: 400;\">, 29 mai 2025<\/span><span style=\"font-weight: 400;\">\n<p><\/span><\/li>\n<li style=\"font-weight: 400;\" aria-level=\"1\"><span style=\"font-weight: 400;\">Communiqu\u00e9 de l\u2019OFDT, 1er janvier 2024<\/span><span style=\"font-weight: 400;\">\n<p><\/span><\/li>\n<li style=\"font-weight: 400;\" aria-level=\"1\"><span style=\"font-weight: 400;\">Cochrane Library \u2013 Meta-analyse 2025 (90 \u00e9tudes)<\/span><span style=\"font-weight: 400;\">\n<p><\/span><\/li>\n<li style=\"font-weight: 400;\" aria-level=\"1\"><span style=\"font-weight: 400;\">Universit\u00e9 McGill \u2013 \u00c9tude sur les effets des ar\u00f4mes fruit\u00e9s (2024)<\/span><span style=\"font-weight: 400;\">\n<p><\/span><\/li>\n<li style=\"font-weight: 400;\" aria-level=\"1\"><span style=\"font-weight: 400;\">Rapport CNCT sur la m\u00e9tatine, mai 2025<\/span><span style=\"font-weight: 400;\">\n<p><\/span><\/li>\n<\/ul>\n<\/div>\n<div>\n<h2><span class=\"ez-toc-section\" id=\"FAQ\"><\/span><strong>FAQ<\/strong><span class=\"ez-toc-section-end\"><\/span><\/h2>\n<\/div>\n<ul>\n<li>\n<h3>Est-ce que la vape sera concern\u00e9e par l\u2019interdiction dans les lieux publics ?<\/h3>\n<div>\n<p><span style=\"font-weight: 400;\">La ministre de la Sant\u00e9 a clairement indiqu\u00e9 vouloir <\/span><b>\u00e9tendre cette interdiction au vapotage<\/b><span style=\"font-weight: 400;\">, notamment dans les lieux fr\u00e9quent\u00e9s par les enfants. Le d\u00e9cret d\u2019application est attendu pour <\/span><b>2025<\/b><span style=\"font-weight: 400;\">.<\/span><\/p>\n<\/div>\n<\/li>\n<li>\n<h3>Ces mesures vont-elles aussi concerner les puffs ?<\/h3>\n<div>\n<p><span style=\"font-weight: 400;\">Oui, les puffs sont <\/span><b>particuli\u00e8rement vis\u00e9es<\/b><span style=\"font-weight: 400;\">, car tr\u00e8s populaires chez les adolescents. Leur <\/span><b>format jetable<\/b><span style=\"font-weight: 400;\">, leur <\/span><b>prix accessible<\/b><span style=\"font-weight: 400;\"> et leurs <\/span><b>go\u00fbts sucr\u00e9s<\/b><span style=\"font-weight: 400;\"> les rendent attractives, mais peu compatibles avec une logique de sant\u00e9 publique. Leur interdiction ou restriction est sur la table dans plusieurs pays \u2014 et pourrait l\u2019\u00eatre en France.<\/span><\/p>\n<\/div>\n<\/li>\n<li>\n<h3>Que pr\u00e9voit le gouvernement pour les e-liquides d\u2019ici 2026 ?<\/h3>\n<div>\n<p><span style=\"font-weight: 400;\">Deux grands axes sont annonc\u00e9s pour <\/span><b>mi-2026<\/b><span style=\"font-weight: 400;\"> :<\/span><\/p>\n<ol>\n<li style=\"list-style-type: none;\">\n<ol>\n<li style=\"font-weight: 400;\" aria-level=\"1\"><b>Baisse du taux de nicotine autoris\u00e9<\/b><span style=\"font-weight: 400;\"> dans les e-liquides.<\/span><span style=\"font-weight: 400;\">\n<p><\/span><\/li>\n<li style=\"font-weight: 400;\" aria-level=\"1\"><b>Limitation ou interdiction des ar\u00f4mes jug\u00e9s attractifs<\/b><span style=\"font-weight: 400;\"> pour les jeunes (menthe, fruits, bonbons\u2026).<\/span><\/li>\n<\/ol>\n<\/li>\n<\/ol>\n<\/div>\n<\/li>\n<li>\n<h3>Pourquoi les ar\u00f4mes sont-ils au c\u0153ur du d\u00e9bat ?<\/h3>\n<div>\n<ul>\n<li>\n<p><span style=\"font-weight: 400;\">Les ar\u00f4mes sont doublement per\u00e7us :<\/span><\/p>\n<ul>\n<li style=\"font-weight: 400;\" aria-level=\"1\"><span style=\"font-weight: 400;\">Comme <\/span><b>facteurs d\u2019attractivit\u00e9<\/b><span style=\"font-weight: 400;\"> chez les jeunes.<\/span><span style=\"font-weight: 400;\">\n<p><\/span><\/li>\n<li style=\"font-weight: 400;\" aria-level=\"1\"><span style=\"font-weight: 400;\">Comme <\/span><b>moyens de d\u00e9go\u00fbt progressif du tabac<\/b><span style=\"font-weight: 400;\"> chez les adultes.<\/span><span style=\"font-weight: 400;\">\n<p><\/span><\/li>\n<\/ul>\n<p><span style=\"font-weight: 400;\">Interdire les ar\u00f4mes revient \u00e0 <\/span><b>uniformiser l\u2019exp\u00e9rience de vape<\/b><span style=\"font-weight: 400;\">, ce qui pourrait r\u00e9duire l\u2019int\u00e9r\u00eat pour les anciens fumeurs. Des pays comme les <\/span><b>Pays-Bas ou la Finlande<\/b><span style=\"font-weight: 400;\"> ont d\u00e9j\u00e0 mis en place des interdictions similaires, avec <\/span><b>des r\u00e9sultats controvers\u00e9s<\/b><span style=\"font-weight: 400;\">.<\/span><\/p>\n<\/li>\n<\/ul>\n<\/div>\n<\/li>\n<li>\n<h3>Le projet \u00ab g\u00e9n\u00e9ration sans tabac \u00bb, qu\u2019est-ce que c\u2019est ?<\/h3>\n<div>\n<p><span style=\"font-weight: 400;\">L\u2019ambition du gouvernement est de faire en sorte que <\/span><b>les enfants n\u00e9s \u00e0 partir de 2025 ne commencent jamais \u00e0 fumer<\/b><span style=\"font-weight: 400;\">. Un objectif louable, mais qui doit trouver un <\/span><b>\u00e9quilibre entre protection des jeunes et accompagnement des fumeurs vers le sevrage<\/b><span style=\"font-weight: 400;\">.<\/span><\/p>\n<\/div>\n<\/li>\n<li>\n<h3>Quels contr\u00f4les sont pr\u00e9vus pour appliquer ces nouvelles r\u00e8gles ?<\/h3>\n<div>\n<p><span style=\"font-weight: 400;\">Le gouvernement n\u2019a pas encore d\u00e9taill\u00e9 le <\/span><b>dispositif de contr\u00f4le<\/b><span style=\"font-weight: 400;\">, mais il pourrait s\u2019appuyer sur :<\/span><\/p>\n<ul>\n<li style=\"font-weight: 400;\" aria-level=\"1\"><span style=\"font-weight: 400;\">La <\/span><b>DGCCRF<\/b><span style=\"font-weight: 400;\"> pour les contr\u00f4les en boutiques.<\/span><span style=\"font-weight: 400;\">\n<p><\/span><\/li>\n<li style=\"font-weight: 400;\" aria-level=\"1\"><span style=\"font-weight: 400;\">Les <\/span><b>douanes<\/b><span style=\"font-weight: 400;\"> pour les imports illicites.<\/span><span style=\"font-weight: 400;\">\n<p><\/span><\/li>\n<li style=\"font-weight: 400;\" aria-level=\"1\"><span style=\"font-weight: 400;\">Une <\/span><b>plateforme de signalement citoyen<\/b><span style=\"font-weight: 400;\"> (comme SignalConso).<\/span><span style=\"font-weight: 400;\">\n<p><\/span><\/li>\n<\/ul>\n<p><span style=\"font-weight: 400;\">Un <\/span><b>\u00e9tiquetage renforc\u00e9<\/b><span style=\"font-weight: 400;\"> et une <\/span><b>tra\u00e7abilit\u00e9 obligatoire<\/b><span style=\"font-weight: 400;\"> des e-liquides.<\/span><span style=\"font-weight: 400;\"><br \/><\/span><\/p>\n<\/div>\n<\/li>\n<\/ul>\n<p><!--more--><br \/>\n<!-- {\"type\":\"layout\",\"children\":[{\"type\":\"section\",\"props\":{\"image_position\":\"center-center\",\"style\":\"default\",\"title_breakpoint\":\"xl\",\"title_position\":\"top-left\",\"title_rotation\":\"left\",\"vertical_align\":\"middle\",\"width\":\"default\"},\"children\":[{\"type\":\"row\",\"children\":[{\"type\":\"column\",\"props\":{\"image_position\":\"center-center\",\"position_sticky_breakpoint\":\"m\"},\"children\":[{\"type\":\"image\",\"props\":{\"image\":\"wp-content\\\/uploads\\\/2025\\\/06\\\/Banniere-lois-2026.jpg\",\"image_box_decoration\":\"mask\",\"image_box_shadow\":\"medium\",\"image_svg_color\":\"emphasis\",\"margin\":\"default\"}},{\"type\":\"headline\",\"props\":{\"content\":\"<b>Cigarette \\u00e9lectronique : la France pr\\u00e9pare un virage r\\u00e9glementaire choc d\\u2019ici 2026<\\\/b>\",\"title_element\":\"h1\"}},{\"type\":\"text\",\"props\":{\"column_breakpoint\":\"m\",\"content\":\"\n\n<p>Le gouvernement fran\\u00e7ais serre la vis. Apr\\u00e8s avoir cibl\\u00e9 le tabac, il s'attaque d\\u00e9sormais \\u00e0 la <a href=\\\"https:\\\/\\\/www.oliquide.com\\\/recharge-liquides.?p2[]=33554432&amp;p2[]=67108864&amp;p2[]=134217728&amp;p4[]=512\\\"><em>cigarette \\u00e9lectronique<\\\/em><\\\/a>. Ce que beaucoup consid\\u00e9raient comme un outil de sevrage tabagique efficace pourrait bient\\u00f4t \\u00eatre amput\\u00e9 de ses principaux attraits : <strong>nicotine et <em><a href=\\\"https:\\\/\\\/www.oliquide.com\\\/recharge-liquides.?p5%5B%5D=1\\\">ar\\u00f4mes<\\\/a><\\\/em><\\\/strong>. Une s\\u00e9rie de mesures r\\u00e9v\\u00e9l\\u00e9es par la ministre de la Sant\\u00e9 <strong><a href=\\\"https:\\\/\\\/www.ouest-france.fr\\\/sante\\\/addictions\\\/tabac\\\/exclusif-fumer-sera-interdit-sur-les-plages-au-parc-pres-des-ecoles-annonce-la-ministre-4e4d7df2-3bb7-11f0-b71a-e87c40f434be\\\" target=\\\"_blank\\\" rel=\\\"noopener noreferrer\\\">Catherine Vautrin<\\\/a><\\\/strong> qui font d\\u00e9j\\u00e0 grincer des dents. <\\\/p>\\n\",\"margin\":\"default\"}},{\"type\":\"html\",\"props\":{\"content\":\"[ez-toc]\"}}]}]}]},{\"type\":\"section\",\"props\":{\"image_position\":\"center-center\",\"padding_remove_top\":true,\"style\":\"default\",\"title_breakpoint\":\"xl\",\"title_position\":\"top-left\",\"title_rotation\":\"left\",\"vertical_align\":\"middle\",\"width\":\"default\"},\"children\":[{\"type\":\"row\",\"children\":[{\"type\":\"column\",\"props\":{\"image_position\":\"center-center\",\"position_sticky_breakpoint\":\"m\"},\"children\":[{\"type\":\"text\",\"props\":{\"column_breakpoint\":\"m\",\"content\":\"\n\n<h2>Un \\u00e9t\\u00e9 sans fum\\u00e9e... ni vape ?\\u00a0<\\\/h2>\\n\n\n<p><strong>D\\u00e8s le 1<em><sup>er<\\\/sup><\\\/em> juillet 2025<\\\/strong>, la cigarette sera bannie de plusieurs espaces publics : plages, parcs, abris bus, abords d'\\u00e9coles, stades... l'id\\u00e9e : prot\\u00e9ger les enfants et briser la normalisation de la cigarette dans l'espace public.\\u00a0<\\\/p>\\n\n\n<p>Mais cette annonce n'est que la premi\\u00e8re vague d'un plan bien plus vaste. Dans le viseur : <strong>le vapotage<\\\/strong>, dont la popularit\\u00e9 ne cesse de cro\\u00eetre chez les jeunes, au point d'inqui\\u00e9ter l'ex\\u00e9cutif.\\u00a0<\\\/p>\",\"margin\":\"default\"}},{\"type\":\"quotation\",\"props\":{\"content\":\"\n\n<p>\\\"L\\u00e0 o\\u00f9 il y a des enfants, le tabac - demain le vapotage - n'a pas sa place\\\", laisse entendre la ministre.\\u00a0<\\\/p>\"}}]}]}]},{\"type\":\"section\",\"props\":{\"image_position\":\"center-center\",\"style\":\"muted\",\"title_breakpoint\":\"xl\",\"title_position\":\"top-left\",\"title_rotation\":\"left\",\"vertical_align\":\"middle\",\"width\":\"default\"},\"children\":[{\"type\":\"row\",\"children\":[{\"type\":\"column\",\"props\":{\"image_position\":\"center-center\",\"position_sticky_breakpoint\":\"m\"},\"children\":[{\"type\":\"text\",\"props\":{\"column_breakpoint\":\"m\",\"content\":\"\n\n<h2>Vers une vape sans nicotine ni saveur ?\\u00a0<\\\/h2>\\n\n\n<p>D'ici mi-2026, un cadre r\\u00e9glementaire in\\u00e9dit pour les produits de vapotage devrait voir la jour. Objectif : r\\u00e9duire le potentiel addictif de ces dispositifs en agissant sur deux leviers majeurs :\\u00a0<\\\/p>\",\"margin\":\"default\"}}]}]},{\"type\":\"row\",\"children\":[{\"type\":\"column\",\"props\":{\"image_position\":\"center-center\",\"position_sticky_breakpoint\":\"m\",\"width_medium\":\"1-2\"},\"children\":[{\"type\":\"image\",\"props\":{\"image\":\"wp-content\\\/uploads\\\/2025\\\/06\\\/molecule-article-blog-Recupere.png\",\"image_svg_color\":\"emphasis\",\"margin\":\"default\"}}]},{\"type\":\"column\",\"props\":{\"image_position\":\"center-center\",\"position_sticky_breakpoint\":\"m\",\"width_medium\":\"1-2\"},\"children\":[{\"type\":\"text\",\"props\":{\"column_breakpoint\":\"m\",\"content\":\"\n\n<p><strong>1. Une baisse du taux de nicotine\\u00a0<\\\/strong><\\\/p>\\n\n\n<p>Un projet est en cours avec<em><strong> <a href=\\\"https:\\\/\\\/www.anses.fr\\\/fr\\\">L'ANSES <\\\/a><\\\/strong><\\\/em>(Agence national de s\\u00e9curit\\u00e9 sanitaire de l'alimentation, de l'environnement et du travail) et<strong><em><a href=\\\"https:\\\/\\\/www.has-sante.fr\\\/\\\"> l'HAS <\\\/a><\\\/em><\\\/strong>(haute autorit\\u00e9 de Sant\\u00e9) pour diminuer<strong> le seuil de nicotine<\\\/strong> autoris\\u00e9 dans<em><a href=\\\"https:\\\/\\\/www.oliquide.com\\\/recharge-liquides.?p2[]=64\\\"> les e-liquides<\\\/a><\\\/em>. Si cette mesure part d'une intention de sant\\u00e9 publique, elle pourrait avoir un effet contre productif, en particulier pour les fumeurs qui utilisent la vape pour arr\\u00eater.\\u00a0<\\\/p>\\n\n\n<p>A savoir : <strong>selon la <a href=\\\"https:\\\/\\\/www.cochranelibrary.com\\\/cdsr\\\/doi\\\/10.1002\\\/14651858.CD010216.pub9\\\/full\\\/fr\\\">revue Cochrane<\\\/a><\\\/strong>, <a href=\\\"https:\\\/\\\/www.oliquide.com\\\/recharge-liquides.?p2[]=33554432&amp;p2[]=67108864&amp;p2[]=134217728&amp;p4[]=512\\\"><em>les e-cigarettes<\\\/em><\\\/a> nicotin\\u00e9es sont les plus efficaces pour <strong>l'arr\\u00eat du tabac<\\\/strong>, devant les patchs ou gommes.\\u00a0<\\\/p>\\n\n\n<p><\\\/p>\",\"margin\":\"default\"}},{\"type\":\"text\",\"props\":{\"column_breakpoint\":\"m\",\"content\":\"\n\n<p><b>\\u00a02. Une r\\u00e9duction drastique des ar\\u00f4mes<\\\/b><\\\/p>\\n\n\n<p><span style=\\\"font-weight: 400;\\\">Menthe, fruits exotiques, bonbon, caf\\u00e9 latte, \\u00ab licorne \\u00bb... les go\\u00fbts fantasques, pris\\u00e9s des adolescents, pourraient \\u00eatre <\\\/span><b>interdits ou fortement restreints<\\\/b><span style=\\\"font-weight: 400;\\\">. Une position d\\u00e9j\\u00e0 \\u00e9voqu\\u00e9e dans d\\u2019autres pays europ\\u00e9ens, mais encore in\\u00e9dite en France.<\\\/span><\\\/p>\\n\n\n<p><span style=\\\"font-weight: 400;\\\">Plusieurs \\u00e9tudes montrent que ces <em><a href=\\\"https:\\\/\\\/www.oliquide.com\\\/recharge-liquides.?p5%5B%5D=1\\\">ar\\u00f4mes<\\\/a> <\\\/em>jouent un <\\\/span><b>r\\u00f4le d\\u2019attractivit\\u00e9<\\\/b><span style=\\\"font-weight: 400;\\\">, mais aussi de <\\\/span><b>substitution au tabac<\\\/b><span style=\\\"font-weight: 400;\\\"> chez les adultes.<\\\/span><\\\/p>\",\"margin\":\"default\"}}]}],\"props\":{\"layout\":\"1-2,1-2\"}}]},{\"type\":\"section\",\"props\":{\"image_position\":\"center-center\",\"style\":\"default\",\"title_breakpoint\":\"xl\",\"title_position\":\"top-left\",\"title_rotation\":\"left\",\"vertical_align\":\"middle\",\"width\":\"default\"},\"children\":[{\"type\":\"row\",\"children\":[{\"type\":\"column\",\"props\":{\"image_position\":\"center-center\",\"position_sticky_breakpoint\":\"m\",\"width_medium\":\"1-2\"},\"children\":[{\"type\":\"text\",\"props\":{\"column_breakpoint\":\"m\",\"content\":\"\n\n<h2>Des chiffres qui racontent une autre histoire<\\\/h2>\\n\n\n<p>\\n  <span style=\\\"font-weight: 400;\\\">\\n    La volont\\u00e9 de \\u00ab d\\u00e9sarmer \\u00bb la \\n    <a href=\\\"https:\\\/\\\/www.oliquide.com\\\/recharge-liquides.?p2[]=33554432&amp;p2[]=67108864&amp;p2[]=134217728&amp;p4[]=512\\\" style=\\\"font-weight: bold; font-style: italic;\\\">vape<\\\/a> \\n    repose en partie sur la peur d\\u2019un <strong>effet passerelle<\\\/strong> vers le tabac. \\n    Pourtant, les donn\\u00e9es disponibles racontent une autre version.\\n  <\\\/span>\\n<\\\/p>\",\"margin\":\"default\"}},{\"type\":\"text\",\"props\":{\"column_breakpoint\":\"m\",\"content\":\"\n\n<p><span style=\\\"font-weight: 400;\\\"><a href=\\\"https:\\\/\\\/www.ofdt.fr\\\/publication\\\/2025\\\/tabagisme-et-vapotage-parmi-les-18-75-ans-en-2023-2526\\\" style=\\\"text-decoration: none; font-weight: bold; font-style: italic;\\\">Ces chiffres<\\\/a> montrent une tendance claire : plus le <strong>vapotage augmente<\\\/strong>, plus le <strong>tabagisme recule<\\\/strong>. Une co\\u00efncidence ? Pas pour la majorit\\u00e9 des sp\\u00e9cialistes du sevrage.<\\\/span><\\\/p>\\n\",\"margin\":\"default\"}}]},{\"type\":\"column\",\"props\":{\"image_position\":\"center-center\",\"position_sticky_breakpoint\":\"m\",\"width_medium\":\"1-2\"},\"children\":[{\"type\":\"image\",\"props\":{\"image\":\"wp-content\\\/uploads\\\/2025\\\/06\\\/tableau.png\",\"image_svg_color\":\"emphasis\",\"link\":\"https:\\\/\\\/www.ofdt.fr\\\/publication\\\/2025\\\/tabagisme-et-vapotage-parmi-les-18-75-ans-en-2023-2526\",\"margin\":\"default\"}}]}],\"props\":{\"layout\":\"1-2,1-2\"}}]},{\"type\":\"section\",\"props\":{\"image_position\":\"center-center\",\"style\":\"muted\",\"title_breakpoint\":\"xl\",\"title_position\":\"top-left\",\"title_rotation\":\"left\",\"vertical_align\":\"middle\",\"width\":\"default\"},\"children\":[{\"type\":\"row\",\"children\":[{\"type\":\"column\",\"props\":{\"image_position\":\"center-center\",\"position_sticky_breakpoint\":\"m\",\"width_medium\":\"1-2\"},\"children\":[{\"type\":\"image\",\"props\":{\"image\":\"wp-content\\\/uploads\\\/2025\\\/06\\\/Sans-titre-1.png\",\"image_height\":350,\"image_svg_color\":\"emphasis\",\"image_width\":350,\"margin\":\"default\"}}]},{\"type\":\"column\",\"props\":{\"image_position\":\"center-center\",\"position_sticky_breakpoint\":\"m\",\"width_medium\":\"1-2\"},\"children\":[{\"type\":\"text\",\"props\":{\"column_breakpoint\":\"m\",\"content\":\"\n\n<h2>Le spectre de la m\\u00e9tatine<\\\/h2>\\n\n\n<p><span style=\\\"font-weight: 400;\\\">Autre point sensible du d\\u00e9bat : la <a href=\\\"https:\\\/\\\/cnct.fr\\\/communiques\\\/le-cnct-alerte-sur-lusage-dune-nouvelle-molecule-addictive-utilisee-par-lindustrie-du-tabac-la-6-methyl-nicotine\\\/\\\" style=\\\"text-decoration: none; font-weight: bold; font-style: italic;\\\">m\\u00e9tatine<\\\/a>, un <strong>nouveau composant<\\\/strong> mis en avant par certains fabricants comme une <strong>alternative \\u00e0 la nicotine<\\\/strong>. Mais ce compos\\u00e9 serait <strong>encore plus addictif,<\\\/strong> selon une alerte r\\u00e9cente du <em><a href=\\\"https:\\\/\\\/cnct.fr\\\/\\\">Comit\\u00e9 national contre le tabagisme (CNCT)<\\\/a><\\\/em>.<\\\/span><\\\/p>\\n\n\n<p><span style=\\\"font-weight: 400;\\\">Cette d\\u00e9couverte relance la <strong>n\\u00e9cessit\\u00e9 d\\u2019une r\\u00e9glementation<\\\/strong> encadr\\u00e9e mais rationnelle, pour \\u00e9viter les d\\u00e9rives tout en conservant les vertus de l\\u2019e-cigarette dans une strat\\u00e9gie de sant\\u00e9 publique.<\\\/span><\\\/p>\",\"margin\":\"default\"}}]}],\"props\":{\"layout\":\"1-2,1-2\"}}]},{\"type\":\"section\",\"props\":{\"image_position\":\"center-center\",\"style\":\"default\",\"title_breakpoint\":\"xl\",\"title_position\":\"top-left\",\"title_rotation\":\"left\",\"vertical_align\":\"middle\",\"width\":\"default\"},\"children\":[{\"type\":\"row\",\"children\":[{\"type\":\"column\",\"props\":{\"image_position\":\"center-center\",\"position_sticky_breakpoint\":\"m\"},\"children\":[{\"type\":\"text\",\"props\":{\"column_breakpoint\":\"m\",\"content\":\"\n\n<h2>Peut-on concilier protection des jeunes et sevrage des adultes ?<\\\/h2>\\n\n\n<p><span style=\\\"font-weight: 400;\\\">Le plan de Catherine Vautrin se donne pour ambition de faire des enfants n\\u00e9s en 2025 la premi\\u00e8re <strong>g\\u00e9n\\u00e9ration sans tabac<\\\/strong>. Un objectif salu\\u00e9, mais qui soul\\u00e8ve une tension de fond : peut-on interdire sans nuire \\u00e0 ceux qui veulent arr\\u00eater ?<\\\/span><\\\/p>\\n\n\n<p><span style=\\\"font-weight: 400;\\\"><strong>R\\u00e9duire la nicotine<\\\/strong> \\u00e0 un seuil trop bas ou retirer les ar\\u00f4mes, c\\u2019est <strong>risquer de<\\\/strong> <strong>fragiliser<\\\/strong> l\\u2019un des outils les plus accessibles et efficaces du <a href=\\\"https:\\\/\\\/www.oliquide.com\\\/blog\\\/passer-a-des-e-liquides-sans-nicotine-quand-et-pourquoi\\\/\\\" style=\\\"text-decoration: none; font-weight: bold; font-style: italic;\\\">sevrage<\\\/a>. Pour beaucoup, le vapotage n\\u2019est <\\\/span><\\\/p>\\n\n\n<p><strong>Ce qu\\u2019il faut retenir<\\\/strong><\\\/p>\\n\n\n<ul>\\n\n\n<li style=\\\"font-weight: 400;\\\" aria-level=\\\"1\\\"><span style=\\\"font-weight: 400;\\\">\\ud83d\\udeac Tabac interdit dans les lieux fr\\u00e9quent\\u00e9s par des enfants d\\u00e8s juillet 2025<\\\/span><span style=\\\"font-weight: 400;\\\"><br \\\/><br \\\/><\\\/span><\\\/li>\\n\n\n<li style=\\\"font-weight: 400;\\\" aria-level=\\\"1\\\"><span style=\\\"font-weight: 400;\\\">\\ud83d\\udca8 <strong>R\\u00e9duction du taux de nicotine<\\\/strong> et limitation des ar\\u00f4mes en e-cigarette annonc\\u00e9es pour 2026<\\\/span><span style=\\\"font-weight: 400;\\\"><br \\\/><br \\\/><\\\/span><\\\/li>\\n\n\n<li style=\\\"font-weight: 400;\\\" aria-level=\\\"1\\\"><span style=\\\"font-weight: 400;\\\">\\ud83d\\udd0d Des \\u00e9tudes contredisent l\\u2019id\\u00e9e que la vape pousse au tabagisme<\\\/span><span style=\\\"font-weight: 400;\\\"><br \\\/><br \\\/><\\\/span><\\\/li>\\n\n\n<li style=\\\"font-weight: 400;\\\" aria-level=\\\"1\\\"><span style=\\\"font-weight: 400;\\\">\\u26a0\\ufe0f <strong>La m\\u00e9tatine<\\\/strong>, nouvelle <strong>substance inqui\\u00e9tante<\\\/strong>, pourrait rebattre les cartes<\\\/span><span style=\\\"font-weight: 400;\\\"><br \\\/><br \\\/><\\\/span><\\\/li>\\n<\\\/ul>\",\"margin\":\"default\"}}]}]}]},{\"type\":\"section\",\"props\":{\"image_position\":\"center-center\",\"style\":\"muted\",\"title_breakpoint\":\"xl\",\"title_position\":\"top-left\",\"title_rotation\":\"left\",\"vertical_align\":\"middle\",\"width\":\"default\"},\"children\":[{\"type\":\"row\",\"children\":[{\"type\":\"column\",\"props\":{\"image_position\":\"center-center\",\"position_sticky_breakpoint\":\"m\"},\"children\":[{\"type\":\"text\",\"props\":{\"column_breakpoint\":\"m\",\"content\":\"\n\n<h2>Sources cit\\u00e9es<\\\/h2>\\n\n\n<ul>\\n\n\n<li style=\\\"font-weight: 400;\\\" aria-level=\\\"1\\\"><span style=\\\"font-weight: 400;\\\">Interview de Catherine Vautrin, <\\\/span><i><span style=\\\"font-weight: 400;\\\">Ouest-France<\\\/span><\\\/i><span style=\\\"font-weight: 400;\\\">, 29 mai 2025<\\\/span><span style=\\\"font-weight: 400;\\\"><br \\\/><br \\\/><\\\/span><\\\/li>\\n\n\n<li style=\\\"font-weight: 400;\\\" aria-level=\\\"1\\\"><span style=\\\"font-weight: 400;\\\">Communiqu\\u00e9 de l\\u2019OFDT, 1er janvier 2024<\\\/span><span style=\\\"font-weight: 400;\\\"><br \\\/><br \\\/><\\\/span><\\\/li>\\n\n\n<li style=\\\"font-weight: 400;\\\" aria-level=\\\"1\\\"><span style=\\\"font-weight: 400;\\\">Cochrane Library \\u2013 Meta-analyse 2025 (90 \\u00e9tudes)<\\\/span><span style=\\\"font-weight: 400;\\\"><br \\\/><br \\\/><\\\/span><\\\/li>\\n\n\n<li style=\\\"font-weight: 400;\\\" aria-level=\\\"1\\\"><span style=\\\"font-weight: 400;\\\">Universit\\u00e9 McGill \\u2013 \\u00c9tude sur les effets des ar\\u00f4mes fruit\\u00e9s (2024)<\\\/span><span style=\\\"font-weight: 400;\\\"><br \\\/><br \\\/><\\\/span><\\\/li>\\n    \n\n<li style=\\\"font-weight: 400;\\\" aria-level=\\\"1\\\"><span style=\\\"font-weight: 400;\\\">Rapport CNCT sur la m\\u00e9tatine, mai 2025<\\\/span><span style=\\\"font-weight: 400;\\\"><br \\\/><br \\\/><\\\/span><\\\/li>\\n<\\\/ul>\\n\",\"margin\":\"default\"}}]}]}]},{\"type\":\"section\",\"props\":{\"image_position\":\"center-center\",\"style\":\"default\",\"title_breakpoint\":\"xl\",\"title_position\":\"top-left\",\"title_rotation\":\"left\",\"vertical_align\":\"middle\",\"width\":\"default\"},\"children\":[{\"type\":\"row\",\"children\":[{\"type\":\"column\",\"props\":{\"image_position\":\"center-center\",\"position_sticky_breakpoint\":\"m\"},\"children\":[{\"type\":\"text\",\"props\":{\"column_breakpoint\":\"m\",\"content\":\"\n\n<h2><strong>FAQ<\\\/strong><\\\/h2>\",\"dropcap\":false,\"margin\":\"default\"}},{\"type\":\"accordion\",\"props\":{\"collapsible\":true,\"content_column_breakpoint\":\"m\",\"image_align\":\"top\",\"image_grid_breakpoint\":\"m\",\"image_grid_width\":\"1-2\",\"image_svg_color\":\"emphasis\",\"link_style\":\"default\",\"link_text\":\"Read more\",\"show_image\":true,\"show_link\":true},\"children\":[{\"type\":\"accordion_item\",\"props\":{\"content\":\"\n\n<p><span style=\\\"font-weight: 400;\\\">La ministre de la Sant\\u00e9 a clairement indiqu\\u00e9 vouloir <\\\/span><b>\\u00e9tendre cette interdiction au vapotage<\\\/b><span style=\\\"font-weight: 400;\\\">, notamment dans les lieux fr\\u00e9quent\\u00e9s par les enfants. Le d\\u00e9cret d\\u2019application est attendu pour <\\\/span><b>2025<\\\/b><span style=\\\"font-weight: 400;\\\">.<\\\/span><\\\/p>\",\"title\":\"Est-ce que la vape sera concern\\u00e9e par l\\u2019interdiction dans les lieux publics ?\"}},{\"type\":\"accordion_item\",\"props\":{\"content\":\"\n\n<p><span style=\\\"font-weight: 400;\\\">Oui, les puffs sont <\\\/span><b>particuli\\u00e8rement vis\\u00e9es<\\\/b><span style=\\\"font-weight: 400;\\\">, car tr\\u00e8s populaires chez les adolescents. Leur <\\\/span><b>format jetable<\\\/b><span style=\\\"font-weight: 400;\\\">, leur <\\\/span><b>prix accessible<\\\/b><span style=\\\"font-weight: 400;\\\"> et leurs <\\\/span><b>go\\u00fbts sucr\\u00e9s<\\\/b><span style=\\\"font-weight: 400;\\\"> les rendent attractives, mais peu compatibles avec une logique de sant\\u00e9 publique. Leur interdiction ou restriction est sur la table dans plusieurs pays \\u2014 et pourrait l\\u2019\\u00eatre en France.<\\\/span><\\\/p>\",\"title\":\"Ces mesures vont-elles aussi concerner les puffs ?\"}},{\"type\":\"accordion_item\",\"props\":{\"content\":\"\n\n<p><span style=\\\"font-weight: 400;\\\">Deux grands axes sont annonc\\u00e9s pour <\\\/span><b>mi-2026<\\\/b><span style=\\\"font-weight: 400;\\\"> :<\\\/span><\\\/p>\\n\n\n<ol>\\n\n\n<li style=\\\"list-style-type: none;\\\">\\n\n\n<ol>\\n\n\n<li style=\\\"font-weight: 400;\\\" aria-level=\\\"1\\\"><b>Baisse du taux de nicotine autoris\\u00e9<\\\/b><span style=\\\"font-weight: 400;\\\"> dans les e-liquides.<\\\/span><span style=\\\"font-weight: 400;\\\"><br \\\/><br \\\/><\\\/span><\\\/li>\\n\n\n<li style=\\\"font-weight: 400;\\\" aria-level=\\\"1\\\"><b>Limitation ou interdiction des ar\\u00f4mes jug\\u00e9s attractifs<\\\/b><span style=\\\"font-weight: 400;\\\"> pour les jeunes (menthe, fruits, bonbons\\u2026).<\\\/span><\\\/li>\\n<\\\/ol>\\n<\\\/li>\\n<\\\/ol>\",\"title\":\"Que pr\\u00e9voit le gouvernement pour les e-liquides d\\u2019ici 2026 ?\"}},{\"type\":\"accordion_item\",\"props\":{\"content\":\"\n\n<ul>\\n\n\n<li>\\n\n\n<p><span style=\\\"font-weight: 400;\\\">Les ar\\u00f4mes sont doublement per\\u00e7us :<\\\/span><\\\/p>\\n\n\n<ul>\\n\n\n<li style=\\\"font-weight: 400;\\\" aria-level=\\\"1\\\"><span style=\\\"font-weight: 400;\\\">Comme <\\\/span><b>facteurs d\\u2019attractivit\\u00e9<\\\/b><span style=\\\"font-weight: 400;\\\"> chez les jeunes.<\\\/span><span style=\\\"font-weight: 400;\\\"><br \\\/><br \\\/><\\\/span><\\\/li>\\n\n\n<li style=\\\"font-weight: 400;\\\" aria-level=\\\"1\\\"><span style=\\\"font-weight: 400;\\\">Comme <\\\/span><b>moyens de d\\u00e9go\\u00fbt progressif du tabac<\\\/b><span style=\\\"font-weight: 400;\\\"> chez les adultes.<\\\/span><span style=\\\"font-weight: 400;\\\"><br \\\/><br \\\/><\\\/span><\\\/li>\\n<\\\/ul>\\n\n\n<p><span style=\\\"font-weight: 400;\\\">Interdire les ar\\u00f4mes revient \\u00e0 <\\\/span><b>uniformiser l\\u2019exp\\u00e9rience de vape<\\\/b><span style=\\\"font-weight: 400;\\\">, ce qui pourrait r\\u00e9duire l\\u2019int\\u00e9r\\u00eat pour les anciens fumeurs. Des pays comme les <\\\/span><b>Pays-Bas ou la Finlande<\\\/b><span style=\\\"font-weight: 400;\\\"> ont d\\u00e9j\\u00e0 mis en place des interdictions similaires, avec <\\\/span><b>des r\\u00e9sultats controvers\\u00e9s<\\\/b><span style=\\\"font-weight: 400;\\\">.<\\\/span><\\\/p>\\n<\\\/li>\\n<\\\/ul>\",\"title\":\"Pourquoi les ar\\u00f4mes sont-ils au c\\u0153ur du d\\u00e9bat ?\"}},{\"type\":\"accordion_item\",\"props\":{\"content\":\"\n\n<p><span style=\\\"font-weight: 400;\\\">L\\u2019ambition du gouvernement est de faire en sorte que <\\\/span><b>les enfants n\\u00e9s \\u00e0 partir de 2025 ne commencent jamais \\u00e0 fumer<\\\/b><span style=\\\"font-weight: 400;\\\">. Un objectif louable, mais qui doit trouver un <\\\/span><b>\\u00e9quilibre entre protection des jeunes et accompagnement des fumeurs vers le sevrage<\\\/b><span style=\\\"font-weight: 400;\\\">.<\\\/span><\\\/p>\",\"title\":\"Le projet \\u00ab g\\u00e9n\\u00e9ration sans tabac \\u00bb, qu\\u2019est-ce que c\\u2019est ?\"}},{\"type\":\"accordion_item\",\"props\":{\"content\":\"\n\n<p><span style=\\\"font-weight: 400;\\\">Le gouvernement n\\u2019a pas encore d\\u00e9taill\\u00e9 le <\\\/span><b>dispositif de contr\\u00f4le<\\\/b><span style=\\\"font-weight: 400;\\\">, mais il pourrait s\\u2019appuyer sur :<\\\/span><\\\/p>\\n\n\n<ul>\\n\n\n<li style=\\\"font-weight: 400;\\\" aria-level=\\\"1\\\"><span style=\\\"font-weight: 400;\\\">La <\\\/span><b>DGCCRF<\\\/b><span style=\\\"font-weight: 400;\\\"> pour les contr\\u00f4les en boutiques.<\\\/span><span style=\\\"font-weight: 400;\\\"><br \\\/><br \\\/><\\\/span><\\\/li>\\n\n\n<li style=\\\"font-weight: 400;\\\" aria-level=\\\"1\\\"><span style=\\\"font-weight: 400;\\\">Les <\\\/span><b>douanes<\\\/b><span style=\\\"font-weight: 400;\\\"> pour les imports illicites.<\\\/span><span style=\\\"font-weight: 400;\\\"><br \\\/><br \\\/><\\\/span><\\\/li>\\n\n\n<li style=\\\"font-weight: 400;\\\" aria-level=\\\"1\\\"><span style=\\\"font-weight: 400;\\\">Une <\\\/span><b>plateforme de signalement citoyen<\\\/b><span style=\\\"font-weight: 400;\\\"> (comme SignalConso).<\\\/span><span style=\\\"font-weight: 400;\\\"><br \\\/><br \\\/><\\\/span><\\\/li>\\n<\\\/ul>\\n\n\n<p><span style=\\\"font-weight: 400;\\\">Un <\\\/span><b>\\u00e9tiquetage renforc\\u00e9<\\\/b><span style=\\\"font-weight: 400;\\\"> et une <\\\/span><b>tra\\u00e7abilit\\u00e9 obligatoire<\\\/b><span style=\\\"font-weight: 400;\\\"> des e-liquides.<\\\/span><span style=\\\"font-weight: 400;\\\"><br \\\/><\\\/span><\\\/p>\",\"title\":\"Quels contr\\u00f4les sont pr\\u00e9vus pour appliquer ces nouvelles r\\u00e8gles ?\"}}],\"name\":\"FAQ\"}]}]}]},{\"type\":\"section\",\"props\":{\"image_position\":\"center-center\",\"style\":\"default\",\"title_breakpoint\":\"xl\",\"title_position\":\"top-left\",\"title_rotation\":\"left\",\"vertical_align\":\"middle\",\"width\":\"default\"},\"children\":[{\"type\":\"row\",\"children\":[{\"type\":\"column\",\"props\":{\"image_position\":\"center-center\",\"position_sticky_breakpoint\":\"m\"},\"children\":[{\"type\":\"comments\",\"props\":{\"link_style\":\"default\",\"margin\":\"default\",\"title_decoration\":\"bullet\",\"title_element\":\"h2\",\"title_style\":\"h3\"}},{\"type\":\"totop\",\"props\":{\"margin\":\"default\",\"title_grid_column_gap\":\"small\",\"title_grid_row_gap\":\"small\"}}]}]}]}],\"version\":\"4.5.18\"} --><\/p>\n","protected":false},"excerpt":{"rendered":"<p>Cigarette \u00e9lectronique : la France pr\u00e9pare un virage r\u00e9glementaire choc d\u2019ici 2026 Le gouvernement fran\u00e7ais serre la vis. Apr\u00e8s avoir cibl\u00e9 le tabac, il s&rsquo;attaque d\u00e9sormais \u00e0 la cigarette \u00e9lectronique. Ce que beaucoup consid\u00e9raient comme un outil de sevrage tabagique efficace pourrait bient\u00f4t \u00eatre amput\u00e9 de ses principaux attraits : nicotine et ar\u00f4mes. Une s\u00e9rie [&hellip;]<\/p>\n","protected":false},"author":6,"featured_media":15849,"comment_status":"open","ping_status":"open","sticky":false,"template":"","format":"standard","meta":{"_jetpack_memberships_contains_paid_content":false,"footnotes":""},"categories":[3],"tags":[822,109,826,824,823,825,385,821],"class_list":["post-15848","post","type-post","status-publish","format-standard","has-post-thumbnail","hentry","category-actus-de-la-vape","tag-aromes-e-liquide-interdits","tag-cigarette-electronique","tag-metatine","tag-plan-anti-tabac-catherine-vautrin","tag-reduction-nicotine-vape","tag-reglementation-e-cigarette-2026","tag-sevrage-tabagique","tag-vapotage-france-2025"],"aioseo_notices":[],"jetpack_featured_media_url":"https:\/\/www.oliquide.com\/blog\/wp-content\/uploads\/2025\/06\/Banniere-lois-2026.jpg","jetpack_sharing_enabled":true,"_links":{"self":[{"href":"https:\/\/www.oliquide.com\/blog\/wp-json\/wp\/v2\/posts\/15848","targetHints":{"allow":["GET"]}}],"collection":[{"href":"https:\/\/www.oliquide.com\/blog\/wp-json\/wp\/v2\/posts"}],"about":[{"href":"https:\/\/www.oliquide.com\/blog\/wp-json\/wp\/v2\/types\/post"}],"author":[{"embeddable":true,"href":"https:\/\/www.oliquide.com\/blog\/wp-json\/wp\/v2\/users\/6"}],"replies":[{"embeddable":true,"href":"https:\/\/www.oliquide.com\/blog\/wp-json\/wp\/v2\/comments?post=15848"}],"version-history":[{"count":51,"href":"https:\/\/www.oliquide.com\/blog\/wp-json\/wp\/v2\/posts\/15848\/revisions"}],"predecessor-version":[{"id":15925,"href":"https:\/\/www.oliquide.com\/blog\/wp-json\/wp\/v2\/posts\/15848\/revisions\/15925"}],"wp:featuredmedia":[{"embeddable":true,"href":"https:\/\/www.oliquide.com\/blog\/wp-json\/wp\/v2\/media\/15849"}],"wp:attachment":[{"href":"https:\/\/www.oliquide.com\/blog\/wp-json\/wp\/v2\/media?parent=15848"}],"wp:term":[{"taxonomy":"category","embeddable":true,"href":"https:\/\/www.oliquide.com\/blog\/wp-json\/wp\/v2\/categories?post=15848"},{"taxonomy":"post_tag","embeddable":true,"href":"https:\/\/www.oliquide.com\/blog\/wp-json\/wp\/v2\/tags?post=15848"}],"curies":[{"name":"wp","href":"https:\/\/api.w.org\/{rel}","templated":true}]}}