{"id":16055,"date":"2025-06-26T11:53:40","date_gmt":"2025-06-26T09:53:40","guid":{"rendered":"https:\/\/www.oliquide.com\/blog\/?p=16055"},"modified":"2025-07-01T10:54:12","modified_gmt":"2025-07-01T08:54:12","slug":"taxe-ue-e-cigarette-390e-par-flacon-en-2025-oliquide","status":"publish","type":"post","link":"https:\/\/www.oliquide.com\/blog\/taxe-ue-e-cigarette-390e-par-flacon-en-2025-oliquide\/","title":{"rendered":"Taxe UE e-cigarette : 3,90\u20ac par flacon en 2025 ?"},"content":{"rendered":"<p><img decoding=\"async\" src=\"\/blog\/wp-content\/uploads\/2025\/06\/AdobeStock_158258819-scaled.jpeg\" alt=\"tout savoir sur les huiles de CBD\"><\/p>\n<h1>\n<h1>Taxe UE e-cigarette : 3,60\u20ac par flacon en 2025\u00a0<\/h1>\n<\/h1>\n<div>\n<h2><span class=\"ez-toc-section\" id=\"E-cigarette_lUE_envisage_une_taxe_de_360_E_par_flacon\"><\/span><strong>E-cigarette : l&rsquo;UE envisage une taxe de 3,60 \u20ac par flacon<\/strong><span class=\"ez-toc-section-end\"><\/span><\/h2>\n<p>L&rsquo;actualit\u00e9 europ\u00e9enne frappe de plein fouet le monde du vapotage. Un document confidentiel de la <strong>Commission europ\u00e9enne<\/strong> vient de r\u00e9v\u00e9ler des projets de taxation massive sur les e-liquides. Cette fuite d\u00e9voile une volont\u00e9 d&rsquo;harmoniser la fiscalit\u00e9 europ\u00e9enne avec des hausses spectaculaires \u00e0 la cl\u00e9. Pour les <strong>vapoteurs fran\u00e7ais<\/strong>, cette nouvelle repr\u00e9sente un bouleversement majeur qui pourrait transformer radicalement leur rapport \u00e0 la <strong>cigarette <\/strong><strong>\u00e9lectronique.<\/strong><\/p>\n<p>La proposition europ\u00e9enne pr\u00e9voit d&rsquo;imposer jusqu&rsquo;\u00e0 <strong>3,60 euros de taxes<\/strong> sur un simple flacon de 10 ml d&rsquo;e-liquide. Cette mesure s&rsquo;inscrit dans une refonte globale de la directive europ\u00e9enne sur les droits d&rsquo;accise du tabac, baptis\u00e9e TED (Tobacco Excise Directive). L&rsquo;objectif affich\u00e9 : r\u00e9duire la consommation de nicotine \u00e0 travers l&rsquo;Europe en rendant ces produits moins accessibles financi\u00e8rement.<\/p>\n<p>Pour comprendre l&rsquo;mpleur de cette mesure, il faut savoir qu&rsquo;aujourd&rsquo;hui, un <strong>flacon d&rsquo;e- <\/strong><strong>liquide de 10 ml<\/strong> co\u00fbte en moyenne entre 4 et 6 euros. Avec cette taxe, le prix pourrait doubler, voire tripler, transformant compl\u00e8tement l&rsquo;\u00e9quation \u00e9conomique du vapotage. Cette \u00e9volution majeure risque de remettre en question l&rsquo;accessibilit\u00e9 de la<strong> cigarette \u00e9lectronique\u00a0 <\/strong>comme alternative au tabac traditionnel.<\/p>\n<\/div>\n<div>\n<div id=\"ez-toc-container\" class=\"ez-toc-v2_0_82_2 counter-hierarchy ez-toc-counter ez-toc-grey ez-toc-container-direction\">\n<div class=\"ez-toc-title-container\">\n<p class=\"ez-toc-title\" style=\"cursor:inherit\">Sommaire<\/p>\n<span class=\"ez-toc-title-toggle\"><a href=\"#\" class=\"ez-toc-pull-right ez-toc-btn ez-toc-btn-xs ez-toc-btn-default ez-toc-toggle\" aria-label=\"Toggle Table of Content\"><span class=\"ez-toc-js-icon-con\"><span class=\"\"><span class=\"eztoc-hide\" style=\"display:none;\">Toggle<\/span><span class=\"ez-toc-icon-toggle-span\"><svg style=\"fill: #999;color:#999\" xmlns=\"http:\/\/www.w3.org\/2000\/svg\" class=\"list-377408\" width=\"20px\" height=\"20px\" viewBox=\"0 0 24 24\" fill=\"none\"><path d=\"M6 6H4v2h2V6zm14 0H8v2h12V6zM4 11h2v2H4v-2zm16 0H8v2h12v-2zM4 16h2v2H4v-2zm16 0H8v2h12v-2z\" fill=\"currentColor\"><\/path><\/svg><svg style=\"fill: #999;color:#999\" class=\"arrow-unsorted-368013\" xmlns=\"http:\/\/www.w3.org\/2000\/svg\" width=\"10px\" height=\"10px\" viewBox=\"0 0 24 24\" version=\"1.2\" baseProfile=\"tiny\"><path d=\"M18.2 9.3l-6.2-6.3-6.2 6.3c-.2.2-.3.4-.3.7s.1.5.3.7c.2.2.4.3.7.3h11c.3 0 .5-.1.7-.3.2-.2.3-.5.3-.7s-.1-.5-.3-.7zM5.8 14.7l6.2 6.3 6.2-6.3c.2-.2.3-.5.3-.7s-.1-.5-.3-.7c-.2-.2-.4-.3-.7-.3h-11c-.3 0-.5.1-.7.3-.2.2-.3.5-.3.7s.1.5.3.7z\"\/><\/svg><\/span><\/span><\/span><\/a><\/span><\/div>\n<nav><ul class='ez-toc-list ez-toc-list-level-1 eztoc-toggle-hide-by-default' ><li class='ez-toc-page-1 ez-toc-heading-level-1'><a class=\"ez-toc-link ez-toc-heading-1\" href=\"https:\/\/www.oliquide.com\/blog\/taxe-ue-e-cigarette-390e-par-flacon-en-2025-oliquide\/#Taxe_UE_e-cigarette_360E_par_flacon_en_2025\" >Taxe UE e-cigarette : 3,60\u20ac par flacon en 2025\u00a0<\/a><ul class='ez-toc-list-level-2' ><li class='ez-toc-heading-level-2'><a class=\"ez-toc-link ez-toc-heading-2\" href=\"https:\/\/www.oliquide.com\/blog\/taxe-ue-e-cigarette-390e-par-flacon-en-2025-oliquide\/#E-cigarette_lUE_envisage_une_taxe_de_360_E_par_flacon\" >E-cigarette : l&rsquo;UE envisage une taxe de 3,60 \u20ac par flacon<\/a><\/li><li class='ez-toc-page-1 ez-toc-heading-level-2'><a class=\"ez-toc-link ez-toc-heading-3\" href=\"https:\/\/www.oliquide.com\/blog\/taxe-ue-e-cigarette-390e-par-flacon-en-2025-oliquide\/#Le_bareme_europeen_une_taxation_a_deux_vitesses\" >Le bar\u00e8me europ\u00e9en : une taxation \u00e0 deux vitesses<\/a><\/li><li class='ez-toc-page-1 ez-toc-heading-level-2'><a class=\"ez-toc-link ez-toc-heading-4\" href=\"https:\/\/www.oliquide.com\/blog\/taxe-ue-e-cigarette-390e-par-flacon-en-2025-oliquide\/#Les_consequences_financieres_pour_les_vapoteurs_francais\" >Les cons\u00e9quences financi\u00e8res pour les vapoteurs fran\u00e7ais<\/a><\/li><li class='ez-toc-page-1 ez-toc-heading-level-2'><a class=\"ez-toc-link ez-toc-heading-5\" href=\"https:\/\/www.oliquide.com\/blog\/taxe-ue-e-cigarette-390e-par-flacon-en-2025-oliquide\/#Un_calendrier_dapplication_etale_dans_le_temps\" >Un calendrier d&rsquo;application \u00e9tal\u00e9 dans le temps<\/a><\/li><li class='ez-toc-page-1 ez-toc-heading-level-2'><a class=\"ez-toc-link ez-toc-heading-6\" href=\"https:\/\/www.oliquide.com\/blog\/taxe-ue-e-cigarette-390e-par-flacon-en-2025-oliquide\/#Lharmonisation_fiscale_europeenne_en_marche\" >L&rsquo;harmonisation fiscale europ\u00e9enne en marche<\/a><\/li><li class='ez-toc-page-1 ez-toc-heading-level-2'><a class=\"ez-toc-link ez-toc-heading-7\" href=\"https:\/\/www.oliquide.com\/blog\/taxe-ue-e-cigarette-390e-par-flacon-en-2025-oliquide\/#Des_alternatives_et_strategies_dadaptation\" >Des alternatives et strat\u00e9gies d&rsquo;adaptation<\/a><\/li><li class='ez-toc-page-1 ez-toc-heading-level-2'><a class=\"ez-toc-link ez-toc-heading-8\" href=\"https:\/\/www.oliquide.com\/blog\/taxe-ue-e-cigarette-390e-par-flacon-en-2025-oliquide\/#Vers_un_avenir_incertain_pour_le_vapotage_europeen\" >Vers un avenir incertain pour le vapotage europ\u00e9en<\/a><\/li><li class='ez-toc-page-1 ez-toc-heading-level-2'><a class=\"ez-toc-link ez-toc-heading-9\" href=\"https:\/\/www.oliquide.com\/blog\/taxe-ue-e-cigarette-390e-par-flacon-en-2025-oliquide\/#FAQ\" >FAQ<\/a><\/li><\/ul><\/li><\/ul><\/nav><\/div>\n<\/div>\n<div>\n<h2><span class=\"ez-toc-section\" id=\"Le_bareme_europeen_une_taxation_a_deux_vitesses\"><\/span><b>Le bar\u00e8me europ\u00e9en : une taxation \u00e0 deux vitesses<\/b><span class=\"ez-toc-section-end\"><\/span><\/h2>\n<p><span style=\"font-weight: 400;\">Le document europ\u00e9en r\u00e9v\u00e8le un syst\u00e8me de <\/span><b>taxation diff\u00e9renci\u00e9e<\/b><span style=\"font-weight: 400;\"> particuli\u00e8rement sophistiqu\u00e9. Cette approche \u00e0 deux paliers distingue les e-liquides selon leur <\/span><b>taux de nicotine<\/b><span style=\"font-weight: 400;\">, avec des cons\u00e9quences financi\u00e8res drastiques pour les consommateurs. Les e-liquides contenant moins de 10 mg\/ml de nicotine seraient tax\u00e9s \u00e0 hauteur de 12 centimes par millilitre, soit 1,20 euro pour un flacon de 10 ml. Une premi\u00e8re marche qui reste relativement mod\u00e9r\u00e9e mais qui constitue d\u00e9j\u00e0 une hausse significative pour les budgets des vapoteurs r\u00e9guliers.<\/span><\/p>\n<p><span style=\"font-weight: 400;\">La v\u00e9ritable surprise r\u00e9side dans le traitement r\u00e9serv\u00e9 aux <\/span><b>e-liquides fortement dos\u00e9s<\/b><span style=\"font-weight: 400;\">. Ceux contenant plus de 10 mg\/ml de nicotine subiraient une taxation de 36 centimes par millilitre, soit 3,60 euros pour un flacon standard de 10 ml. Cette diff\u00e9renciation refl\u00e8te une volont\u00e9 politique claire : d\u00e9courager l&rsquo;usage des produits fortement nicotin\u00e9s tout en pr\u00e9servant partiellement l&rsquo;acc\u00e8s aux produits de sevrage tabagique. Cette logique \u00e0 deux vitesses pourrait cependant cr\u00e9er des distorsions de march\u00e9 importantes.<\/span><\/p>\n<p><span style=\"font-weight: 400;\">Plus pr\u00e9occupant encore, les <\/span><b>e-liquides sans nicotine<\/b><span style=\"font-weight: 400;\"> ne b\u00e9n\u00e9ficient d&rsquo;aucune exemption. Ils entrent automatiquement dans la cat\u00e9gorie des produits faiblement dos\u00e9s, subissant donc la taxation de 12 centimes par millilitre. Cette mesure vise explicitement \u00e0 limiter la <\/span><b>pratique du DIY<\/b><span style=\"font-weight: 400;\"> (Do It Yourself), o\u00f9 les vapoteurs m\u00e9langent leurs propres e-liquides. L&rsquo;objectif europ\u00e9en est clair : fermer toutes les \u00e9chappatoires possibles pour maintenir l&rsquo;efficacit\u00e9 fiscale de la mesure.<\/span><\/p>\n<\/div>\n<div>\n<h3><b>Impact sur les diff\u00e9rents types d&rsquo;e-liquides<\/b><\/h3>\n<p><span style=\"font-weight: 400;\">Cette taxation diff\u00e9renci\u00e9e aura des r\u00e9percussions variables selon les habitudes de consommation. Les <\/span><b>vapoteurs d\u00e9butants<\/b><span style=\"font-weight: 400;\">, qui utilisent g\u00e9n\u00e9ralement des taux de nicotine \u00e9lev\u00e9s pour leur sevrage tabagique, seront les plus impact\u00e9s. Un flacon de 10 ml \u00e0 18 mg\/ml, actuellement vendu autour de 5 euros, pourrait atteindre pr\u00e8s de 9 euros avec cette taxe. Pour les utilisateurs confirm\u00e9s, pass\u00e9s \u00e0 des taux plus faibles, l&rsquo;impact reste significatif mais plus mod\u00e9r\u00e9, avec une hausse d&rsquo;environ 1,20 euro par flacon.<\/span><\/p>\n<\/div>\n<p><img decoding=\"async\" src=\"\/blog\/wp-content\/uploads\/2025\/06\/AdobeStock_81161330-scaled.jpeg\" alt=\"tout savoir sur les huiles de CBD\"><\/p>\n<div>\n<h2><span class=\"ez-toc-section\" id=\"Les_consequences_financieres_pour_les_vapoteurs_francais\"><\/span><b>Les cons\u00e9quences financi\u00e8res pour les vapoteurs fran\u00e7ais<\/b><span class=\"ez-toc-section-end\"><\/span><\/h2>\n<p><span style=\"font-weight: 400;\">L&rsquo;impact financier de cette <\/span><b>taxe europ\u00e9enne<\/b><span style=\"font-weight: 400;\"> sur les <\/span><b>vapoteurs fran\u00e7ais<\/b><span style=\"font-weight: 400;\"> s&rsquo;annonce consid\u00e9rable. Pour un consommateur moyen utilisant deux flacons de 10 ml par semaine, la facture annuelle pourrait augmenter de 125 \u00e0 375 euros selon le type d&rsquo;e-liquide consomm\u00e9. Cette hausse repr\u00e9sente un bouleversement \u00e9conomique majeur pour les 3,8 millions de vapoteurs fran\u00e7ais, dont beaucoup ont choisi la cigarette \u00e9lectronique pour des raisons financi\u00e8res autant que sanitaires.<\/span><\/p>\n<p><span style=\"font-weight: 400;\">La situation devient particuli\u00e8rement critique pour les <\/span><b>gros consommateurs<\/b><span style=\"font-weight: 400;\">. Un vapoteur utilisant quotidiennement des e-liquides fortement dos\u00e9s pourrait voir sa facture annuelle augmenter de plus de 1 000 euros. Cette explosion des co\u00fbts risque de pousser de nombreux utilisateurs vers des alternatives moins s\u00fbres : retour au tabac traditionnel, achats transfrontaliers ou march\u00e9 parall\u00e8le. L&rsquo;effet pervers de cette mesure pourrait donc \u00eatre exactement inverse \u00e0 l&rsquo;objectif de sant\u00e9 publique affich\u00e9.<\/span><\/p>\n<p><span style=\"font-weight: 400;\">Pour les <\/span><b>professionnels du secteur<\/b><span style=\"font-weight: 400;\">, comme les boutiques sp\u00e9cialis\u00e9es et les sites de vente en ligne tels qu&rsquo;Oliquide, les d\u00e9fis sont multiples. La r\u00e9percussion de cette taxe sur les prix de vente n\u00e9cessitera une adaptation compl\u00e8te des strat\u00e9gies commerciales. Les marges, d\u00e9j\u00e0 serr\u00e9es dans un secteur concurrentiel, devront \u00eatre repens\u00e9es pour maintenir l&rsquo;attractivit\u00e9 des offres. Cette situation pourrait \u00e9galement acc\u00e9l\u00e9rer la concentration du march\u00e9 au d\u00e9triment des plus petits acteurs.<\/span><\/p>\n<\/div>\n<p><img decoding=\"async\" src=\"\/blog\/wp-content\/uploads\/2025\/06\/AdobeStock_1444250178-scaled.jpeg\" alt=\"bouteille-huile-cbd\"><\/p>\n<div>\n<h3><b>Comparaison avec les co\u00fbts du tabac traditionnel<\/b><\/h3>\n<ol><\/ol>\n<p><span style=\"font-weight: 400;\">Paradoxalement, cette taxation pourrait r\u00e9duire l&rsquo;avantage \u00e9conomique de la <\/span><b>cigarette \u00e9lectronique<\/b><span style=\"font-weight: 400;\"> face au tabac traditionnel. Actuellement, un vapoteur d\u00e9pense en moyenne 600 \u00e0 800 euros par an, contre 2 500 \u00e0 3 000 euros pour un fumeur d&rsquo;un paquet par jour. Avec la nouvelle taxe, cette diff\u00e9rence pourrait se r\u00e9duire significativement, remettant en question l&rsquo;un des arguments majeurs en faveur du passage \u00e0 la vape.<\/span><\/p>\n<\/div>\n<div>\n<h2><span class=\"ez-toc-section\" id=\"Un_calendrier_dapplication_etale_dans_le_temps\"><\/span><b>Un calendrier d&rsquo;application \u00e9tal\u00e9 dans le temps<\/b><span class=\"ez-toc-section-end\"><\/span><\/h2>\n<p><span style=\"font-weight: 400;\">La mise en \u0153uvre de cette <\/span><b>taxation europ\u00e9enne<\/b><span style=\"font-weight: 400;\"> suit un calendrier l\u00e9gislatif complexe qui offre encore des possibilit\u00e9s d&rsquo;\u00e9volution. La version finale de la TED est attendue pour la fin de l&rsquo;ann\u00e9e 2025, mais le processus ne fait que commencer. Cette \u00e9tape repr\u00e9sente le point de d\u00e9part d&rsquo;un parcours l\u00e9gislatif europ\u00e9en particuli\u00e8rement exigeant, notamment en mati\u00e8re fiscale o\u00f9 l&rsquo;unanimit\u00e9 des \u00c9tats membres est requise.<\/span><\/p>\n<p><span style=\"font-weight: 400;\">Une fois le projet officiellement d\u00e9pos\u00e9 par la Commission europ\u00e9enne, il devra passer devant le Conseil ECOFIN, compos\u00e9 des ministres des Finances des 27 pays membres. Cette \u00e9tape s&rsquo;annonce cruciale et potentiellement longue. La derni\u00e8re version de la TED avait demand\u00e9 19 mois de pourparlers, et il faut s&rsquo;attendre \u00e0 des discussions tout aussi intenses pour cette nouvelle mouture. Les divergences d&rsquo;int\u00e9r\u00eats entre pays producteurs et consommateurs, ainsi que les diff\u00e9rentes approches nationales de sant\u00e9 publique, promettent des n\u00e9gociations tendues.<\/span><\/p>\n<p><span style=\"font-weight: 400;\">Le calendrier pr\u00e9visionnel place la validation d\u00e9finitive de la directive vers la <\/span><b>mi-2027<\/b><span style=\"font-weight: 400;\">. Ensuite, chaque \u00c9tat membre disposera d&rsquo;une p\u00e9riode de transposition en droit national, g\u00e9n\u00e9ralement comprise entre 1 et 2 ans. Les tarifs des e-liquides pourraient commencer \u00e0 changer dans les rayons, entre 2028 et 2030. Cette p\u00e9riode de transition offre aux professionnels du secteur et aux consommateurs un d\u00e9lai pour s&rsquo;adapter, mais aussi aux gouvernements nationaux la possibilit\u00e9 d&rsquo;influencer les modalit\u00e9s d&rsquo;application.<\/span><\/p>\n<\/div>\n<p><img decoding=\"async\" src=\"\/blog\/wp-content\/uploads\/2025\/06\/AdobeStock_216318180-scaled.jpeg\" alt=\"avocat-amandes-douces\"><\/p>\n<div>\n<h3><b>Les \u00e9tapes cl\u00e9s du processus l\u00e9gislatif\u00a0<\/b><\/h3>\n<p><span style=\"font-weight: 400;\">Le processus l\u00e9gislatif europ\u00e9en comprend plusieurs \u00e9tapes critiques qui pourraient modifier substantiellement le projet initial :<\/span><\/p>\n<ul>\n<li style=\"font-weight: 400;\" aria-level=\"1\"><b>2025<\/b><span style=\"font-weight: 400;\"> : Publication officielle de la proposition de directive<\/span><\/li>\n<li style=\"font-weight: 400;\" aria-level=\"1\"><b>2025-2027<\/b><span style=\"font-weight: 400;\"> : N\u00e9gociations au Conseil ECOFIN avec possibles amendements<\/span><\/li>\n<li style=\"font-weight: 400;\" aria-level=\"1\"><b>2027<\/b><span style=\"font-weight: 400;\"> : Vote \u00e0 l&rsquo;unanimit\u00e9 requis pour l&rsquo;adoption<\/span><\/li>\n<li style=\"font-weight: 400;\" aria-level=\"1\"><b>2027-2029<\/b><span style=\"font-weight: 400;\"> : P\u00e9riode de transposition dans les droits nationaux<\/span><\/li>\n<li style=\"font-weight: 400;\" aria-level=\"1\"><b>2028-2030<\/b><span style=\"font-weight: 400;\"> : Mise en application effective dans les \u00c9tats membres<\/span><\/li>\n<\/ul>\n<\/div>\n<div>\n<h2><span class=\"ez-toc-section\" id=\"Lharmonisation_fiscale_europeenne_en_marche\"><\/span><b>L&rsquo;harmonisation fiscale europ\u00e9enne en marche<\/b><span class=\"ez-toc-section-end\"><\/span><\/h2>\n<p><span style=\"font-weight: 400;\">Cette proposition de <\/span><b>taxation des e-liquides<\/b><span style=\"font-weight: 400;\"> s&rsquo;inscrit dans une d\u00e9marche plus large d&rsquo;harmonisation fiscale europ\u00e9enne. L&rsquo;objectif affich\u00e9 par Bruxelles d\u00e9passe le simple cadre du vapotage pour englober l&rsquo;ensemble des <\/span><b>nouveaux produits du tabac<\/b><span style=\"font-weight: 400;\">. Cette approche globale t\u00e9moigne d&rsquo;une volont\u00e9 politique forte de moderniser un arsenal fiscal con\u00e7u \u00e0 l&rsquo;\u00e9poque o\u00f9 la cigarette traditionnelle dominait le march\u00e9 sans partage.<\/span><\/p>\n<p><span style=\"font-weight: 400;\">Le <\/span><b>tabac chauff\u00e9<\/b><span style=\"font-weight: 400;\">, repr\u00e9sent\u00e9 notamment par les produits IQOS, subirait \u00e9galement des hausses substantielles. Les sticks seraient tax\u00e9s \u00e0 un niveau quasi align\u00e9 sur celui des cigarettes traditionnelles, avec environ 108 euros pour 1 000 sticks plus 55 % du prix de vente. Cette mesure vise \u00e0 \u00e9liminer l&rsquo;avantage fiscal dont b\u00e9n\u00e9ficient actuellement ces produits dans plusieurs pays europ\u00e9ens. L&rsquo;harmonisation toucherait \u00e9galement les <\/span><b>sachets de nicotine<\/b><span style=\"font-weight: 400;\">, avec un minimum fiscal progressivement relev\u00e9 \u00e0 143 euros par kilogramme.<\/span><\/p>\n<p><span style=\"font-weight: 400;\">Cette restructuration fiscale r\u00e9v\u00e8le une strat\u00e9gie europ\u00e9enne coh\u00e9rente : \u00e9liminer les disparit\u00e9s de traitement entre anciens et nouveaux produits nicotin\u00e9s. La Commission europ\u00e9enne anticipe des recettes fiscales suppl\u00e9mentaires consid\u00e9rables : 530 millions d&rsquo;euros pour les e-liquides, 140 millions pour les sachets de nicotine, sans compter les milliards attendus de la hausse sur les produits traditionnels. Ces chiffres illustrent l&rsquo;ampleur de la refonte envisag\u00e9e et son impact potentiel sur les habitudes de consommation europ\u00e9ennes.<\/span><\/p>\n<\/div>\n<div>\n<h3><b>Les enjeux de souverainet\u00e9 fiscale<\/b><\/h3>\n<p><span style=\"font-weight: 400;\">Cette harmonisation soul\u00e8ve \u00e9galement des questions de <\/span><b>souverainet\u00e9 fiscale nationale<\/b><span style=\"font-weight: 400;\">. Certains \u00c9tats membres, particuli\u00e8rement attach\u00e9s \u00e0 leur autonomie en mati\u00e8re de taxation, pourraient s&rsquo;opposer \u00e0 cette uniformisation. La France, qui a d\u00e9j\u00e0 suspendu sa propre taxe sur les e-liquides face aux protestations du secteur, se trouve dans une position d\u00e9licate entre ses engagements europ\u00e9ens et les pressions internes.<\/span><\/p>\n<\/div>\n<div>\n<h2><span class=\"ez-toc-section\" id=\"Des_alternatives_et_strategies_dadaptation\"><\/span><b>Des alternatives et strat\u00e9gies d&rsquo;adaptation<\/b><span class=\"ez-toc-section-end\"><\/span><\/h2>\n<p><span style=\"font-weight: 400;\">Face \u00e0 cette perspective de <\/span><b>hausse drastique des prix<\/b><span style=\"font-weight: 400;\">, les vapoteurs et les professionnels du secteur explorent d\u00e9j\u00e0 diverses strat\u00e9gies d&rsquo;adaptation. L&rsquo;une des voies les plus \u00e9videntes consiste \u00e0 optimiser les habitudes de consommation pour minimiser l&rsquo;impact fiscal. Cela pourrait passer par une transition vers des <\/span><b>e-liquides moins dos\u00e9s en nicotine<\/b><span style=\"font-weight: 400;\">, b\u00e9n\u00e9ficiant d&rsquo;une taxation plus favorable, ou par l&rsquo;adoption de mat\u00e9riels plus efficaces permettant de r\u00e9duire la consommation globale de liquide.<\/span><\/p>\n<p><span style=\"font-weight: 400;\">Le <\/span><b>march\u00e9 du DIY<\/b><span style=\"font-weight: 400;\"> (Do It Yourself) pourrait conna\u00eetre un regain d&rsquo;int\u00e9r\u00eat, malgr\u00e9 les mesures europ\u00e9ennes visant \u00e0 le limiter. Les vapoteurs pourraient se tourner vers l&rsquo;achat d&rsquo;ar\u00f4mes concentr\u00e9s et de bases neutres pour reconstituer leurs propres m\u00e9langes. Cependant, cette pratique n\u00e9cessite des connaissances techniques et du temps, ce qui la rend moins accessible au grand public. Les professionnels comme Oliquide pourraient d\u00e9velopper des offres d&rsquo;accompagnement et de formation pour r\u00e9pondre \u00e0 cette demande croissante.<\/span><\/p>\n<p><span style=\"font-weight: 400;\">L&rsquo;innovation technologique repr\u00e9sente \u00e9galement une piste d&rsquo;adaptation prometteuse. Le d\u00e9veloppement de <\/span><b>clearomiseurs plus efficaces<\/b><span style=\"font-weight: 400;\"> et de <\/span><b>r\u00e9sistances optimis\u00e9es<\/b><span style=\"font-weight: 400;\"> pourrait permettre de r\u00e9duire la consommation d&rsquo;e-liquide sans compromettre l&rsquo;exp\u00e9rience de vapotage. Cette course \u00e0 l&rsquo;efficacit\u00e9 \u00e9nerg\u00e9tique et mat\u00e9rielle pourrait transformer positivement l&rsquo;industrie, encourageant l&rsquo;innovation et la qualit\u00e9 plut\u00f4t que la seule comp\u00e9titivit\u00e9 prix.<\/span><\/p>\n<p><span style=\"font-weight: 400;\">Pour les <\/span><b>distributeurs sp\u00e9cialis\u00e9s<\/b><span style=\"font-weight: 400;\">, l&rsquo;adaptation passera n\u00e9cessairement par une restructuration de l&rsquo;offre commerciale. Les strat\u00e9gies de fid\u00e9lisation client prendront une importance accrue, avec des programmes d&rsquo;avantages renforc\u00e9s et des conseils personnalis\u00e9s pour optimiser les co\u00fbts de consommation. La <\/span><b>qualit\u00e9 du service client<\/b><span style=\"font-weight: 400;\"> et l&rsquo;expertise conseil deviendront des facteurs diff\u00e9renciants majeurs dans un march\u00e9 o\u00f9 le prix ne sera plus l&rsquo;argument principal.<\/span><\/p>\n<\/div>\n<div>\n<h3><b>Les opportunit\u00e9s du march\u00e9 fran\u00e7ais<\/b><\/h3>\n<p><span style=\"font-weight: 400;\">Le march\u00e9 fran\u00e7ais pourrait tirer parti de cette harmonisation europ\u00e9enne pour renforcer sa position. Les <\/span><b>fabricants fran\u00e7ais d&rsquo;e-liquides<\/b><span style=\"font-weight: 400;\">, reconnus pour leur qualit\u00e9 et leur respect des normes AFNOR, pourraient b\u00e9n\u00e9ficier d&rsquo;un avantage concurrentiel face \u00e0 des produits import\u00e9s moins chers mais de qualit\u00e9 moindre. Cette taxation pourrait paradoxalement favoriser la mont\u00e9e en gamme du secteur et la valorisation du <\/span><b>made in France<\/b><span style=\"font-weight: 400;\"> dans le vapotage.<\/span><\/p>\n<\/div>\n<p><img decoding=\"async\" src=\"\/blog\/wp-content\/uploads\/2024\/05\/Afnor-certification-3-1.jpg\" alt=\"\"><\/p>\n<div>\n<h2><span class=\"ez-toc-section\" id=\"Vers_un_avenir_incertain_pour_le_vapotage_europeen\"><\/span><b>Vers un avenir incertain pour le vapotage europ\u00e9en<\/b><span class=\"ez-toc-section-end\"><\/span><\/h2>\n<p><span style=\"font-weight: 400;\">L&rsquo;avenir du <\/span><b>vapotage en Europe<\/b><span style=\"font-weight: 400;\"> se dessine sous le signe de l&rsquo;incertitude et de la transformation profonde. Cette proposition de taxation massive repr\u00e9sente un tournant historique pour une industrie qui a connu une croissance exponentielle ces derni\u00e8res ann\u00e9es. Les enjeux d\u00e9passent largement la simple question fiscale pour toucher aux politiques de sant\u00e9 publique, \u00e0 la lutte contre le tabagisme et \u00e0 l&rsquo;\u00e9quilibre \u00e9conomique d&rsquo;un secteur employant plusieurs dizaines de milliers de personnes en Europe.<\/span><\/p>\n<p><span style=\"font-weight: 400;\">Les <\/span><b>associations de vapoteurs<\/b><span style=\"font-weight: 400;\"> et les professionnels du secteur multiplient d\u00e9j\u00e0 les initiatives de sensibilisation et de lobbying pour tenter d&rsquo;influencer le processus l\u00e9gislatif. Leur argument principal repose sur le risque de voir cette taxation compromettre l&rsquo;efficacit\u00e9 de la cigarette \u00e9lectronique comme outil de sevrage tabagique. Les \u00e9tudes scientifiques d\u00e9montrant la sup\u00e9riorit\u00e9 de la vape sur les autres m\u00e9thodes d&rsquo;arr\u00eat du tabac constituent leur principal atout dans cette bataille d&rsquo;influence.<\/span><\/p>\n<p><span style=\"font-weight: 400;\">L&rsquo;impact sur la <\/span><b>sant\u00e9 publique europ\u00e9enne<\/b><span style=\"font-weight: 400;\"> reste difficile \u00e0 \u00e9valuer. Si la taxation d\u00e9courage effectivement l&rsquo;usage de la nicotine, elle pourrait contribuer \u00e0 r\u00e9duire les addictions. Mais si elle pousse les vapoteurs vers le tabac traditionnel ou vers des produits de contrebande moins s\u00fbrs, les effets pourraient \u00eatre contre-productifs. La Commission s&rsquo;attend \u00e0 ce que ces mesures fassent diminuer les ventes des produits du vapotage de 17 %, mais les cons\u00e9quences r\u00e9elles sur les comportements de consommation restent impr\u00e9visibles.<\/span><\/p>\n<p><span style=\"font-weight: 400;\">Pour les <\/span><b>consommateurs fran\u00e7ais<\/b><span style=\"font-weight: 400;\">, cette p\u00e9riode d&rsquo;incertitude impose une r\u00e9flexion sur leurs habitudes et leurs priorit\u00e9s. L&rsquo;anticipation devient un enjeu majeur : constituer des stocks avant l&rsquo;application effective de la taxe, optimiser ses m\u00e9thodes de vapotage, ou explorer les alternatives disponibles. Les <\/span><em><a href=\"https:\/\/www.oliquide.com\/\"><b>sites sp\u00e9cialis\u00e9s comme Oliquide<\/b><\/a><\/em><span style=\"font-weight: 400;\"> jouent un r\u00f4le crucial d&rsquo;information et d&rsquo;accompagnement dans cette transition, en proposant des conseils personnalis\u00e9s et des solutions adapt\u00e9es \u00e0 chaque profil de vapoteur.<\/span><\/p>\n<p><span style=\"font-weight: 400;\">La p\u00e9riode 2025-2030 s&rsquo;annonce donc comme une phase de transformation majeure pour l&rsquo;industrie europ\u00e9enne du vapotage. Entre adaptations technologiques, \u00e9volutions r\u00e9glementaires et changements de comportements consommateurs, le secteur devra faire preuve d&rsquo;une agilit\u00e9 remarquable pour traverser cette r\u00e9volution fiscale tout en pr\u00e9servant sa mission premi\u00e8re : offrir une alternative cr\u00e9dible et accessible au tabagisme traditionnel.<\/span><\/p>\n<\/div>\n<div>\n<h2><span class=\"ez-toc-section\" id=\"FAQ\"><\/span><strong>FAQ<\/strong><span class=\"ez-toc-section-end\"><\/span><\/h2>\n<\/div>\n<ul>\n<li>\n<h3>La taxe de 3,60 \u20ac par flacon de 10 ml est-elle d\u00e9j\u00e0 en vigueur ?<\/h3>\n<div>\n<p>Non. Cette mesure n\u2019est pas encore appliqu\u00e9e. Elle fait partie d\u2019un projet de directive europ\u00e9enne, en cours de n\u00e9gociation. Sa mise en application pourrait d\u00e9buter entre 2028 et 2030, apr\u00e8s plusieurs \u00e9tapes l\u00e9gislatives.<\/p>\n<\/div>\n<\/li>\n<li>\n<h3> Tous les e-liquides seront-ils concern\u00e9s par la taxe ?<\/h3>\n<div>\n<p>Oui. M\u00eame les e-liquides sans nicotine seront tax\u00e9s \u00e0 hauteur de 0,12 \u20ac par ml (soit 1,20 \u20ac pour un flacon de 10 ml). Les liquides avec plus de 10 mg\/ml de nicotine seront les plus touch\u00e9s, \u00e0 0,36 \u20ac par ml.<\/p>\n<\/div>\n<\/li>\n<li>\n<h3>Pourquoi l\u2019Union europ\u00e9enne souhaite-t-elle taxer les e-liquides ?<\/h3>\n<div>\n<p>L\u2019objectif est d\u2019harmoniser la fiscalit\u00e9 entre les pays membres et de limiter la consommation de nicotine en rendant les produits de vapotage moins accessibles financi\u00e8rement.<\/p>\n<\/div>\n<\/li>\n<li>\n<h3>Quel sera l\u2019impact pour les vapoteurs fran\u00e7ais ?<\/h3>\n<div>\n<p>Un vapoteur r\u00e9gulier pourrait payer entre 125 \u20ac et 375 \u20ac de plus par an. Pour les gros consommateurs, la hausse pourrait d\u00e9passer les 1 000 \u20ac par an.<\/p>\n<\/div>\n<\/li>\n<li>\n<h3>Quelles alternatives s\u2019offrent aux vapoteurs pour limiter les co\u00fbts ?<\/h3>\n<div>\n<p>Utiliser des e-liquides moins dos\u00e9s en nicotine, investir dans du mat\u00e9riel plus \u00e9conome, se tourner vers le DIY (malgr\u00e9 la taxation), ou profiter des conseils des boutiques sp\u00e9cialis\u00e9es comme <em data-start=\"1506\" data-end=\"1516\">Oliquide<\/em>.<\/p>\n<\/div>\n<\/li>\n<li>\n<h3>Est-ce que cela pourrait favoriser le retour au tabac ?<\/h3>\n<div>\n<p>C\u2019est un risque. Si les co\u00fbts du vapotage deviennent trop \u00e9lev\u00e9s, certains utilisateurs pourraient revenir vers la cigarette classique, moins ch\u00e8re \u00e0 court terme mais beaucoup plus nocive.<\/p>\n<\/div>\n<\/li>\n<li>\n<h3>Le march\u00e9 fran\u00e7ais peut-il tirer son \u00e9pingle du jeu ?<\/h3>\n<div>\n<p>Oui. Les fabricants fran\u00e7ais, r\u00e9put\u00e9s pour leur qualit\u00e9 et leur conformit\u00e9 (normes AFNOR, Origine France Garantie), pourraient valoriser leur savoir-faire face aux produits import\u00e9s bas de gamme.<\/p>\n<\/div>\n<\/li>\n<\/ul>\n<p><!--more--><br \/>\n<!-- {\"type\":\"layout\",\"children\":[{\"type\":\"section\",\"props\":{\"image_position\":\"center-center\",\"padding\":\"xsmall\",\"style\":\"default\",\"title_breakpoint\":\"xl\",\"title_position\":\"top-left\",\"title_rotation\":\"left\",\"vertical_align\":\"middle\",\"width\":\"default\"},\"children\":[{\"type\":\"row\",\"children\":[{\"type\":\"column\",\"props\":{\"image_position\":\"center-center\",\"position_sticky_breakpoint\":\"m\"},\"children\":[{\"type\":\"image\",\"props\":{\"image\":\"wp-content\\\/uploads\\\/2025\\\/06\\\/AdobeStock_158258819-scaled.jpeg\",\"image_alt\":\"tout savoir sur les huiles de CBD\",\"image_box_decoration\":\"mask\",\"image_height\":350,\"image_svg_color\":\"emphasis\",\"image_width\":1505,\"margin\":\"default\"}},{\"type\":\"headline\",\"props\":{\"content\":\"\n\n<h1>Taxe UE e-cigarette : 3,60\\u20ac par flacon en 2025\\u00a0<\\\/h1>\",\"title_element\":\"h1\"}},{\"type\":\"text\",\"props\":{\"column_breakpoint\":\"m\",\"content\":\"\n\n<h2><strong>E-cigarette : l'UE envisage une taxe de 3,60 \\u20ac par flacon<\\\/strong><\\\/h2>\\n\n\n<p>L'actualit\\u00e9 europ\\u00e9enne frappe de plein fouet le monde du vapotage. Un document confidentiel de la <strong>Commission europ\\u00e9enne<\\\/strong> vient de r\\u00e9v\\u00e9ler des projets de taxation massive sur les e-liquides. Cette fuite d\\u00e9voile une volont\\u00e9 d'harmoniser la fiscalit\\u00e9 europ\\u00e9enne avec des hausses spectaculaires \\u00e0 la cl\\u00e9. Pour les <strong>vapoteurs fran\\u00e7ais<\\\/strong>, cette nouvelle repr\\u00e9sente un bouleversement majeur qui pourrait transformer radicalement leur rapport \\u00e0 la <strong>cigarette <\\\/strong><strong>\\u00e9lectronique.<\\\/strong><\\\/p>\\n\n\n<p><br \\\/>La proposition europ\\u00e9enne pr\\u00e9voit d'imposer jusqu'\\u00e0 <strong>3,60 euros de taxes<\\\/strong> sur un simple flacon de 10 ml d'e-liquide. Cette mesure s'inscrit dans une refonte globale de la directive europ\\u00e9enne sur les droits d'accise du tabac, baptis\\u00e9e TED (Tobacco Excise Directive). L'objectif affich\\u00e9 : r\\u00e9duire la consommation de nicotine \\u00e0 travers l'Europe en rendant ces produits moins accessibles financi\\u00e8rement.<\\\/p>\\n\n\n<p><br \\\/>Pour comprendre l'mpleur de cette mesure, il faut savoir qu'aujourd'hui, un <strong>flacon d'e- <\\\/strong><strong>liquide de 10 ml<\\\/strong> co\\u00fbte en moyenne entre 4 et 6 euros. Avec cette taxe, le prix pourrait doubler, voire tripler, transformant compl\\u00e8tement l'\\u00e9quation \\u00e9conomique du vapotage. Cette \\u00e9volution majeure risque de remettre en question l'accessibilit\\u00e9 de la<strong> cigarette \\u00e9lectronique\\u00a0 <\\\/strong>comme alternative au tabac traditionnel.<\\\/p>\",\"margin\":\"default\"}},{\"type\":\"html\",\"props\":{\"content\":\"[ez-toc]\"}}]}]}]},{\"type\":\"section\",\"props\":{\"image_position\":\"center-center\",\"padding\":\"xsmall\",\"style\":\"default\",\"title_breakpoint\":\"xl\",\"title_position\":\"top-left\",\"title_rotation\":\"left\",\"vertical_align\":\"middle\",\"width\":\"default\"},\"children\":[{\"type\":\"row\",\"children\":[{\"type\":\"column\",\"props\":{\"image_position\":\"center-center\",\"position_sticky_breakpoint\":\"m\"},\"children\":[{\"type\":\"text\",\"props\":{\"column_breakpoint\":\"m\",\"content\":\"\n\n<h2><b>Le bar\\u00e8me europ\\u00e9en : une taxation \\u00e0 deux vitesses<\\\/b><\\\/h2>\\n\n\n<p><span style=\\\"font-weight: 400;\\\">Le document europ\\u00e9en r\\u00e9v\\u00e8le un syst\\u00e8me de <\\\/span><b>taxation diff\\u00e9renci\\u00e9e<\\\/b><span style=\\\"font-weight: 400;\\\"> particuli\\u00e8rement sophistiqu\\u00e9. Cette approche \\u00e0 deux paliers distingue les e-liquides selon leur <\\\/span><b>taux de nicotine<\\\/b><span style=\\\"font-weight: 400;\\\">, avec des cons\\u00e9quences financi\\u00e8res drastiques pour les consommateurs. Les e-liquides contenant moins de 10 mg\\\/ml de nicotine seraient tax\\u00e9s \\u00e0 hauteur de 12 centimes par millilitre, soit 1,20 euro pour un flacon de 10 ml. Une premi\\u00e8re marche qui reste relativement mod\\u00e9r\\u00e9e mais qui constitue d\\u00e9j\\u00e0 une hausse significative pour les budgets des vapoteurs r\\u00e9guliers.<\\\/span><\\\/p>\\n\n\n<p><span style=\\\"font-weight: 400;\\\">La v\\u00e9ritable surprise r\\u00e9side dans le traitement r\\u00e9serv\\u00e9 aux <\\\/span><b>e-liquides fortement dos\\u00e9s<\\\/b><span style=\\\"font-weight: 400;\\\">. Ceux contenant plus de 10 mg\\\/ml de nicotine subiraient une taxation de 36 centimes par millilitre, soit 3,60 euros pour un flacon standard de 10 ml. Cette diff\\u00e9renciation refl\\u00e8te une volont\\u00e9 politique claire : d\\u00e9courager l'usage des produits fortement nicotin\\u00e9s tout en pr\\u00e9servant partiellement l'acc\\u00e8s aux produits de sevrage tabagique. Cette logique \\u00e0 deux vitesses pourrait cependant cr\\u00e9er des distorsions de march\\u00e9 importantes.<\\\/span><\\\/p>\\n\n\n<p><span style=\\\"font-weight: 400;\\\">Plus pr\\u00e9occupant encore, les <\\\/span><b>e-liquides sans nicotine<\\\/b><span style=\\\"font-weight: 400;\\\"> ne b\\u00e9n\\u00e9ficient d'aucune exemption. Ils entrent automatiquement dans la cat\\u00e9gorie des produits faiblement dos\\u00e9s, subissant donc la taxation de 12 centimes par millilitre. Cette mesure vise explicitement \\u00e0 limiter la <\\\/span><b>pratique du DIY<\\\/b><span style=\\\"font-weight: 400;\\\"> (Do It Yourself), o\\u00f9 les vapoteurs m\\u00e9langent leurs propres e-liquides. L'objectif europ\\u00e9en est clair : fermer toutes les \\u00e9chappatoires possibles pour maintenir l'efficacit\\u00e9 fiscale de la mesure.<\\\/span><\\\/p>\",\"margin\":\"default\"}}]}]}]},{\"type\":\"section\",\"props\":{\"image_position\":\"center-center\",\"padding\":\"xsmall\",\"style\":\"default\",\"title_breakpoint\":\"xl\",\"title_position\":\"top-left\",\"title_rotation\":\"left\",\"vertical_align\":\"middle\",\"width\":\"default\"},\"children\":[{\"type\":\"row\",\"props\":{\"layout\":\"2-3,1-3\"},\"children\":[{\"type\":\"column\",\"props\":{\"image_position\":\"center-center\",\"position_sticky_breakpoint\":\"m\",\"vertical_align\":\"middle\",\"width_medium\":\"2-3\"},\"children\":[{\"type\":\"text\",\"props\":{\"column_breakpoint\":\"m\",\"content\":\"\n\n<h3><b>Impact sur les diff\\u00e9rents types d'e-liquides<\\\/b><\\\/h3>\\n\n\n<p><span style=\\\"font-weight: 400;\\\">Cette taxation diff\\u00e9renci\\u00e9e aura des r\\u00e9percussions variables selon les habitudes de consommation. Les <\\\/span><b>vapoteurs d\\u00e9butants<\\\/b><span style=\\\"font-weight: 400;\\\">, qui utilisent g\\u00e9n\\u00e9ralement des taux de nicotine \\u00e9lev\\u00e9s pour leur sevrage tabagique, seront les plus impact\\u00e9s. Un flacon de 10 ml \\u00e0 18 mg\\\/ml, actuellement vendu autour de 5 euros, pourrait atteindre pr\\u00e8s de 9 euros avec cette taxe. Pour les utilisateurs confirm\\u00e9s, pass\\u00e9s \\u00e0 des taux plus faibles, l'impact reste significatif mais plus mod\\u00e9r\\u00e9, avec une hausse d'environ 1,20 euro par flacon.<\\\/span><\\\/p>\",\"margin\":\"default\"}}]},{\"type\":\"column\",\"props\":{\"image_position\":\"center-center\",\"position_sticky_breakpoint\":\"m\",\"vertical_align\":\"middle\",\"width_medium\":\"1-3\"},\"children\":[{\"type\":\"image\",\"props\":{\"image\":\"wp-content\\\/uploads\\\/2025\\\/06\\\/AdobeStock_81161330-scaled.jpeg\",\"image_alt\":\"tout savoir sur les huiles de CBD\",\"image_svg_color\":\"emphasis\",\"margin\":\"default\",\"text_align\":\"center\"}}]}]}]},{\"type\":\"section\",\"props\":{\"image_position\":\"center-center\",\"padding\":\"xsmall\",\"style\":\"default\",\"title_breakpoint\":\"xl\",\"title_position\":\"top-left\",\"title_rotation\":\"left\",\"vertical_align\":\"middle\",\"width\":\"default\"},\"children\":[{\"type\":\"row\",\"children\":[{\"type\":\"column\",\"props\":{\"image_position\":\"center-center\",\"position_sticky_breakpoint\":\"m\"},\"children\":[{\"type\":\"text\",\"props\":{\"column_breakpoint\":\"m\",\"content\":\"\n\n<h2><b>Les cons\\u00e9quences financi\\u00e8res pour les vapoteurs fran\\u00e7ais<\\\/b><\\\/h2>\\n\n\n<p><span style=\\\"font-weight: 400;\\\">L'impact financier de cette <\\\/span><b>taxe europ\\u00e9enne<\\\/b><span style=\\\"font-weight: 400;\\\"> sur les <\\\/span><b>vapoteurs fran\\u00e7ais<\\\/b><span style=\\\"font-weight: 400;\\\"> s'annonce consid\\u00e9rable. Pour un consommateur moyen utilisant deux flacons de 10 ml par semaine, la facture annuelle pourrait augmenter de 125 \\u00e0 375 euros selon le type d'e-liquide consomm\\u00e9. Cette hausse repr\\u00e9sente un bouleversement \\u00e9conomique majeur pour les 3,8 millions de vapoteurs fran\\u00e7ais, dont beaucoup ont choisi la cigarette \\u00e9lectronique pour des raisons financi\\u00e8res autant que sanitaires.<\\\/span><\\\/p>\\n\n\n<p><span style=\\\"font-weight: 400;\\\">La situation devient particuli\\u00e8rement critique pour les <\\\/span><b>gros consommateurs<\\\/b><span style=\\\"font-weight: 400;\\\">. Un vapoteur utilisant quotidiennement des e-liquides fortement dos\\u00e9s pourrait voir sa facture annuelle augmenter de plus de 1 000 euros. Cette explosion des co\\u00fbts risque de pousser de nombreux utilisateurs vers des alternatives moins s\\u00fbres : retour au tabac traditionnel, achats transfrontaliers ou march\\u00e9 parall\\u00e8le. L'effet pervers de cette mesure pourrait donc \\u00eatre exactement inverse \\u00e0 l'objectif de sant\\u00e9 publique affich\\u00e9.<\\\/span><\\\/p>\\n\n\n<p><span style=\\\"font-weight: 400;\\\">Pour les <\\\/span><b>professionnels du secteur<\\\/b><span style=\\\"font-weight: 400;\\\">, comme les boutiques sp\\u00e9cialis\\u00e9es et les sites de vente en ligne tels qu'Oliquide, les d\\u00e9fis sont multiples. La r\\u00e9percussion de cette taxe sur les prix de vente n\\u00e9cessitera une adaptation compl\\u00e8te des strat\\u00e9gies commerciales. Les marges, d\\u00e9j\\u00e0 serr\\u00e9es dans un secteur concurrentiel, devront \\u00eatre repens\\u00e9es pour maintenir l'attractivit\\u00e9 des offres. Cette situation pourrait \\u00e9galement acc\\u00e9l\\u00e9rer la concentration du march\\u00e9 au d\\u00e9triment des plus petits acteurs.<\\\/span><\\\/p>\",\"margin\":\"default\"}}]}]}]},{\"type\":\"section\",\"props\":{\"image_position\":\"center-center\",\"padding\":\"xsmall\",\"style\":\"default\",\"title_breakpoint\":\"xl\",\"title_position\":\"top-left\",\"title_rotation\":\"left\",\"vertical_align\":\"middle\",\"width\":\"default\"},\"children\":[{\"type\":\"row\",\"props\":{\"layout\":\"1-2,1-2\"},\"children\":[{\"type\":\"column\",\"props\":{\"image_position\":\"center-center\",\"position_sticky_breakpoint\":\"m\",\"vertical_align\":\"middle\",\"width_medium\":\"2-5\"},\"children\":[{\"type\":\"image\",\"props\":{\"image\":\"wp-content\\\/uploads\\\/2025\\\/06\\\/AdobeStock_1444250178-scaled.jpeg\",\"image_alt\":\"bouteille-huile-cbd\",\"image_box_decoration\":\"mask\",\"image_svg_color\":\"emphasis\",\"margin\":\"default\"}}]},{\"type\":\"column\",\"props\":{\"image_position\":\"center-center\",\"position_sticky_breakpoint\":\"m\",\"vertical_align\":\"middle\",\"width_medium\":\"3-5\"},\"children\":[{\"type\":\"text\",\"props\":{\"column_breakpoint\":\"m\",\"content\":\"\n\n<h3><b>Comparaison avec les co\\u00fbts du tabac traditionnel<\\\/b><\\\/h3>\\n\n\n<ol><\\\/ol>\\n\n\n<p><span style=\\\"font-weight: 400;\\\">Paradoxalement, cette taxation pourrait r\\u00e9duire l'avantage \\u00e9conomique de la <\\\/span><b>cigarette \\u00e9lectronique<\\\/b><span style=\\\"font-weight: 400;\\\"> face au tabac traditionnel. Actuellement, un vapoteur d\\u00e9pense en moyenne 600 \\u00e0 800 euros par an, contre 2 500 \\u00e0 3 000 euros pour un fumeur d'un paquet par jour. Avec la nouvelle taxe, cette diff\\u00e9rence pourrait se r\\u00e9duire significativement, remettant en question l'un des arguments majeurs en faveur du passage \\u00e0 la vape.<\\\/span><\\\/p>\",\"margin\":\"default\"}}]}]}]},{\"type\":\"section\",\"props\":{\"image_position\":\"center-center\",\"padding\":\"xsmall\",\"style\":\"default\",\"title_breakpoint\":\"xl\",\"title_position\":\"top-left\",\"title_rotation\":\"left\",\"vertical_align\":\"middle\",\"width\":\"default\"},\"children\":[{\"type\":\"row\",\"children\":[{\"type\":\"column\",\"props\":{\"image_position\":\"center-center\",\"position_sticky_breakpoint\":\"m\",\"vertical_align\":\"middle\"},\"children\":[{\"type\":\"text\",\"props\":{\"column_breakpoint\":\"m\",\"content\":\"\n\n<h2><b>Un calendrier d'application \\u00e9tal\\u00e9 dans le temps<\\\/b><\\\/h2>\\n\n\n<p><span style=\\\"font-weight: 400;\\\">La mise en \\u0153uvre de cette <\\\/span><b>taxation europ\\u00e9enne<\\\/b><span style=\\\"font-weight: 400;\\\"> suit un calendrier l\\u00e9gislatif complexe qui offre encore des possibilit\\u00e9s d'\\u00e9volution. La version finale de la TED est attendue pour la fin de l'ann\\u00e9e 2025, mais le processus ne fait que commencer. Cette \\u00e9tape repr\\u00e9sente le point de d\\u00e9part d'un parcours l\\u00e9gislatif europ\\u00e9en particuli\\u00e8rement exigeant, notamment en mati\\u00e8re fiscale o\\u00f9 l'unanimit\\u00e9 des \\u00c9tats membres est requise.<\\\/span><\\\/p>\\n\n\n<p><span style=\\\"font-weight: 400;\\\">Une fois le projet officiellement d\\u00e9pos\\u00e9 par la Commission europ\\u00e9enne, il devra passer devant le Conseil ECOFIN, compos\\u00e9 des ministres des Finances des 27 pays membres. Cette \\u00e9tape s'annonce cruciale et potentiellement longue. La derni\\u00e8re version de la TED avait demand\\u00e9 19 mois de pourparlers, et il faut s'attendre \\u00e0 des discussions tout aussi intenses pour cette nouvelle mouture. Les divergences d'int\\u00e9r\\u00eats entre pays producteurs et consommateurs, ainsi que les diff\\u00e9rentes approches nationales de sant\\u00e9 publique, promettent des n\\u00e9gociations tendues.<\\\/span><\\\/p>\\n\n\n<p><span style=\\\"font-weight: 400;\\\">Le calendrier pr\\u00e9visionnel place la validation d\\u00e9finitive de la directive vers la <\\\/span><b>mi-2027<\\\/b><span style=\\\"font-weight: 400;\\\">. Ensuite, chaque \\u00c9tat membre disposera d'une p\\u00e9riode de transposition en droit national, g\\u00e9n\\u00e9ralement comprise entre 1 et 2 ans. Les tarifs des e-liquides pourraient commencer \\u00e0 changer dans les rayons, entre 2028 et 2030. Cette p\\u00e9riode de transition offre aux professionnels du secteur et aux consommateurs un d\\u00e9lai pour s'adapter, mais aussi aux gouvernements nationaux la possibilit\\u00e9 d'influencer les modalit\\u00e9s d'application.<\\\/span><\\\/p>\",\"margin\":\"default\"}}]}]}]},{\"type\":\"section\",\"props\":{\"image_position\":\"center-center\",\"style\":\"default\",\"title_breakpoint\":\"xl\",\"title_position\":\"top-left\",\"title_rotation\":\"left\",\"vertical_align\":\"middle\",\"width\":\"default\"},\"children\":[{\"type\":\"row\",\"props\":{\"layout\":\"1-2,1-2\"},\"children\":[{\"type\":\"column\",\"props\":{\"image_position\":\"center-center\",\"position_sticky_breakpoint\":\"m\",\"vertical_align\":\"middle\",\"width_medium\":\"1-2\"},\"children\":[{\"type\":\"image\",\"props\":{\"image\":\"wp-content\\\/uploads\\\/2025\\\/06\\\/AdobeStock_216318180-scaled.jpeg\",\"image_alt\":\"avocat-amandes-douces\",\"image_svg_color\":\"emphasis\",\"margin\":\"default\"}}]},{\"type\":\"column\",\"props\":{\"image_position\":\"center-center\",\"position_sticky_breakpoint\":\"m\",\"vertical_align\":\"middle\",\"width_medium\":\"1-2\"},\"children\":[{\"type\":\"text\",\"props\":{\"column_breakpoint\":\"m\",\"content\":\"\n\n<h3><b>Les \\u00e9tapes cl\\u00e9s du processus l\\u00e9gislatif\\u00a0<\\\/b><\\\/h3>\\n\n\n<p><span style=\\\"font-weight: 400;\\\">Le processus l\\u00e9gislatif europ\\u00e9en comprend plusieurs \\u00e9tapes critiques qui pourraient modifier substantiellement le projet initial :<\\\/span><\\\/p>\\n\n\n<ul>\\n\n\n<li style=\\\"font-weight: 400;\\\" aria-level=\\\"1\\\"><b>2025<\\\/b><span style=\\\"font-weight: 400;\\\"> : Publication officielle de la proposition de directive<\\\/span><\\\/li>\\n\n\n<li style=\\\"font-weight: 400;\\\" aria-level=\\\"1\\\"><b>2025-2027<\\\/b><span style=\\\"font-weight: 400;\\\"> : N\\u00e9gociations au Conseil ECOFIN avec possibles amendements<\\\/span><\\\/li>\\n\n\n<li style=\\\"font-weight: 400;\\\" aria-level=\\\"1\\\"><b>2027<\\\/b><span style=\\\"font-weight: 400;\\\"> : Vote \\u00e0 l'unanimit\\u00e9 requis pour l'adoption<\\\/span><\\\/li>\\n\n\n<li style=\\\"font-weight: 400;\\\" aria-level=\\\"1\\\"><b>2027-2029<\\\/b><span style=\\\"font-weight: 400;\\\"> : P\\u00e9riode de transposition dans les droits nationaux<\\\/span><\\\/li>\\n\n\n<li style=\\\"font-weight: 400;\\\" aria-level=\\\"1\\\"><b>2028-2030<\\\/b><span style=\\\"font-weight: 400;\\\"> : Mise en application effective dans les \\u00c9tats membres<\\\/span><\\\/li>\\n<\\\/ul>\",\"margin\":\"default\"}}]}]}]},{\"type\":\"section\",\"props\":{\"image_position\":\"center-center\",\"padding\":\"xsmall\",\"style\":\"default\",\"title_breakpoint\":\"xl\",\"title_position\":\"top-left\",\"title_rotation\":\"left\",\"vertical_align\":\"middle\",\"width\":\"default\"},\"children\":[{\"type\":\"row\",\"children\":[{\"type\":\"column\",\"props\":{\"image_position\":\"center-center\",\"position_sticky_breakpoint\":\"m\"},\"children\":[{\"type\":\"text\",\"props\":{\"column_breakpoint\":\"m\",\"content\":\"\n\n<h2><b>L'harmonisation fiscale europ\\u00e9enne en marche<\\\/b><\\\/h2>\\n\n\n<p><span style=\\\"font-weight: 400;\\\">Cette proposition de <\\\/span><b>taxation des e-liquides<\\\/b><span style=\\\"font-weight: 400;\\\"> s'inscrit dans une d\\u00e9marche plus large d'harmonisation fiscale europ\\u00e9enne. L'objectif affich\\u00e9 par Bruxelles d\\u00e9passe le simple cadre du vapotage pour englober l'ensemble des <\\\/span><b>nouveaux produits du tabac<\\\/b><span style=\\\"font-weight: 400;\\\">. Cette approche globale t\\u00e9moigne d'une volont\\u00e9 politique forte de moderniser un arsenal fiscal con\\u00e7u \\u00e0 l'\\u00e9poque o\\u00f9 la cigarette traditionnelle dominait le march\\u00e9 sans partage.<\\\/span><\\\/p>\\n\n\n<p><span style=\\\"font-weight: 400;\\\">Le <\\\/span><b>tabac chauff\\u00e9<\\\/b><span style=\\\"font-weight: 400;\\\">, repr\\u00e9sent\\u00e9 notamment par les produits IQOS, subirait \\u00e9galement des hausses substantielles. Les sticks seraient tax\\u00e9s \\u00e0 un niveau quasi align\\u00e9 sur celui des cigarettes traditionnelles, avec environ 108 euros pour 1 000 sticks plus 55 % du prix de vente. Cette mesure vise \\u00e0 \\u00e9liminer l'avantage fiscal dont b\\u00e9n\\u00e9ficient actuellement ces produits dans plusieurs pays europ\\u00e9ens. L'harmonisation toucherait \\u00e9galement les <\\\/span><b>sachets de nicotine<\\\/b><span style=\\\"font-weight: 400;\\\">, avec un minimum fiscal progressivement relev\\u00e9 \\u00e0 143 euros par kilogramme.<\\\/span><\\\/p>\\n\n\n<p><span style=\\\"font-weight: 400;\\\">Cette restructuration fiscale r\\u00e9v\\u00e8le une strat\\u00e9gie europ\\u00e9enne coh\\u00e9rente : \\u00e9liminer les disparit\\u00e9s de traitement entre anciens et nouveaux produits nicotin\\u00e9s. La Commission europ\\u00e9enne anticipe des recettes fiscales suppl\\u00e9mentaires consid\\u00e9rables : 530 millions d'euros pour les e-liquides, 140 millions pour les sachets de nicotine, sans compter les milliards attendus de la hausse sur les produits traditionnels. Ces chiffres illustrent l'ampleur de la refonte envisag\\u00e9e et son impact potentiel sur les habitudes de consommation europ\\u00e9ennes.<\\\/span><\\\/p>\",\"margin\":\"default\"}}]}]}]},{\"type\":\"section\",\"props\":{\"image_position\":\"center-center\",\"style\":\"default\",\"title_breakpoint\":\"xl\",\"title_position\":\"top-left\",\"title_rotation\":\"left\",\"vertical_align\":\"middle\",\"width\":\"default\"},\"children\":[{\"type\":\"row\",\"children\":[{\"type\":\"column\",\"props\":{\"image_position\":\"center-center\",\"position_sticky_breakpoint\":\"m\"},\"children\":[{\"type\":\"text\",\"props\":{\"column_breakpoint\":\"m\",\"content\":\"\n\n<h3><b>Les enjeux de souverainet\\u00e9 fiscale<\\\/b><\\\/h3>\\n\n\n<p><span style=\\\"font-weight: 400;\\\">Cette harmonisation soul\\u00e8ve \\u00e9galement des questions de <\\\/span><b>souverainet\\u00e9 fiscale nationale<\\\/b><span style=\\\"font-weight: 400;\\\">. Certains \\u00c9tats membres, particuli\\u00e8rement attach\\u00e9s \\u00e0 leur autonomie en mati\\u00e8re de taxation, pourraient s'opposer \\u00e0 cette uniformisation. La France, qui a d\\u00e9j\\u00e0 suspendu sa propre taxe sur les e-liquides face aux protestations du secteur, se trouve dans une position d\\u00e9licate entre ses engagements europ\\u00e9ens et les pressions internes.<\\\/span><\\\/p>\",\"margin\":\"default\"}}]}]}]},{\"type\":\"section\",\"props\":{\"image_position\":\"center-center\",\"style\":\"default\",\"title_breakpoint\":\"xl\",\"title_position\":\"top-left\",\"title_rotation\":\"left\",\"vertical_align\":\"middle\",\"width\":\"default\"},\"children\":[{\"type\":\"row\",\"children\":[{\"type\":\"column\",\"props\":{\"image_position\":\"center-center\",\"position_sticky_breakpoint\":\"m\"},\"children\":[{\"type\":\"text\",\"props\":{\"column_breakpoint\":\"m\",\"content\":\"\n\n<h2><b>Des alternatives et strat\\u00e9gies d'adaptation<\\\/b><\\\/h2>\\n\n\n<p><span style=\\\"font-weight: 400;\\\">Face \\u00e0 cette perspective de <\\\/span><b>hausse drastique des prix<\\\/b><span style=\\\"font-weight: 400;\\\">, les vapoteurs et les professionnels du secteur explorent d\\u00e9j\\u00e0 diverses strat\\u00e9gies d'adaptation. L'une des voies les plus \\u00e9videntes consiste \\u00e0 optimiser les habitudes de consommation pour minimiser l'impact fiscal. Cela pourrait passer par une transition vers des <\\\/span><b>e-liquides moins dos\\u00e9s en nicotine<\\\/b><span style=\\\"font-weight: 400;\\\">, b\\u00e9n\\u00e9ficiant d'une taxation plus favorable, ou par l'adoption de mat\\u00e9riels plus efficaces permettant de r\\u00e9duire la consommation globale de liquide.<\\\/span><\\\/p>\\n\n\n<p><span style=\\\"font-weight: 400;\\\">Le <\\\/span><b>march\\u00e9 du DIY<\\\/b><span style=\\\"font-weight: 400;\\\"> (Do It Yourself) pourrait conna\\u00eetre un regain d'int\\u00e9r\\u00eat, malgr\\u00e9 les mesures europ\\u00e9ennes visant \\u00e0 le limiter. Les vapoteurs pourraient se tourner vers l'achat d'ar\\u00f4mes concentr\\u00e9s et de bases neutres pour reconstituer leurs propres m\\u00e9langes. Cependant, cette pratique n\\u00e9cessite des connaissances techniques et du temps, ce qui la rend moins accessible au grand public. Les professionnels comme Oliquide pourraient d\\u00e9velopper des offres d'accompagnement et de formation pour r\\u00e9pondre \\u00e0 cette demande croissante.<\\\/span><\\\/p>\\n\n\n<p><span style=\\\"font-weight: 400;\\\">L'innovation technologique repr\\u00e9sente \\u00e9galement une piste d'adaptation prometteuse. Le d\\u00e9veloppement de <\\\/span><b>clearomiseurs plus efficaces<\\\/b><span style=\\\"font-weight: 400;\\\"> et de <\\\/span><b>r\\u00e9sistances optimis\\u00e9es<\\\/b><span style=\\\"font-weight: 400;\\\"> pourrait permettre de r\\u00e9duire la consommation d'e-liquide sans compromettre l'exp\\u00e9rience de vapotage. Cette course \\u00e0 l'efficacit\\u00e9 \\u00e9nerg\\u00e9tique et mat\\u00e9rielle pourrait transformer positivement l'industrie, encourageant l'innovation et la qualit\\u00e9 plut\\u00f4t que la seule comp\\u00e9titivit\\u00e9 prix.<\\\/span><\\\/p>\\n\n\n<p><span style=\\\"font-weight: 400;\\\">Pour les <\\\/span><b>distributeurs sp\\u00e9cialis\\u00e9s<\\\/b><span style=\\\"font-weight: 400;\\\">, l'adaptation passera n\\u00e9cessairement par une restructuration de l'offre commerciale. Les strat\\u00e9gies de fid\\u00e9lisation client prendront une importance accrue, avec des programmes d'avantages renforc\\u00e9s et des conseils personnalis\\u00e9s pour optimiser les co\\u00fbts de consommation. La <\\\/span><b>qualit\\u00e9 du service client<\\\/b><span style=\\\"font-weight: 400;\\\"> et l'expertise conseil deviendront des facteurs diff\\u00e9renciants majeurs dans un march\\u00e9 o\\u00f9 le prix ne sera plus l'argument principal.<\\\/span><\\\/p>\",\"margin\":\"default\"}}]}]}]},{\"type\":\"section\",\"props\":{\"image_position\":\"center-center\",\"style\":\"default\",\"title_breakpoint\":\"xl\",\"title_position\":\"top-left\",\"title_rotation\":\"left\",\"vertical_align\":\"middle\",\"width\":\"default\"},\"children\":[{\"type\":\"row\",\"props\":{\"layout\":\"1-2,1-2\"},\"children\":[{\"type\":\"column\",\"props\":{\"image_position\":\"center-center\",\"position_sticky_breakpoint\":\"m\",\"width_medium\":\"1-2\"},\"children\":[{\"type\":\"text\",\"props\":{\"column_breakpoint\":\"m\",\"content\":\"\n\n<h3><b>Les opportunit\\u00e9s du march\\u00e9 fran\\u00e7ais<\\\/b><\\\/h3>\\n\n\n<p><span style=\\\"font-weight: 400;\\\">Le march\\u00e9 fran\\u00e7ais pourrait tirer parti de cette harmonisation europ\\u00e9enne pour renforcer sa position. Les <\\\/span><b>fabricants fran\\u00e7ais d'e-liquides<\\\/b><span style=\\\"font-weight: 400;\\\">, reconnus pour leur qualit\\u00e9 et leur respect des normes AFNOR, pourraient b\\u00e9n\\u00e9ficier d'un avantage concurrentiel face \\u00e0 des produits import\\u00e9s moins chers mais de qualit\\u00e9 moindre. Cette taxation pourrait paradoxalement favoriser la mont\\u00e9e en gamme du secteur et la valorisation du <\\\/span><b>made in France<\\\/b><span style=\\\"font-weight: 400;\\\"> dans le vapotage.<\\\/span><\\\/p>\",\"margin\":\"default\"}}]},{\"type\":\"column\",\"props\":{\"image_position\":\"center-center\",\"position_sticky_breakpoint\":\"m\",\"width_medium\":\"1-2\"},\"children\":[{\"type\":\"image\",\"props\":{\"image\":\"wp-content\\\/uploads\\\/2024\\\/05\\\/Afnor-certification-3-1.jpg\",\"image_svg_color\":\"emphasis\",\"margin\":\"default\",\"text_align\":\"center\"}}]}]}]},{\"type\":\"section\",\"props\":{\"image_position\":\"center-center\",\"style\":\"default\",\"title_breakpoint\":\"xl\",\"title_position\":\"top-left\",\"title_rotation\":\"left\",\"vertical_align\":\"middle\",\"width\":\"default\"},\"children\":[{\"type\":\"row\",\"children\":[{\"type\":\"column\",\"props\":{\"image_position\":\"center-center\",\"position_sticky_breakpoint\":\"m\"},\"children\":[{\"type\":\"text\",\"props\":{\"column_breakpoint\":\"m\",\"content\":\"\n\n<h2><b>Vers un avenir incertain pour le vapotage europ\\u00e9en<\\\/b><\\\/h2>\\n\n\n<p><span style=\\\"font-weight: 400;\\\">L'avenir du <\\\/span><b>vapotage en Europe<\\\/b><span style=\\\"font-weight: 400;\\\"> se dessine sous le signe de l'incertitude et de la transformation profonde. Cette proposition de taxation massive repr\\u00e9sente un tournant historique pour une industrie qui a connu une croissance exponentielle ces derni\\u00e8res ann\\u00e9es. Les enjeux d\\u00e9passent largement la simple question fiscale pour toucher aux politiques de sant\\u00e9 publique, \\u00e0 la lutte contre le tabagisme et \\u00e0 l'\\u00e9quilibre \\u00e9conomique d'un secteur employant plusieurs dizaines de milliers de personnes en Europe.<\\\/span><\\\/p>\\n\n\n<p><span style=\\\"font-weight: 400;\\\">Les <\\\/span><b>associations de vapoteurs<\\\/b><span style=\\\"font-weight: 400;\\\"> et les professionnels du secteur multiplient d\\u00e9j\\u00e0 les initiatives de sensibilisation et de lobbying pour tenter d'influencer le processus l\\u00e9gislatif. Leur argument principal repose sur le risque de voir cette taxation compromettre l'efficacit\\u00e9 de la cigarette \\u00e9lectronique comme outil de sevrage tabagique. Les \\u00e9tudes scientifiques d\\u00e9montrant la sup\\u00e9riorit\\u00e9 de la vape sur les autres m\\u00e9thodes d'arr\\u00eat du tabac constituent leur principal atout dans cette bataille d'influence.<\\\/span><\\\/p>\\n\n\n<p><span style=\\\"font-weight: 400;\\\">L'impact sur la <\\\/span><b>sant\\u00e9 publique europ\\u00e9enne<\\\/b><span style=\\\"font-weight: 400;\\\"> reste difficile \\u00e0 \\u00e9valuer. Si la taxation d\\u00e9courage effectivement l'usage de la nicotine, elle pourrait contribuer \\u00e0 r\\u00e9duire les addictions. Mais si elle pousse les vapoteurs vers le tabac traditionnel ou vers des produits de contrebande moins s\\u00fbrs, les effets pourraient \\u00eatre contre-productifs. La Commission s'attend \\u00e0 ce que ces mesures fassent diminuer les ventes des produits du vapotage de 17 %, mais les cons\\u00e9quences r\\u00e9elles sur les comportements de consommation restent impr\\u00e9visibles.<\\\/span><\\\/p>\\n\n\n<p><span style=\\\"font-weight: 400;\\\">Pour les <\\\/span><b>consommateurs fran\\u00e7ais<\\\/b><span style=\\\"font-weight: 400;\\\">, cette p\\u00e9riode d'incertitude impose une r\\u00e9flexion sur leurs habitudes et leurs priorit\\u00e9s. L'anticipation devient un enjeu majeur : constituer des stocks avant l'application effective de la taxe, optimiser ses m\\u00e9thodes de vapotage, ou explorer les alternatives disponibles. Les <\\\/span><em><a href=\\\"https:\\\/\\\/www.oliquide.com\\\/\\\"><b>sites sp\\u00e9cialis\\u00e9s comme Oliquide<\\\/b><\\\/a><\\\/em><span style=\\\"font-weight: 400;\\\"> jouent un r\\u00f4le crucial d'information et d'accompagnement dans cette transition, en proposant des conseils personnalis\\u00e9s et des solutions adapt\\u00e9es \\u00e0 chaque profil de vapoteur.<\\\/span><\\\/p>\\n\n\n<p><span style=\\\"font-weight: 400;\\\">La p\\u00e9riode 2025-2030 s'annonce donc comme une phase de transformation majeure pour l'industrie europ\\u00e9enne du vapotage. Entre adaptations technologiques, \\u00e9volutions r\\u00e9glementaires et changements de comportements consommateurs, le secteur devra faire preuve d'une agilit\\u00e9 remarquable pour traverser cette r\\u00e9volution fiscale tout en pr\\u00e9servant sa mission premi\\u00e8re : offrir une alternative cr\\u00e9dible et accessible au tabagisme traditionnel.<\\\/span><\\\/p>\",\"margin\":\"default\"}}]}]}]},{\"type\":\"section\",\"props\":{\"image_position\":\"center-center\",\"padding\":\"xsmall\",\"style\":\"default\",\"title_breakpoint\":\"xl\",\"title_position\":\"top-left\",\"title_rotation\":\"left\",\"vertical_align\":\"middle\",\"width\":\"default\"},\"children\":[{\"type\":\"row\",\"children\":[{\"type\":\"column\",\"props\":{\"image_position\":\"center-center\",\"position_sticky_breakpoint\":\"m\"},\"children\":[{\"type\":\"text\",\"props\":{\"column_breakpoint\":\"m\",\"content\":\"\n\n<h2><strong>FAQ<\\\/strong><\\\/h2>\",\"margin\":\"default\"}},{\"type\":\"accordion\",\"props\":{\"collapsible\":true,\"content_column_breakpoint\":\"m\",\"image_align\":\"top\",\"image_grid_breakpoint\":\"m\",\"image_grid_width\":\"1-2\",\"image_svg_color\":\"emphasis\",\"link_style\":\"default\",\"link_text\":\"Read more\",\"show_image\":true,\"show_link\":true},\"children\":[{\"type\":\"accordion_item\",\"props\":{\"content\":\"\n\n<p>Non. Cette mesure n\\u2019est pas encore appliqu\\u00e9e. Elle fait partie d\\u2019un projet de directive europ\\u00e9enne, en cours de n\\u00e9gociation. Sa mise en application pourrait d\\u00e9buter entre 2028 et 2030, apr\\u00e8s plusieurs \\u00e9tapes l\\u00e9gislatives.<\\\/p>\",\"title\":\"La taxe de 3,60 \\u20ac par flacon de 10 ml est-elle d\\u00e9j\\u00e0 en vigueur ?\"}},{\"type\":\"accordion_item\",\"props\":{\"content\":\"\n\n<p>Oui. M\\u00eame les e-liquides sans nicotine seront tax\\u00e9s \\u00e0 hauteur de 0,12 \\u20ac par ml (soit 1,20 \\u20ac pour un flacon de 10 ml). Les liquides avec plus de 10 mg\\\/ml de nicotine seront les plus touch\\u00e9s, \\u00e0 0,36 \\u20ac par ml.<\\\/p>\",\"title\":\" Tous les e-liquides seront-ils concern\\u00e9s par la taxe ?\"}},{\"type\":\"accordion_item\",\"props\":{\"content\":\"\n\n<p>L\\u2019objectif est d\\u2019harmoniser la fiscalit\\u00e9 entre les pays membres et de limiter la consommation de nicotine en rendant les produits de vapotage moins accessibles financi\\u00e8rement.<\\\/p>\",\"title\":\"Pourquoi l\\u2019Union europ\\u00e9enne souhaite-t-elle taxer les e-liquides ?\"}},{\"type\":\"accordion_item\",\"props\":{\"content\":\"\n\n<p>Un vapoteur r\\u00e9gulier pourrait payer entre 125 \\u20ac et 375 \\u20ac de plus par an. Pour les gros consommateurs, la hausse pourrait d\\u00e9passer les 1 000 \\u20ac par an.<\\\/p>\",\"title\":\"Quel sera l\\u2019impact pour les vapoteurs fran\\u00e7ais ?\"}},{\"type\":\"accordion_item\",\"props\":{\"content\":\"\n\n<p>Utiliser des e-liquides moins dos\\u00e9s en nicotine, investir dans du mat\\u00e9riel plus \\u00e9conome, se tourner vers le DIY (malgr\\u00e9 la taxation), ou profiter des conseils des boutiques sp\\u00e9cialis\\u00e9es comme <em data-start=\\\"1506\\\" data-end=\\\"1516\\\">Oliquide<\\\/em>.<\\\/p>\",\"title\":\"Quelles alternatives s\\u2019offrent aux vapoteurs pour limiter les co\\u00fbts ?\"}},{\"type\":\"accordion_item\",\"props\":{\"content\":\"\n\n<p>C\\u2019est un risque. Si les co\\u00fbts du vapotage deviennent trop \\u00e9lev\\u00e9s, certains utilisateurs pourraient revenir vers la cigarette classique, moins ch\\u00e8re \\u00e0 court terme mais beaucoup plus nocive.<\\\/p>\",\"title\":\"Est-ce que cela pourrait favoriser le retour au tabac ?\"}},{\"type\":\"accordion_item\",\"props\":{\"content\":\"\n\n<p>Oui. Les fabricants fran\\u00e7ais, r\\u00e9put\\u00e9s pour leur qualit\\u00e9 et leur conformit\\u00e9 (normes AFNOR, Origine France Garantie), pourraient valoriser leur savoir-faire face aux produits import\\u00e9s bas de gamme.<\\\/p>\",\"title\":\"Le march\\u00e9 fran\\u00e7ais peut-il tirer son \\u00e9pingle du jeu ?\"}}]}]}]}]},{\"type\":\"section\",\"props\":{\"image_position\":\"center-center\",\"style\":\"default\",\"title_breakpoint\":\"xl\",\"title_position\":\"top-left\",\"title_rotation\":\"left\",\"vertical_align\":\"middle\",\"width\":\"default\"},\"children\":[{\"type\":\"row\",\"children\":[{\"type\":\"column\",\"props\":{\"image_position\":\"center-center\",\"position_sticky_breakpoint\":\"m\"},\"children\":[{\"type\":\"comments\",\"props\":{\"link_style\":\"default\",\"margin\":\"default\",\"title_decoration\":\"bullet\",\"title_element\":\"h2\",\"title_style\":\"h3\"}}]}]}]}],\"version\":\"4.5.21\"} --><\/p>\n","protected":false},"excerpt":{"rendered":"<p>Taxe UE e-cigarette : 3,60\u20ac par flacon en 2025\u00a0 E-cigarette : l&rsquo;UE envisage une taxe de 3,60 \u20ac par flacon L&rsquo;actualit\u00e9 europ\u00e9enne frappe de plein fouet le monde du vapotage. Un document confidentiel de la Commission europ\u00e9enne vient de r\u00e9v\u00e9ler des projets de taxation massive sur les e-liquides. Cette fuite d\u00e9voile une volont\u00e9 d&rsquo;harmoniser la [&hellip;]<\/p>\n","protected":false},"author":5,"featured_media":16059,"comment_status":"open","ping_status":"open","sticky":false,"template":"","format":"standard","meta":{"_jetpack_memberships_contains_paid_content":false,"footnotes":""},"categories":[3],"tags":[839,830,837,838,836,808,832,840,833,843,835,311,842,385,831,828,827,841,829,834],"class_list":["post-16055","post","type-post","status-publish","format-standard","has-post-thumbnail","hentry","category-actus-de-la-vape","tag-consommation-nicotine","tag-directive-ted","tag-diy-e-liquide","tag-e-liquide-10-ml","tag-e-liquide-nicotine","tag-e-liquide-sans-nicotine","tag-fiscalite-e-cigarette","tag-harmonisation-fiscale-vape","tag-hausse-prix-e-liquide","tag-impact-fiscal-vape","tag-marche-vape","tag-oliquide","tag-reglementation-e-cigarette","tag-sevrage-tabagique","tag-taxe-2025-vape","tag-taxe-cigarette-electronique","tag-taxe-e-liquide","tag-vapotage-europe","tag-vapotage-ue","tag-vapoteur-france"],"aioseo_notices":[],"jetpack_featured_media_url":"https:\/\/www.oliquide.com\/blog\/wp-content\/uploads\/2025\/06\/AdobeStock_158258819-scaled.jpeg","jetpack_sharing_enabled":true,"_links":{"self":[{"href":"https:\/\/www.oliquide.com\/blog\/wp-json\/wp\/v2\/posts\/16055","targetHints":{"allow":["GET"]}}],"collection":[{"href":"https:\/\/www.oliquide.com\/blog\/wp-json\/wp\/v2\/posts"}],"about":[{"href":"https:\/\/www.oliquide.com\/blog\/wp-json\/wp\/v2\/types\/post"}],"author":[{"embeddable":true,"href":"https:\/\/www.oliquide.com\/blog\/wp-json\/wp\/v2\/users\/5"}],"replies":[{"embeddable":true,"href":"https:\/\/www.oliquide.com\/blog\/wp-json\/wp\/v2\/comments?post=16055"}],"version-history":[{"count":49,"href":"https:\/\/www.oliquide.com\/blog\/wp-json\/wp\/v2\/posts\/16055\/revisions"}],"predecessor-version":[{"id":16111,"href":"https:\/\/www.oliquide.com\/blog\/wp-json\/wp\/v2\/posts\/16055\/revisions\/16111"}],"wp:featuredmedia":[{"embeddable":true,"href":"https:\/\/www.oliquide.com\/blog\/wp-json\/wp\/v2\/media\/16059"}],"wp:attachment":[{"href":"https:\/\/www.oliquide.com\/blog\/wp-json\/wp\/v2\/media?parent=16055"}],"wp:term":[{"taxonomy":"category","embeddable":true,"href":"https:\/\/www.oliquide.com\/blog\/wp-json\/wp\/v2\/categories?post=16055"},{"taxonomy":"post_tag","embeddable":true,"href":"https:\/\/www.oliquide.com\/blog\/wp-json\/wp\/v2\/tags?post=16055"}],"curies":[{"name":"wp","href":"https:\/\/api.w.org\/{rel}","templated":true}]}}