{"id":16303,"date":"2025-07-25T10:00:58","date_gmt":"2025-07-25T08:00:58","guid":{"rendered":"https:\/\/www.oliquide.com\/blog\/?p=16303"},"modified":"2025-09-08T16:18:42","modified_gmt":"2025-09-08T14:18:42","slug":"leurope-taxe-les-e-liquides-en-2025","status":"publish","type":"post","link":"https:\/\/www.oliquide.com\/blog\/leurope-taxe-les-e-liquides-en-2025\/","title":{"rendered":"L&rsquo;Europe taxe les e-liquides en 2025 : Guide complet des nouvelles r\u00e9glementations"},"content":{"rendered":"<p><img decoding=\"async\" src=\"\/blog\/wp-content\/uploads\/2025\/07\/AdobeStock_1237234196.jpeg\" alt=\"tout savoir sur les huiles de CBD\"><\/p>\n<h1>\n<h1><strong>L&rsquo;Europe officialise la taxation des e-liquides : ce qu&rsquo;il faut savoir !<\/strong><\/h1>\n<\/h1>\n<div>\n<p>L&rsquo;ann\u00e9e 2025 marque un tournant historique pour l&rsquo;industrie de la <strong>vape en Europe<\/strong>. Apr\u00e8s des ann\u00e9es de d\u00e9bats et de n\u00e9gociations, l&rsquo;Union europ\u00e9enne a finalement adopt\u00e9 un cadre harmonis\u00e9 pour la <strong>taxation des e-liquides<\/strong> \u00e0 l&rsquo;\u00e9chelle continentale. Cette d\u00e9cision, qui entrera progressivement en vigueur dans les \u00c9tats membres, aura des r\u00e9percussions significatives sur les prix, la distribution et la consommation des produits de vapotage. Pour les millions de vapoteurs europ\u00e9ens et les professionnels du secteur, comprendre ces nouvelles dispositions est devenu essentiel pour anticiper les changements \u00e0 venir.<\/p>\n<p>Cette r\u00e9forme fiscale s&rsquo;inscrit dans une volont\u00e9 plus large de l&rsquo;UE d&rsquo;harmoniser les politiques de sant\u00e9 publique et de g\u00e9n\u00e9rer de nouvelles recettes fiscales. Si certains y voient une reconnaissance officielle de la vape comme alternative au tabac, d&rsquo;autres s&rsquo;inqui\u00e8tent de l&rsquo;impact sur l&rsquo;accessibilit\u00e9 de ces produits. Dans cet article complet, nous d\u00e9cryptons pour vous tous les aspects de cette nouvelle <strong>r\u00e9glementation europ\u00e9enne sur les e-liquides<\/strong>, ses implications concr\u00e8tes et les strat\u00e9gies pour s&rsquo;y adapter.<\/p>\n<\/div>\n<div>\n<div id=\"ez-toc-container\" class=\"ez-toc-v2_0_82_2 counter-hierarchy ez-toc-counter ez-toc-grey ez-toc-container-direction\">\n<div class=\"ez-toc-title-container\">\n<p class=\"ez-toc-title\" style=\"cursor:inherit\">Sommaire<\/p>\n<span class=\"ez-toc-title-toggle\"><a href=\"#\" class=\"ez-toc-pull-right ez-toc-btn ez-toc-btn-xs ez-toc-btn-default ez-toc-toggle\" aria-label=\"Toggle Table of Content\"><span class=\"ez-toc-js-icon-con\"><span class=\"\"><span class=\"eztoc-hide\" style=\"display:none;\">Toggle<\/span><span class=\"ez-toc-icon-toggle-span\"><svg style=\"fill: #999;color:#999\" xmlns=\"http:\/\/www.w3.org\/2000\/svg\" class=\"list-377408\" width=\"20px\" height=\"20px\" viewBox=\"0 0 24 24\" fill=\"none\"><path d=\"M6 6H4v2h2V6zm14 0H8v2h12V6zM4 11h2v2H4v-2zm16 0H8v2h12v-2zM4 16h2v2H4v-2zm16 0H8v2h12v-2z\" fill=\"currentColor\"><\/path><\/svg><svg style=\"fill: #999;color:#999\" class=\"arrow-unsorted-368013\" xmlns=\"http:\/\/www.w3.org\/2000\/svg\" width=\"10px\" height=\"10px\" viewBox=\"0 0 24 24\" version=\"1.2\" baseProfile=\"tiny\"><path d=\"M18.2 9.3l-6.2-6.3-6.2 6.3c-.2.2-.3.4-.3.7s.1.5.3.7c.2.2.4.3.7.3h11c.3 0 .5-.1.7-.3.2-.2.3-.5.3-.7s-.1-.5-.3-.7zM5.8 14.7l6.2 6.3 6.2-6.3c.2-.2.3-.5.3-.7s-.1-.5-.3-.7c-.2-.2-.4-.3-.7-.3h-11c-.3 0-.5.1-.7.3-.2.2-.3.5-.3.7s.1.5.3.7z\"\/><\/svg><\/span><\/span><\/span><\/a><\/span><\/div>\n<nav><ul class='ez-toc-list ez-toc-list-level-1 eztoc-toggle-hide-by-default' ><li class='ez-toc-page-1 ez-toc-heading-level-1'><a class=\"ez-toc-link ez-toc-heading-1\" href=\"https:\/\/www.oliquide.com\/blog\/leurope-taxe-les-e-liquides-en-2025\/#LEurope_officialise_la_taxation_des_e-liquides_ce_quil_faut_savoir\" >L&rsquo;Europe officialise la taxation des e-liquides : ce qu&rsquo;il faut savoir !<\/a><ul class='ez-toc-list-level-2' ><li class='ez-toc-heading-level-2'><a class=\"ez-toc-link ez-toc-heading-2\" href=\"https:\/\/www.oliquide.com\/blog\/leurope-taxe-les-e-liquides-en-2025\/#Les_principes_fondamentaux_de_la_nouvelle_taxation_europeenne\" >Les principes fondamentaux de la nouvelle taxation europ\u00e9enne<\/a><\/li><li class='ez-toc-page-1 ez-toc-heading-level-2'><a class=\"ez-toc-link ez-toc-heading-3\" href=\"https:\/\/www.oliquide.com\/blog\/leurope-taxe-les-e-liquides-en-2025\/#Le_calendrier_de_mise_en_oeuvre_et_les_specificites_nationales\" >Le calendrier de mise en \u0153uvre et les sp\u00e9cificit\u00e9s nationales<\/a><\/li><li class='ez-toc-page-1 ez-toc-heading-level-2'><a class=\"ez-toc-link ez-toc-heading-4\" href=\"https:\/\/www.oliquide.com\/blog\/leurope-taxe-les-e-liquides-en-2025\/#Limpact_sur_les_prix_et_le_pouvoir_dachat_des_vapoteurs\" >L&rsquo;impact sur les prix et le pouvoir d&rsquo;achat des vapoteurs<\/a><\/li><li class='ez-toc-page-1 ez-toc-heading-level-2'><a class=\"ez-toc-link ez-toc-heading-5\" href=\"https:\/\/www.oliquide.com\/blog\/leurope-taxe-les-e-liquides-en-2025\/#Les_consequences_pour_lindustrie_et_les_professionnels_du_secteur\" >Les cons\u00e9quences pour l&rsquo;industrie et les professionnels du secteur<\/a><\/li><li class='ez-toc-page-1 ez-toc-heading-level-2'><a class=\"ez-toc-link ez-toc-heading-6\" href=\"https:\/\/www.oliquide.com\/blog\/leurope-taxe-les-e-liquides-en-2025\/#Les_implications_pour_la_sante_publique_et_la_lutte_anti-tabac\" >Les implications pour la sant\u00e9 publique et la lutte anti-tabac<\/a><\/li><li class='ez-toc-page-1 ez-toc-heading-level-2'><a class=\"ez-toc-link ez-toc-heading-7\" href=\"https:\/\/www.oliquide.com\/blog\/leurope-taxe-les-e-liquides-en-2025\/#Perspectives_devolution_et_adaptation_du_marche\" >Perspectives d&rsquo;\u00e9volution et adaptation du march\u00e9<\/a><\/li><li class='ez-toc-page-1 ez-toc-heading-level-2'><a class=\"ez-toc-link ez-toc-heading-8\" href=\"https:\/\/www.oliquide.com\/blog\/leurope-taxe-les-e-liquides-en-2025\/#Conclusion\" >Conclusion<\/a><\/li><li class='ez-toc-page-1 ez-toc-heading-level-2'><a class=\"ez-toc-link ez-toc-heading-9\" href=\"https:\/\/www.oliquide.com\/blog\/leurope-taxe-les-e-liquides-en-2025\/#FAQ\" >FAQ\u00a0<\/a><\/li><\/ul><\/li><\/ul><\/nav><\/div>\n<\/div>\n<div>\n<h2><span class=\"ez-toc-section\" id=\"Les_principes_fondamentaux_de_la_nouvelle_taxation_europeenne\"><\/span><strong>Les principes fondamentaux de la nouvelle taxation europ\u00e9enne<\/strong><span class=\"ez-toc-section-end\"><\/span><\/h2>\n<p>La <strong>directive europ\u00e9enne sur la taxation des e-liquides<\/strong> repose sur un syst\u00e8me \u00e0 double composante qui vise \u00e0 cr\u00e9er un \u00e9quilibre entre harmonisation fiscale et flexibilit\u00e9 nationale. Le premier volet \u00e9tablit un <strong>taux minimum de taxation<\/strong> applicable dans tous les \u00c9tats membres, fix\u00e9 \u00e0 0,15 euro par millilitre d&rsquo;e-liquide, qu&rsquo;il contienne ou non de la nicotine.<\/p>\n<p>Cette base commune garantit qu&rsquo;aucun pays ne pourra proposer des produits de vapotage totalement exempts de taxes, \u00e9vitant ainsi les distorsions de concurrence au sein du march\u00e9 unique. Le second volet permet aux \u00c9tats membres d&rsquo;appliquer des taux suppl\u00e9mentaires selon leurs objectifs de sant\u00e9 publique et leurs besoins budg\u00e9taires, cr\u00e9ant ainsi une marge de man\u0153uvre nationale significative.<\/p>\n<\/div>\n<p><img decoding=\"async\" src=\"\/blog\/wp-content\/uploads\/2025\/07\/AdobeStock_1377289420-scaled.jpeg\" alt=\"\"><\/p>\n<div>\n<p>L&rsquo;architecture de cette taxation s&rsquo;inspire partiellement du mod\u00e8le existant pour les produits du tabac, tout en reconnaissant les sp\u00e9cificit\u00e9s du vapotage. Contrairement aux cigarettes traditionnelles, o\u00f9 la taxation se base sur le nombre d&rsquo;unit\u00e9s, les <strong>e-liquides sont tax\u00e9s au volume<\/strong>, une approche qui refl\u00e8te mieux la nature du produit et les habitudes de consommation des vapoteurs. Cette m\u00e9thode pr\u00e9sente l&rsquo;avantage d&rsquo;\u00eatre plus \u00e9quitable et plus simple \u00e0 administrer, tout en permettant une pr\u00e9visibilit\u00e9 des co\u00fbts pour les consommateurs et les professionnels. Les autorit\u00e9s europ\u00e9ennes ont \u00e9galement pr\u00e9vu des m\u00e9canismes de r\u00e9vision p\u00e9riodique pour ajuster les taux en fonction de l&rsquo;\u00e9volution du march\u00e9 et des objectifs de sant\u00e9 publique.<\/p>\n<\/div>\n<div>\n<h2><span class=\"ez-toc-section\" id=\"Le_calendrier_de_mise_en_oeuvre_et_les_specificites_nationales\"><\/span><strong>Le calendrier de mise en \u0153uvre et les sp\u00e9cificit\u00e9s nationales<\/strong><span class=\"ez-toc-section-end\"><\/span><\/h2>\n<p>La mise en application de cette nouvelle <strong>fiscalit\u00e9 sur les produits de vape<\/strong> suivra un calendrier \u00e9chelonn\u00e9 permettant aux diff\u00e9rents acteurs de s&rsquo;adapter progressivement. Les \u00c9tats membres disposent d&rsquo;une p\u00e9riode de transition de 18 mois, d\u00e9butant en janvier 2025, pour transposer la directive dans leur l\u00e9gislation nationale. Cette p\u00e9riode permet non seulement l&rsquo;adaptation des syst\u00e8mes fiscaux nationaux, mais aussi la mise en place des infrastructures n\u00e9cessaires au contr\u00f4le et \u00e0 la collecte de ces nouvelles taxes. Certains pays pionniers comme la France et l&rsquo;Allemagne ont d\u00e9j\u00e0 annonc\u00e9 leur intention d&rsquo;appliquer les nouveaux taux d\u00e8s le second semestre 2025, tandis que d&rsquo;autres pr\u00e9voient d&rsquo;utiliser l&rsquo;int\u00e9gralit\u00e9 de la p\u00e9riode de transition.<\/p>\n<p>Les variations nationales dans l&rsquo;application de cette directive cr\u00e9ent un paysage fiscal complexe mais r\u00e9v\u00e9lateur des diff\u00e9rentes approches en mati\u00e8re de politique de sant\u00e9 publique. Voici un aper\u00e7u des <strong>taux de taxation pr\u00e9vus<\/strong> dans les principaux march\u00e9s europ\u00e9ens :<\/p>\n<\/div>\n<div>\n<table class=\"uk-table uk-table-divider uk-table-striped uk-table-responsive\">\n<thead>\n<tr>\n<th>Pays<\/th>\n<th>Taux de base (\u20ac\/ml)<\/th>\n<th>Taux additionnel<\/th>\n<th>Taux total (\u20ac\/ml)<\/th>\n<th>Date d&rsquo;application<\/th>\n<\/tr>\n<\/thead>\n<tbody>\n<tr>\n<td>France<\/td>\n<td>0,15<\/td>\n<td>0,10<\/td>\n<td>0,25 &#8211; 0,36<\/td>\n<td>Juillet 2025<\/td>\n<\/tr>\n<tr>\n<td>Allemagne<\/td>\n<td>0,15<\/td>\n<td>0,08<\/td>\n<td>0,23<\/td>\n<td>Septembre 2025<\/td>\n<\/tr>\n<tr>\n<td>Italie<\/td>\n<td>0,15<\/td>\n<td>0,12<\/td>\n<td>0,27<\/td>\n<td>Janvier 2026<\/td>\n<\/tr>\n<tr>\n<td>Espagne<\/td>\n<td>0,15<\/td>\n<td>0,05<\/td>\n<td>0,20<\/td>\n<td>Octobre 2025<\/td>\n<\/tr>\n<tr>\n<td>Belgique<\/td>\n<td>0,15<\/td>\n<td>0,15<\/td>\n<td>0,30<\/td>\n<td>Juin 2025<\/td>\n<\/tr>\n<\/tbody>\n<\/table>\n<\/div>\n<div>\n<h3><strong>Les exceptions et cas particuliers<\/strong><\/h3>\n<p>Certaines cat\u00e9gories de produits b\u00e9n\u00e9ficient de traitements sp\u00e9cifiques dans le cadre de cette nouvelle r\u00e9glementation :<\/p>\n<ul>\n<li><strong>E-liquides \u00e0 usage m\u00e9dical<\/strong> : exemption totale sous prescription<\/li>\n<li><strong>Bases DIY sans nicotine<\/strong> : taxation r\u00e9duite de 50% dans certains pays<\/li>\n<li><strong>Produits destin\u00e9s \u00e0 l&rsquo;export<\/strong> : r\u00e9gime de suspension de taxe<\/li>\n<li><strong>\u00c9chantillons commerciaux<\/strong> : volume limit\u00e9 exempt\u00e9 (maximum 10ml par mois)<\/li>\n<\/ul>\n<\/div>\n<p><img decoding=\"async\" src=\"\/blog\/wp-content\/uploads\/2025\/07\/AdobeStock_1319444813.jpeg\" alt=\"bouteille-huile-cbd\"><\/p>\n<div>\n<h2><span class=\"ez-toc-section\" id=\"Limpact_sur_les_prix_et_le_pouvoir_dachat_des_vapoteurs\"><\/span><strong>L&rsquo;impact sur les prix et le pouvoir d&rsquo;achat des vapoteurs<\/strong><span class=\"ez-toc-section-end\"><\/span><\/h2>\n<ol><\/ol>\n<p>L&rsquo;introduction de cette <strong>nouvelle taxe sur<em> <a href=\"https:\/\/www.oliquide.com\/recharge-liquides.?p2[]=64\">les e-liquides<\/a><\/em><\/strong> se traduira in\u00e9vitablement par une augmentation des prix pour les consommateurs finaux. Les premi\u00e8res estimations sugg\u00e8rent une hausse moyenne comprise entre 15% et 25% du prix de vente, variable selon les pays et les gammes de produits. Pour un flacon standard de 10ml actuellement vendu 5 euros, le consommateur devra d\u00e9bourser entre 5,75 et 6,25 euros apr\u00e8s application compl\u00e8te de la taxation. Cette augmentation, bien que significative, reste n\u00e9anmoins inf\u00e9rieure aux craintes initiales du secteur qui redoutait des hausses pouvant atteindre 40% dans certains sc\u00e9narios.<\/p>\n<\/div>\n<div>\n<p>L&rsquo;impact sur le <strong>pouvoir d&rsquo;achat des vapoteurs<\/strong> variera consid\u00e9rablement selon les profils de consommation et les strat\u00e9gies d&rsquo;adaptation adopt\u00e9es. Les vapoteurs occasionnels, consommant moins de 30ml par mois, verront leur budget mensuel augmenter de 5 \u00e0 8 euros en moyenne, un impact relativement mod\u00e9r\u00e9. En revanche, les gros consommateurs, utilisant plus de 100ml mensuellement, pourraient voir leur budget vapotage augmenter de 20 \u00e0 30 euros par mois. Cette disparit\u00e9 soul\u00e8ve des questions d&rsquo;\u00e9quit\u00e9 et pourrait encourager certains comportements d&rsquo;adaptation comme le recours accru au DIY (Do It Yourself) ou l&rsquo;achat en plus grandes quantit\u00e9s pour b\u00e9n\u00e9ficier d&rsquo;\u00e9conomies d&rsquo;\u00e9chelle.<\/p>\n<\/div>\n<div>\n<h3><strong>Strat\u00e9gies d&rsquo;\u00e9conomie pour les vapoteurs<\/strong><\/h3>\n<p>Face \u00e0 cette hausse des prix, plusieurs strat\u00e9gies permettent de limiter l&rsquo;impact sur le budget :<\/p>\n<ul>\n<li><strong>Achats group\u00e9s<\/strong> : commander en grandes quantit\u00e9s pour r\u00e9duire le co\u00fbt unitaire<\/li>\n<li><strong>DIY intelligent<\/strong> : fabriquer ses propres e-liquides avec des bases et ar\u00f4mes<\/li>\n<li><strong>Programmes de fid\u00e9lit\u00e9<\/strong> : profiter des avantages offerts par les boutiques<\/li>\n<li><strong>Comparaison des prix<\/strong> : utiliser les comparateurs en ligne pour trouver les meilleures offres<\/li>\n<li><strong>Stockage anticip\u00e9<\/strong> : constituer des r\u00e9serves avant l&rsquo;application des taxes<\/li>\n<\/ul>\n<\/div>\n<div>\n<h2><span class=\"ez-toc-section\" id=\"Les_consequences_pour_lindustrie_et_les_professionnels_du_secteur\"><\/span><strong>Les cons\u00e9quences pour l&rsquo;industrie et les professionnels du secteur<\/strong><span class=\"ez-toc-section-end\"><\/span><\/h2>\n<p>L&rsquo;industrie du vapotage europ\u00e9enne, qui g\u00e9n\u00e8re un chiffre d&rsquo;affaires annuel estim\u00e9 \u00e0 plus de 3 milliards d&rsquo;euros, doit d\u00e9sormais naviguer dans ce nouveau paysage fiscal complexe. Les <strong>fabricants d&rsquo;e-liquides<\/strong> sont confront\u00e9s \u00e0 des d\u00e9fis multiples : adaptation des syst\u00e8mes de tra\u00e7abilit\u00e9, r\u00e9vision des strat\u00e9gies de prix, et potentielle restructuration de leurs gammes de produits.<\/p>\n<p>Certains acteurs majeurs ont d\u00e9j\u00e0 annonc\u00e9 des investissements significatifs dans l&rsquo;automatisation de leurs processus pour compenser la pression sur les marges. Les petits producteurs artisanaux, particuli\u00e8rement nombreux dans des pays comme la France et l&rsquo;Italie, pourraient \u00eatre les plus affect\u00e9s par ces changements, certains envisageant des regroupements ou des cessations d&rsquo;activit\u00e9.<\/p>\n<\/div>\n<p><img decoding=\"async\" src=\"\/blog\/wp-content\/uploads\/2025\/07\/AdobeStock_1234156476.jpeg\" alt=\"\"><\/p>\n<div>\n<p>Les <em><a href=\"https:\/\/www.oliquide.com\/\"><strong>distributeurs et d\u00e9taillants<\/strong><\/a><\/em> doivent \u00e9galement repenser leur mod\u00e8le \u00e9conomique face \u00e0 cette nouvelle donne. L&rsquo;augmentation des prix pourrait entra\u00eener une baisse temporaire des volumes de vente, estim\u00e9e entre 10% et 20% selon les premi\u00e8res projections du secteur. Pour maintenir leur rentabilit\u00e9, de nombreux points de vente d\u00e9veloppent de nouvelles strat\u00e9gies : diversification vers les accessoires et dispositifs haut de gamme moins sensibles au prix, d\u00e9veloppement de marques propres pour am\u00e9liorer les marges, ou encore cr\u00e9ation de programmes de fid\u00e9lit\u00e9 sophistiqu\u00e9s. Les boutiques en ligne, b\u00e9n\u00e9ficiant de co\u00fbts op\u00e9rationnels r\u00e9duits, pourraient tirer leur \u00e9pingle du jeu en proposant des prix plus comp\u00e9titifs, accentuant ainsi la pression sur les commerces physiques traditionnels.<\/p>\n<\/div>\n<div>\n<h2><span class=\"ez-toc-section\" id=\"Les_implications_pour_la_sante_publique_et_la_lutte_anti-tabac\"><\/span><strong>Les implications pour la sant\u00e9 publique et la lutte anti-tabac<\/strong><span class=\"ez-toc-section-end\"><\/span><\/h2>\n<p>La <strong>taxation des produits de vapotage<\/strong> soul\u00e8ve des d\u00e9bats passionn\u00e9s au sein de la communaut\u00e9 scientifique et des acteurs de sant\u00e9 publique. Les partisans de cette mesure argumentent qu&rsquo;elle permettra de g\u00e9n\u00e9rer des recettes substantielles pouvant \u00eatre r\u00e9investies dans des programmes de pr\u00e9vention et de sevrage tabagique. Ils soulignent \u00e9galement que l&rsquo;harmonisation fiscale europ\u00e9enne \u00e9vitera les effets de bord transfrontaliers et renforcera la cr\u00e9dibilit\u00e9 des politiques anti-tabac. Selon certaines estimations, les recettes fiscales g\u00e9n\u00e9r\u00e9es pourraient atteindre 1,5 milliard d&rsquo;euros annuellement \u00e0 l&rsquo;\u00e9chelle europ\u00e9enne, offrant des moyens consid\u00e9rables pour financer des initiatives de sant\u00e9 publique.<\/p>\n<p>Cependant, de nombreux experts en <strong>r\u00e9duction des risques<\/strong> expriment des inqui\u00e9tudes l\u00e9gitimes quant \u00e0 l&rsquo;impact potentiel sur les fumeurs cherchant \u00e0 arr\u00eater. Une augmentation significative des prix des e-liquides pourrait d\u00e9courager certains fumeurs de faire la transition vers le vapotage, compromettant ainsi les objectifs de r\u00e9duction du tabagisme. Des \u00e9tudes r\u00e9centes sugg\u00e8rent qu&rsquo;une hausse de 10% des prix des produits de vapotage pourrait r\u00e9duire de 5% \u00e0 7% le nombre de fumeurs effectuant la transition. Cette \u00e9lasticit\u00e9-prix souligne l&rsquo;importance de maintenir un diff\u00e9rentiel de prix suffisant entre cigarettes traditionnelles et produits de vapotage pour pr\u00e9server l&rsquo;attractivit\u00e9 de ces derniers comme outil de sevrage.<\/p>\n<\/div>\n<div>\n<h3><strong>Les recommandations des associations de vapoteurs<\/strong><\/h3>\n<p>Les principales associations europ\u00e9ennes de vapoteurs ont formul\u00e9 plusieurs recommandations pour att\u00e9nuer l&rsquo;impact de cette taxation :<\/p>\n<ul>\n<li><strong>Maintien d&rsquo;un \u00e9cart de prix<\/strong> d&rsquo;au moins 50% entre cigarettes et e-liquides<\/li>\n<li><strong>Exon\u00e9ration ou r\u00e9duction<\/strong> pour les produits utilis\u00e9s dans le cadre m\u00e9dical<\/li>\n<li><strong>P\u00e9riode de transition prolong\u00e9e<\/strong> pour permettre l&rsquo;adaptation du march\u00e9<\/li>\n<li><strong>R\u00e9vision r\u00e9guli\u00e8re<\/strong> des taux en fonction des donn\u00e9es de sant\u00e9 publique<\/li>\n<li><strong>Investissement des recettes<\/strong> dans la recherche sur la r\u00e9duction des risques<\/li>\n<\/ul>\n<\/div>\n<p><img decoding=\"async\" src=\"\/blog\/wp-content\/uploads\/2025\/07\/AdobeStock_553455560-scaled.jpeg\" alt=\"\"><\/p>\n<div>\n<h2><span class=\"ez-toc-section\" id=\"Perspectives_devolution_et_adaptation_du_marche\"><\/span><strong>Perspectives d&rsquo;\u00e9volution et adaptation du march\u00e9<\/strong><span class=\"ez-toc-section-end\"><\/span><\/h2>\n<p>L&rsquo;introduction de cette <strong>nouvelle fiscalit\u00e9 europ\u00e9enne sur les e-liquides<\/strong> marque le d\u00e9but d&rsquo;une p\u00e9riode de transformation profonde pour l&rsquo;ensemble de l&rsquo;\u00e9cosyst\u00e8me du vapotage. Les analystes du secteur pr\u00e9voient une consolidation du march\u00e9, avec des fusions-acquisitions probables entre acteurs cherchant \u00e0 atteindre une taille critique pour absorber l&rsquo;impact de la taxation.<\/p>\n<p>Les innovations technologiques pourraient \u00e9galement s&rsquo;acc\u00e9l\u00e9rer, avec le d\u00e9veloppement de dispositifs plus efficients permettant de r\u00e9duire la consommation d&rsquo;e-liquide tout en maintenant la satisfaction des utilisateurs. Certains fabricants investissent d\u00e9j\u00e0 dans des technologies de vaporisation avanc\u00e9es promettant une r\u00e9duction de 30% de la consommation de liquide.<\/p>\n<\/div>\n<div>\n<p>L&rsquo;\u00e9volution des comportements des consommateurs sera d\u00e9terminante pour l&rsquo;avenir du secteur. Les premi\u00e8res enqu\u00eates sugg\u00e8rent que si une majorit\u00e9 de vapoteurs est pr\u00eate \u00e0 absorber une hausse mod\u00e9r\u00e9e des prix, un segment significatif envisage des alternatives comme le DIY ou m\u00eame, de mani\u00e8re pr\u00e9occupante, un retour partiel au tabac. Cette derni\u00e8re possibilit\u00e9 souligne l&rsquo;importance cruciale d&rsquo;une mise en \u0153uvre \u00e9quilibr\u00e9e de la taxation, \u00e9vitant les effets pervers qui iraient \u00e0 l&rsquo;encontre des objectifs de sant\u00e9 publique. Les autorit\u00e9s europ\u00e9ennes ont d&rsquo;ailleurs pr\u00e9vu des m\u00e9canismes de suivi et d&rsquo;\u00e9valuation pour ajuster la politique fiscale si n\u00e9cessaire, reconnaissant ainsi la nature exp\u00e9rimentale de cette approche in\u00e9dite \u00e0 l&rsquo;\u00e9chelle continentale.<\/p>\n<\/div>\n<div>\n<h2><span class=\"ez-toc-section\" id=\"Conclusion\"><\/span><strong>Conclusion<\/strong><span class=\"ez-toc-section-end\"><\/span><\/h2>\n<p>La <strong>taxation europ\u00e9enne des e-liquides<\/strong> repr\u00e9sente un changement majeur qui red\u00e9finira le paysage du vapotage pour les ann\u00e9es \u00e0 venir. Si les d\u00e9fis sont r\u00e9els pour les consommateurs et les professionnels, cette \u00e9volution offre \u00e9galement l&rsquo;opportunit\u00e9 de structurer et de l\u00e9gitimer davantage un secteur en pleine maturation. L&rsquo;enjeu crucial sera de maintenir l&rsquo;\u00e9quilibre entre objectifs fiscaux et de sant\u00e9 publique, en pr\u00e9servant l&rsquo;accessibilit\u00e9 du vapotage comme outil de r\u00e9duction des risques li\u00e9s au tabagisme. Les vapoteurs, quant \u00e0 eux, devront s&rsquo;adapter en adoptant des strat\u00e9gies d&rsquo;achat plus r\u00e9fl\u00e9chies et en restant inform\u00e9s des \u00e9volutions r\u00e9glementaires dans leur pays. L&rsquo;avenir dira si cette nouvelle fiscalit\u00e9 parviendra \u00e0 atteindre ses objectifs tout en pr\u00e9servant les b\u00e9n\u00e9fices du vapotage pour la sant\u00e9 publique europ\u00e9enne.<\/p>\n<\/div>\n<div>\n<h2><span class=\"ez-toc-section\" id=\"FAQ\"><\/span><strong>FAQ\u00a0<\/strong><span class=\"ez-toc-section-end\"><\/span><\/h2>\n<\/div>\n<ul>\n<li>\n<h3>\u00c0 partir de quand la nouvelle taxe sur les e-liquides entre-t-elle en vigueur ?<\/h3>\n<div>\n<p>La directive europ\u00e9enne est entr\u00e9e en vigueur en janvier 2025. Chaque pays dispose de <strong data-start=\"554\" data-end=\"565\">18 mois<\/strong> pour l\u2019appliquer. En France, elle sera mise en place <strong data-start=\"619\" data-end=\"639\">d\u00e8s juillet 2025<\/strong>.<\/p>\n<\/div>\n<\/li>\n<li>\n<h3>Quel sera le montant de la taxe sur les e-liquides en France ?<\/h3>\n<div>\n<p>Le taux de base europ\u00e9en est fix\u00e9 \u00e0 <strong data-start=\"752\" data-end=\"769\">0,15 \u20ac par ml<\/strong>, auquel s\u2019ajoute un taux additionnel national de <strong data-start=\"819\" data-end=\"829\">0,10 \u20ac<\/strong> pour la France. Soit un total de <strong data-start=\"863\" data-end=\"880\">0,25 \u20ac par ml<\/strong>, qu\u2019il y ait ou non de nicotine.<\/p>\n<\/div>\n<\/li>\n<li>\n<h3>Tous les e-liquides sont-ils concern\u00e9s par cette taxe ?<\/h3>\n<div>\n<p data-start=\"982\" data-end=\"1106\">Oui, <strong data-start=\"987\" data-end=\"1010\">tous les e-liquides<\/strong> sont concern\u00e9s, qu\u2019ils soient avec ou sans nicotine. Cependant, certaines exceptions existent :<\/p>\n<ul data-start=\"1107\" data-end=\"1347\">\n<li data-start=\"1107\" data-end=\"1177\">\n<p data-start=\"1109\" data-end=\"1177\">Les <strong data-start=\"1113\" data-end=\"1143\">e-liquides \u00e0 usage m\u00e9dical<\/strong> (sur prescription) sont exempt\u00e9s.<\/p>\n<\/li>\n<li data-start=\"1178\" data-end=\"1274\">\n<p data-start=\"1180\" data-end=\"1274\">Les <strong data-start=\"1184\" data-end=\"1211\">bases DIY sans nicotine<\/strong> peuvent b\u00e9n\u00e9ficier d\u2019une <strong data-start=\"1237\" data-end=\"1258\">r\u00e9duction de 50 %<\/strong> selon les pays.<\/p>\n<\/li>\n<li data-start=\"1275\" data-end=\"1347\">\n<p data-start=\"1277\" data-end=\"1347\">Les <strong data-start=\"1281\" data-end=\"1309\">\u00e9chantillons commerciaux<\/strong> sont exon\u00e9r\u00e9s jusqu\u2019\u00e0 10 ml par mois.<\/p>\n<\/li>\n<\/ul>\n<\/div>\n<\/li>\n<li>\n<h3>Combien va co\u00fbter un flacon de 10 ml apr\u00e8s l\u2019application de la taxe ?<\/h3>\n<div>\n<p data-start=\"1430\" data-end=\"1563\">Un flacon vendu aujourd\u2019hui \u00e0 5 \u20ac passera en moyenne entre <strong data-start=\"1489\" data-end=\"1509\">5,75 \u20ac et 6,25 \u20ac<\/strong>, selon le pays et les choix commerciaux du fabricant.<\/p>\n<\/div>\n<\/li>\n<li>\n<h3>Les e-liquides au sel de nicotine sont-ils plus tax\u00e9s ?<\/h3>\n<div>\n<p>Non, <strong data-start=\"1637\" data-end=\"1668\">il n&rsquo;y a pas de distinction<\/strong> entre les bases contenant du sel de nicotine ou de la nicotine classique. La taxe est calcul\u00e9e <strong data-start=\"1764\" data-end=\"1782\">au volume (ml)<\/strong>, pas \u00e0 la composition.<\/p>\n<\/div>\n<\/li>\n<li>\n<h3>Est-ce que le DIY (Do It Yourself) est une solution pour payer moins ?<\/h3>\n<div>\n<p data-start=\"1889\" data-end=\"2093\">Oui. Fabriquer ses e-liquides soi-m\u00eame \u00e0 partir de bases et d\u2019ar\u00f4mes reste <strong data-start=\"1964\" data-end=\"1992\">une strat\u00e9gie \u00e9conomique<\/strong> face \u00e0 la hausse des prix, d\u2019autant plus que certaines bases DIY b\u00e9n\u00e9ficient d\u2019une taxation r\u00e9duite.<\/p>\n<\/div>\n<\/li>\n<li>\n<h3>Cette taxe pourrait-elle faire augmenter le tabagisme ?<\/h3>\n<div>\n<p>C\u2019est un risque \u00e9voqu\u00e9. Si le prix du vapotage devient trop \u00e9lev\u00e9, certains fumeurs pourraient <strong data-start=\"2257\" data-end=\"2290\">h\u00e9siter \u00e0 faire la transition<\/strong>, voire <strong data-start=\"2298\" data-end=\"2318\">revenir au tabac<\/strong>. C\u2019est pourquoi les associations demandent \u00e0 maintenir un <strong data-start=\"2377\" data-end=\"2433\">\u00e9cart de prix important entre cigarette et e-liquide<\/strong>.<\/p>\n<\/div>\n<\/li>\n<li>\n<h3>\u00c0 quoi serviront les recettes de cette nouvelle taxe ?<\/h3>\n<div>\n<p>Les recettes fiscales g\u00e9n\u00e9r\u00e9es pourraient atteindre <strong data-start=\"2554\" data-end=\"2585\">1,5 milliard d\u2019euros par an<\/strong> en Europe. L\u2019objectif affich\u00e9 est de financer des <strong data-start=\"2636\" data-end=\"2668\">programmes de sant\u00e9 publique<\/strong>, de <strong data-start=\"2673\" data-end=\"2687\">pr\u00e9vention<\/strong> et de <strong data-start=\"2694\" data-end=\"2715\">sevrage tabagique<\/strong>.<\/p>\n<\/div>\n<\/li>\n<li>\n<h3>Cette taxe est-elle d\u00e9finitive ?<\/h3>\n<div>\n<p>Non. La directive pr\u00e9voit des <strong data-start=\"2792\" data-end=\"2817\">r\u00e9visions p\u00e9riodiques<\/strong>. Les taux pourront \u00eatre ajust\u00e9s selon les <strong data-start=\"2860\" data-end=\"2895\">r\u00e9sultats sur la sant\u00e9 publique<\/strong> et l\u2019\u00e9volution du march\u00e9 de la vape.<\/p>\n<\/div>\n<\/li>\n<\/ul>\n<p><!--more--><br \/>\n<!-- {\"type\":\"layout\",\"children\":[{\"type\":\"section\",\"props\":{\"animation\":\"scale-up\",\"image_position\":\"center-center\",\"padding\":\"xsmall\",\"style\":\"default\",\"title_breakpoint\":\"xl\",\"title_position\":\"top-left\",\"title_rotation\":\"left\",\"vertical_align\":\"middle\",\"width\":\"default\"},\"children\":[{\"type\":\"row\",\"children\":[{\"type\":\"column\",\"props\":{\"image_position\":\"center-center\",\"position_sticky_breakpoint\":\"m\"},\"children\":[{\"type\":\"image\",\"props\":{\"image\":\"wp-content\\\/uploads\\\/2025\\\/07\\\/AdobeStock_1237234196.jpeg\",\"image_alt\":\"tout savoir sur les huiles de CBD\",\"image_box_decoration\":\"mask\",\"image_height\":350,\"image_svg_color\":\"emphasis\",\"image_width\":1500,\"margin\":\"default\"}},{\"type\":\"headline\",\"props\":{\"content\":\"\n\n<h1><strong>L'Europe officialise la taxation des e-liquides : ce qu'il faut savoir !<\\\/strong><\\\/h1>\",\"title_element\":\"h1\"}},{\"type\":\"text\",\"props\":{\"column_breakpoint\":\"m\",\"content\":\"\n\n<p>L'ann\\u00e9e 2025 marque un tournant historique pour l'industrie de la <strong>vape en Europe<\\\/strong>. Apr\\u00e8s des ann\\u00e9es de d\\u00e9bats et de n\\u00e9gociations, l'Union europ\\u00e9enne a finalement adopt\\u00e9 un cadre harmonis\\u00e9 pour la <strong>taxation des e-liquides<\\\/strong> \\u00e0 l'\\u00e9chelle continentale. Cette d\\u00e9cision, qui entrera progressivement en vigueur dans les \\u00c9tats membres, aura des r\\u00e9percussions significatives sur les prix, la distribution et la consommation des produits de vapotage. Pour les millions de vapoteurs europ\\u00e9ens et les professionnels du secteur, comprendre ces nouvelles dispositions est devenu essentiel pour anticiper les changements \\u00e0 venir.<\\\/p>\\n\n\n<p>Cette r\\u00e9forme fiscale s'inscrit dans une volont\\u00e9 plus large de l'UE d'harmoniser les politiques de sant\\u00e9 publique et de g\\u00e9n\\u00e9rer de nouvelles recettes fiscales. Si certains y voient une reconnaissance officielle de la vape comme alternative au tabac, d'autres s'inqui\\u00e8tent de l'impact sur l'accessibilit\\u00e9 de ces produits. Dans cet article complet, nous d\\u00e9cryptons pour vous tous les aspects de cette nouvelle <strong>r\\u00e9glementation europ\\u00e9enne sur les e-liquides<\\\/strong>, ses implications concr\\u00e8tes et les strat\\u00e9gies pour s'y adapter.<\\\/p>\",\"margin\":\"default\"}},{\"type\":\"html\",\"props\":{\"content\":\"[ez-toc]\"}}]}]}]},{\"type\":\"section\",\"props\":{\"animation\":\"scale-up\",\"image_position\":\"center-center\",\"padding\":\"xsmall\",\"style\":\"default\",\"title_breakpoint\":\"xl\",\"title_position\":\"top-left\",\"title_rotation\":\"left\",\"vertical_align\":\"middle\",\"width\":\"default\"},\"children\":[{\"type\":\"row\",\"children\":[{\"type\":\"column\",\"props\":{\"image_position\":\"center-center\",\"position_sticky_breakpoint\":\"m\",\"width_medium\":\"1-2\"},\"children\":[{\"type\":\"text\",\"props\":{\"column_breakpoint\":\"m\",\"content\":\"\n\n<h2><strong>Les principes fondamentaux de la nouvelle taxation europ\\u00e9enne<\\\/strong><\\\/h2>\\n\n\n<p>La <strong>directive europ\\u00e9enne sur la taxation des e-liquides<\\\/strong> repose sur un syst\\u00e8me \\u00e0 double composante qui vise \\u00e0 cr\\u00e9er un \\u00e9quilibre entre harmonisation fiscale et flexibilit\\u00e9 nationale. Le premier volet \\u00e9tablit un <strong>taux minimum de taxation<\\\/strong> applicable dans tous les \\u00c9tats membres, fix\\u00e9 \\u00e0 0,15 euro par millilitre d'e-liquide, qu'il contienne ou non de la nicotine.<\\\/p>\\n\n\n<p>Cette base commune garantit qu'aucun pays ne pourra proposer des produits de vapotage totalement exempts de taxes, \\u00e9vitant ainsi les distorsions de concurrence au sein du march\\u00e9 unique. Le second volet permet aux \\u00c9tats membres d'appliquer des taux suppl\\u00e9mentaires selon leurs objectifs de sant\\u00e9 publique et leurs besoins budg\\u00e9taires, cr\\u00e9ant ainsi une marge de man\\u0153uvre nationale significative.<\\\/p>\",\"margin\":\"default\"}}]},{\"type\":\"column\",\"props\":{\"image_position\":\"center-center\",\"position_sticky_breakpoint\":\"m\",\"vertical_align\":\"middle\",\"width_medium\":\"1-2\"},\"children\":[{\"type\":\"image\",\"props\":{\"image\":\"wp-content\\\/uploads\\\/2025\\\/07\\\/AdobeStock_1377289420-scaled.jpeg\",\"image_box_decoration\":\"mask\",\"image_svg_color\":\"emphasis\",\"margin\":\"default\"}}]}],\"props\":{\"layout\":\"1-2,1-2\"}},{\"type\":\"row\",\"children\":[{\"type\":\"column\",\"props\":{\"image_position\":\"center-center\",\"position_sticky_breakpoint\":\"m\"},\"children\":[{\"type\":\"text\",\"props\":{\"column_breakpoint\":\"m\",\"content\":\"\n\n<p>L'architecture de cette taxation s'inspire partiellement du mod\\u00e8le existant pour les produits du tabac, tout en reconnaissant les sp\\u00e9cificit\\u00e9s du vapotage. Contrairement aux cigarettes traditionnelles, o\\u00f9 la taxation se base sur le nombre d'unit\\u00e9s, les <strong>e-liquides sont tax\\u00e9s au volume<\\\/strong>, une approche qui refl\\u00e8te mieux la nature du produit et les habitudes de consommation des vapoteurs. Cette m\\u00e9thode pr\\u00e9sente l'avantage d'\\u00eatre plus \\u00e9quitable et plus simple \\u00e0 administrer, tout en permettant une pr\\u00e9visibilit\\u00e9 des co\\u00fbts pour les consommateurs et les professionnels. Les autorit\\u00e9s europ\\u00e9ennes ont \\u00e9galement pr\\u00e9vu des m\\u00e9canismes de r\\u00e9vision p\\u00e9riodique pour ajuster les taux en fonction de l'\\u00e9volution du march\\u00e9 et des objectifs de sant\\u00e9 publique.<\\\/p>\",\"margin\":\"default\"}}]}]}]},{\"type\":\"section\",\"props\":{\"animation\":\"scale-up\",\"image_position\":\"center-center\",\"padding\":\"xsmall\",\"style\":\"default\",\"title_breakpoint\":\"xl\",\"title_position\":\"top-left\",\"title_rotation\":\"left\",\"vertical_align\":\"middle\",\"width\":\"default\"},\"children\":[{\"type\":\"row\",\"children\":[{\"type\":\"column\",\"props\":{\"image_position\":\"center-center\",\"position_sticky_breakpoint\":\"m\",\"vertical_align\":\"middle\"},\"children\":[{\"type\":\"text\",\"props\":{\"column_breakpoint\":\"m\",\"content\":\"\n\n<h2><strong>Le calendrier de mise en \\u0153uvre et les sp\\u00e9cificit\\u00e9s nationales<\\\/strong><\\\/h2>\\n\n\n<p>La mise en application de cette nouvelle <strong>fiscalit\\u00e9 sur les produits de vape<\\\/strong> suivra un calendrier \\u00e9chelonn\\u00e9 permettant aux diff\\u00e9rents acteurs de s'adapter progressivement. Les \\u00c9tats membres disposent d'une p\\u00e9riode de transition de 18 mois, d\\u00e9butant en janvier 2025, pour transposer la directive dans leur l\\u00e9gislation nationale. Cette p\\u00e9riode permet non seulement l'adaptation des syst\\u00e8mes fiscaux nationaux, mais aussi la mise en place des infrastructures n\\u00e9cessaires au contr\\u00f4le et \\u00e0 la collecte de ces nouvelles taxes. Certains pays pionniers comme la France et l'Allemagne ont d\\u00e9j\\u00e0 annonc\\u00e9 leur intention d'appliquer les nouveaux taux d\\u00e8s le second semestre 2025, tandis que d'autres pr\\u00e9voient d'utiliser l'int\\u00e9gralit\\u00e9 de la p\\u00e9riode de transition.<\\\/p>\\n\n\n<p>Les variations nationales dans l'application de cette directive cr\\u00e9ent un paysage fiscal complexe mais r\\u00e9v\\u00e9lateur des diff\\u00e9rentes approches en mati\\u00e8re de politique de sant\\u00e9 publique. Voici un aper\\u00e7u des <strong>taux de taxation pr\\u00e9vus<\\\/strong> dans les principaux march\\u00e9s europ\\u00e9ens :<\\\/p>\",\"margin\":\"default\"}}]}]},{\"type\":\"row\",\"children\":[{\"type\":\"column\",\"props\":{\"image_position\":\"center-center\",\"position_sticky_breakpoint\":\"m\"},\"children\":[{\"type\":\"text\",\"props\":{\"column_breakpoint\":\"m\",\"content\":\"\n\n<table class=\\\"uk-table uk-table-divider uk-table-striped uk-table-responsive\\\">\\n\n\n<thead>\\n\n\n<tr>\\n\n\n<th>Pays<\\\/th>\\n\n\n<th>Taux de base (\\u20ac\\\/ml)<\\\/th>\\n\n\n<th>Taux additionnel<\\\/th>\\n\n\n<th>Taux total (\\u20ac\\\/ml)<\\\/th>\\n\n\n<th>Date d'application<\\\/th>\\n<\\\/tr>\\n<\\\/thead>\\n\n\n<tbody>\\n\n\n<tr>\\n\n\n<td>France<\\\/td>\\n\n\n<td>0,15<\\\/td>\\n\n\n<td>0,10<\\\/td>\\n\n\n<td>0,25 - 0,36<\\\/td>\\n\n\n<td>Juillet 2025<\\\/td>\\n<\\\/tr>\\n\n\n<tr>\\n\n\n<td>Allemagne<\\\/td>\\n\n\n<td>0,15<\\\/td>\\n\n\n<td>0,08<\\\/td>\\n\n\n<td>0,23<\\\/td>\\n\n\n<td>Septembre 2025<\\\/td>\\n<\\\/tr>\\n\n\n<tr>\\n\n\n<td>Italie<\\\/td>\\n\n\n<td>0,15<\\\/td>\\n\n\n<td>0,12<\\\/td>\\n\n\n<td>0,27<\\\/td>\\n\n\n<td>Janvier 2026<\\\/td>\\n<\\\/tr>\\n\n\n<tr>\\n\n\n<td>Espagne<\\\/td>\\n\n\n<td>0,15<\\\/td>\\n\n\n<td>0,05<\\\/td>\\n\n\n<td>0,20<\\\/td>\\n\n\n<td>Octobre 2025<\\\/td>\\n<\\\/tr>\\n\n\n<tr>\\n\n\n<td>Belgique<\\\/td>\\n\n\n<td>0,15<\\\/td>\\n\n\n<td>0,15<\\\/td>\\n\n\n<td>0,30<\\\/td>\\n\n\n<td>Juin 2025<\\\/td>\\n<\\\/tr>\\n<\\\/tbody>\\n<\\\/table>\",\"margin\":\"default\"}}]}]}]},{\"type\":\"section\",\"props\":{\"animation\":\"scale-up\",\"image_position\":\"center-center\",\"padding\":\"xsmall\",\"style\":\"default\",\"title_breakpoint\":\"xl\",\"title_position\":\"top-left\",\"title_rotation\":\"left\",\"vertical_align\":\"middle\",\"width\":\"default\"},\"children\":[{\"type\":\"row\",\"children\":[{\"type\":\"column\",\"props\":{\"image_position\":\"center-center\",\"position_sticky_breakpoint\":\"m\"},\"children\":[{\"type\":\"text\",\"props\":{\"column_breakpoint\":\"m\",\"content\":\"\n\n<h3><strong>Les exceptions et cas particuliers<\\\/strong><\\\/h3>\\n\n\n<p>Certaines cat\\u00e9gories de produits b\\u00e9n\\u00e9ficient de traitements sp\\u00e9cifiques dans le cadre de cette nouvelle r\\u00e9glementation :<\\\/p>\\n\n\n<ul>\\n\n\n<li><strong>E-liquides \\u00e0 usage m\\u00e9dical<\\\/strong> : exemption totale sous prescription<\\\/li>\\n\n\n<li><strong>Bases DIY sans nicotine<\\\/strong> : taxation r\\u00e9duite de 50% dans certains pays<\\\/li>\\n\n\n<li><strong>Produits destin\\u00e9s \\u00e0 l'export<\\\/strong> : r\\u00e9gime de suspension de taxe<\\\/li>\\n\n\n<li><strong>\\u00c9chantillons commerciaux<\\\/strong> : volume limit\\u00e9 exempt\\u00e9 (maximum 10ml par mois)<\\\/li>\\n<\\\/ul>\",\"margin\":\"default\"}}]}]}]},{\"type\":\"section\",\"props\":{\"animation\":\"scale-up\",\"image_position\":\"center-center\",\"padding\":\"xsmall\",\"style\":\"default\",\"title_breakpoint\":\"xl\",\"title_position\":\"top-left\",\"title_rotation\":\"left\",\"vertical_align\":\"middle\",\"width\":\"default\"},\"children\":[{\"type\":\"row\",\"props\":{\"layout\":\"1-2,1-2\"},\"children\":[{\"type\":\"column\",\"props\":{\"image_position\":\"center-center\",\"position_sticky_breakpoint\":\"m\",\"vertical_align\":\"middle\",\"width_medium\":\"2-5\"},\"children\":[{\"type\":\"image\",\"props\":{\"image\":\"wp-content\\\/uploads\\\/2025\\\/07\\\/AdobeStock_1319444813.jpeg\",\"image_alt\":\"bouteille-huile-cbd\",\"image_box_decoration\":\"mask\",\"image_svg_color\":\"emphasis\",\"margin\":\"default\"}}]},{\"type\":\"column\",\"props\":{\"image_position\":\"center-center\",\"position_sticky_breakpoint\":\"m\",\"vertical_align\":\"middle\",\"width_medium\":\"3-5\"},\"children\":[{\"type\":\"text\",\"props\":{\"column_breakpoint\":\"m\",\"content\":\"\n\n<h2><strong>L'impact sur les prix et le pouvoir d'achat des vapoteurs<\\\/strong><\\\/h2>\\n\n\n<ol><\\\/ol>\\n\n\n<p>L'introduction de cette <strong>nouvelle taxe sur<em> <a href=\\\"https:\\\/\\\/www.oliquide.com\\\/recharge-liquides.?p2[]=64\\\">les e-liquides<\\\/a><\\\/em><\\\/strong> se traduira in\\u00e9vitablement par une augmentation des prix pour les consommateurs finaux. Les premi\\u00e8res estimations sugg\\u00e8rent une hausse moyenne comprise entre 15% et 25% du prix de vente, variable selon les pays et les gammes de produits. Pour un flacon standard de 10ml actuellement vendu 5 euros, le consommateur devra d\\u00e9bourser entre 5,75 et 6,25 euros apr\\u00e8s application compl\\u00e8te de la taxation. Cette augmentation, bien que significative, reste n\\u00e9anmoins inf\\u00e9rieure aux craintes initiales du secteur qui redoutait des hausses pouvant atteindre 40% dans certains sc\\u00e9narios.<\\\/p>\",\"margin\":\"default\"}}]}]},{\"type\":\"row\",\"children\":[{\"type\":\"column\",\"props\":{\"image_position\":\"center-center\",\"position_sticky_breakpoint\":\"m\"},\"children\":[{\"type\":\"text\",\"props\":{\"column_breakpoint\":\"m\",\"content\":\"\n\n<p>L'impact sur le <strong>pouvoir d'achat des vapoteurs<\\\/strong> variera consid\\u00e9rablement selon les profils de consommation et les strat\\u00e9gies d'adaptation adopt\\u00e9es. Les vapoteurs occasionnels, consommant moins de 30ml par mois, verront leur budget mensuel augmenter de 5 \\u00e0 8 euros en moyenne, un impact relativement mod\\u00e9r\\u00e9. En revanche, les gros consommateurs, utilisant plus de 100ml mensuellement, pourraient voir leur budget vapotage augmenter de 20 \\u00e0 30 euros par mois. Cette disparit\\u00e9 soul\\u00e8ve des questions d'\\u00e9quit\\u00e9 et pourrait encourager certains comportements d'adaptation comme le recours accru au DIY (Do It Yourself) ou l'achat en plus grandes quantit\\u00e9s pour b\\u00e9n\\u00e9ficier d'\\u00e9conomies d'\\u00e9chelle.<\\\/p>\",\"margin\":\"default\"}}]}]}]},{\"type\":\"section\",\"props\":{\"animation\":\"scale-up\",\"image_position\":\"center-center\",\"style\":\"default\",\"title_breakpoint\":\"xl\",\"title_position\":\"top-left\",\"title_rotation\":\"left\",\"vertical_align\":\"middle\",\"width\":\"default\"},\"children\":[{\"type\":\"row\",\"children\":[{\"type\":\"column\",\"props\":{\"image_position\":\"center-center\",\"position_sticky_breakpoint\":\"m\"},\"children\":[{\"type\":\"text\",\"props\":{\"column_breakpoint\":\"m\",\"content\":\"\n\n<h3><strong>Strat\\u00e9gies d'\\u00e9conomie pour les vapoteurs<\\\/strong><\\\/h3>\\n\n\n<p>Face \\u00e0 cette hausse des prix, plusieurs strat\\u00e9gies permettent de limiter l'impact sur le budget :<\\\/p>\\n\n\n<ul>\\n\n\n<li><strong>Achats group\\u00e9s<\\\/strong> : commander en grandes quantit\\u00e9s pour r\\u00e9duire le co\\u00fbt unitaire<\\\/li>\\n\n\n<li><strong>DIY intelligent<\\\/strong> : fabriquer ses propres e-liquides avec des bases et ar\\u00f4mes<\\\/li>\\n\n\n<li><strong>Programmes de fid\\u00e9lit\\u00e9<\\\/strong> : profiter des avantages offerts par les boutiques<\\\/li>\\n\n\n<li><strong>Comparaison des prix<\\\/strong> : utiliser les comparateurs en ligne pour trouver les meilleures offres<\\\/li>\\n\n\n<li><strong>Stockage anticip\\u00e9<\\\/strong> : constituer des r\\u00e9serves avant l'application des taxes<\\\/li>\\n<\\\/ul>\",\"margin\":\"default\"}}]}]}]},{\"type\":\"section\",\"props\":{\"animation\":\"scale-up\",\"image_position\":\"center-center\",\"padding\":\"xsmall\",\"style\":\"default\",\"title_breakpoint\":\"xl\",\"title_position\":\"top-left\",\"title_rotation\":\"left\",\"vertical_align\":\"middle\",\"width\":\"default\"},\"children\":[{\"type\":\"row\",\"children\":[{\"type\":\"column\",\"props\":{\"image_position\":\"center-center\",\"position_sticky_breakpoint\":\"m\",\"width_medium\":\"1-2\"},\"children\":[{\"type\":\"text\",\"props\":{\"column_breakpoint\":\"m\",\"content\":\"\n\n<h2><strong>Les cons\\u00e9quences pour l'industrie et les professionnels du secteur<\\\/strong><\\\/h2>\\n\n\n<p>L'industrie du vapotage europ\\u00e9enne, qui g\\u00e9n\\u00e8re un chiffre d'affaires annuel estim\\u00e9 \\u00e0 plus de 3 milliards d'euros, doit d\\u00e9sormais naviguer dans ce nouveau paysage fiscal complexe. Les <strong>fabricants d'e-liquides<\\\/strong> sont confront\\u00e9s \\u00e0 des d\\u00e9fis multiples : adaptation des syst\\u00e8mes de tra\\u00e7abilit\\u00e9, r\\u00e9vision des strat\\u00e9gies de prix, et potentielle restructuration de leurs gammes de produits.<\\\/p>\\n\n\n<p>Certains acteurs majeurs ont d\\u00e9j\\u00e0 annonc\\u00e9 des investissements significatifs dans l'automatisation de leurs processus pour compenser la pression sur les marges. Les petits producteurs artisanaux, particuli\\u00e8rement nombreux dans des pays comme la France et l'Italie, pourraient \\u00eatre les plus affect\\u00e9s par ces changements, certains envisageant des regroupements ou des cessations d'activit\\u00e9.<\\\/p>\",\"margin\":\"default\"}}]},{\"type\":\"column\",\"props\":{\"image_position\":\"center-center\",\"position_sticky_breakpoint\":\"m\",\"vertical_align\":\"middle\",\"width_medium\":\"1-2\"},\"children\":[{\"type\":\"image\",\"props\":{\"image\":\"wp-content\\\/uploads\\\/2025\\\/07\\\/AdobeStock_1234156476.jpeg\",\"image_box_decoration\":\"mask\",\"image_svg_color\":\"emphasis\",\"margin\":\"default\"}}]}],\"props\":{\"layout\":\"1-2,1-2\"}},{\"type\":\"row\",\"children\":[{\"type\":\"column\",\"props\":{\"image_position\":\"center-center\",\"position_sticky_breakpoint\":\"m\"},\"children\":[{\"type\":\"text\",\"props\":{\"column_breakpoint\":\"m\",\"content\":\"\n\n<p>Les <em><a href=\\\"https:\\\/\\\/www.oliquide.com\\\/\\\"><strong>distributeurs et d\\u00e9taillants<\\\/strong><\\\/a><\\\/em> doivent \\u00e9galement repenser leur mod\\u00e8le \\u00e9conomique face \\u00e0 cette nouvelle donne. L'augmentation des prix pourrait entra\\u00eener une baisse temporaire des volumes de vente, estim\\u00e9e entre 10% et 20% selon les premi\\u00e8res projections du secteur. Pour maintenir leur rentabilit\\u00e9, de nombreux points de vente d\\u00e9veloppent de nouvelles strat\\u00e9gies : diversification vers les accessoires et dispositifs haut de gamme moins sensibles au prix, d\\u00e9veloppement de marques propres pour am\\u00e9liorer les marges, ou encore cr\\u00e9ation de programmes de fid\\u00e9lit\\u00e9 sophistiqu\\u00e9s. Les boutiques en ligne, b\\u00e9n\\u00e9ficiant de co\\u00fbts op\\u00e9rationnels r\\u00e9duits, pourraient tirer leur \\u00e9pingle du jeu en proposant des prix plus comp\\u00e9titifs, accentuant ainsi la pression sur les commerces physiques traditionnels.<\\\/p>\",\"margin\":\"default\"}}]}]}]},{\"type\":\"section\",\"props\":{\"animation\":\"scale-up\",\"image_position\":\"center-center\",\"style\":\"default\",\"title_breakpoint\":\"xl\",\"title_position\":\"top-left\",\"title_rotation\":\"left\",\"vertical_align\":\"middle\",\"width\":\"default\"},\"children\":[{\"type\":\"row\",\"children\":[{\"type\":\"column\",\"props\":{\"image_position\":\"center-center\",\"position_sticky_breakpoint\":\"m\"},\"children\":[{\"type\":\"text\",\"props\":{\"column_breakpoint\":\"m\",\"content\":\"\n\n<h2><strong>Les implications pour la sant\\u00e9 publique et la lutte anti-tabac<\\\/strong><\\\/h2>\\n\n\n<p>La <strong>taxation des produits de vapotage<\\\/strong> soul\\u00e8ve des d\\u00e9bats passionn\\u00e9s au sein de la communaut\\u00e9 scientifique et des acteurs de sant\\u00e9 publique. Les partisans de cette mesure argumentent qu'elle permettra de g\\u00e9n\\u00e9rer des recettes substantielles pouvant \\u00eatre r\\u00e9investies dans des programmes de pr\\u00e9vention et de sevrage tabagique. Ils soulignent \\u00e9galement que l'harmonisation fiscale europ\\u00e9enne \\u00e9vitera les effets de bord transfrontaliers et renforcera la cr\\u00e9dibilit\\u00e9 des politiques anti-tabac. Selon certaines estimations, les recettes fiscales g\\u00e9n\\u00e9r\\u00e9es pourraient atteindre 1,5 milliard d'euros annuellement \\u00e0 l'\\u00e9chelle europ\\u00e9enne, offrant des moyens consid\\u00e9rables pour financer des initiatives de sant\\u00e9 publique.<\\\/p>\\n\n\n<p>Cependant, de nombreux experts en <strong>r\\u00e9duction des risques<\\\/strong> expriment des inqui\\u00e9tudes l\\u00e9gitimes quant \\u00e0 l'impact potentiel sur les fumeurs cherchant \\u00e0 arr\\u00eater. Une augmentation significative des prix des e-liquides pourrait d\\u00e9courager certains fumeurs de faire la transition vers le vapotage, compromettant ainsi les objectifs de r\\u00e9duction du tabagisme. Des \\u00e9tudes r\\u00e9centes sugg\\u00e8rent qu'une hausse de 10% des prix des produits de vapotage pourrait r\\u00e9duire de 5% \\u00e0 7% le nombre de fumeurs effectuant la transition. Cette \\u00e9lasticit\\u00e9-prix souligne l'importance de maintenir un diff\\u00e9rentiel de prix suffisant entre cigarettes traditionnelles et produits de vapotage pour pr\\u00e9server l'attractivit\\u00e9 de ces derniers comme outil de sevrage.<\\\/p>\",\"margin\":\"default\"}}]}]}]},{\"type\":\"section\",\"props\":{\"animation\":\"scale-up\",\"image_position\":\"center-center\",\"padding\":\"xsmall\",\"padding_remove_top\":true,\"style\":\"default\",\"title_breakpoint\":\"xl\",\"title_position\":\"top-left\",\"title_rotation\":\"left\",\"vertical_align\":\"middle\",\"width\":\"default\"},\"children\":[{\"type\":\"row\",\"children\":[{\"type\":\"column\",\"props\":{\"image_position\":\"center-center\",\"position_sticky_breakpoint\":\"m\"},\"children\":[{\"type\":\"text\",\"props\":{\"column_breakpoint\":\"m\",\"content\":\"\n\n<h3><strong>Les recommandations des associations de vapoteurs<\\\/strong><\\\/h3>\\n\n\n<p>Les principales associations europ\\u00e9ennes de vapoteurs ont formul\\u00e9 plusieurs recommandations pour att\\u00e9nuer l'impact de cette taxation :<\\\/p>\\n\n\n<ul>\\n\n\n<li><strong>Maintien d'un \\u00e9cart de prix<\\\/strong> d'au moins 50% entre cigarettes et e-liquides<\\\/li>\\n\n\n<li><strong>Exon\\u00e9ration ou r\\u00e9duction<\\\/strong> pour les produits utilis\\u00e9s dans le cadre m\\u00e9dical<\\\/li>\\n\n\n<li><strong>P\\u00e9riode de transition prolong\\u00e9e<\\\/strong> pour permettre l'adaptation du march\\u00e9<\\\/li>\\n\n\n<li><strong>R\\u00e9vision r\\u00e9guli\\u00e8re<\\\/strong> des taux en fonction des donn\\u00e9es de sant\\u00e9 publique<\\\/li>\\n\n\n<li><strong>Investissement des recettes<\\\/strong> dans la recherche sur la r\\u00e9duction des risques<\\\/li>\\n<\\\/ul>\",\"margin\":\"default\"}}]}]}]},{\"type\":\"section\",\"props\":{\"animation\":\"scale-up\",\"image_position\":\"center-center\",\"style\":\"default\",\"title_breakpoint\":\"xl\",\"title_position\":\"top-left\",\"title_rotation\":\"left\",\"vertical_align\":\"middle\",\"width\":\"default\"},\"children\":[{\"type\":\"row\",\"children\":[{\"type\":\"column\",\"props\":{\"image_position\":\"center-center\",\"position_sticky_breakpoint\":\"m\",\"width_medium\":\"1-2\"},\"children\":[{\"type\":\"image\",\"props\":{\"image\":\"wp-content\\\/uploads\\\/2025\\\/07\\\/AdobeStock_553455560-scaled.jpeg\",\"image_box_decoration\":\"mask\",\"image_svg_color\":\"emphasis\",\"margin\":\"default\"}}]},{\"type\":\"column\",\"props\":{\"image_position\":\"center-center\",\"position_sticky_breakpoint\":\"m\",\"width_medium\":\"1-2\"},\"children\":[{\"type\":\"text\",\"props\":{\"column_breakpoint\":\"m\",\"content\":\"\n\n<h2><strong>Perspectives d'\\u00e9volution et adaptation du march\\u00e9<\\\/strong><\\\/h2>\\n\n\n<p>L'introduction de cette <strong>nouvelle fiscalit\\u00e9 europ\\u00e9enne sur les e-liquides<\\\/strong> marque le d\\u00e9but d'une p\\u00e9riode de transformation profonde pour l'ensemble de l'\\u00e9cosyst\\u00e8me du vapotage. Les analystes du secteur pr\\u00e9voient une consolidation du march\\u00e9, avec des fusions-acquisitions probables entre acteurs cherchant \\u00e0 atteindre une taille critique pour absorber l'impact de la taxation.<\\\/p>\\n\n\n<p>Les innovations technologiques pourraient \\u00e9galement s'acc\\u00e9l\\u00e9rer, avec le d\\u00e9veloppement de dispositifs plus efficients permettant de r\\u00e9duire la consommation d'e-liquide tout en maintenant la satisfaction des utilisateurs. Certains fabricants investissent d\\u00e9j\\u00e0 dans des technologies de vaporisation avanc\\u00e9es promettant une r\\u00e9duction de 30% de la consommation de liquide.<\\\/p>\",\"margin\":\"default\"}}]}],\"props\":{\"layout\":\"1-2,1-2\"}},{\"type\":\"row\",\"children\":[{\"type\":\"column\",\"props\":{\"image_position\":\"center-center\",\"position_sticky_breakpoint\":\"m\"},\"children\":[{\"type\":\"text\",\"props\":{\"column_breakpoint\":\"m\",\"content\":\"\n\n<p>L'\\u00e9volution des comportements des consommateurs sera d\\u00e9terminante pour l'avenir du secteur. Les premi\\u00e8res enqu\\u00eates sugg\\u00e8rent que si une majorit\\u00e9 de vapoteurs est pr\\u00eate \\u00e0 absorber une hausse mod\\u00e9r\\u00e9e des prix, un segment significatif envisage des alternatives comme le DIY ou m\\u00eame, de mani\\u00e8re pr\\u00e9occupante, un retour partiel au tabac. Cette derni\\u00e8re possibilit\\u00e9 souligne l'importance cruciale d'une mise en \\u0153uvre \\u00e9quilibr\\u00e9e de la taxation, \\u00e9vitant les effets pervers qui iraient \\u00e0 l'encontre des objectifs de sant\\u00e9 publique. Les autorit\\u00e9s europ\\u00e9ennes ont d'ailleurs pr\\u00e9vu des m\\u00e9canismes de suivi et d'\\u00e9valuation pour ajuster la politique fiscale si n\\u00e9cessaire, reconnaissant ainsi la nature exp\\u00e9rimentale de cette approche in\\u00e9dite \\u00e0 l'\\u00e9chelle continentale.<\\\/p>\",\"margin\":\"default\"}}]}]}]},{\"type\":\"section\",\"props\":{\"animation\":\"scale-up\",\"image_position\":\"center-center\",\"padding\":\"xsmall\",\"padding_remove_top\":true,\"style\":\"default\",\"title_breakpoint\":\"xl\",\"title_position\":\"top-left\",\"title_rotation\":\"left\",\"vertical_align\":\"middle\",\"width\":\"default\"},\"children\":[{\"type\":\"row\",\"children\":[{\"type\":\"column\",\"props\":{\"image_position\":\"center-center\",\"position_sticky_breakpoint\":\"m\"},\"children\":[{\"type\":\"text\",\"props\":{\"column_breakpoint\":\"m\",\"content\":\"\n\n<h2><strong>Conclusion<\\\/strong><\\\/h2>\\n\n\n<p>La <strong>taxation europ\\u00e9enne des e-liquides<\\\/strong> repr\\u00e9sente un changement majeur qui red\\u00e9finira le paysage du vapotage pour les ann\\u00e9es \\u00e0 venir. Si les d\\u00e9fis sont r\\u00e9els pour les consommateurs et les professionnels, cette \\u00e9volution offre \\u00e9galement l'opportunit\\u00e9 de structurer et de l\\u00e9gitimer davantage un secteur en pleine maturation. L'enjeu crucial sera de maintenir l'\\u00e9quilibre entre objectifs fiscaux et de sant\\u00e9 publique, en pr\\u00e9servant l'accessibilit\\u00e9 du vapotage comme outil de r\\u00e9duction des risques li\\u00e9s au tabagisme. Les vapoteurs, quant \\u00e0 eux, devront s'adapter en adoptant des strat\\u00e9gies d'achat plus r\\u00e9fl\\u00e9chies et en restant inform\\u00e9s des \\u00e9volutions r\\u00e9glementaires dans leur pays. L'avenir dira si cette nouvelle fiscalit\\u00e9 parviendra \\u00e0 atteindre ses objectifs tout en pr\\u00e9servant les b\\u00e9n\\u00e9fices du vapotage pour la sant\\u00e9 publique europ\\u00e9enne.<\\\/p>\",\"margin\":\"default\"}}]}]}]},{\"type\":\"section\",\"props\":{\"image_position\":\"center-center\",\"padding\":\"xsmall\",\"style\":\"default\",\"title_breakpoint\":\"xl\",\"title_position\":\"top-left\",\"title_rotation\":\"left\",\"vertical_align\":\"middle\",\"width\":\"default\"},\"children\":[{\"type\":\"row\",\"children\":[{\"type\":\"column\",\"props\":{\"image_position\":\"center-center\",\"position_sticky_breakpoint\":\"m\"},\"children\":[{\"type\":\"text\",\"props\":{\"column_breakpoint\":\"m\",\"content\":\"\n\n<h2><strong>FAQ\\u00a0<\\\/strong><\\\/h2>\",\"margin\":\"default\"}},{\"type\":\"accordion\",\"props\":{\"collapsible\":true,\"content_column_breakpoint\":\"m\",\"image_align\":\"top\",\"image_grid_breakpoint\":\"m\",\"image_grid_width\":\"1-2\",\"image_svg_color\":\"emphasis\",\"link_style\":\"default\",\"link_text\":\"Read more\",\"show_image\":true,\"show_link\":true},\"children\":[{\"type\":\"accordion_item\",\"props\":{\"content\":\"\n\n<p>La directive europ\\u00e9enne est entr\\u00e9e en vigueur en janvier 2025. Chaque pays dispose de <strong data-start=\\\"554\\\" data-end=\\\"565\\\">18 mois<\\\/strong> pour l\\u2019appliquer. En France, elle sera mise en place <strong data-start=\\\"619\\\" data-end=\\\"639\\\">d\\u00e8s juillet 2025<\\\/strong>.<\\\/p>\",\"title\":\"\\u00c0 partir de quand la nouvelle taxe sur les e-liquides entre-t-elle en vigueur ?\"}},{\"type\":\"accordion_item\",\"props\":{\"content\":\"\n\n<p>Le taux de base europ\\u00e9en est fix\\u00e9 \\u00e0 <strong data-start=\\\"752\\\" data-end=\\\"769\\\">0,15 \\u20ac par ml<\\\/strong>, auquel s\\u2019ajoute un taux additionnel national de <strong data-start=\\\"819\\\" data-end=\\\"829\\\">0,10 \\u20ac<\\\/strong> pour la France. Soit un total de <strong data-start=\\\"863\\\" data-end=\\\"880\\\">0,25 \\u20ac par ml<\\\/strong>, qu\\u2019il y ait ou non de nicotine.<\\\/p>\",\"title\":\"Quel sera le montant de la taxe sur les e-liquides en France ?\"}},{\"type\":\"accordion_item\",\"props\":{\"content\":\"\n\n<p data-start=\\\"982\\\" data-end=\\\"1106\\\">Oui, <strong data-start=\\\"987\\\" data-end=\\\"1010\\\">tous les e-liquides<\\\/strong> sont concern\\u00e9s, qu\\u2019ils soient avec ou sans nicotine. Cependant, certaines exceptions existent :<\\\/p>\\n\n\n<ul data-start=\\\"1107\\\" data-end=\\\"1347\\\">\\n\n\n<li data-start=\\\"1107\\\" data-end=\\\"1177\\\">\\n\n\n<p data-start=\\\"1109\\\" data-end=\\\"1177\\\">Les <strong data-start=\\\"1113\\\" data-end=\\\"1143\\\">e-liquides \\u00e0 usage m\\u00e9dical<\\\/strong> (sur prescription) sont exempt\\u00e9s.<\\\/p>\\n<\\\/li>\\n\n\n<li data-start=\\\"1178\\\" data-end=\\\"1274\\\">\\n\n\n<p data-start=\\\"1180\\\" data-end=\\\"1274\\\">Les <strong data-start=\\\"1184\\\" data-end=\\\"1211\\\">bases DIY sans nicotine<\\\/strong> peuvent b\\u00e9n\\u00e9ficier d\\u2019une <strong data-start=\\\"1237\\\" data-end=\\\"1258\\\">r\\u00e9duction de 50 %<\\\/strong> selon les pays.<\\\/p>\\n<\\\/li>\\n\n\n<li data-start=\\\"1275\\\" data-end=\\\"1347\\\">\\n\n\n<p data-start=\\\"1277\\\" data-end=\\\"1347\\\">Les <strong data-start=\\\"1281\\\" data-end=\\\"1309\\\">\\u00e9chantillons commerciaux<\\\/strong> sont exon\\u00e9r\\u00e9s jusqu\\u2019\\u00e0 10 ml par mois.<\\\/p>\\n<\\\/li>\\n<\\\/ul>\",\"title\":\"Tous les e-liquides sont-ils concern\\u00e9s par cette taxe ?\"}},{\"type\":\"accordion_item\",\"props\":{\"content\":\"\n\n<p data-start=\\\"1430\\\" data-end=\\\"1563\\\">Un flacon vendu aujourd\\u2019hui \\u00e0 5 \\u20ac passera en moyenne entre <strong data-start=\\\"1489\\\" data-end=\\\"1509\\\">5,75 \\u20ac et 6,25 \\u20ac<\\\/strong>, selon le pays et les choix commerciaux du fabricant.<\\\/p>\",\"title\":\"Combien va co\\u00fbter un flacon de 10 ml apr\\u00e8s l\\u2019application de la taxe ?\"}},{\"type\":\"accordion_item\",\"props\":{\"content\":\"\n\n<p>Non, <strong data-start=\\\"1637\\\" data-end=\\\"1668\\\">il n'y a pas de distinction<\\\/strong> entre les bases contenant du sel de nicotine ou de la nicotine classique. La taxe est calcul\\u00e9e <strong data-start=\\\"1764\\\" data-end=\\\"1782\\\">au volume (ml)<\\\/strong>, pas \\u00e0 la composition.<\\\/p>\",\"title\":\"Les e-liquides au sel de nicotine sont-ils plus tax\\u00e9s ?\"}},{\"type\":\"accordion_item\",\"props\":{\"content\":\"\n\n<p data-start=\\\"1889\\\" data-end=\\\"2093\\\">Oui. Fabriquer ses e-liquides soi-m\\u00eame \\u00e0 partir de bases et d\\u2019ar\\u00f4mes reste <strong data-start=\\\"1964\\\" data-end=\\\"1992\\\">une strat\\u00e9gie \\u00e9conomique<\\\/strong> face \\u00e0 la hausse des prix, d\\u2019autant plus que certaines bases DIY b\\u00e9n\\u00e9ficient d\\u2019une taxation r\\u00e9duite.<\\\/p>\",\"title\":\"Est-ce que le DIY (Do It Yourself) est une solution pour payer moins ?\"}},{\"type\":\"accordion_item\",\"props\":{\"content\":\"\n\n<p>C\\u2019est un risque \\u00e9voqu\\u00e9. Si le prix du vapotage devient trop \\u00e9lev\\u00e9, certains fumeurs pourraient <strong data-start=\\\"2257\\\" data-end=\\\"2290\\\">h\\u00e9siter \\u00e0 faire la transition<\\\/strong>, voire <strong data-start=\\\"2298\\\" data-end=\\\"2318\\\">revenir au tabac<\\\/strong>. C\\u2019est pourquoi les associations demandent \\u00e0 maintenir un <strong data-start=\\\"2377\\\" data-end=\\\"2433\\\">\\u00e9cart de prix important entre cigarette et e-liquide<\\\/strong>.<\\\/p>\",\"title\":\"Cette taxe pourrait-elle faire augmenter le tabagisme ?\"}},{\"type\":\"accordion_item\",\"props\":{\"content\":\"\n\n<p>Les recettes fiscales g\\u00e9n\\u00e9r\\u00e9es pourraient atteindre <strong data-start=\\\"2554\\\" data-end=\\\"2585\\\">1,5 milliard d\\u2019euros par an<\\\/strong> en Europe. L\\u2019objectif affich\\u00e9 est de financer des <strong data-start=\\\"2636\\\" data-end=\\\"2668\\\">programmes de sant\\u00e9 publique<\\\/strong>, de <strong data-start=\\\"2673\\\" data-end=\\\"2687\\\">pr\\u00e9vention<\\\/strong> et de <strong data-start=\\\"2694\\\" data-end=\\\"2715\\\">sevrage tabagique<\\\/strong>.<\\\/p>\",\"title\":\"\\u00c0 quoi serviront les recettes de cette nouvelle taxe ?\"}},{\"type\":\"accordion_item\",\"props\":{\"content\":\"\n\n<p>Non. La directive pr\\u00e9voit des <strong data-start=\\\"2792\\\" data-end=\\\"2817\\\">r\\u00e9visions p\\u00e9riodiques<\\\/strong>. Les taux pourront \\u00eatre ajust\\u00e9s selon les <strong data-start=\\\"2860\\\" data-end=\\\"2895\\\">r\\u00e9sultats sur la sant\\u00e9 publique<\\\/strong> et l\\u2019\\u00e9volution du march\\u00e9 de la vape.<\\\/p>\",\"title\":\"Cette taxe est-elle d\\u00e9finitive ?\"}}]}]}]}]},{\"type\":\"section\",\"props\":{\"image_position\":\"center-center\",\"style\":\"default\",\"title_breakpoint\":\"xl\",\"title_position\":\"top-left\",\"title_rotation\":\"left\",\"vertical_align\":\"middle\",\"width\":\"default\"},\"children\":[{\"type\":\"row\",\"children\":[{\"type\":\"column\",\"props\":{\"image_position\":\"center-center\",\"position_sticky_breakpoint\":\"m\"},\"children\":[{\"type\":\"comments\",\"props\":{\"link_style\":\"default\",\"margin\":\"default\",\"title_decoration\":\"bullet\",\"title_element\":\"h2\",\"title_style\":\"h3\"}}]}]}]}],\"version\":\"4.5.26\"} --><\/p>\n","protected":false},"excerpt":{"rendered":"<p>L&rsquo;Europe officialise la taxation des e-liquides : ce qu&rsquo;il faut savoir ! L&rsquo;ann\u00e9e 2025 marque un tournant historique pour l&rsquo;industrie de la vape en Europe. Apr\u00e8s des ann\u00e9es de d\u00e9bats et de n\u00e9gociations, l&rsquo;Union europ\u00e9enne a finalement adopt\u00e9 un cadre harmonis\u00e9 pour la taxation des e-liquides \u00e0 l&rsquo;\u00e9chelle continentale. Cette d\u00e9cision, qui entrera progressivement en [&hellip;]<\/p>\n","protected":false},"author":5,"featured_media":16305,"comment_status":"open","ping_status":"open","sticky":false,"template":"","format":"standard","meta":{"_jetpack_memberships_contains_paid_content":false,"footnotes":""},"categories":[3],"tags":[904,893,898,897,891,895,896,673,899,900,894,903,892,378,385,889,890,902,905,901],"class_list":["post-16303","post","type-post","status-publish","format-standard","has-post-thumbnail","hentry","category-actus-de-la-vape","tag-consommation-e-liquide","tag-directive-europeenne-vape","tag-diy-vape","tag-e-liquides-sans-nicotine","tag-fiscalite-vape","tag-hausse-prix-e-liquides","tag-impact-taxe-vapoteurs","tag-legislation-vapotage","tag-marche-de-la-vape-europe","tag-politique-sante-publique-ue","tag-prix-e-liquides-europe","tag-reforme-fiscale-e-cigarette","tag-reglementation-vape-2025","tag-sel-de-nicotine","tag-sevrage-tabagique","tag-taxation-e-liquides","tag-taxe-e-liquide-2025","tag-taxe-sur-la-vape","tag-vape-et-fiscalite","tag-vapotage-en-europe"],"aioseo_notices":[],"jetpack_featured_media_url":"https:\/\/www.oliquide.com\/blog\/wp-content\/uploads\/2025\/07\/AdobeStock_1237234196.jpeg","jetpack_sharing_enabled":true,"_links":{"self":[{"href":"https:\/\/www.oliquide.com\/blog\/wp-json\/wp\/v2\/posts\/16303","targetHints":{"allow":["GET"]}}],"collection":[{"href":"https:\/\/www.oliquide.com\/blog\/wp-json\/wp\/v2\/posts"}],"about":[{"href":"https:\/\/www.oliquide.com\/blog\/wp-json\/wp\/v2\/types\/post"}],"author":[{"embeddable":true,"href":"https:\/\/www.oliquide.com\/blog\/wp-json\/wp\/v2\/users\/5"}],"replies":[{"embeddable":true,"href":"https:\/\/www.oliquide.com\/blog\/wp-json\/wp\/v2\/comments?post=16303"}],"version-history":[{"count":69,"href":"https:\/\/www.oliquide.com\/blog\/wp-json\/wp\/v2\/posts\/16303\/revisions"}],"predecessor-version":[{"id":17009,"href":"https:\/\/www.oliquide.com\/blog\/wp-json\/wp\/v2\/posts\/16303\/revisions\/17009"}],"wp:featuredmedia":[{"embeddable":true,"href":"https:\/\/www.oliquide.com\/blog\/wp-json\/wp\/v2\/media\/16305"}],"wp:attachment":[{"href":"https:\/\/www.oliquide.com\/blog\/wp-json\/wp\/v2\/media?parent=16303"}],"wp:term":[{"taxonomy":"category","embeddable":true,"href":"https:\/\/www.oliquide.com\/blog\/wp-json\/wp\/v2\/categories?post=16303"},{"taxonomy":"post_tag","embeddable":true,"href":"https:\/\/www.oliquide.com\/blog\/wp-json\/wp\/v2\/tags?post=16303"}],"curies":[{"name":"wp","href":"https:\/\/api.w.org\/{rel}","templated":true}]}}