{"id":17387,"date":"2025-09-25T09:43:02","date_gmt":"2025-09-25T07:43:02","guid":{"rendered":"https:\/\/www.oliquide.com\/blog\/?p=17387"},"modified":"2025-09-29T15:51:27","modified_gmt":"2025-09-29T13:51:27","slug":"nouvelle-taxe-sur-le-vapotage-2025-une-menace-pour-les-vapoteurs-et-ex-fumeurs","status":"publish","type":"post","link":"https:\/\/www.oliquide.com\/blog\/nouvelle-taxe-sur-le-vapotage-2025-une-menace-pour-les-vapoteurs-et-ex-fumeurs\/","title":{"rendered":"Nouvelle taxe sur le vapotage 2025 : une menace pour les vapoteurs et ex-fumeurs"},"content":{"rendered":"<p><img decoding=\"async\" src=\"\/blog\/wp-content\/uploads\/2025\/09\/GABARIT-BANNIERE-BLOG-copy-1.jpg\" alt=\"tout savoir sur les huiles de CBD\"><\/p>\n<h1><span class=\"ez-toc-section\" id=\"Nouvelle_taxe_sur_le_vapotage_une_menace_pour_la_sante_publique_et_les_ex-fumeurs\"><\/span><strong>Nouvelle taxe sur le vapotage : une menace pour la sant\u00e9 publique et les ex-fumeurs<\/strong><\/p>\n<h2 data-start=\"406\" data-end=\"423\"><\/h2>\n<span class=\"ez-toc-section-end\"><\/span><\/h1>\n<div>\n<p data-start=\"424\" data-end=\"811\">La cigarette \u00e9lectronique s\u2019est impos\u00e9e ces dix derni\u00e8res ann\u00e9es comme <strong data-start=\"495\" data-end=\"537\">l\u2019outil num\u00e9ro un du sevrage tabagique<\/strong> en France. Elle a permis \u00e0 <strong data-start=\"565\" data-end=\"598\">plus de 2 millions de fumeurs<\/strong> de tourner la page du tabac, et contribue \u00e0 faire chuter les chiffres du tabagisme, notamment chez les plus jeunes. Pourtant, malgr\u00e9 ce succ\u00e8s incontestable, la vape est \u00e0 nouveau dans le viseur du l\u00e9gislateur.<\/p>\n<p data-start=\"813\" data-end=\"1131\">Selon une enqu\u00eate publi\u00e9e par <a href=\"https:\/\/www.lesechos.fr\/\"><em data-start=\"843\" data-end=\"854\">Les \u00c9chos<\/em><\/a>, un projet de budget h\u00e9rit\u00e9 du gouvernement Bayrou pr\u00e9voit la cr\u00e9ation d\u2019une <strong data-start=\"932\" data-end=\"968\">nouvelle taxe sur les e-liquides<\/strong>. Le risque ? Qu\u2019elle soit reprise telle quelle par le nouvel ex\u00e9cutif, faute de temps avant la date butoir du 13 octobre pour pr\u00e9senter la loi de finances 2026.<\/p>\n<p data-start=\"1133\" data-end=\"1479\">La<em><a href=\"https:\/\/fivape.org\/\"> FIVAPE<\/a><\/em>, f\u00e9d\u00e9ration qui regroupe les professionnels de la fili\u00e8re ind\u00e9pendante, ainsi que de nombreuses associations d\u2019usagers et de sant\u00e9 publique, d\u00e9noncent unanimement une mesure <strong data-start=\"1317\" data-end=\"1362\">injuste, antisociale et contre-productive<\/strong>. D\u00e9cryptons ensemble les enjeux d\u2019une d\u00e9cision qui pourrait bien freiner la dynamique actuelle de sortie du tabac.<\/p>\n<\/div>\n<div>\n<div id=\"ez-toc-container\" class=\"ez-toc-v2_0_82_2 counter-hierarchy ez-toc-counter ez-toc-grey ez-toc-container-direction\">\n<div class=\"ez-toc-title-container\">\n<p class=\"ez-toc-title\" style=\"cursor:inherit\">Sommaire<\/p>\n<span class=\"ez-toc-title-toggle\"><a href=\"#\" class=\"ez-toc-pull-right ez-toc-btn ez-toc-btn-xs ez-toc-btn-default ez-toc-toggle\" aria-label=\"Toggle Table of Content\"><span class=\"ez-toc-js-icon-con\"><span class=\"\"><span class=\"eztoc-hide\" style=\"display:none;\">Toggle<\/span><span class=\"ez-toc-icon-toggle-span\"><svg style=\"fill: #999;color:#999\" xmlns=\"http:\/\/www.w3.org\/2000\/svg\" class=\"list-377408\" width=\"20px\" height=\"20px\" viewBox=\"0 0 24 24\" fill=\"none\"><path d=\"M6 6H4v2h2V6zm14 0H8v2h12V6zM4 11h2v2H4v-2zm16 0H8v2h12v-2zM4 16h2v2H4v-2zm16 0H8v2h12v-2z\" fill=\"currentColor\"><\/path><\/svg><svg style=\"fill: #999;color:#999\" class=\"arrow-unsorted-368013\" xmlns=\"http:\/\/www.w3.org\/2000\/svg\" width=\"10px\" height=\"10px\" viewBox=\"0 0 24 24\" version=\"1.2\" baseProfile=\"tiny\"><path d=\"M18.2 9.3l-6.2-6.3-6.2 6.3c-.2.2-.3.4-.3.7s.1.5.3.7c.2.2.4.3.7.3h11c.3 0 .5-.1.7-.3.2-.2.3-.5.3-.7s-.1-.5-.3-.7zM5.8 14.7l6.2 6.3 6.2-6.3c.2-.2.3-.5.3-.7s-.1-.5-.3-.7c-.2-.2-.4-.3-.7-.3h-11c-.3 0-.5.1-.7.3-.2.2-.3.5-.3.7s.1.5.3.7z\"\/><\/svg><\/span><\/span><\/span><\/a><\/span><\/div>\n<nav><ul class='ez-toc-list ez-toc-list-level-1 eztoc-toggle-hide-by-default' ><li class='ez-toc-page-1 ez-toc-heading-level-1'><a class=\"ez-toc-link ez-toc-heading-1\" href=\"https:\/\/www.oliquide.com\/blog\/nouvelle-taxe-sur-le-vapotage-2025-une-menace-pour-les-vapoteurs-et-ex-fumeurs\/#Nouvelle_taxe_sur_le_vapotage_une_menace_pour_la_sante_publique_et_les_ex-fumeurs\" >Nouvelle taxe sur le vapotage : une menace pour la sant\u00e9 publique et les ex-fumeurs<\/a><ul class='ez-toc-list-level-2' ><li class='ez-toc-heading-level-2'><a class=\"ez-toc-link ez-toc-heading-2\" href=\"https:\/\/www.oliquide.com\/blog\/nouvelle-taxe-sur-le-vapotage-2025-une-menace-pour-les-vapoteurs-et-ex-fumeurs\/#Le_vapotage_un_outil_de_sevrage_reconnu_et_efficace\" >Le vapotage : un outil de sevrage reconnu et efficace<\/a><\/li><li class='ez-toc-page-1 ez-toc-heading-level-2'><a class=\"ez-toc-link ez-toc-heading-3\" href=\"https:\/\/www.oliquide.com\/blog\/nouvelle-taxe-sur-le-vapotage-2025-une-menace-pour-les-vapoteurs-et-ex-fumeurs\/#Une_taxe_qui_penalise_les_fumeurs_en_cours_de_sevrage\" >Une taxe qui p\u00e9nalise les fumeurs en cours de sevrage<\/a><\/li><li class='ez-toc-page-1 ez-toc-heading-level-2'><a class=\"ez-toc-link ez-toc-heading-4\" href=\"https:\/\/www.oliquide.com\/blog\/nouvelle-taxe-sur-le-vapotage-2025-une-menace-pour-les-vapoteurs-et-ex-fumeurs\/#Une_mesure_antisociale_et_pro-tabac\" >Une mesure antisociale et pro-tabac<\/a><\/li><li class='ez-toc-page-1 ez-toc-heading-level-2'><a class=\"ez-toc-link ez-toc-heading-5\" href=\"https:\/\/www.oliquide.com\/blog\/nouvelle-taxe-sur-le-vapotage-2025-une-menace-pour-les-vapoteurs-et-ex-fumeurs\/#Un_impact_economique_desastreux_pour_la_filiere_independante\" >Un impact \u00e9conomique d\u00e9sastreux pour la fili\u00e8re ind\u00e9pendante<\/a><\/li><li class='ez-toc-page-1 ez-toc-heading-level-2'><a class=\"ez-toc-link ez-toc-heading-6\" href=\"https:\/\/www.oliquide.com\/blog\/nouvelle-taxe-sur-le-vapotage-2025-une-menace-pour-les-vapoteurs-et-ex-fumeurs\/#LEurope_et_la_necessite_dune_strategie_coherente\" >L\u2019Europe et la n\u00e9cessit\u00e9 d\u2019une strat\u00e9gie coh\u00e9rente<\/a><\/li><li class='ez-toc-page-1 ez-toc-heading-level-2'><a class=\"ez-toc-link ez-toc-heading-7\" href=\"https:\/\/www.oliquide.com\/blog\/nouvelle-taxe-sur-le-vapotage-2025-une-menace-pour-les-vapoteurs-et-ex-fumeurs\/#Conclusion_soutenir_la_vape_cest_soutenir_la_sante_publique\" >Conclusion : soutenir la vape, c\u2019est soutenir la sant\u00e9 publique<\/a><\/li><li class='ez-toc-page-1 ez-toc-heading-level-2'><a class=\"ez-toc-link ez-toc-heading-8\" href=\"https:\/\/www.oliquide.com\/blog\/nouvelle-taxe-sur-le-vapotage-2025-une-menace-pour-les-vapoteurs-et-ex-fumeurs\/#FAQ\" >FAQ<\/a><\/li><\/ul><\/li><\/ul><\/nav><\/div>\n<\/div>\n<div>\n<h2 data-start=\"1486\" data-end=\"1544\"><span class=\"ez-toc-section\" id=\"Le_vapotage_un_outil_de_sevrage_reconnu_et_efficace\"><\/span>Le vapotage : un outil de sevrage reconnu et efficace<span class=\"ez-toc-section-end\"><\/span><\/h2>\n<h3 data-start=\"1546\" data-end=\"1584\">Des \u00e9tudes scientifiques solides<\/h3>\n<p data-start=\"1585\" data-end=\"1719\">Depuis son apparition, la <em><a href=\"https:\/\/www.oliquide.com\/\">cigarette \u00e9lectronique<\/a> <\/em>fait l\u2019objet de d\u00e9bats passionn\u00e9s. Mais les faits scientifiques, eux, s\u2019accumulent.<\/p>\n<ul data-start=\"1720\" data-end=\"2089\">\n<li data-start=\"1720\" data-end=\"1874\">\n<p data-start=\"1722\" data-end=\"1874\">Une <strong data-start=\"1726\" data-end=\"1744\">revue Cochrane<\/strong> (2023) conclut que le vapotage double les chances d\u2019arr\u00eat par rapport aux substituts classiques comme les patchs ou les gommes.<\/p>\n<\/li>\n<li data-start=\"1875\" data-end=\"2089\">\n<p data-start=\"1877\" data-end=\"2089\">Une <strong data-start=\"1881\" data-end=\"1903\">\u00e9tude australienne<\/strong> de 2024 montre m\u00eame que l\u2019efficacit\u00e9 grimpe \u00e0 <strong data-start=\"1950\" data-end=\"1969\">trois fois plus<\/strong> pour les populations les plus fragilis\u00e9es \u00e9conomiquement, celles qui affichent les taux de tabagisme les plus \u00e9lev\u00e9s.<\/p>\n<\/li>\n<\/ul>\n<\/div>\n<div>\n<p>La raison est simple : la vape permet de <strong data-start=\"2132\" data-end=\"2174\">fournir de la nicotine sans combustion<\/strong>, \u00e9liminant ainsi goudrons et monoxyde de carbone, responsables de la majorit\u00e9 des cancers, maladies cardiovasculaires et respiratoires.<\/p>\n<\/div>\n<p><img decoding=\"async\" src=\"\/blog\/wp-content\/uploads\/2025\/09\/graphique-a-barres-croissant-numerique-avec-superposition-de-main-d-homme-d-affaires-scaled.jpg\" alt=\"tout savoir sur les huiles de CBD\"><\/p>\n<div>\n<h3 data-start=\"2314\" data-end=\"2352\">Un succ\u00e8s d\u00e9j\u00e0 visible en France<\/h3>\n<p data-start=\"2353\" data-end=\"2463\">Les r\u00e9sultats sont tangibles. Selon l\u2019OFDT (Observatoire Fran\u00e7ais des Drogues et des Tendances addictives) :<\/p>\n<ul data-start=\"2464\" data-end=\"2661\">\n<li data-start=\"2464\" data-end=\"2536\">\n<p data-start=\"2466\" data-end=\"2536\">Le tabagisme des jeunes de 16 ans a \u00e9t\u00e9 <strong data-start=\"2506\" data-end=\"2533\">divis\u00e9 par 5 en dix ans<\/strong>.<\/p>\n<\/li>\n<li data-start=\"2537\" data-end=\"2661\">\n<p data-start=\"2539\" data-end=\"2661\">Plus de <strong data-start=\"2547\" data-end=\"2573\">4 millions de Fran\u00e7ais<\/strong> utilisent la cigarette \u00e9lectronique, dont une grande majorit\u00e9 sont d\u2019anciens fumeurs.<\/p>\n<\/li>\n<\/ul>\n<p data-start=\"2663\" data-end=\"2786\">Autrement dit, la vape fonctionne. Elle est aujourd\u2019hui <strong data-start=\"2719\" data-end=\"2774\">l\u2019alternative la plus populaire et la plus cr\u00e9dible<\/strong> au tabac.<\/p>\n<\/div>\n<div>\n<h2 data-start=\"2793\" data-end=\"2851\"><span class=\"ez-toc-section\" id=\"Une_taxe_qui_penalise_les_fumeurs_en_cours_de_sevrage\"><\/span>Une taxe qui p\u00e9nalise les fumeurs en cours de sevrage<span class=\"ez-toc-section-end\"><\/span><\/h2>\n<h3 data-start=\"2853\" data-end=\"2895\">Des niveaux de nicotine strat\u00e9giques<\/h3>\n<p data-start=\"2896\" data-end=\"2952\">Le projet r\u00e9v\u00e9l\u00e9 pr\u00e9voit une taxation \u00e0 deux niveaux :<\/p>\n<ul data-start=\"2953\" data-end=\"3043\">\n<li data-start=\"2953\" data-end=\"3008\">\n<p data-start=\"2955\" data-end=\"3008\"><strong data-start=\"2955\" data-end=\"2976\">3 centimes par ml<\/strong> jusqu\u2019\u00e0 15 mg\/ml de nicotine,<\/p>\n<\/li>\n<li data-start=\"3009\" data-end=\"3043\">\n<p data-start=\"3011\" data-end=\"3043\"><strong data-start=\"3011\" data-end=\"3032\">5 centimes par ml<\/strong> au-del\u00e0.<\/p>\n<\/li>\n<\/ul>\n<p data-start=\"3045\" data-end=\"3413\">Cette progressivit\u00e9 para\u00eet logique sur le papier, mais elle est en r\u00e9alit\u00e9 profond\u00e9ment injuste. Car ce sont les <strong data-start=\"3158\" data-end=\"3185\">taux \u00e9lev\u00e9s de nicotine<\/strong> (souvent 16 \u00e0 20 mg\/ml en e-liquides aux sels de nicotine) qui offrent le meilleur soutien en <strong data-start=\"3280\" data-end=\"3310\">d\u00e9but de sevrage tabagique<\/strong>. D\u00e9courager leur usage revient \u00e0 compliquer la vie des fumeurs qui essaient de quitter la cigarette.<\/p>\n<\/div>\n<div>\n<h3 data-start=\"3415\" data-end=\"3440\">Un frein \u00e9conomique<\/h3>\n<p data-start=\"3441\" data-end=\"3716\">Aujourd\u2019hui d\u00e9j\u00e0, un flacon de 10 ml de e-liquide est vendu entre 4,90 \u20ac et 6,90 \u20ac. Avec une taxe de 5 centimes\/ml, c\u2019est <strong data-start=\"3563\" data-end=\"3597\">50 centimes de plus par flacon<\/strong>, soit une hausse de pr\u00e8s de 10 %. Ajout\u00e9e \u00e0 la TVA de 20 %, la facture grimperait vite pour les vapoteurs r\u00e9guliers.<\/p>\n<p data-start=\"3718\" data-end=\"4044\">Or, la <strong data-start=\"3725\" data-end=\"3782\">motivation \u00e9conomique est l\u2019une des premi\u00e8res raisons<\/strong> pour lesquelles les fumeurs basculent vers la vape. Si celle-ci devient trop ch\u00e8re, une partie risque de retourner vers le tabac, qui reste disponible partout et dont les prix, bien que tr\u00e8s \u00e9lev\u00e9s, sont parfois absorb\u00e9s dans le budget quotidien par habitude.<\/p>\n<\/div>\n<div>\n<h2 data-start=\"4051\" data-end=\"4091\"><span class=\"ez-toc-section\" id=\"Une_mesure_antisociale_et_pro-tabac\"><\/span>Une mesure antisociale et pro-tabac<span class=\"ez-toc-section-end\"><\/span><\/h2>\n<h3 data-start=\"4093\" data-end=\"4124\">Des in\u00e9galit\u00e9s renforc\u00e9es<\/h3>\n<p data-start=\"4125\" data-end=\"4234\">Le tabagisme touche encore <strong data-start=\"4152\" data-end=\"4194\">30 % de la population adulte fran\u00e7aise<\/strong>, avec de fortes disparit\u00e9s sociales :<\/p>\n<ul data-start=\"4235\" data-end=\"4328\">\n<li data-start=\"4235\" data-end=\"4286\">\n<p data-start=\"4237\" data-end=\"4286\">17 % de fumeurs quotidiens chez les plus ais\u00e9s,<\/p>\n<\/li>\n<li data-start=\"4287\" data-end=\"4328\">\n<p data-start=\"4289\" data-end=\"4328\">plus de 35 % chez les plus pr\u00e9caires.<\/p>\n<\/li>\n<\/ul>\n<p data-start=\"4330\" data-end=\"4578\">Ce sont pr\u00e9cis\u00e9ment ces derniers qui b\u00e9n\u00e9ficient le plus de la vape comme outil de r\u00e9duction des risques. Les taxer davantage, c\u2019est aggraver les in\u00e9galit\u00e9s de sant\u00e9 publique et freiner la dynamique de sortie du tabac dans les milieux populaires.<\/p>\n<h3 data-start=\"4580\" data-end=\"4626\">Un cadeau d\u00e9guis\u00e9 \u00e0 l\u2019industrie du tabac<\/h3>\n<p data-start=\"4627\" data-end=\"4996\">Les associations pointent aussi le cynisme de cette mesure. L\u2019industrie du tabac, responsable de <strong data-start=\"4724\" data-end=\"4757\">75 000 morts par an en France<\/strong>, profite de chaque entrave faite \u00e0 la vape. Elle alimente le doute en entretenant le mythe de l\u2019\u00ab effet passerelle \u00bb (l\u2019id\u00e9e que la vape conduirait au tabac chez les jeunes), alors que les donn\u00e9es r\u00e9centes montrent exactement l\u2019inverse.<\/p>\n<p data-start=\"4998\" data-end=\"5187\">En taxant la cigarette \u00e9lectronique, on la <strong data-start=\"5041\" data-end=\"5078\">rapproche symboliquement du tabac<\/strong> et on laisse planer l\u2019id\u00e9e qu\u2019elle est aussi nocive. C\u2019est un v\u00e9ritable boulevard laiss\u00e9 aux cigarettiers.<\/p>\n<\/div>\n<div>\n<h2><span class=\"ez-toc-section\" id=\"Un_impact_economique_desastreux_pour_la_filiere_independante\"><\/span>Un impact \u00e9conomique d\u00e9sastreux pour la fili\u00e8re ind\u00e9pendante<span class=\"ez-toc-section-end\"><\/span><\/h2>\n<\/div>\n<p><img decoding=\"async\" src=\"\/blog\/wp-content\/uploads\/2025\/09\/fille-europeenne-rousse-surprise-et-choquee-en-chemise-sans-manches-tachetee-faisant-des-gestes-avec-les-mains-scaled.jpg\" alt=\"\"><\/p>\n<div>\n<p data-start=\"5261\" data-end=\"5382\">La vape en France, ce n\u2019est pas seulement un outil de sant\u00e9 publique, c\u2019est aussi un <strong data-start=\"5346\" data-end=\"5378\">secteur \u00e9conomique dynamique<\/strong> :<\/p>\n<ul data-start=\"5383\" data-end=\"5533\">\n<li data-start=\"5383\" data-end=\"5426\">\n<p data-start=\"5385\" data-end=\"5426\">des milliers de boutiques sp\u00e9cialis\u00e9es,<\/p>\n<\/li>\n<li data-start=\"5427\" data-end=\"5472\">\n<p data-start=\"5429\" data-end=\"5472\">des centaines de fabricants ind\u00e9pendants,<\/p>\n<\/li>\n<li data-start=\"5473\" data-end=\"5533\">\n<p data-start=\"5475\" data-end=\"5533\">des dizaines de milliers d\u2019emplois directs et indirects.<\/p>\n<\/li>\n<\/ul>\n<p data-start=\"5535\" data-end=\"5610\">L\u2019application d\u2019une taxe sp\u00e9cifique repr\u00e9senterait une <strong data-start=\"5590\" data-end=\"5606\">double peine<\/strong> :<\/p>\n<ul data-start=\"5611\" data-end=\"5733\">\n<li data-start=\"5611\" data-end=\"5663\">\n<p data-start=\"5613\" data-end=\"5663\">augmentation du prix final pour le consommateur,<\/p>\n<\/li>\n<li data-start=\"5664\" data-end=\"5733\">\n<p data-start=\"5666\" data-end=\"5733\">lourdeurs administratives et logistiques pour les professionnels.<\/p>\n<\/li>\n<\/ul>\n<p data-start=\"5735\" data-end=\"5930\">Beaucoup de petites entreprises risqueraient de ne pas absorber ce choc, mettant en p\u00e9ril l\u2019\u00e9quilibre d\u2019un march\u00e9 d\u00e9j\u00e0 fragile face aux pressions europ\u00e9ennes et \u00e0 la concurrence internationale.<\/p>\n<\/p>\n<\/div>\n<div>\n<h2 data-start=\"5937\" data-end=\"5992\"><span class=\"ez-toc-section\" id=\"LEurope_et_la_necessite_dune_strategie_coherente\"><\/span>L\u2019Europe et la n\u00e9cessit\u00e9 d\u2019une strat\u00e9gie coh\u00e9rente<span class=\"ez-toc-section-end\"><\/span><\/h2>\n<p data-start=\"5994\" data-end=\"6376\">Il faut \u00e9galement rappeler que l\u2019Union europ\u00e9enne travaille actuellement sur une <strong data-start=\"6075\" data-end=\"6112\">harmonisation des r\u00e8gles fiscales<\/strong> concernant la vape. Si la France d\u00e9cidait unilat\u00e9ralement d\u2019instaurer une taxe, elle devrait probablement revoir sa copie d\u2019ici peu, avec un co\u00fbt administratif suppl\u00e9mentaire. Une incoh\u00e9rence qui renforcerait l\u2019instabilit\u00e9 du secteur et la d\u00e9fiance des usagers.<\/p>\n<\/div>\n<div>\n<h2 data-start=\"6383\" data-end=\"6451\"><span class=\"ez-toc-section\" id=\"Conclusion_soutenir_la_vape_cest_soutenir_la_sante_publique\"><\/span>Conclusion : soutenir la vape, c\u2019est soutenir la sant\u00e9 publique<span class=\"ez-toc-section-end\"><\/span><\/h2>\n<p data-start=\"6453\" data-end=\"6779\">La France reste l\u2019un des pays europ\u00e9ens les plus frapp\u00e9s par le tabagisme. Face \u00e0 ce fl\u00e9au qui tue <strong data-start=\"6552\" data-end=\"6578\">200 personnes par jour<\/strong>, la cigarette \u00e9lectronique repr\u00e9sente un espoir concret. Loin d\u2019\u00eatre un gadget, elle constitue un <strong data-start=\"6677\" data-end=\"6718\">outil majeur de r\u00e9duction des risques<\/strong> et un alli\u00e9 pr\u00e9cieux pour les fumeurs en qu\u00eate de libert\u00e9.<\/p>\n<p data-start=\"6781\" data-end=\"6948\">En instaurant une taxe injuste, on risque de <strong data-start=\"6826\" data-end=\"6850\">punir les ex-fumeurs<\/strong>, d\u2019<strong data-start=\"6854\" data-end=\"6891\">affaiblir la fili\u00e8re ind\u00e9pendante<\/strong> et de <strong data-start=\"6898\" data-end=\"6945\">servir les int\u00e9r\u00eats de l\u2019industrie du tabac<\/strong>.<\/p>\n<p data-start=\"6950\" data-end=\"7197\">Il est urgent que les pouvoirs publics changent de paradigme : plut\u00f4t que de freiner le d\u00e9veloppement du vapotage, ils devraient <strong data-start=\"7079\" data-end=\"7125\">l\u2019accompagner, l\u2019encadrer et le promouvoir<\/strong> dans un esprit de sant\u00e9 publique et de confiance envers les citoyens.<\/p>\n<p data-start=\"7199\" data-end=\"7383\">Taxer la vape, ce n\u2019est pas \u00e9quilibrer un budget. C\u2019est <strong data-start=\"7255\" data-end=\"7304\">d\u00e9s\u00e9quilibrer l\u2019avenir de millions de fumeurs<\/strong> qui ont enfin trouv\u00e9 une alternative cr\u00e9dible pour tourner la page du tabac.<\/p>\n<\/div>\n<div>\n<h2><span class=\"ez-toc-section\" id=\"FAQ\"><\/span><strong>FAQ<\/strong><span class=\"ez-toc-section-end\"><\/span><\/h2>\n<\/div>\n<ul>\n<li>\n<h3>Pourquoi parle-t-on d\u2019une nouvelle taxe sur le vapotage en 2025 ?<\/h3>\n<div>\n<p data-start=\"345\" data-end=\"609\">Un projet de budget r\u00e9v\u00e9l\u00e9 par <em data-start=\"376\" data-end=\"387\">Les \u00c9chos<\/em> pr\u00e9voit d\u2019instaurer une taxe sp\u00e9cifique sur les e-liquides. Bien qu\u2019initi\u00e9e par le gouvernement pr\u00e9c\u00e9dent, cette mesure pourrait \u00eatre reprise telle quelle par le nouvel ex\u00e9cutif dans le cadre de la loi de finances 2026.<\/p>\n<\/div>\n<\/li>\n<li>\n<h3>Combien co\u00fbterait cette taxe pour les vapoteurs ?<\/h3>\n<div>\n<p>Le projet pr\u00e9voit <strong data-start=\"692\" data-end=\"721\">3 centimes par millilitre<\/strong> jusqu\u2019\u00e0 15 mg\/ml de nicotine, puis <strong data-start=\"757\" data-end=\"779\">5 centimes au-del\u00e0<\/strong>. Concr\u00e8tement, un flacon de 10 ml pourrait augmenter de <strong data-start=\"836\" data-end=\"856\">30 \u00e0 50 centimes<\/strong>, en plus de la TVA d\u00e9j\u00e0 appliqu\u00e9e \u00e0 20 %.<\/p>\n<\/div>\n<\/li>\n<li>\n<h3>Pourquoi cette taxe est-elle jug\u00e9e injuste ?<\/h3>\n<div>\n<p>Parce qu\u2019elle touche en priorit\u00e9 les <strong data-start=\"997\" data-end=\"1028\">fumeurs en cours de sevrage<\/strong>, qui utilisent souvent des taux \u00e9lev\u00e9s de nicotine pour compenser leur d\u00e9pendance. Ce sont ces e-liquides qui seraient les plus tax\u00e9s, alors qu\u2019ils sont les plus utiles au d\u00e9but du sevrage.<\/p>\n<\/div>\n<\/li>\n<li>\n<h3>Quel est l\u2019impact de la vape sur la sant\u00e9 publique ?<\/h3>\n<div>\n<p>Le vapotage permet de <strong data-start=\"1310\" data-end=\"1354\">consommer de la nicotine sans combustion<\/strong>, supprimant ainsi goudrons et monoxyde de carbone, principaux responsables des maladies li\u00e9es au tabac. Les \u00e9tudes montrent que la vape est <strong data-start=\"1495\" data-end=\"1554\">deux fois plus efficace que les substituts nicotiniques<\/strong> classiques, et m\u00eame trois fois plus chez les plus pr\u00e9caires.<\/p>\n<\/div>\n<\/li>\n<li>\n<h3>Qui s\u2019oppose \u00e0 cette taxe ?<\/h3>\n<div>\n<p>La <strong data-start=\"1663\" data-end=\"1673\">FIVAPE<\/strong>, l\u2019<strong data-start=\"1677\" data-end=\"1687\">AIDUCE<\/strong> (association d\u2019usagers) et la <strong data-start=\"1718\" data-end=\"1742\">F\u00e9d\u00e9ration Addiction<\/strong> ont pris position contre cette mesure. Elles d\u00e9noncent un frein \u00e0 la r\u00e9duction des risques, un coup dur pour les ex-fumeurs et un signal favorable \u00e0 l\u2019industrie du tabac.<\/p>\n<\/div>\n<\/li>\n<li>\n<h3>Quelles cons\u00e9quences \u00e9conomiques pour la fili\u00e8re de la vape ?<\/h3>\n<div>\n<p>La taxe alourdirait les co\u00fbts pour les consommateurs et pour les professionnels (fabricants, distributeurs, boutiques sp\u00e9cialis\u00e9es). Des <strong data-start=\"2129\" data-end=\"2158\">milliers d\u2019emplois locaux<\/strong> pourraient \u00eatre menac\u00e9s, alors que la fili\u00e8re ind\u00e9pendante joue un r\u00f4le central dans la lutte contre le tabagisme.<\/p>\n<\/div>\n<\/li>\n<li>\n<h3>La vape est-elle un \u00ab tremplin \u00bb vers le tabac pour les jeunes ?<\/h3>\n<div>\n<p>Non. Les donn\u00e9es de l\u2019OFDT montrent que le <strong data-start=\"2398\" data-end=\"2452\">tabagisme des jeunes a \u00e9t\u00e9 divis\u00e9 par 5 en dix ans<\/strong>. L\u2019id\u00e9e de \u00ab passerelle \u00bb est un mythe largement utilis\u00e9 par l\u2019industrie du tabac pour d\u00e9cr\u00e9dibiliser la r\u00e9duction des risques.<\/p>\n<\/div>\n<\/li>\n<li>\n<h3>Que demande la FIVAPE au gouvernement ?<\/h3>\n<div>\n<p>La FIVAPE appelle les pouvoirs publics \u00e0 <strong data-start=\"2678\" data-end=\"2723\">ne pas inclure de taxe sur les e-liquides<\/strong> dans la loi de finances 2026 et \u00e0 changer de strat\u00e9gie : soutenir le vapotage comme outil de sevrage plut\u00f4t que de l\u2019entraver.<\/p>\n<\/div>\n<\/li>\n<\/ul>\n<p><!--more--><br \/>\n<!-- {\"type\":\"layout\",\"children\":[{\"type\":\"section\",\"props\":{\"image_position\":\"center-center\",\"padding\":\"xsmall\",\"style\":\"default\",\"title_breakpoint\":\"xl\",\"title_position\":\"top-left\",\"title_rotation\":\"left\",\"vertical_align\":\"middle\",\"width\":\"default\"},\"children\":[{\"type\":\"row\",\"children\":[{\"type\":\"column\",\"props\":{\"image_position\":\"center-center\",\"position_sticky_breakpoint\":\"m\"},\"children\":[{\"type\":\"image\",\"props\":{\"image\":\"wp-content\\\/uploads\\\/2025\\\/09\\\/GABARIT-BANNIERE-BLOG-copy-1.jpg\",\"image_alt\":\"tout savoir sur les huiles de CBD\",\"image_box_decoration\":\"mask\",\"image_height\":0,\"image_svg_color\":\"emphasis\",\"image_width\":0,\"margin\":\"default\"}},{\"type\":\"headline\",\"props\":{\"content\":\"<strong>Nouvelle taxe sur le vapotage : une menace pour la sant\\u00e9 publique et les ex-fumeurs<\\\/strong>\\n\n\n<h2 data-start=\\\"406\\\" data-end=\\\"423\\\"><\\\/h2>\",\"title_element\":\"h1\"}},{\"type\":\"text\",\"props\":{\"column_breakpoint\":\"m\",\"content\":\"\n\n<p data-start=\\\"424\\\" data-end=\\\"811\\\">La cigarette \\u00e9lectronique s\\u2019est impos\\u00e9e ces dix derni\\u00e8res ann\\u00e9es comme <strong data-start=\\\"495\\\" data-end=\\\"537\\\">l\\u2019outil num\\u00e9ro un du sevrage tabagique<\\\/strong> en France. Elle a permis \\u00e0 <strong data-start=\\\"565\\\" data-end=\\\"598\\\">plus de 2 millions de fumeurs<\\\/strong> de tourner la page du tabac, et contribue \\u00e0 faire chuter les chiffres du tabagisme, notamment chez les plus jeunes. Pourtant, malgr\\u00e9 ce succ\\u00e8s incontestable, la vape est \\u00e0 nouveau dans le viseur du l\\u00e9gislateur.<\\\/p>\\n\n\n<p data-start=\\\"813\\\" data-end=\\\"1131\\\">Selon une enqu\\u00eate publi\\u00e9e par <a href=\\\"https:\\\/\\\/www.lesechos.fr\\\/\\\"><em data-start=\\\"843\\\" data-end=\\\"854\\\">Les \\u00c9chos<\\\/em><\\\/a>, un projet de budget h\\u00e9rit\\u00e9 du gouvernement Bayrou pr\\u00e9voit la cr\\u00e9ation d\\u2019une <strong data-start=\\\"932\\\" data-end=\\\"968\\\">nouvelle taxe sur les e-liquides<\\\/strong>. Le risque ? Qu\\u2019elle soit reprise telle quelle par le nouvel ex\\u00e9cutif, faute de temps avant la date butoir du 13 octobre pour pr\\u00e9senter la loi de finances 2026.<\\\/p>\\n\n\n<p data-start=\\\"1133\\\" data-end=\\\"1479\\\">La<em><a href=\\\"https:\\\/\\\/fivape.org\\\/\\\"> FIVAPE<\\\/a><\\\/em>, f\\u00e9d\\u00e9ration qui regroupe les professionnels de la fili\\u00e8re ind\\u00e9pendante, ainsi que de nombreuses associations d\\u2019usagers et de sant\\u00e9 publique, d\\u00e9noncent unanimement une mesure <strong data-start=\\\"1317\\\" data-end=\\\"1362\\\">injuste, antisociale et contre-productive<\\\/strong>. D\\u00e9cryptons ensemble les enjeux d\\u2019une d\\u00e9cision qui pourrait bien freiner la dynamique actuelle de sortie du tabac.<\\\/p>\",\"margin\":\"default\"}},{\"type\":\"html\",\"props\":{\"content\":\"[ez-toc]\"}}]}]}]},{\"type\":\"section\",\"props\":{\"image_position\":\"center-center\",\"padding\":\"xsmall\",\"style\":\"default\",\"title_breakpoint\":\"xl\",\"title_position\":\"top-left\",\"title_rotation\":\"left\",\"vertical_align\":\"middle\",\"width\":\"default\"},\"children\":[{\"type\":\"row\",\"children\":[{\"type\":\"column\",\"props\":{\"image_position\":\"center-center\",\"position_sticky_breakpoint\":\"m\"},\"children\":[{\"type\":\"text\",\"props\":{\"column_breakpoint\":\"m\",\"content\":\"\n\n<h2 data-start=\\\"1486\\\" data-end=\\\"1544\\\">Le vapotage : un outil de sevrage reconnu et efficace<\\\/h2>\\n\n\n<h3 data-start=\\\"1546\\\" data-end=\\\"1584\\\">Des \\u00e9tudes scientifiques solides<\\\/h3>\\n\n\n<p data-start=\\\"1585\\\" data-end=\\\"1719\\\">Depuis son apparition, la <em><a href=\\\"https:\\\/\\\/www.oliquide.com\\\/\\\">cigarette \\u00e9lectronique<\\\/a> <\\\/em>fait l\\u2019objet de d\\u00e9bats passionn\\u00e9s. Mais les faits scientifiques, eux, s\\u2019accumulent.<\\\/p>\\n\n\n<ul data-start=\\\"1720\\\" data-end=\\\"2089\\\">\\n\n\n<li data-start=\\\"1720\\\" data-end=\\\"1874\\\">\\n\n\n<p data-start=\\\"1722\\\" data-end=\\\"1874\\\">Une <strong data-start=\\\"1726\\\" data-end=\\\"1744\\\">revue Cochrane<\\\/strong> (2023) conclut que le vapotage double les chances d\\u2019arr\\u00eat par rapport aux substituts classiques comme les patchs ou les gommes.<\\\/p>\\n<\\\/li>\\n\n\n<li data-start=\\\"1875\\\" data-end=\\\"2089\\\">\\n\n\n<p data-start=\\\"1877\\\" data-end=\\\"2089\\\">Une <strong data-start=\\\"1881\\\" data-end=\\\"1903\\\">\\u00e9tude australienne<\\\/strong> de 2024 montre m\\u00eame que l\\u2019efficacit\\u00e9 grimpe \\u00e0 <strong data-start=\\\"1950\\\" data-end=\\\"1969\\\">trois fois plus<\\\/strong> pour les populations les plus fragilis\\u00e9es \\u00e9conomiquement, celles qui affichent les taux de tabagisme les plus \\u00e9lev\\u00e9s.<\\\/p>\\n<\\\/li>\\n<\\\/ul>\",\"margin\":\"default\"}}]}]},{\"type\":\"row\",\"children\":[{\"type\":\"column\",\"props\":{\"image_position\":\"center-center\",\"position_sticky_breakpoint\":\"m\"},\"children\":[{\"type\":\"text\",\"props\":{\"column_breakpoint\":\"m\",\"content\":\"\n\n<p>La raison est simple : la vape permet de <strong data-start=\\\"2132\\\" data-end=\\\"2174\\\">fournir de la nicotine sans combustion<\\\/strong>, \\u00e9liminant ainsi goudrons et monoxyde de carbone, responsables de la majorit\\u00e9 des cancers, maladies cardiovasculaires et respiratoires.<\\\/p>\",\"margin\":\"default\"}}]}]}]},{\"type\":\"section\",\"props\":{\"image_position\":\"center-center\",\"padding\":\"xsmall\",\"style\":\"default\",\"title_breakpoint\":\"xl\",\"title_position\":\"top-left\",\"title_rotation\":\"left\",\"vertical_align\":\"middle\",\"width\":\"default\"},\"children\":[{\"type\":\"row\",\"props\":{\"layout\":\"1-2,1-2\"},\"children\":[{\"type\":\"column\",\"props\":{\"image_position\":\"center-center\",\"position_sticky_breakpoint\":\"m\",\"vertical_align\":\"middle\",\"width_medium\":\"1-2\"},\"children\":[{\"type\":\"image\",\"props\":{\"image\":\"wp-content\\\/uploads\\\/2025\\\/09\\\/graphique-a-barres-croissant-numerique-avec-superposition-de-main-d-homme-d-affaires-scaled.jpg\",\"image_alt\":\"tout savoir sur les huiles de CBD\",\"image_box_decoration\":\"mask\",\"image_svg_color\":\"emphasis\",\"margin\":\"default\"}}]},{\"type\":\"column\",\"props\":{\"image_position\":\"center-center\",\"position_sticky_breakpoint\":\"m\",\"vertical_align\":\"middle\",\"width_medium\":\"1-2\"},\"children\":[{\"type\":\"text\",\"props\":{\"column_breakpoint\":\"m\",\"content\":\"\n\n<h3 data-start=\\\"2314\\\" data-end=\\\"2352\\\">Un succ\\u00e8s d\\u00e9j\\u00e0 visible en France<\\\/h3>\\n\n\n<p data-start=\\\"2353\\\" data-end=\\\"2463\\\">Les r\\u00e9sultats sont tangibles. Selon l\\u2019OFDT (Observatoire Fran\\u00e7ais des Drogues et des Tendances addictives) :<\\\/p>\\n\n\n<ul data-start=\\\"2464\\\" data-end=\\\"2661\\\">\\n\n\n<li data-start=\\\"2464\\\" data-end=\\\"2536\\\">\\n\n\n<p data-start=\\\"2466\\\" data-end=\\\"2536\\\">Le tabagisme des jeunes de 16 ans a \\u00e9t\\u00e9 <strong data-start=\\\"2506\\\" data-end=\\\"2533\\\">divis\\u00e9 par 5 en dix ans<\\\/strong>.<\\\/p>\\n<\\\/li>\\n\n\n<li data-start=\\\"2537\\\" data-end=\\\"2661\\\">\\n\n\n<p data-start=\\\"2539\\\" data-end=\\\"2661\\\">Plus de <strong data-start=\\\"2547\\\" data-end=\\\"2573\\\">4 millions de Fran\\u00e7ais<\\\/strong> utilisent la cigarette \\u00e9lectronique, dont une grande majorit\\u00e9 sont d\\u2019anciens fumeurs.<\\\/p>\\n<\\\/li>\\n<\\\/ul>\\n\n\n<p data-start=\\\"2663\\\" data-end=\\\"2786\\\">Autrement dit, la vape fonctionne. Elle est aujourd\\u2019hui <strong data-start=\\\"2719\\\" data-end=\\\"2774\\\">l\\u2019alternative la plus populaire et la plus cr\\u00e9dible<\\\/strong> au tabac.<\\\/p>\",\"margin\":\"default\"}}]}]}]},{\"type\":\"section\",\"props\":{\"image_position\":\"center-center\",\"padding\":\"xsmall\",\"style\":\"default\",\"title_breakpoint\":\"xl\",\"title_position\":\"top-left\",\"title_rotation\":\"left\",\"vertical_align\":\"middle\",\"width\":\"default\"},\"children\":[{\"type\":\"row\",\"children\":[{\"type\":\"column\",\"props\":{\"image_position\":\"center-center\",\"position_sticky_breakpoint\":\"m\"},\"children\":[{\"type\":\"text\",\"props\":{\"column_breakpoint\":\"m\",\"content\":\"\n\n<h2 data-start=\\\"2793\\\" data-end=\\\"2851\\\">Une taxe qui p\\u00e9nalise les fumeurs en cours de sevrage<\\\/h2>\\n\n\n<h3 data-start=\\\"2853\\\" data-end=\\\"2895\\\">Des niveaux de nicotine strat\\u00e9giques<\\\/h3>\\n\n\n<p data-start=\\\"2896\\\" data-end=\\\"2952\\\">Le projet r\\u00e9v\\u00e9l\\u00e9 pr\\u00e9voit une taxation \\u00e0 deux niveaux :<\\\/p>\\n\n\n<ul data-start=\\\"2953\\\" data-end=\\\"3043\\\">\\n\n\n<li data-start=\\\"2953\\\" data-end=\\\"3008\\\">\\n\n\n<p data-start=\\\"2955\\\" data-end=\\\"3008\\\"><strong data-start=\\\"2955\\\" data-end=\\\"2976\\\">3 centimes par ml<\\\/strong> jusqu\\u2019\\u00e0 15 mg\\\/ml de nicotine,<\\\/p>\\n<\\\/li>\\n\n\n<li data-start=\\\"3009\\\" data-end=\\\"3043\\\">\\n\n\n<p data-start=\\\"3011\\\" data-end=\\\"3043\\\"><strong data-start=\\\"3011\\\" data-end=\\\"3032\\\">5 centimes par ml<\\\/strong> au-del\\u00e0.<\\\/p>\\n<\\\/li>\\n<\\\/ul>\\n\n\n<p data-start=\\\"3045\\\" data-end=\\\"3413\\\">Cette progressivit\\u00e9 para\\u00eet logique sur le papier, mais elle est en r\\u00e9alit\\u00e9 profond\\u00e9ment injuste. Car ce sont les <strong data-start=\\\"3158\\\" data-end=\\\"3185\\\">taux \\u00e9lev\\u00e9s de nicotine<\\\/strong> (souvent 16 \\u00e0 20 mg\\\/ml en e-liquides aux sels de nicotine) qui offrent le meilleur soutien en <strong data-start=\\\"3280\\\" data-end=\\\"3310\\\">d\\u00e9but de sevrage tabagique<\\\/strong>. D\\u00e9courager leur usage revient \\u00e0 compliquer la vie des fumeurs qui essaient de quitter la cigarette.<\\\/p>\",\"margin\":\"default\"}}]}]}]},{\"type\":\"section\",\"props\":{\"image_position\":\"center-center\",\"padding\":\"xsmall\",\"style\":\"default\",\"title_breakpoint\":\"xl\",\"title_position\":\"top-left\",\"title_rotation\":\"left\",\"vertical_align\":\"middle\",\"width\":\"default\"},\"children\":[{\"type\":\"row\",\"children\":[{\"type\":\"column\",\"props\":{\"image_position\":\"center-center\",\"position_sticky_breakpoint\":\"m\",\"vertical_align\":\"middle\"},\"children\":[{\"type\":\"text\",\"props\":{\"column_breakpoint\":\"m\",\"content\":\"\n\n<h3 data-start=\\\"3415\\\" data-end=\\\"3440\\\">Un frein \\u00e9conomique<\\\/h3>\\n\n\n<p data-start=\\\"3441\\\" data-end=\\\"3716\\\">Aujourd\\u2019hui d\\u00e9j\\u00e0, un flacon de 10 ml de e-liquide est vendu entre 4,90 \\u20ac et 6,90 \\u20ac. Avec une taxe de 5 centimes\\\/ml, c\\u2019est <strong data-start=\\\"3563\\\" data-end=\\\"3597\\\">50 centimes de plus par flacon<\\\/strong>, soit une hausse de pr\\u00e8s de 10 %. Ajout\\u00e9e \\u00e0 la TVA de 20 %, la facture grimperait vite pour les vapoteurs r\\u00e9guliers.<\\\/p>\\n\n\n<p data-start=\\\"3718\\\" data-end=\\\"4044\\\">Or, la <strong data-start=\\\"3725\\\" data-end=\\\"3782\\\">motivation \\u00e9conomique est l\\u2019une des premi\\u00e8res raisons<\\\/strong> pour lesquelles les fumeurs basculent vers la vape. Si celle-ci devient trop ch\\u00e8re, une partie risque de retourner vers le tabac, qui reste disponible partout et dont les prix, bien que tr\\u00e8s \\u00e9lev\\u00e9s, sont parfois absorb\\u00e9s dans le budget quotidien par habitude.<\\\/p>\",\"margin\":\"default\"}}]}]}]},{\"type\":\"section\",\"props\":{\"image_position\":\"center-center\",\"padding\":\"xsmall\",\"style\":\"default\",\"title_breakpoint\":\"xl\",\"title_position\":\"top-left\",\"title_rotation\":\"left\",\"vertical_align\":\"middle\",\"width\":\"default\"},\"children\":[{\"type\":\"row\",\"children\":[{\"type\":\"column\",\"props\":{\"image_position\":\"center-center\",\"position_sticky_breakpoint\":\"m\"},\"children\":[{\"type\":\"text\",\"props\":{\"column_breakpoint\":\"m\",\"content\":\"\n\n<h2 data-start=\\\"4051\\\" data-end=\\\"4091\\\">Une mesure antisociale et pro-tabac<\\\/h2>\\n\n\n<h3 data-start=\\\"4093\\\" data-end=\\\"4124\\\">Des in\\u00e9galit\\u00e9s renforc\\u00e9es<\\\/h3>\\n\n\n<p data-start=\\\"4125\\\" data-end=\\\"4234\\\">Le tabagisme touche encore <strong data-start=\\\"4152\\\" data-end=\\\"4194\\\">30 % de la population adulte fran\\u00e7aise<\\\/strong>, avec de fortes disparit\\u00e9s sociales :<\\\/p>\\n\n\n<ul data-start=\\\"4235\\\" data-end=\\\"4328\\\">\\n\n\n<li data-start=\\\"4235\\\" data-end=\\\"4286\\\">\\n\n\n<p data-start=\\\"4237\\\" data-end=\\\"4286\\\">17 % de fumeurs quotidiens chez les plus ais\\u00e9s,<\\\/p>\\n<\\\/li>\\n\n\n<li data-start=\\\"4287\\\" data-end=\\\"4328\\\">\\n\n\n<p data-start=\\\"4289\\\" data-end=\\\"4328\\\">plus de 35 % chez les plus pr\\u00e9caires.<\\\/p>\\n<\\\/li>\\n<\\\/ul>\\n\n\n<p data-start=\\\"4330\\\" data-end=\\\"4578\\\">Ce sont pr\\u00e9cis\\u00e9ment ces derniers qui b\\u00e9n\\u00e9ficient le plus de la vape comme outil de r\\u00e9duction des risques. Les taxer davantage, c\\u2019est aggraver les in\\u00e9galit\\u00e9s de sant\\u00e9 publique et freiner la dynamique de sortie du tabac dans les milieux populaires.<\\\/p>\\n\n\n<h3 data-start=\\\"4580\\\" data-end=\\\"4626\\\">Un cadeau d\\u00e9guis\\u00e9 \\u00e0 l\\u2019industrie du tabac<\\\/h3>\\n\n\n<p data-start=\\\"4627\\\" data-end=\\\"4996\\\">Les associations pointent aussi le cynisme de cette mesure. L\\u2019industrie du tabac, responsable de <strong data-start=\\\"4724\\\" data-end=\\\"4757\\\">75 000 morts par an en France<\\\/strong>, profite de chaque entrave faite \\u00e0 la vape. Elle alimente le doute en entretenant le mythe de l\\u2019\\u00ab effet passerelle \\u00bb (l\\u2019id\\u00e9e que la vape conduirait au tabac chez les jeunes), alors que les donn\\u00e9es r\\u00e9centes montrent exactement l\\u2019inverse.<\\\/p>\\n\n\n<p data-start=\\\"4998\\\" data-end=\\\"5187\\\">En taxant la cigarette \\u00e9lectronique, on la <strong data-start=\\\"5041\\\" data-end=\\\"5078\\\">rapproche symboliquement du tabac<\\\/strong> et on laisse planer l\\u2019id\\u00e9e qu\\u2019elle est aussi nocive. C\\u2019est un v\\u00e9ritable boulevard laiss\\u00e9 aux cigarettiers.<\\\/p>\",\"margin\":\"default\"}}]}]}]},{\"type\":\"section\",\"props\":{\"image_position\":\"center-center\",\"style\":\"default\",\"title_breakpoint\":\"xl\",\"title_position\":\"top-left\",\"title_rotation\":\"left\",\"vertical_align\":\"middle\",\"width\":\"default\"},\"children\":[{\"type\":\"row\",\"children\":[{\"type\":\"column\",\"props\":{\"image_position\":\"center-center\",\"position_sticky_breakpoint\":\"m\"},\"children\":[{\"type\":\"text\",\"props\":{\"column_breakpoint\":\"m\",\"content\":\"\n\n<h2>Un impact \\u00e9conomique d\\u00e9sastreux pour la fili\\u00e8re ind\\u00e9pendante<\\\/h2>\",\"margin\":\"default\"}}]}]},{\"type\":\"row\",\"children\":[{\"type\":\"column\",\"props\":{\"image_position\":\"center-center\",\"position_sticky_breakpoint\":\"m\",\"width_medium\":\"1-2\"},\"children\":[{\"type\":\"image\",\"props\":{\"image\":\"wp-content\\\/uploads\\\/2025\\\/09\\\/fille-europeenne-rousse-surprise-et-choquee-en-chemise-sans-manches-tachetee-faisant-des-gestes-avec-les-mains-scaled.jpg\",\"image_box_decoration\":\"mask\",\"image_svg_color\":\"emphasis\",\"margin\":\"default\"}}]},{\"type\":\"column\",\"props\":{\"image_position\":\"center-center\",\"position_sticky_breakpoint\":\"m\",\"width_medium\":\"1-2\"},\"children\":[{\"type\":\"text\",\"props\":{\"column_breakpoint\":\"m\",\"content\":\"\n\n<p data-start=\\\"5261\\\" data-end=\\\"5382\\\">La vape en France, ce n\\u2019est pas seulement un outil de sant\\u00e9 publique, c\\u2019est aussi un <strong data-start=\\\"5346\\\" data-end=\\\"5378\\\">secteur \\u00e9conomique dynamique<\\\/strong> :<\\\/p>\\n\n\n<ul data-start=\\\"5383\\\" data-end=\\\"5533\\\">\\n\n\n<li data-start=\\\"5383\\\" data-end=\\\"5426\\\">\\n\n\n<p data-start=\\\"5385\\\" data-end=\\\"5426\\\">des milliers de boutiques sp\\u00e9cialis\\u00e9es,<\\\/p>\\n<\\\/li>\\n\n\n<li data-start=\\\"5427\\\" data-end=\\\"5472\\\">\\n\n\n<p data-start=\\\"5429\\\" data-end=\\\"5472\\\">des centaines de fabricants ind\\u00e9pendants,<\\\/p>\\n<\\\/li>\\n\n\n<li data-start=\\\"5473\\\" data-end=\\\"5533\\\">\\n\n\n<p data-start=\\\"5475\\\" data-end=\\\"5533\\\">des dizaines de milliers d\\u2019emplois directs et indirects.<\\\/p>\\n<\\\/li>\\n<\\\/ul>\\n\n\n<p data-start=\\\"5535\\\" data-end=\\\"5610\\\">L\\u2019application d\\u2019une taxe sp\\u00e9cifique repr\\u00e9senterait une <strong data-start=\\\"5590\\\" data-end=\\\"5606\\\">double peine<\\\/strong> :<\\\/p>\\n\n\n<ul data-start=\\\"5611\\\" data-end=\\\"5733\\\">\\n\n\n<li data-start=\\\"5611\\\" data-end=\\\"5663\\\">\\n\n\n<p data-start=\\\"5613\\\" data-end=\\\"5663\\\">augmentation du prix final pour le consommateur,<\\\/p>\\n<\\\/li>\\n\n\n<li data-start=\\\"5664\\\" data-end=\\\"5733\\\">\\n\n\n<p data-start=\\\"5666\\\" data-end=\\\"5733\\\">lourdeurs administratives et logistiques pour les professionnels.<\\\/p>\\n<\\\/li>\\n<\\\/ul>\\n\n\n<p data-start=\\\"5735\\\" data-end=\\\"5930\\\">Beaucoup de petites entreprises risqueraient de ne pas absorber ce choc, mettant en p\\u00e9ril l\\u2019\\u00e9quilibre d\\u2019un march\\u00e9 d\\u00e9j\\u00e0 fragile face aux pressions europ\\u00e9ennes et \\u00e0 la concurrence internationale.<\\\/p>\\n\n\n<p><\\\/p>\",\"margin\":\"default\"}}]}],\"props\":{\"layout\":\"1-2,1-2\"}}]},{\"type\":\"section\",\"props\":{\"image_position\":\"center-center\",\"padding\":\"xsmall\",\"style\":\"default\",\"title_breakpoint\":\"xl\",\"title_position\":\"top-left\",\"title_rotation\":\"left\",\"vertical_align\":\"middle\",\"width\":\"default\"},\"children\":[{\"type\":\"row\",\"children\":[{\"type\":\"column\",\"props\":{\"image_position\":\"center-center\",\"position_sticky_breakpoint\":\"m\"},\"children\":[{\"type\":\"text\",\"props\":{\"column_breakpoint\":\"m\",\"content\":\"\n\n<h2 data-start=\\\"5937\\\" data-end=\\\"5992\\\">L\\u2019Europe et la n\\u00e9cessit\\u00e9 d\\u2019une strat\\u00e9gie coh\\u00e9rente<\\\/h2>\\n\n\n<p data-start=\\\"5994\\\" data-end=\\\"6376\\\">Il faut \\u00e9galement rappeler que l\\u2019Union europ\\u00e9enne travaille actuellement sur une <strong data-start=\\\"6075\\\" data-end=\\\"6112\\\">harmonisation des r\\u00e8gles fiscales<\\\/strong> concernant la vape. Si la France d\\u00e9cidait unilat\\u00e9ralement d\\u2019instaurer une taxe, elle devrait probablement revoir sa copie d\\u2019ici peu, avec un co\\u00fbt administratif suppl\\u00e9mentaire. Une incoh\\u00e9rence qui renforcerait l\\u2019instabilit\\u00e9 du secteur et la d\\u00e9fiance des usagers.<\\\/p>\",\"margin\":\"default\"}}]}]}]},{\"type\":\"section\",\"props\":{\"image_position\":\"center-center\",\"style\":\"default\",\"title_breakpoint\":\"xl\",\"title_position\":\"top-left\",\"title_rotation\":\"left\",\"vertical_align\":\"middle\",\"width\":\"default\"},\"children\":[{\"type\":\"row\",\"children\":[{\"type\":\"column\",\"props\":{\"image_position\":\"center-center\",\"position_sticky_breakpoint\":\"m\"},\"children\":[{\"type\":\"text\",\"props\":{\"column_breakpoint\":\"m\",\"content\":\"\n\n<h2 data-start=\\\"6383\\\" data-end=\\\"6451\\\">Conclusion : soutenir la vape, c\\u2019est soutenir la sant\\u00e9 publique<\\\/h2>\\n\n\n<p data-start=\\\"6453\\\" data-end=\\\"6779\\\">La France reste l\\u2019un des pays europ\\u00e9ens les plus frapp\\u00e9s par le tabagisme. Face \\u00e0 ce fl\\u00e9au qui tue <strong data-start=\\\"6552\\\" data-end=\\\"6578\\\">200 personnes par jour<\\\/strong>, la cigarette \\u00e9lectronique repr\\u00e9sente un espoir concret. Loin d\\u2019\\u00eatre un gadget, elle constitue un <strong data-start=\\\"6677\\\" data-end=\\\"6718\\\">outil majeur de r\\u00e9duction des risques<\\\/strong> et un alli\\u00e9 pr\\u00e9cieux pour les fumeurs en qu\\u00eate de libert\\u00e9.<\\\/p>\\n\n\n<p data-start=\\\"6781\\\" data-end=\\\"6948\\\">En instaurant une taxe injuste, on risque de <strong data-start=\\\"6826\\\" data-end=\\\"6850\\\">punir les ex-fumeurs<\\\/strong>, d\\u2019<strong data-start=\\\"6854\\\" data-end=\\\"6891\\\">affaiblir la fili\\u00e8re ind\\u00e9pendante<\\\/strong> et de <strong data-start=\\\"6898\\\" data-end=\\\"6945\\\">servir les int\\u00e9r\\u00eats de l\\u2019industrie du tabac<\\\/strong>.<\\\/p>\\n\n\n<p data-start=\\\"6950\\\" data-end=\\\"7197\\\">Il est urgent que les pouvoirs publics changent de paradigme : plut\\u00f4t que de freiner le d\\u00e9veloppement du vapotage, ils devraient <strong data-start=\\\"7079\\\" data-end=\\\"7125\\\">l\\u2019accompagner, l\\u2019encadrer et le promouvoir<\\\/strong> dans un esprit de sant\\u00e9 publique et de confiance envers les citoyens.<\\\/p>\\n\n\n<p data-start=\\\"7199\\\" data-end=\\\"7383\\\">Taxer la vape, ce n\\u2019est pas \\u00e9quilibrer un budget. C\\u2019est <strong data-start=\\\"7255\\\" data-end=\\\"7304\\\">d\\u00e9s\\u00e9quilibrer l\\u2019avenir de millions de fumeurs<\\\/strong> qui ont enfin trouv\\u00e9 une alternative cr\\u00e9dible pour tourner la page du tabac.<\\\/p>\",\"margin\":\"default\"}}]}]}]},{\"type\":\"section\",\"props\":{\"image_position\":\"center-center\",\"padding\":\"xsmall\",\"style\":\"default\",\"title_breakpoint\":\"xl\",\"title_position\":\"top-left\",\"title_rotation\":\"left\",\"vertical_align\":\"middle\",\"width\":\"default\"},\"children\":[{\"type\":\"row\",\"children\":[{\"type\":\"column\",\"props\":{\"image_position\":\"center-center\",\"position_sticky_breakpoint\":\"m\"},\"children\":[{\"type\":\"text\",\"props\":{\"column_breakpoint\":\"m\",\"content\":\"\n\n<h2><strong>FAQ<\\\/strong><\\\/h2>\",\"margin\":\"default\"}},{\"type\":\"accordion\",\"props\":{\"collapsible\":true,\"content_column_breakpoint\":\"m\",\"image_align\":\"top\",\"image_grid_breakpoint\":\"m\",\"image_grid_width\":\"1-2\",\"image_svg_color\":\"emphasis\",\"link_style\":\"default\",\"link_text\":\"Read more\",\"show_image\":true,\"show_link\":true},\"children\":[{\"type\":\"accordion_item\",\"props\":{\"content\":\"\n\n<p data-start=\\\"345\\\" data-end=\\\"609\\\">Un projet de budget r\\u00e9v\\u00e9l\\u00e9 par <em data-start=\\\"376\\\" data-end=\\\"387\\\">Les \\u00c9chos<\\\/em> pr\\u00e9voit d\\u2019instaurer une taxe sp\\u00e9cifique sur les e-liquides. Bien qu\\u2019initi\\u00e9e par le gouvernement pr\\u00e9c\\u00e9dent, cette mesure pourrait \\u00eatre reprise telle quelle par le nouvel ex\\u00e9cutif dans le cadre de la loi de finances 2026.<\\\/p>\",\"title\":\"Pourquoi parle-t-on d\\u2019une nouvelle taxe sur le vapotage en 2025 ?\"}},{\"type\":\"accordion_item\",\"props\":{\"content\":\"\n\n<p>Le projet pr\\u00e9voit <strong data-start=\\\"692\\\" data-end=\\\"721\\\">3 centimes par millilitre<\\\/strong> jusqu\\u2019\\u00e0 15 mg\\\/ml de nicotine, puis <strong data-start=\\\"757\\\" data-end=\\\"779\\\">5 centimes au-del\\u00e0<\\\/strong>. Concr\\u00e8tement, un flacon de 10 ml pourrait augmenter de <strong data-start=\\\"836\\\" data-end=\\\"856\\\">30 \\u00e0 50 centimes<\\\/strong>, en plus de la TVA d\\u00e9j\\u00e0 appliqu\\u00e9e \\u00e0 20 %.<\\\/p>\",\"title\":\"Combien co\\u00fbterait cette taxe pour les vapoteurs ?\"}},{\"type\":\"accordion_item\",\"props\":{\"content\":\"\n\n<p>Parce qu\\u2019elle touche en priorit\\u00e9 les <strong data-start=\\\"997\\\" data-end=\\\"1028\\\">fumeurs en cours de sevrage<\\\/strong>, qui utilisent souvent des taux \\u00e9lev\\u00e9s de nicotine pour compenser leur d\\u00e9pendance. Ce sont ces e-liquides qui seraient les plus tax\\u00e9s, alors qu\\u2019ils sont les plus utiles au d\\u00e9but du sevrage.<\\\/p>\",\"title\":\"Pourquoi cette taxe est-elle jug\\u00e9e injuste ?\"}},{\"type\":\"accordion_item\",\"props\":{\"content\":\"\n\n<p>Le vapotage permet de <strong data-start=\\\"1310\\\" data-end=\\\"1354\\\">consommer de la nicotine sans combustion<\\\/strong>, supprimant ainsi goudrons et monoxyde de carbone, principaux responsables des maladies li\\u00e9es au tabac. Les \\u00e9tudes montrent que la vape est <strong data-start=\\\"1495\\\" data-end=\\\"1554\\\">deux fois plus efficace que les substituts nicotiniques<\\\/strong> classiques, et m\\u00eame trois fois plus chez les plus pr\\u00e9caires.<\\\/p>\",\"title\":\"Quel est l\\u2019impact de la vape sur la sant\\u00e9 publique ?\"}},{\"type\":\"accordion_item\",\"props\":{\"content\":\"\n\n<p>La <strong data-start=\\\"1663\\\" data-end=\\\"1673\\\">FIVAPE<\\\/strong>, l\\u2019<strong data-start=\\\"1677\\\" data-end=\\\"1687\\\">AIDUCE<\\\/strong> (association d\\u2019usagers) et la <strong data-start=\\\"1718\\\" data-end=\\\"1742\\\">F\\u00e9d\\u00e9ration Addiction<\\\/strong> ont pris position contre cette mesure. Elles d\\u00e9noncent un frein \\u00e0 la r\\u00e9duction des risques, un coup dur pour les ex-fumeurs et un signal favorable \\u00e0 l\\u2019industrie du tabac.<\\\/p>\",\"title\":\"Qui s\\u2019oppose \\u00e0 cette taxe ?\"}},{\"type\":\"accordion_item\",\"props\":{\"content\":\"\n\n<p>La taxe alourdirait les co\\u00fbts pour les consommateurs et pour les professionnels (fabricants, distributeurs, boutiques sp\\u00e9cialis\\u00e9es). Des <strong data-start=\\\"2129\\\" data-end=\\\"2158\\\">milliers d\\u2019emplois locaux<\\\/strong> pourraient \\u00eatre menac\\u00e9s, alors que la fili\\u00e8re ind\\u00e9pendante joue un r\\u00f4le central dans la lutte contre le tabagisme.<\\\/p>\",\"title\":\"Quelles cons\\u00e9quences \\u00e9conomiques pour la fili\\u00e8re de la vape ?\"}},{\"type\":\"accordion_item\",\"props\":{\"content\":\"\n\n<p>Non. Les donn\\u00e9es de l\\u2019OFDT montrent que le <strong data-start=\\\"2398\\\" data-end=\\\"2452\\\">tabagisme des jeunes a \\u00e9t\\u00e9 divis\\u00e9 par 5 en dix ans<\\\/strong>. L\\u2019id\\u00e9e de \\u00ab passerelle \\u00bb est un mythe largement utilis\\u00e9 par l\\u2019industrie du tabac pour d\\u00e9cr\\u00e9dibiliser la r\\u00e9duction des risques.<\\\/p>\",\"title\":\"La vape est-elle un \\u00ab tremplin \\u00bb vers le tabac pour les jeunes ?\"}},{\"type\":\"accordion_item\",\"props\":{\"content\":\"\n\n<p>La FIVAPE appelle les pouvoirs publics \\u00e0 <strong data-start=\\\"2678\\\" data-end=\\\"2723\\\">ne pas inclure de taxe sur les e-liquides<\\\/strong> dans la loi de finances 2026 et \\u00e0 changer de strat\\u00e9gie : soutenir le vapotage comme outil de sevrage plut\\u00f4t que de l\\u2019entraver.<\\\/p>\",\"title\":\"Que demande la FIVAPE au gouvernement ?\"}}]}]}]}]},{\"type\":\"section\",\"props\":{\"image_position\":\"center-center\",\"style\":\"default\",\"title_breakpoint\":\"xl\",\"title_position\":\"top-left\",\"title_rotation\":\"left\",\"vertical_align\":\"middle\",\"width\":\"default\"},\"children\":[{\"type\":\"row\",\"children\":[{\"type\":\"column\",\"props\":{\"image_position\":\"center-center\",\"position_sticky_breakpoint\":\"m\"},\"children\":[{\"type\":\"comments\",\"props\":{\"link_style\":\"default\",\"margin\":\"default\",\"title_decoration\":\"bullet\",\"title_element\":\"h2\",\"title_style\":\"h3\"}}]}]}]}],\"version\":\"4.5.28\"} --><\/p>\n","protected":false},"excerpt":{"rendered":"<p>Nouvelle taxe sur le vapotage : une menace pour la sant\u00e9 publique et les ex-fumeurs La cigarette \u00e9lectronique s\u2019est impos\u00e9e ces dix derni\u00e8res ann\u00e9es comme l\u2019outil num\u00e9ro un du sevrage tabagique en France. Elle a permis \u00e0 plus de 2 millions de fumeurs de tourner la page du tabac, et contribue \u00e0 faire chuter les [&hellip;]<\/p>\n","protected":false},"author":5,"featured_media":17442,"comment_status":"open","ping_status":"open","sticky":false,"template":"","format":"standard","meta":{"_jetpack_memberships_contains_paid_content":false,"footnotes":""},"categories":[3],"tags":[1059,1056,1058,1050,1054,1051,1057,1060,1053,385,1055,890,1048,1049,1052],"class_list":["post-17387","post","type-post","status-publish","format-standard","has-post-thumbnail","hentry","category-actus-de-la-vape","tag-addiction-tabac","tag-augmentation-prix-e-liquide","tag-ex-fumeurs","tag-fivape","tag-industrie-de-la-vape","tag-loi-de-finances-2026","tag-nicotine-et-vapotage","tag-ofdt-tabagisme-jeunes","tag-reduction-des-risques","tag-sevrage-tabagique","tag-tabac-vs-vape","tag-taxe-e-liquide-2025","tag-taxe-vapotage","tag-vapotage-et-sante-publique","tag-vapoteurs-france"],"aioseo_notices":[],"jetpack_featured_media_url":"https:\/\/www.oliquide.com\/blog\/wp-content\/uploads\/2025\/09\/argent-de-la-calculatrice-et-crayon-gros-plan-sur-un-arriere-plan-flou-1-scaled.jpg","jetpack_sharing_enabled":true,"_links":{"self":[{"href":"https:\/\/www.oliquide.com\/blog\/wp-json\/wp\/v2\/posts\/17387","targetHints":{"allow":["GET"]}}],"collection":[{"href":"https:\/\/www.oliquide.com\/blog\/wp-json\/wp\/v2\/posts"}],"about":[{"href":"https:\/\/www.oliquide.com\/blog\/wp-json\/wp\/v2\/types\/post"}],"author":[{"embeddable":true,"href":"https:\/\/www.oliquide.com\/blog\/wp-json\/wp\/v2\/users\/5"}],"replies":[{"embeddable":true,"href":"https:\/\/www.oliquide.com\/blog\/wp-json\/wp\/v2\/comments?post=17387"}],"version-history":[{"count":41,"href":"https:\/\/www.oliquide.com\/blog\/wp-json\/wp\/v2\/posts\/17387\/revisions"}],"predecessor-version":[{"id":17512,"href":"https:\/\/www.oliquide.com\/blog\/wp-json\/wp\/v2\/posts\/17387\/revisions\/17512"}],"wp:featuredmedia":[{"embeddable":true,"href":"https:\/\/www.oliquide.com\/blog\/wp-json\/wp\/v2\/media\/17442"}],"wp:attachment":[{"href":"https:\/\/www.oliquide.com\/blog\/wp-json\/wp\/v2\/media?parent=17387"}],"wp:term":[{"taxonomy":"category","embeddable":true,"href":"https:\/\/www.oliquide.com\/blog\/wp-json\/wp\/v2\/categories?post=17387"},{"taxonomy":"post_tag","embeddable":true,"href":"https:\/\/www.oliquide.com\/blog\/wp-json\/wp\/v2\/tags?post=17387"}],"curies":[{"name":"wp","href":"https:\/\/api.w.org\/{rel}","templated":true}]}}