{"id":17523,"date":"2025-10-07T08:58:20","date_gmt":"2025-10-07T06:58:20","guid":{"rendered":"https:\/\/www.oliquide.com\/blog\/?p=17523"},"modified":"2025-10-13T08:54:19","modified_gmt":"2025-10-13T06:54:19","slug":"interdiction-des-sachets-de-nicotine-la-france-dit-stop","status":"publish","type":"post","link":"https:\/\/www.oliquide.com\/blog\/interdiction-des-sachets-de-nicotine-la-france-dit-stop\/","title":{"rendered":"Interdiction des sachets de nicotine : la France dit stop"},"content":{"rendered":"<p><img decoding=\"async\" src=\"\/blog\/wp-content\/uploads\/2025\/10\/GABARIT-BANNIERE-BLOG-copy-2.jpg\" alt=\"tout savoir sur les huiles de CBD\"><\/p>\n<h1><span class=\"ez-toc-section\" id=\"Interdiction_des_sachets_de_nicotine_pouches_la_France_sengage_vers_une_nouvelle_restriction\"><\/span>\n<h1 data-start=\"318\" data-end=\"419\">Interdiction des sachets de nicotine (pouches) : la France s\u2019engage vers une nouvelle restriction<span class=\"ez-toc-section-end\"><\/span><\/h1>\n<\/h1>\n<div>\n<p>Apr\u00e8s les <em><a href=\"https:\/\/www.oliquide.com\/blog\/linterdiction-puffs-france-la-sante-publique-environnement\/\"><strong>puffs jetables<\/strong><\/a><\/em>, c\u2019est d\u00e9sormais au tour des <strong data-start=\"653\" data-end=\"676\">sachets de nicotine<\/strong> ou <em data-start=\"682\" data-end=\"691\">pouches<\/em> d\u2019\u00eatre dans le viseur du gouvernement fran\u00e7ais. Le 24 f\u00e9vrier 2025, la France a officiellement notifi\u00e9 \u00e0 la<em><a href=\"https:\/\/technical-regulation-information-system.ec.europa.eu\/en\/notification\/26692?utm_source=chatgpt.com\"> <strong data-start=\"802\" data-end=\"827\">Commission europ\u00e9enne<\/strong><\/a><\/em> son projet d\u2019interdiction totale de ces produits. Derri\u00e8re cette d\u00e9cision, une volont\u00e9 affich\u00e9e : <strong data-start=\"926\" data-end=\"985\">prot\u00e9ger la jeunesse et encadrer l\u2019usage de la nicotine<\/strong>. Mais cette mesure suscite de vifs d\u00e9bats, notamment du c\u00f4t\u00e9 des d\u00e9fenseurs de la <strong data-start=\"1068\" data-end=\"1104\">r\u00e9duction des risques tabagiques<\/strong>.<br data-start=\"1105\" data-end=\"1108\" \/>Alors, que pr\u00e9voit r\u00e9ellement cette interdiction ? Et quelles cons\u00e9quences pour les consommateurs, les professionnels et le march\u00e9 de la vape ?<\/p>\n<\/div>\n<div>\n<div id=\"ez-toc-container\" class=\"ez-toc-v2_0_82_2 counter-hierarchy ez-toc-counter ez-toc-grey ez-toc-container-direction\">\n<div class=\"ez-toc-title-container\">\n<p class=\"ez-toc-title\" style=\"cursor:inherit\">Sommaire<\/p>\n<span class=\"ez-toc-title-toggle\"><a href=\"#\" class=\"ez-toc-pull-right ez-toc-btn ez-toc-btn-xs ez-toc-btn-default ez-toc-toggle\" aria-label=\"Toggle Table of Content\"><span class=\"ez-toc-js-icon-con\"><span class=\"\"><span class=\"eztoc-hide\" style=\"display:none;\">Toggle<\/span><span class=\"ez-toc-icon-toggle-span\"><svg style=\"fill: #999;color:#999\" xmlns=\"http:\/\/www.w3.org\/2000\/svg\" class=\"list-377408\" width=\"20px\" height=\"20px\" viewBox=\"0 0 24 24\" fill=\"none\"><path d=\"M6 6H4v2h2V6zm14 0H8v2h12V6zM4 11h2v2H4v-2zm16 0H8v2h12v-2zM4 16h2v2H4v-2zm16 0H8v2h12v-2z\" fill=\"currentColor\"><\/path><\/svg><svg style=\"fill: #999;color:#999\" class=\"arrow-unsorted-368013\" xmlns=\"http:\/\/www.w3.org\/2000\/svg\" width=\"10px\" height=\"10px\" viewBox=\"0 0 24 24\" version=\"1.2\" baseProfile=\"tiny\"><path d=\"M18.2 9.3l-6.2-6.3-6.2 6.3c-.2.2-.3.4-.3.7s.1.5.3.7c.2.2.4.3.7.3h11c.3 0 .5-.1.7-.3.2-.2.3-.5.3-.7s-.1-.5-.3-.7zM5.8 14.7l6.2 6.3 6.2-6.3c.2-.2.3-.5.3-.7s-.1-.5-.3-.7c-.2-.2-.4-.3-.7-.3h-11c-.3 0-.5.1-.7.3-.2.2-.3.5-.3.7s.1.5.3.7z\"\/><\/svg><\/span><\/span><\/span><\/a><\/span><\/div>\n<nav><ul class='ez-toc-list ez-toc-list-level-1 eztoc-toggle-hide-by-default' ><li class='ez-toc-page-1 ez-toc-heading-level-1'><a class=\"ez-toc-link ez-toc-heading-1\" href=\"https:\/\/www.oliquide.com\/blog\/interdiction-des-sachets-de-nicotine-la-france-dit-stop\/#Interdiction_des_sachets_de_nicotine_pouches_la_France_sengage_vers_une_nouvelle_restriction\" >Interdiction des sachets de nicotine (pouches) : la France s\u2019engage vers une nouvelle restriction<\/a><ul class='ez-toc-list-level-2' ><li class='ez-toc-heading-level-2'><a class=\"ez-toc-link ez-toc-heading-2\" href=\"https:\/\/www.oliquide.com\/blog\/interdiction-des-sachets-de-nicotine-la-france-dit-stop\/#Ce_que_prevoit_la_France\" >Ce que pr\u00e9voit la France<\/a><\/li><li class='ez-toc-page-1 ez-toc-heading-level-2'><a class=\"ez-toc-link ez-toc-heading-3\" href=\"https:\/\/www.oliquide.com\/blog\/interdiction-des-sachets-de-nicotine-la-france-dit-stop\/#Les_arguments_avances_par_le_gouvernement\" >Les arguments avanc\u00e9s par le gouvernement<\/a><\/li><li class='ez-toc-page-1 ez-toc-heading-level-2'><a class=\"ez-toc-link ez-toc-heading-4\" href=\"https:\/\/www.oliquide.com\/blog\/interdiction-des-sachets-de-nicotine-la-france-dit-stop\/#Les_zones_dombre_de_cette_interdiction\" >Les zones d\u2019ombre de cette interdiction<\/a><\/li><li class='ez-toc-page-1 ez-toc-heading-level-2'><a class=\"ez-toc-link ez-toc-heading-5\" href=\"https:\/\/www.oliquide.com\/blog\/interdiction-des-sachets-de-nicotine-la-france-dit-stop\/#Quelles_consequences_pour_les_consommateurs\" >Quelles cons\u00e9quences pour les consommateurs ?<\/a><\/li><li class='ez-toc-page-1 ez-toc-heading-level-2'><a class=\"ez-toc-link ez-toc-heading-6\" href=\"https:\/\/www.oliquide.com\/blog\/interdiction-des-sachets-de-nicotine-la-france-dit-stop\/#Conclusion_une_approche_a_repenser\" >Conclusion : une approche \u00e0 repenser<\/a><\/li><li class='ez-toc-page-1 ez-toc-heading-level-2'><a class=\"ez-toc-link ez-toc-heading-7\" href=\"https:\/\/www.oliquide.com\/blog\/interdiction-des-sachets-de-nicotine-la-france-dit-stop\/#FAQ\" >FAQ\u00a0<\/a><\/li><\/ul><\/li><\/ul><\/nav><\/div>\n<\/div>\n<p><img decoding=\"async\" src=\"\/blog\/wp-content\/uploads\/2025\/10\/drapeau-de-la-france-scaled.jpg\" alt=\"\"><\/p>\n<div>\n<h2><span class=\"ez-toc-section\" id=\"Ce_que_prevoit_la_France\"><\/span>Ce que pr\u00e9voit la France<span class=\"ez-toc-section-end\"><\/span><\/h2>\n<p data-start=\"1363\" data-end=\"1512\">La France souhaite interdire <strong data-start=\"1392\" data-end=\"1456\">toute forme de produit \u00e0 usage oral contenant de la <em><a href=\"https:\/\/www.oliquide.com\/blog\/nicotine-comprendre-role-effets-idees-recues\/?utm_source=chatgpt.com\">nicotine<\/a><\/em><\/strong>, sauf ceux \u00e0 vocation pharmaceutique.<br data-start=\"1494\" data-end=\"1497\" \/>Cela inclut :<\/p>\n<ul data-start=\"1514\" data-end=\"1696\">\n<li data-start=\"1514\" data-end=\"1552\">\n<p data-start=\"1516\" data-end=\"1552\">les sachets de nicotine (pouches),<\/p>\n<\/li>\n<li data-start=\"1553\" data-end=\"1625\">\n<p data-start=\"1555\" data-end=\"1625\">les pastilles, gommes, billes, bandelettes et liquides \u00e0 usage oral,<\/p>\n<\/li>\n<li data-start=\"1626\" data-end=\"1696\">\n<p data-start=\"1628\" data-end=\"1696\">ainsi que toute forme d\u00e9riv\u00e9e susceptible de contourner la mesure.<\/p>\n<\/li>\n<\/ul>\n<p data-start=\"1698\" data-end=\"2003\">L\u2019objectif affich\u00e9 est de <strong data-start=\"1724\" data-end=\"1788\">pr\u00e9venir la diffusion de produits attractifs pour les jeunes<\/strong>.<br data-start=\"1789\" data-end=\"1792\" \/>La notification envoy\u00e9e \u00e0 la Commission europ\u00e9enne, r\u00e9f\u00e9renc\u00e9e <strong data-start=\"1855\" data-end=\"1871\">2025\/0110\/FR<\/strong>, ouvre une p\u00e9riode de trois mois durant laquelle Bruxelles doit examiner la l\u00e9gitimit\u00e9 et la proportionnalit\u00e9 du projet fran\u00e7ais.<\/p>\n<\/div>\n<div>\n<h2 data-start=\"2010\" data-end=\"2056\"><span class=\"ez-toc-section\" id=\"Les_arguments_avances_par_le_gouvernement\"><\/span>Les arguments avanc\u00e9s par le gouvernement<span class=\"ez-toc-section-end\"><\/span><\/h2>\n<p data-start=\"2139\" data-end=\"2248\">Du c\u00f4t\u00e9 du minist\u00e8re de la Sant\u00e9, l\u2019interdiction est justifi\u00e9e par la <strong data-start=\"2209\" data-end=\"2244\">protection de la sant\u00e9 publique<\/strong> :<\/p>\n<ul data-start=\"2250\" data-end=\"2645\">\n<li data-start=\"2250\" data-end=\"2358\">\n<p data-start=\"2252\" data-end=\"2358\">La <strong data-start=\"2255\" data-end=\"2267\">nicotine<\/strong>, m\u00eame sans tabac, reste un <strong data-start=\"2295\" data-end=\"2308\">stimulant<\/strong> pouvant influencer le syst\u00e8me cardiovasculaire.<\/p>\n<\/li>\n<li data-start=\"2359\" data-end=\"2484\">\n<p data-start=\"2361\" data-end=\"2484\">Le marketing color\u00e9 et les saveurs attractives seraient susceptibles d\u2019<strong data-start=\"2432\" data-end=\"2454\">inciter les jeunes<\/strong> \u00e0 exp\u00e9rimenter la nicotine.<\/p>\n<\/li>\n<li data-start=\"2485\" data-end=\"2645\">\n<p data-start=\"2487\" data-end=\"2645\">Selon les autorit\u00e9s, <strong data-start=\"2508\" data-end=\"2534\">131 cas d\u2019intoxication<\/strong> auraient \u00e9t\u00e9 recens\u00e9s en 2022 par les centres antipoison fran\u00e7ais, dont certains li\u00e9s aux sachets nicotin\u00e9s.<\/p>\n<\/li>\n<\/ul>\n<p data-start=\"2647\" data-end=\"2825\">Ces donn\u00e9es servent de base au projet d\u2019interdiction. Le gouvernement estime donc la mesure <strong data-start=\"2739\" data-end=\"2770\">n\u00e9cessaire et proportionn\u00e9e<\/strong> pour limiter les risques d\u2019initiation \u00e0 la nicotine.<\/p>\n<\/div>\n<p><img decoding=\"async\" src=\"\/blog\/wp-content\/uploads\/2025\/10\/plan-horizontal-des-bureaux-a-l-interieur-du-batiment-du-parlement-ecossais-scaled.jpg\" alt=\"tout savoir sur les huiles de CBD\"><\/p>\n<div>\n<h2 data-start=\"2832\" data-end=\"2876\"><span class=\"ez-toc-section\" id=\"Les_zones_dombre_de_cette_interdiction\"><\/span>Les zones d\u2019ombre de cette interdiction<span class=\"ez-toc-section-end\"><\/span><\/h2>\n<p data-start=\"2973\" data-end=\"3360\">Du c\u00f4t\u00e9 des <strong data-start=\"2985\" data-end=\"3014\">associations de vapoteurs<\/strong> et des acteurs de la <strong data-start=\"3036\" data-end=\"3061\">r\u00e9duction des risques<\/strong>, le discours est tout autre.<br data-start=\"3090\" data-end=\"3093\" \/>Les pouches ne contiennent <strong data-start=\"3120\" data-end=\"3135\">aucun tabac<\/strong> et repr\u00e9sentent, pour certains fumeurs, <em><a href=\"https:\/\/www.oliquide.com\/blog\/quelle-cigarette-electronique-choisir-pour-debuter-en-2025\/?utm_source=chatgpt.com\"><strong data-start=\"3176\" data-end=\"3211\">une alternative sans combustion<\/strong>.<\/a><\/em><br data-start=\"3212\" data-end=\"3215\" \/>En interdisant ces produits, la France pourrait priver une partie des utilisateurs d\u2019un <strong data-start=\"3303\" data-end=\"3335\">outil de transition efficace<\/strong> vers l\u2019arr\u00eat du tabac.<\/p>\n<p data-start=\"3362\" data-end=\"3606\">De plus, les chiffres avanc\u00e9s par le gouvernement semblent divergents : selon <em><a href=\"https:\/\/www.anses.fr\/fr\/content\/sachets-de-nicotine-ou-de-tabac-un-risque-pour-les-jeunes?utm_source=chatgpt.com\"><strong data-start=\"3440\" data-end=\"3451\">l\u2019ANSES<\/strong><\/a><\/em>, entre 2017 et 2022, seuls <strong data-start=\"3479\" data-end=\"3504\">47 cas d\u2019intoxication<\/strong> li\u00e9s aux produits nicotin\u00e9s oraux ont \u00e9t\u00e9 confirm\u00e9s, un nombre bien inf\u00e9rieur aux 131 cas annonc\u00e9s.<\/p>\n<p data-start=\"3608\" data-end=\"3956\">Enfin, plusieurs experts rappellent que la nicotine, utilis\u00e9e seule, n\u2019a <strong data-start=\"3681\" data-end=\"3703\">rien de comparable<\/strong> avec les effets d\u00e9l\u00e9t\u00e8res du tabac br\u00fbl\u00e9.<br data-start=\"3745\" data-end=\"3748\" \/>L\u2019exemple de la <strong data-start=\"3764\" data-end=\"3773\">Su\u00e8de<\/strong>, o\u00f9 le snus (et d\u00e9sormais les pouches) a contribu\u00e9 \u00e0 r\u00e9duire drastiquement le taux de tabagisme, montre qu\u2019une approche pragmatique peut porter ses fruits sans interdiction totale.<\/p>\n<\/div>\n<p><img decoding=\"async\" src=\"\/blog\/wp-content\/uploads\/2025\/10\/panneau-d-arret-de-rue-rouge-devant-l-arbre-nu-et-le-ciel-bleu-scaled.jpg\" alt=\"bouteille-huile-cbd\"><\/p>\n<div>\n<h2 data-start=\"3963\" data-end=\"4013\"><span class=\"ez-toc-section\" id=\"Quelles_consequences_pour_les_consommateurs\"><\/span>Quelles cons\u00e9quences pour les consommateurs ?<span class=\"ez-toc-section-end\"><\/span><\/h2>\n<ol><\/ol>\n<p data-start=\"4105\" data-end=\"4209\">Si l\u2019interdiction entre en vigueur apr\u00e8s validation europ\u00e9enne, elle pourrait avoir plusieurs effets :<\/p>\n<ul data-start=\"4211\" data-end=\"4570\">\n<li data-start=\"4211\" data-end=\"4346\">\n<p data-start=\"4213\" data-end=\"4346\"><strong data-start=\"4213\" data-end=\"4267\">Suppression d\u2019une alternative nicotin\u00e9e sans tabac<\/strong>, poussant certains consommateurs \u00e0 se tourner vers des produits plus nocifs.<\/p>\n<\/li>\n<li data-start=\"4347\" data-end=\"4494\">\n<p data-start=\"4349\" data-end=\"4494\"><strong data-start=\"4349\" data-end=\"4404\">Ralentissement de la dynamique de sevrage tabagique<\/strong>, alors m\u00eame que la vape et les produits nicotin\u00e9s contr\u00f4l\u00e9s montrent de bons r\u00e9sultats.<\/p>\n<\/li>\n<li data-start=\"4495\" data-end=\"4570\">\n<p data-start=\"4497\" data-end=\"4570\"><strong data-start=\"4497\" data-end=\"4518\">Impact \u00e9conomique<\/strong> pour les fabricants et distributeurs sp\u00e9cialis\u00e9s.<\/p>\n<\/li>\n<\/ul>\n<p data-start=\"4572\" data-end=\"4792\">Ce durcissement l\u00e9gislatif semble s\u2019inscrire dans une tendance plus globale de <strong data-start=\"4651\" data-end=\"4680\">r\u00e9pression de la nicotine<\/strong>, amorc\u00e9e avec les puffs, et qui pourrait \u00e0 terme toucher d\u2019autres produits comme certains ar\u00f4mes ou boosters.<\/p>\n<\/div>\n<div>\n<h2 data-start=\"4799\" data-end=\"4840\"><span class=\"ez-toc-section\" id=\"Conclusion_une_approche_a_repenser\"><\/span>Conclusion : une approche \u00e0 repenser<span class=\"ez-toc-section-end\"><\/span><\/h2>\n<p data-start=\"4933\" data-end=\"5310\">La lutte contre le tabagisme reste une priorit\u00e9 de sant\u00e9 publique, mais <strong data-start=\"5005\" data-end=\"5041\">interdire la nicotine sans fum\u00e9e<\/strong> revient \u00e0 <strong data-start=\"5052\" data-end=\"5086\">confondre cause et cons\u00e9quence<\/strong>.<br data-start=\"5087\" data-end=\"5090\" \/>Au lieu d\u2019une interdiction totale, une<em><a href=\"https:\/\/www.oliquide.com\/blog\/peut-on-vapoter-partout-ou-la-cigarette-electronique-est-elle-interdite\/?utm_source=chatgpt.com\"> <strong data-start=\"5129\" data-end=\"5155\">r\u00e9glementation stricte<\/strong><\/a><\/em> encadrant les taux de nicotine, la publicit\u00e9 et la vente aux mineurs pourrait offrir un <strong data-start=\"5244\" data-end=\"5266\">meilleur \u00e9quilibre<\/strong> entre sant\u00e9 publique et libert\u00e9 de choix.<\/p>\n<p data-start=\"5312\" data-end=\"5524\">En France comme ailleurs, il devient urgent de <strong data-start=\"5359\" data-end=\"5394\">distinguer la nicotine du tabac<\/strong> et de reconna\u00eetre la <strong data-start=\"5416\" data-end=\"5452\">vape et les produits alternatifs<\/strong> comme des leviers de r\u00e9duction des risques, et non comme des menaces.<\/p>\n<\/div>\n<div>\n<h2><span class=\"ez-toc-section\" id=\"FAQ\"><\/span><strong>FAQ\u00a0<\/strong><span class=\"ez-toc-section-end\"><\/span><\/h2>\n<\/div>\n<ul>\n<li>\n<h3>Qu\u2019est-ce qu\u2019un sachet de nicotine ?<\/h3>\n<div>\n<p>Un <strong data-start=\"610\" data-end=\"632\">sachet de nicotine<\/strong> (ou <em data-start=\"637\" data-end=\"653\">nicotine pouch<\/em>) est un petit sachet blanc, sans tabac, contenant de la <strong data-start=\"710\" data-end=\"758\">nicotine, des ar\u00f4mes et des fibres v\u00e9g\u00e9tales<\/strong>. Il se place entre la gencive et la l\u00e8vre, lib\u00e9rant progressivement la nicotine dans la bouche.<br data-start=\"854\" data-end=\"857\" \/>Ces produits offrent une <strong data-start=\"882\" data-end=\"908\">alternative sans fum\u00e9e<\/strong> aux cigarettes traditionnelles, souvent utilis\u00e9s pour <strong data-start=\"963\" data-end=\"994\">r\u00e9duire ou arr\u00eater le tabac<\/strong>.<\/p>\n<\/div>\n<\/li>\n<li>\n<h3>Pourquoi la France veut-elle interdire les sachets de nicotine ?<\/h3>\n<div>\n<p>Le gouvernement justifie cette interdiction par la <strong data-start=\"1195\" data-end=\"1230\">protection de la sant\u00e9 publique<\/strong>, notamment celle des jeunes.<br data-start=\"1259\" data-end=\"1262\" \/>Les sachets sont jug\u00e9s <strong data-start=\"1285\" data-end=\"1304\">trop attractifs<\/strong> (saveurs, packaging, facilit\u00e9 d\u2019usage) et pourraient favoriser l\u2019initiation \u00e0 la nicotine.<br data-start=\"1395\" data-end=\"1398\" \/>La France a donc notifi\u00e9 \u00e0 la <strong data-start=\"1428\" data-end=\"1453\">Commission europ\u00e9enne<\/strong> son intention d\u2019interdire tous les produits oraux contenant de la nicotine, sauf ceux \u00e0 usage pharmaceutique.<\/p>\n<\/div>\n<\/li>\n<li>\n<h3>Quand cette interdiction pourrait-elle entrer en vigueur ?<\/h3>\n<div>\n<p>La proc\u00e9dure est en cours depuis <strong data-start=\"1748\" data-end=\"1764\">f\u00e9vrier 2025<\/strong>.<br data-start=\"1765\" data-end=\"1768\" \/>La Commission europ\u00e9enne dispose de <strong data-start=\"1804\" data-end=\"1818\">trois mois<\/strong> pour examiner la demande fran\u00e7aise (r\u00e9f\u00e9rence <strong data-start=\"1865\" data-end=\"1881\">2025\/0110\/FR<\/strong>).<br data-start=\"1883\" data-end=\"1886\" \/>Si aucun veto n\u2019est \u00e9mis, la <strong data-start=\"1915\" data-end=\"1937\">loi d\u2019interdiction<\/strong> pourrait \u00eatre adopt\u00e9e en France <strong data-start=\"1970\" data-end=\"2005\">dans le courant de l\u2019ann\u00e9e 2025<\/strong>.<\/p>\n<\/div>\n<\/li>\n<li>\n<h3>Les sachets de nicotine sont-ils dangereux pour la sant\u00e9 ?<\/h3>\n<div>\n<p>Les sachets de nicotine <strong data-start=\"2167\" data-end=\"2198\">ne contiennent pas de tabac<\/strong> et <strong data-start=\"2202\" data-end=\"2236\">n\u2019impliquent aucune combustion<\/strong>, ce qui les rend <strong data-start=\"2254\" data-end=\"2297\">moins nocifs que la cigarette classique<\/strong>.<br data-start=\"2298\" data-end=\"2301\" \/>Cependant, la <strong data-start=\"2315\" data-end=\"2357\">nicotine reste une substance addictive<\/strong>, et son usage excessif peut entra\u00eener une acc\u00e9l\u00e9ration du rythme cardiaque ou des effets ind\u00e9sirables.<br data-start=\"2460\" data-end=\"2463\" \/>C\u2019est pourquoi de nombreux experts plaident pour <strong data-start=\"2512\" data-end=\"2530\">un encadrement<\/strong> plut\u00f4t qu\u2019une interdiction pure et simple.<\/p>\n<\/div>\n<\/li>\n<li>\n<h3>En quoi les sachets de nicotine diff\u00e8rent-ils de la cigarette \u00e9lectronique ?<\/h3>\n<div>\n<p>La <strong data-start=\"2747\" data-end=\"2773\">cigarette \u00e9lectronique<\/strong> d\u00e9livre de la nicotine par <strong data-start=\"2801\" data-end=\"2825\">inhalation de vapeur<\/strong>, tandis que les <strong data-start=\"2842\" data-end=\"2853\">pouches<\/strong> lib\u00e8rent la nicotine <strong data-start=\"2875\" data-end=\"2893\">par voie orale<\/strong>.<br data-start=\"2894\" data-end=\"2897\" \/>Les deux produits visent le m\u00eame objectif : <strong data-start=\"2941\" data-end=\"2978\">r\u00e9duire les risques li\u00e9s au tabac<\/strong>.<br data-start=\"2979\" data-end=\"2982\" \/>Toutefois, la vape reste <strong data-start=\"3007\" data-end=\"3025\">mieux encadr\u00e9e<\/strong> et \u00e9tudi\u00e9e scientifiquement, alors que les sachets demeurent plus r\u00e9cents sur le march\u00e9 europ\u00e9en.<\/p>\n<\/div>\n<\/li>\n<li>\n<h3>Que dit l\u2019exemple su\u00e9dois sur l\u2019usage des produits nicotin\u00e9s oraux ?<\/h3>\n<div>\n<p>En Su\u00e8de, des produits similaires appel\u00e9s <strong data-start=\"3320\" data-end=\"3328\">snus<\/strong> sont autoris\u00e9s depuis des d\u00e9cennies.<br data-start=\"3365\" data-end=\"3368\" \/>R\u00e9sultat : le pays affiche <strong data-start=\"3395\" data-end=\"3447\">l\u2019un des taux de tabagisme les plus bas d\u2019Europe<\/strong> et une <strong data-start=\"3455\" data-end=\"3505\">mortalit\u00e9 li\u00e9e au tabac parmi les plus faibles<\/strong>.<br data-start=\"3506\" data-end=\"3509\" \/>Cet exemple d\u00e9montre qu\u2019une approche fond\u00e9e sur la <strong data-start=\"3560\" data-end=\"3585\">r\u00e9duction des risques<\/strong>, plut\u00f4t que sur l\u2019interdiction, peut s\u2019av\u00e9rer efficace.<\/p>\n<\/div>\n<\/li>\n<li>\n<h3>Que vont devenir les marques et distributeurs de pouches ?<\/h3>\n<div>\n<p>Si la mesure est valid\u00e9e, les entreprises fran\u00e7aises et europ\u00e9ennes vendant des <strong data-start=\"3868\" data-end=\"3891\">sachets de nicotine<\/strong> devront <strong data-start=\"3900\" data-end=\"3931\">cesser la commercialisation<\/strong> de ces produits.<br data-start=\"3948\" data-end=\"3951\" \/>Certaines pourraient se r\u00e9orienter vers la <strong data-start=\"3994\" data-end=\"4002\">vape<\/strong> ou d\u2019autres alternatives sans tabac.<br data-start=\"4039\" data-end=\"4042\" \/>Du c\u00f4t\u00e9 des consommateurs, cette interdiction pourrait <strong data-start=\"4097\" data-end=\"4157\">r\u00e9duire l\u2019acc\u00e8s \u00e0 des solutions de sevrage moins nocives<\/strong> que le tabac.<\/p>\n<\/div>\n<\/li>\n<li>\n<h3>Quels sont les recours possibles contre cette interdiction ?<\/h3>\n<div>\n<p>Les associations de vapoteurs, comme <strong data-start=\"4361\" data-end=\"4371\">Sovape<\/strong> ou <strong data-start=\"4375\" data-end=\"4397\">JeSuisVapoteur.org<\/strong>, appellent \u00e0 la <strong data-start=\"4414\" data-end=\"4440\">mobilisation citoyenne<\/strong> pour d\u00e9fendre la <strong data-start=\"4458\" data-end=\"4478\">libert\u00e9 de choix<\/strong> et la <strong data-start=\"4485\" data-end=\"4510\">r\u00e9duction des risques<\/strong>.<br data-start=\"4511\" data-end=\"4514\" \/>Il est possible de contacter les <strong data-start=\"4547\" data-end=\"4568\">d\u00e9put\u00e9s europ\u00e9ens<\/strong> ou de soutenir les <strong data-start=\"4588\" data-end=\"4616\">initiatives de plaidoyer<\/strong> afin d\u2019obtenir un <strong data-start=\"4635\" data-end=\"4668\">cadre r\u00e9glementaire \u00e9quilibr\u00e9<\/strong> plut\u00f4t qu\u2019une interdiction totale.<\/p>\n<\/div>\n<\/li>\n<\/ul>\n<p><!--more--><br \/>\n<!-- {\"type\":\"layout\",\"children\":[{\"type\":\"section\",\"props\":{\"image_position\":\"center-center\",\"padding\":\"xsmall\",\"style\":\"default\",\"title_breakpoint\":\"xl\",\"title_position\":\"top-left\",\"title_rotation\":\"left\",\"vertical_align\":\"middle\",\"width\":\"default\"},\"children\":[{\"type\":\"row\",\"children\":[{\"type\":\"column\",\"props\":{\"image_position\":\"center-center\",\"position_sticky_breakpoint\":\"m\"},\"children\":[{\"type\":\"image\",\"props\":{\"image\":\"wp-content\\\/uploads\\\/2025\\\/10\\\/GABARIT-BANNIERE-BLOG-copy-2.jpg\",\"image_alt\":\"tout savoir sur les huiles de CBD\",\"image_box_decoration\":\"mask\",\"image_svg_color\":\"emphasis\",\"margin\":\"default\"}},{\"type\":\"headline\",\"props\":{\"content\":\"\n\n<h1 data-start=\\\"318\\\" data-end=\\\"419\\\">Interdiction des sachets de nicotine (pouches) : la France s\\u2019engage vers une nouvelle restriction<\\\/h1>\",\"title_element\":\"h1\"}},{\"type\":\"text\",\"props\":{\"column_breakpoint\":\"m\",\"content\":\"\n\n<p>Apr\\u00e8s les <em><a href=\\\"https:\\\/\\\/www.oliquide.com\\\/blog\\\/linterdiction-puffs-france-la-sante-publique-environnement\\\/\\\"><strong>puffs jetables<\\\/strong><\\\/a><\\\/em>, c\\u2019est d\\u00e9sormais au tour des <strong data-start=\\\"653\\\" data-end=\\\"676\\\">sachets de nicotine<\\\/strong> ou <em data-start=\\\"682\\\" data-end=\\\"691\\\">pouches<\\\/em> d\\u2019\\u00eatre dans le viseur du gouvernement fran\\u00e7ais. Le 24 f\\u00e9vrier 2025, la France a officiellement notifi\\u00e9 \\u00e0 la<em><a href=\\\"https:\\\/\\\/technical-regulation-information-system.ec.europa.eu\\\/en\\\/notification\\\/26692?utm_source=chatgpt.com\\\"> <strong data-start=\\\"802\\\" data-end=\\\"827\\\">Commission europ\\u00e9enne<\\\/strong><\\\/a><\\\/em> son projet d\\u2019interdiction totale de ces produits. Derri\\u00e8re cette d\\u00e9cision, une volont\\u00e9 affich\\u00e9e : <strong data-start=\\\"926\\\" data-end=\\\"985\\\">prot\\u00e9ger la jeunesse et encadrer l\\u2019usage de la nicotine<\\\/strong>. Mais cette mesure suscite de vifs d\\u00e9bats, notamment du c\\u00f4t\\u00e9 des d\\u00e9fenseurs de la <strong data-start=\\\"1068\\\" data-end=\\\"1104\\\">r\\u00e9duction des risques tabagiques<\\\/strong>.<br data-start=\\\"1105\\\" data-end=\\\"1108\\\" \\\/>Alors, que pr\\u00e9voit r\\u00e9ellement cette interdiction ? Et quelles cons\\u00e9quences pour les consommateurs, les professionnels et le march\\u00e9 de la vape ?<\\\/p>\",\"margin\":\"default\"}},{\"type\":\"html\",\"props\":{\"content\":\"[ez-toc]\"}}]}]}]},{\"type\":\"section\",\"props\":{\"animation\":\"scale-up\",\"image_position\":\"center-center\",\"padding\":\"xsmall\",\"style\":\"default\",\"title_breakpoint\":\"xl\",\"title_position\":\"top-left\",\"title_rotation\":\"left\",\"vertical_align\":\"middle\",\"width\":\"default\"},\"children\":[{\"type\":\"row\",\"children\":[{\"type\":\"column\",\"props\":{\"image_position\":\"center-center\",\"position_sticky_breakpoint\":\"m\",\"width_medium\":\"1-2\"},\"children\":[{\"type\":\"image\",\"props\":{\"image\":\"wp-content\\\/uploads\\\/2025\\\/10\\\/drapeau-de-la-france-scaled.jpg\",\"image_box_decoration\":\"mask\",\"image_svg_color\":\"emphasis\",\"margin\":\"default\"}}]},{\"type\":\"column\",\"props\":{\"image_position\":\"center-center\",\"position_sticky_breakpoint\":\"m\",\"vertical_align\":\"middle\",\"width_medium\":\"1-2\"},\"children\":[{\"type\":\"text\",\"props\":{\"column_breakpoint\":\"m\",\"content\":\"\n\n<h2>Ce que pr\\u00e9voit la France<\\\/h2>\\n\n\n<p data-start=\\\"1363\\\" data-end=\\\"1512\\\">La France souhaite interdire <strong data-start=\\\"1392\\\" data-end=\\\"1456\\\">toute forme de produit \\u00e0 usage oral contenant de la <em><a href=\\\"https:\\\/\\\/www.oliquide.com\\\/blog\\\/nicotine-comprendre-role-effets-idees-recues\\\/?utm_source=chatgpt.com\\\">nicotine<\\\/a><\\\/em><\\\/strong>, sauf ceux \\u00e0 vocation pharmaceutique.<br data-start=\\\"1494\\\" data-end=\\\"1497\\\" \\\/>Cela inclut :<\\\/p>\\n\n\n<ul data-start=\\\"1514\\\" data-end=\\\"1696\\\">\\n\n\n<li data-start=\\\"1514\\\" data-end=\\\"1552\\\">\\n\n\n<p data-start=\\\"1516\\\" data-end=\\\"1552\\\">les sachets de nicotine (pouches),<\\\/p>\\n<\\\/li>\\n\n\n<li data-start=\\\"1553\\\" data-end=\\\"1625\\\">\\n\n\n<p data-start=\\\"1555\\\" data-end=\\\"1625\\\">les pastilles, gommes, billes, bandelettes et liquides \\u00e0 usage oral,<\\\/p>\\n<\\\/li>\\n\n\n<li data-start=\\\"1626\\\" data-end=\\\"1696\\\">\\n\n\n<p data-start=\\\"1628\\\" data-end=\\\"1696\\\">ainsi que toute forme d\\u00e9riv\\u00e9e susceptible de contourner la mesure.<\\\/p>\\n<\\\/li>\\n<\\\/ul>\\n\n\n<p data-start=\\\"1698\\\" data-end=\\\"2003\\\">L\\u2019objectif affich\\u00e9 est de <strong data-start=\\\"1724\\\" data-end=\\\"1788\\\">pr\\u00e9venir la diffusion de produits attractifs pour les jeunes<\\\/strong>.<br data-start=\\\"1789\\\" data-end=\\\"1792\\\" \\\/>La notification envoy\\u00e9e \\u00e0 la Commission europ\\u00e9enne, r\\u00e9f\\u00e9renc\\u00e9e <strong data-start=\\\"1855\\\" data-end=\\\"1871\\\">2025\\\/0110\\\/FR<\\\/strong>, ouvre une p\\u00e9riode de trois mois durant laquelle Bruxelles doit examiner la l\\u00e9gitimit\\u00e9 et la proportionnalit\\u00e9 du projet fran\\u00e7ais.<\\\/p>\",\"margin\":\"default\"}}]}],\"props\":{\"layout\":\"1-2,1-2\"}}]},{\"type\":\"section\",\"props\":{\"animation\":\"scale-up\",\"image_position\":\"center-center\",\"padding\":\"xsmall\",\"style\":\"default\",\"title_breakpoint\":\"xl\",\"title_position\":\"top-left\",\"title_rotation\":\"left\",\"vertical_align\":\"middle\",\"width\":\"default\"},\"children\":[{\"type\":\"row\",\"props\":{\"layout\":\"1-2,1-2\"},\"children\":[{\"type\":\"column\",\"props\":{\"image_position\":\"center-center\",\"position_sticky_breakpoint\":\"m\",\"vertical_align\":\"middle\",\"width_medium\":\"3-5\"},\"children\":[{\"type\":\"text\",\"props\":{\"column_breakpoint\":\"m\",\"content\":\"\n\n<h2 data-start=\\\"2010\\\" data-end=\\\"2056\\\">Les arguments avanc\\u00e9s par le gouvernement<\\\/h2>\\n\n\n<p data-start=\\\"2139\\\" data-end=\\\"2248\\\">Du c\\u00f4t\\u00e9 du minist\\u00e8re de la Sant\\u00e9, l\\u2019interdiction est justifi\\u00e9e par la <strong data-start=\\\"2209\\\" data-end=\\\"2244\\\">protection de la sant\\u00e9 publique<\\\/strong> :<\\\/p>\\n\n\n<ul data-start=\\\"2250\\\" data-end=\\\"2645\\\">\\n\n\n<li data-start=\\\"2250\\\" data-end=\\\"2358\\\">\\n\n\n<p data-start=\\\"2252\\\" data-end=\\\"2358\\\">La <strong data-start=\\\"2255\\\" data-end=\\\"2267\\\">nicotine<\\\/strong>, m\\u00eame sans tabac, reste un <strong data-start=\\\"2295\\\" data-end=\\\"2308\\\">stimulant<\\\/strong> pouvant influencer le syst\\u00e8me cardiovasculaire.<\\\/p>\\n<\\\/li>\\n\n\n<li data-start=\\\"2359\\\" data-end=\\\"2484\\\">\\n\n\n<p data-start=\\\"2361\\\" data-end=\\\"2484\\\">Le marketing color\\u00e9 et les saveurs attractives seraient susceptibles d\\u2019<strong data-start=\\\"2432\\\" data-end=\\\"2454\\\">inciter les jeunes<\\\/strong> \\u00e0 exp\\u00e9rimenter la nicotine.<\\\/p>\\n<\\\/li>\\n\n\n<li data-start=\\\"2485\\\" data-end=\\\"2645\\\">\\n\n\n<p data-start=\\\"2487\\\" data-end=\\\"2645\\\">Selon les autorit\\u00e9s, <strong data-start=\\\"2508\\\" data-end=\\\"2534\\\">131 cas d\\u2019intoxication<\\\/strong> auraient \\u00e9t\\u00e9 recens\\u00e9s en 2022 par les centres antipoison fran\\u00e7ais, dont certains li\\u00e9s aux sachets nicotin\\u00e9s.<\\\/p>\\n<\\\/li>\\n<\\\/ul>\\n\n\n<p data-start=\\\"2647\\\" data-end=\\\"2825\\\">Ces donn\\u00e9es servent de base au projet d\\u2019interdiction. Le gouvernement estime donc la mesure <strong data-start=\\\"2739\\\" data-end=\\\"2770\\\">n\\u00e9cessaire et proportionn\\u00e9e<\\\/strong> pour limiter les risques d\\u2019initiation \\u00e0 la nicotine.<\\\/p>\",\"margin\":\"default\"}}]},{\"type\":\"column\",\"props\":{\"image_position\":\"center-center\",\"position_sticky_breakpoint\":\"m\",\"vertical_align\":\"middle\",\"width_medium\":\"2-5\"},\"children\":[{\"type\":\"image\",\"props\":{\"image\":\"wp-content\\\/uploads\\\/2025\\\/10\\\/plan-horizontal-des-bureaux-a-l-interieur-du-batiment-du-parlement-ecossais-scaled.jpg\",\"image_alt\":\"tout savoir sur les huiles de CBD\",\"image_box_decoration\":\"mask\",\"image_svg_color\":\"emphasis\",\"margin\":\"default\"}}]}]}]},{\"type\":\"section\",\"props\":{\"animation\":\"scale-up\",\"image_position\":\"center-center\",\"padding\":\"xsmall\",\"style\":\"default\",\"title_breakpoint\":\"xl\",\"title_position\":\"top-left\",\"title_rotation\":\"left\",\"vertical_align\":\"middle\",\"width\":\"default\"},\"children\":[{\"type\":\"row\",\"children\":[{\"type\":\"column\",\"props\":{\"image_position\":\"center-center\",\"position_sticky_breakpoint\":\"m\"},\"children\":[{\"type\":\"text\",\"props\":{\"column_breakpoint\":\"m\",\"content\":\"\n\n<h2 data-start=\\\"2832\\\" data-end=\\\"2876\\\">Les zones d\\u2019ombre de cette interdiction<\\\/h2>\\n\n\n<p data-start=\\\"2973\\\" data-end=\\\"3360\\\">Du c\\u00f4t\\u00e9 des <strong data-start=\\\"2985\\\" data-end=\\\"3014\\\">associations de vapoteurs<\\\/strong> et des acteurs de la <strong data-start=\\\"3036\\\" data-end=\\\"3061\\\">r\\u00e9duction des risques<\\\/strong>, le discours est tout autre.<br data-start=\\\"3090\\\" data-end=\\\"3093\\\" \\\/>Les pouches ne contiennent <strong data-start=\\\"3120\\\" data-end=\\\"3135\\\">aucun tabac<\\\/strong> et repr\\u00e9sentent, pour certains fumeurs, <em><a href=\\\"https:\\\/\\\/www.oliquide.com\\\/blog\\\/quelle-cigarette-electronique-choisir-pour-debuter-en-2025\\\/?utm_source=chatgpt.com\\\"><strong data-start=\\\"3176\\\" data-end=\\\"3211\\\">une alternative sans combustion<\\\/strong>.<\\\/a><\\\/em><br data-start=\\\"3212\\\" data-end=\\\"3215\\\" \\\/>En interdisant ces produits, la France pourrait priver une partie des utilisateurs d\\u2019un <strong data-start=\\\"3303\\\" data-end=\\\"3335\\\">outil de transition efficace<\\\/strong> vers l\\u2019arr\\u00eat du tabac.<\\\/p>\\n\n\n<p data-start=\\\"3362\\\" data-end=\\\"3606\\\">De plus, les chiffres avanc\\u00e9s par le gouvernement semblent divergents : selon <em><a href=\\\"https:\\\/\\\/www.anses.fr\\\/fr\\\/content\\\/sachets-de-nicotine-ou-de-tabac-un-risque-pour-les-jeunes?utm_source=chatgpt.com\\\"><strong data-start=\\\"3440\\\" data-end=\\\"3451\\\">l\\u2019ANSES<\\\/strong><\\\/a><\\\/em>, entre 2017 et 2022, seuls <strong data-start=\\\"3479\\\" data-end=\\\"3504\\\">47 cas d\\u2019intoxication<\\\/strong> li\\u00e9s aux produits nicotin\\u00e9s oraux ont \\u00e9t\\u00e9 confirm\\u00e9s, un nombre bien inf\\u00e9rieur aux 131 cas annonc\\u00e9s.<\\\/p>\\n\n\n<p data-start=\\\"3608\\\" data-end=\\\"3956\\\">Enfin, plusieurs experts rappellent que la nicotine, utilis\\u00e9e seule, n\\u2019a <strong data-start=\\\"3681\\\" data-end=\\\"3703\\\">rien de comparable<\\\/strong> avec les effets d\\u00e9l\\u00e9t\\u00e8res du tabac br\\u00fbl\\u00e9.<br data-start=\\\"3745\\\" data-end=\\\"3748\\\" \\\/>L\\u2019exemple de la <strong data-start=\\\"3764\\\" data-end=\\\"3773\\\">Su\\u00e8de<\\\/strong>, o\\u00f9 le snus (et d\\u00e9sormais les pouches) a contribu\\u00e9 \\u00e0 r\\u00e9duire drastiquement le taux de tabagisme, montre qu\\u2019une approche pragmatique peut porter ses fruits sans interdiction totale.<\\\/p>\",\"margin\":\"default\"}}]}]}]},{\"type\":\"section\",\"props\":{\"animation\":\"scale-up\",\"image_position\":\"center-center\",\"padding\":\"xsmall\",\"style\":\"default\",\"title_breakpoint\":\"xl\",\"title_position\":\"top-left\",\"title_rotation\":\"left\",\"vertical_align\":\"middle\",\"width\":\"default\"},\"children\":[{\"type\":\"row\",\"props\":{\"layout\":\"1-2,1-2\"},\"children\":[{\"type\":\"column\",\"props\":{\"image_position\":\"center-center\",\"position_sticky_breakpoint\":\"m\",\"vertical_align\":\"middle\",\"width_medium\":\"2-5\"},\"children\":[{\"type\":\"image\",\"props\":{\"image\":\"wp-content\\\/uploads\\\/2025\\\/10\\\/panneau-d-arret-de-rue-rouge-devant-l-arbre-nu-et-le-ciel-bleu-scaled.jpg\",\"image_alt\":\"bouteille-huile-cbd\",\"image_box_decoration\":\"mask\",\"image_svg_color\":\"emphasis\",\"margin\":\"default\"}}]},{\"type\":\"column\",\"props\":{\"image_position\":\"center-center\",\"position_sticky_breakpoint\":\"m\",\"vertical_align\":\"middle\",\"width_medium\":\"3-5\"},\"children\":[{\"type\":\"text\",\"props\":{\"column_breakpoint\":\"m\",\"content\":\"\n\n<h2 data-start=\\\"3963\\\" data-end=\\\"4013\\\">Quelles cons\\u00e9quences pour les consommateurs ?<\\\/h2>\\n\n\n<ol><\\\/ol>\\n\n\n<p data-start=\\\"4105\\\" data-end=\\\"4209\\\">Si l\\u2019interdiction entre en vigueur apr\\u00e8s validation europ\\u00e9enne, elle pourrait avoir plusieurs effets :<\\\/p>\\n\n\n<ul data-start=\\\"4211\\\" data-end=\\\"4570\\\">\\n\n\n<li data-start=\\\"4211\\\" data-end=\\\"4346\\\">\\n\n\n<p data-start=\\\"4213\\\" data-end=\\\"4346\\\"><strong data-start=\\\"4213\\\" data-end=\\\"4267\\\">Suppression d\\u2019une alternative nicotin\\u00e9e sans tabac<\\\/strong>, poussant certains consommateurs \\u00e0 se tourner vers des produits plus nocifs.<\\\/p>\\n<\\\/li>\\n\n\n<li data-start=\\\"4347\\\" data-end=\\\"4494\\\">\\n\n\n<p data-start=\\\"4349\\\" data-end=\\\"4494\\\"><strong data-start=\\\"4349\\\" data-end=\\\"4404\\\">Ralentissement de la dynamique de sevrage tabagique<\\\/strong>, alors m\\u00eame que la vape et les produits nicotin\\u00e9s contr\\u00f4l\\u00e9s montrent de bons r\\u00e9sultats.<\\\/p>\\n<\\\/li>\\n\n\n<li data-start=\\\"4495\\\" data-end=\\\"4570\\\">\\n\n\n<p data-start=\\\"4497\\\" data-end=\\\"4570\\\"><strong data-start=\\\"4497\\\" data-end=\\\"4518\\\">Impact \\u00e9conomique<\\\/strong> pour les fabricants et distributeurs sp\\u00e9cialis\\u00e9s.<\\\/p>\\n<\\\/li>\\n<\\\/ul>\\n\n\n<p data-start=\\\"4572\\\" data-end=\\\"4792\\\">Ce durcissement l\\u00e9gislatif semble s\\u2019inscrire dans une tendance plus globale de <strong data-start=\\\"4651\\\" data-end=\\\"4680\\\">r\\u00e9pression de la nicotine<\\\/strong>, amorc\\u00e9e avec les puffs, et qui pourrait \\u00e0 terme toucher d\\u2019autres produits comme certains ar\\u00f4mes ou boosters.<\\\/p>\",\"margin\":\"default\"}}]}]}]},{\"type\":\"section\",\"props\":{\"animation\":\"scale-up\",\"image_position\":\"center-center\",\"padding\":\"xsmall\",\"style\":\"default\",\"title_breakpoint\":\"xl\",\"title_position\":\"top-left\",\"title_rotation\":\"left\",\"vertical_align\":\"middle\",\"width\":\"default\"},\"children\":[{\"type\":\"row\",\"children\":[{\"type\":\"column\",\"props\":{\"image_position\":\"center-center\",\"position_sticky_breakpoint\":\"m\"},\"children\":[{\"type\":\"text\",\"props\":{\"column_breakpoint\":\"m\",\"content\":\"\n\n<h2 data-start=\\\"4799\\\" data-end=\\\"4840\\\">Conclusion : une approche \\u00e0 repenser<\\\/h2>\\n\n\n<p data-start=\\\"4933\\\" data-end=\\\"5310\\\">La lutte contre le tabagisme reste une priorit\\u00e9 de sant\\u00e9 publique, mais <strong data-start=\\\"5005\\\" data-end=\\\"5041\\\">interdire la nicotine sans fum\\u00e9e<\\\/strong> revient \\u00e0 <strong data-start=\\\"5052\\\" data-end=\\\"5086\\\">confondre cause et cons\\u00e9quence<\\\/strong>.<br data-start=\\\"5087\\\" data-end=\\\"5090\\\" \\\/>Au lieu d\\u2019une interdiction totale, une<em><a href=\\\"https:\\\/\\\/www.oliquide.com\\\/blog\\\/peut-on-vapoter-partout-ou-la-cigarette-electronique-est-elle-interdite\\\/?utm_source=chatgpt.com\\\"> <strong data-start=\\\"5129\\\" data-end=\\\"5155\\\">r\\u00e9glementation stricte<\\\/strong><\\\/a><\\\/em> encadrant les taux de nicotine, la publicit\\u00e9 et la vente aux mineurs pourrait offrir un <strong data-start=\\\"5244\\\" data-end=\\\"5266\\\">meilleur \\u00e9quilibre<\\\/strong> entre sant\\u00e9 publique et libert\\u00e9 de choix.<\\\/p>\\n\n\n<p data-start=\\\"5312\\\" data-end=\\\"5524\\\">En France comme ailleurs, il devient urgent de <strong data-start=\\\"5359\\\" data-end=\\\"5394\\\">distinguer la nicotine du tabac<\\\/strong> et de reconna\\u00eetre la <strong data-start=\\\"5416\\\" data-end=\\\"5452\\\">vape et les produits alternatifs<\\\/strong> comme des leviers de r\\u00e9duction des risques, et non comme des menaces.<\\\/p>\",\"margin\":\"default\"}}]}]}]},{\"type\":\"section\",\"props\":{\"image_position\":\"center-center\",\"padding\":\"xsmall\",\"style\":\"default\",\"title_breakpoint\":\"xl\",\"title_position\":\"top-left\",\"title_rotation\":\"left\",\"vertical_align\":\"middle\",\"width\":\"default\"},\"children\":[{\"type\":\"row\",\"children\":[{\"type\":\"column\",\"props\":{\"image_position\":\"center-center\",\"position_sticky_breakpoint\":\"m\"},\"children\":[{\"type\":\"text\",\"props\":{\"column_breakpoint\":\"m\",\"content\":\"\n\n<h2><strong>FAQ\\u00a0<\\\/strong><\\\/h2>\",\"margin\":\"default\"}},{\"type\":\"accordion\",\"props\":{\"collapsible\":true,\"content_column_breakpoint\":\"m\",\"image_align\":\"top\",\"image_grid_breakpoint\":\"m\",\"image_grid_width\":\"1-2\",\"image_svg_color\":\"emphasis\",\"link_style\":\"default\",\"link_text\":\"Read more\",\"show_image\":true,\"show_link\":true},\"children\":[{\"type\":\"accordion_item\",\"props\":{\"content\":\"\n\n<p>Un <strong data-start=\\\"610\\\" data-end=\\\"632\\\">sachet de nicotine<\\\/strong> (ou <em data-start=\\\"637\\\" data-end=\\\"653\\\">nicotine pouch<\\\/em>) est un petit sachet blanc, sans tabac, contenant de la <strong data-start=\\\"710\\\" data-end=\\\"758\\\">nicotine, des ar\\u00f4mes et des fibres v\\u00e9g\\u00e9tales<\\\/strong>. Il se place entre la gencive et la l\\u00e8vre, lib\\u00e9rant progressivement la nicotine dans la bouche.<br data-start=\\\"854\\\" data-end=\\\"857\\\" \\\/>Ces produits offrent une <strong data-start=\\\"882\\\" data-end=\\\"908\\\">alternative sans fum\\u00e9e<\\\/strong> aux cigarettes traditionnelles, souvent utilis\\u00e9s pour <strong data-start=\\\"963\\\" data-end=\\\"994\\\">r\\u00e9duire ou arr\\u00eater le tabac<\\\/strong>.<\\\/p>\",\"title\":\"Qu\\u2019est-ce qu\\u2019un sachet de nicotine ?\"}},{\"type\":\"accordion_item\",\"props\":{\"content\":\"\n\n<p>Le gouvernement justifie cette interdiction par la <strong data-start=\\\"1195\\\" data-end=\\\"1230\\\">protection de la sant\\u00e9 publique<\\\/strong>, notamment celle des jeunes.<br data-start=\\\"1259\\\" data-end=\\\"1262\\\" \\\/>Les sachets sont jug\\u00e9s <strong data-start=\\\"1285\\\" data-end=\\\"1304\\\">trop attractifs<\\\/strong> (saveurs, packaging, facilit\\u00e9 d\\u2019usage) et pourraient favoriser l\\u2019initiation \\u00e0 la nicotine.<br data-start=\\\"1395\\\" data-end=\\\"1398\\\" \\\/>La France a donc notifi\\u00e9 \\u00e0 la <strong data-start=\\\"1428\\\" data-end=\\\"1453\\\">Commission europ\\u00e9enne<\\\/strong> son intention d\\u2019interdire tous les produits oraux contenant de la nicotine, sauf ceux \\u00e0 usage pharmaceutique.<\\\/p>\",\"title\":\"Pourquoi la France veut-elle interdire les sachets de nicotine ?\"}},{\"type\":\"accordion_item\",\"props\":{\"content\":\"\n\n<p>La proc\\u00e9dure est en cours depuis <strong data-start=\\\"1748\\\" data-end=\\\"1764\\\">f\\u00e9vrier 2025<\\\/strong>.<br data-start=\\\"1765\\\" data-end=\\\"1768\\\" \\\/>La Commission europ\\u00e9enne dispose de <strong data-start=\\\"1804\\\" data-end=\\\"1818\\\">trois mois<\\\/strong> pour examiner la demande fran\\u00e7aise (r\\u00e9f\\u00e9rence <strong data-start=\\\"1865\\\" data-end=\\\"1881\\\">2025\\\/0110\\\/FR<\\\/strong>).<br data-start=\\\"1883\\\" data-end=\\\"1886\\\" \\\/>Si aucun veto n\\u2019est \\u00e9mis, la <strong data-start=\\\"1915\\\" data-end=\\\"1937\\\">loi d\\u2019interdiction<\\\/strong> pourrait \\u00eatre adopt\\u00e9e en France <strong data-start=\\\"1970\\\" data-end=\\\"2005\\\">dans le courant de l\\u2019ann\\u00e9e 2025<\\\/strong>.<\\\/p>\",\"title\":\"Quand cette interdiction pourrait-elle entrer en vigueur ?\"}},{\"type\":\"accordion_item\",\"props\":{\"content\":\"\n\n<p>Les sachets de nicotine <strong data-start=\\\"2167\\\" data-end=\\\"2198\\\">ne contiennent pas de tabac<\\\/strong> et <strong data-start=\\\"2202\\\" data-end=\\\"2236\\\">n\\u2019impliquent aucune combustion<\\\/strong>, ce qui les rend <strong data-start=\\\"2254\\\" data-end=\\\"2297\\\">moins nocifs que la cigarette classique<\\\/strong>.<br data-start=\\\"2298\\\" data-end=\\\"2301\\\" \\\/>Cependant, la <strong data-start=\\\"2315\\\" data-end=\\\"2357\\\">nicotine reste une substance addictive<\\\/strong>, et son usage excessif peut entra\\u00eener une acc\\u00e9l\\u00e9ration du rythme cardiaque ou des effets ind\\u00e9sirables.<br data-start=\\\"2460\\\" data-end=\\\"2463\\\" \\\/>C\\u2019est pourquoi de nombreux experts plaident pour <strong data-start=\\\"2512\\\" data-end=\\\"2530\\\">un encadrement<\\\/strong> plut\\u00f4t qu\\u2019une interdiction pure et simple.<\\\/p>\",\"title\":\"Les sachets de nicotine sont-ils dangereux pour la sant\\u00e9 ?\"}},{\"type\":\"accordion_item\",\"props\":{\"content\":\"\n\n<p>La <strong data-start=\\\"2747\\\" data-end=\\\"2773\\\">cigarette \\u00e9lectronique<\\\/strong> d\\u00e9livre de la nicotine par <strong data-start=\\\"2801\\\" data-end=\\\"2825\\\">inhalation de vapeur<\\\/strong>, tandis que les <strong data-start=\\\"2842\\\" data-end=\\\"2853\\\">pouches<\\\/strong> lib\\u00e8rent la nicotine <strong data-start=\\\"2875\\\" data-end=\\\"2893\\\">par voie orale<\\\/strong>.<br data-start=\\\"2894\\\" data-end=\\\"2897\\\" \\\/>Les deux produits visent le m\\u00eame objectif : <strong data-start=\\\"2941\\\" data-end=\\\"2978\\\">r\\u00e9duire les risques li\\u00e9s au tabac<\\\/strong>.<br data-start=\\\"2979\\\" data-end=\\\"2982\\\" \\\/>Toutefois, la vape reste <strong data-start=\\\"3007\\\" data-end=\\\"3025\\\">mieux encadr\\u00e9e<\\\/strong> et \\u00e9tudi\\u00e9e scientifiquement, alors que les sachets demeurent plus r\\u00e9cents sur le march\\u00e9 europ\\u00e9en.<\\\/p>\",\"title\":\"En quoi les sachets de nicotine diff\\u00e8rent-ils de la cigarette \\u00e9lectronique ?\"}},{\"type\":\"accordion_item\",\"props\":{\"content\":\"\n\n<p>En Su\\u00e8de, des produits similaires appel\\u00e9s <strong data-start=\\\"3320\\\" data-end=\\\"3328\\\">snus<\\\/strong> sont autoris\\u00e9s depuis des d\\u00e9cennies.<br data-start=\\\"3365\\\" data-end=\\\"3368\\\" \\\/>R\\u00e9sultat : le pays affiche <strong data-start=\\\"3395\\\" data-end=\\\"3447\\\">l\\u2019un des taux de tabagisme les plus bas d\\u2019Europe<\\\/strong> et une <strong data-start=\\\"3455\\\" data-end=\\\"3505\\\">mortalit\\u00e9 li\\u00e9e au tabac parmi les plus faibles<\\\/strong>.<br data-start=\\\"3506\\\" data-end=\\\"3509\\\" \\\/>Cet exemple d\\u00e9montre qu\\u2019une approche fond\\u00e9e sur la <strong data-start=\\\"3560\\\" data-end=\\\"3585\\\">r\\u00e9duction des risques<\\\/strong>, plut\\u00f4t que sur l\\u2019interdiction, peut s\\u2019av\\u00e9rer efficace.<\\\/p>\",\"title\":\"Que dit l\\u2019exemple su\\u00e9dois sur l\\u2019usage des produits nicotin\\u00e9s oraux ?\"}},{\"type\":\"accordion_item\",\"props\":{\"content\":\"\n\n<p>Si la mesure est valid\\u00e9e, les entreprises fran\\u00e7aises et europ\\u00e9ennes vendant des <strong data-start=\\\"3868\\\" data-end=\\\"3891\\\">sachets de nicotine<\\\/strong> devront <strong data-start=\\\"3900\\\" data-end=\\\"3931\\\">cesser la commercialisation<\\\/strong> de ces produits.<br data-start=\\\"3948\\\" data-end=\\\"3951\\\" \\\/>Certaines pourraient se r\\u00e9orienter vers la <strong data-start=\\\"3994\\\" data-end=\\\"4002\\\">vape<\\\/strong> ou d\\u2019autres alternatives sans tabac.<br data-start=\\\"4039\\\" data-end=\\\"4042\\\" \\\/>Du c\\u00f4t\\u00e9 des consommateurs, cette interdiction pourrait <strong data-start=\\\"4097\\\" data-end=\\\"4157\\\">r\\u00e9duire l\\u2019acc\\u00e8s \\u00e0 des solutions de sevrage moins nocives<\\\/strong> que le tabac.<\\\/p>\",\"title\":\"Que vont devenir les marques et distributeurs de pouches ?\"}},{\"type\":\"accordion_item\",\"props\":{\"content\":\"\n\n<p>Les associations de vapoteurs, comme <strong data-start=\\\"4361\\\" data-end=\\\"4371\\\">Sovape<\\\/strong> ou <strong data-start=\\\"4375\\\" data-end=\\\"4397\\\">JeSuisVapoteur.org<\\\/strong>, appellent \\u00e0 la <strong data-start=\\\"4414\\\" data-end=\\\"4440\\\">mobilisation citoyenne<\\\/strong> pour d\\u00e9fendre la <strong data-start=\\\"4458\\\" data-end=\\\"4478\\\">libert\\u00e9 de choix<\\\/strong> et la <strong data-start=\\\"4485\\\" data-end=\\\"4510\\\">r\\u00e9duction des risques<\\\/strong>.<br data-start=\\\"4511\\\" data-end=\\\"4514\\\" \\\/>Il est possible de contacter les <strong data-start=\\\"4547\\\" data-end=\\\"4568\\\">d\\u00e9put\\u00e9s europ\\u00e9ens<\\\/strong> ou de soutenir les <strong data-start=\\\"4588\\\" data-end=\\\"4616\\\">initiatives de plaidoyer<\\\/strong> afin d\\u2019obtenir un <strong data-start=\\\"4635\\\" data-end=\\\"4668\\\">cadre r\\u00e9glementaire \\u00e9quilibr\\u00e9<\\\/strong> plut\\u00f4t qu\\u2019une interdiction totale.<\\\/p>\",\"title\":\"Quels sont les recours possibles contre cette interdiction ?\"}}]}]}]}]},{\"type\":\"section\",\"props\":{\"image_position\":\"center-center\",\"style\":\"default\",\"title_breakpoint\":\"xl\",\"title_position\":\"top-left\",\"title_rotation\":\"left\",\"vertical_align\":\"middle\",\"width\":\"default\"},\"children\":[{\"type\":\"row\",\"children\":[{\"type\":\"column\",\"props\":{\"image_position\":\"center-center\",\"position_sticky_breakpoint\":\"m\"},\"children\":[{\"type\":\"comments\",\"props\":{\"link_style\":\"default\",\"margin\":\"default\",\"title_decoration\":\"bullet\",\"title_element\":\"h2\",\"title_style\":\"h3\"}}]}]}]}],\"version\":\"4.5.28\"} --><\/p>\n","protected":false},"excerpt":{"rendered":"<p>Interdiction des sachets de nicotine (pouches) : la France s\u2019engage vers une nouvelle restriction Apr\u00e8s les puffs jetables, c\u2019est d\u00e9sormais au tour des sachets de nicotine ou pouches d\u2019\u00eatre dans le viseur du gouvernement fran\u00e7ais. Le 24 f\u00e9vrier 2025, la France a officiellement notifi\u00e9 \u00e0 la Commission europ\u00e9enne son projet d\u2019interdiction totale de ces produits. [&hellip;]<\/p>\n","protected":false},"author":5,"featured_media":17567,"comment_status":"open","ping_status":"open","sticky":false,"template":"","format":"standard","meta":{"_jetpack_memberships_contains_paid_content":false,"footnotes":""},"categories":[3],"tags":[1084,1080,1077,109,122,1074,1070,1073,1079,1082,1071,1081,1053,1075,1072,1076,385,1078,1083,451],"class_list":["post-17523","post","type-post","status-publish","format-standard","has-post-thumbnail","hentry","category-actus-de-la-vape","tag-actualite-vape","tag-alternative-au-tabac","tag-anses","tag-cigarette-electronique","tag-commission-europeenne","tag-interdiction-nicotine-pouches","tag-interdiction-sachets-nicotine","tag-loi-sachets-nicotine-2025","tag-nicotine-sans-tabac","tag-politique-anti-tabac","tag-pouches-nicotine","tag-produits-nicotines","tag-reduction-des-risques","tag-reglementation-nicotine-france","tag-sachets-nicotine-france","tag-sante-publique","tag-sevrage-tabagique","tag-snus-suede","tag-vapotage-france","tag-vapoteur"],"aioseo_notices":[],"jetpack_featured_media_url":"https:\/\/www.oliquide.com\/blog\/wp-content\/uploads\/2025\/10\/modern-oral-6255212_1280.jpg","jetpack_sharing_enabled":true,"_links":{"self":[{"href":"https:\/\/www.oliquide.com\/blog\/wp-json\/wp\/v2\/posts\/17523","targetHints":{"allow":["GET"]}}],"collection":[{"href":"https:\/\/www.oliquide.com\/blog\/wp-json\/wp\/v2\/posts"}],"about":[{"href":"https:\/\/www.oliquide.com\/blog\/wp-json\/wp\/v2\/types\/post"}],"author":[{"embeddable":true,"href":"https:\/\/www.oliquide.com\/blog\/wp-json\/wp\/v2\/users\/5"}],"replies":[{"embeddable":true,"href":"https:\/\/www.oliquide.com\/blog\/wp-json\/wp\/v2\/comments?post=17523"}],"version-history":[{"count":40,"href":"https:\/\/www.oliquide.com\/blog\/wp-json\/wp\/v2\/posts\/17523\/revisions"}],"predecessor-version":[{"id":17600,"href":"https:\/\/www.oliquide.com\/blog\/wp-json\/wp\/v2\/posts\/17523\/revisions\/17600"}],"wp:featuredmedia":[{"embeddable":true,"href":"https:\/\/www.oliquide.com\/blog\/wp-json\/wp\/v2\/media\/17567"}],"wp:attachment":[{"href":"https:\/\/www.oliquide.com\/blog\/wp-json\/wp\/v2\/media?parent=17523"}],"wp:term":[{"taxonomy":"category","embeddable":true,"href":"https:\/\/www.oliquide.com\/blog\/wp-json\/wp\/v2\/categories?post=17523"},{"taxonomy":"post_tag","embeddable":true,"href":"https:\/\/www.oliquide.com\/blog\/wp-json\/wp\/v2\/tags?post=17523"}],"curies":[{"name":"wp","href":"https:\/\/api.w.org\/{rel}","templated":true}]}}