{"id":17634,"date":"2025-10-16T12:20:42","date_gmt":"2025-10-16T10:20:42","guid":{"rendered":"https:\/\/www.oliquide.com\/blog\/?p=17634"},"modified":"2025-10-16T12:20:42","modified_gmt":"2025-10-16T10:20:42","slug":"fumer-ou-vapoter-en-terrasse-en-belgique-ce-sera-bientot-interdit","status":"publish","type":"post","link":"https:\/\/www.oliquide.com\/blog\/fumer-ou-vapoter-en-terrasse-en-belgique-ce-sera-bientot-interdit\/","title":{"rendered":"Fumer ou vapoter en terrasse ? En Belgique, ce sera bient\u00f4t interdit"},"content":{"rendered":"<p><img decoding=\"async\" src=\"\/blog\/wp-content\/uploads\/2025\/10\/BANNIERE-VAPOTER-EN-BELGIQUE.jpg\" alt=\"\"><\/p>\n<div id=\"ez-toc-container\" class=\"ez-toc-v2_0_82_2 counter-hierarchy ez-toc-counter ez-toc-grey ez-toc-container-direction\">\n<div class=\"ez-toc-title-container\">\n<p class=\"ez-toc-title\" style=\"cursor:inherit\">Sommaire<\/p>\n<span class=\"ez-toc-title-toggle\"><a href=\"#\" class=\"ez-toc-pull-right ez-toc-btn ez-toc-btn-xs ez-toc-btn-default ez-toc-toggle\" aria-label=\"Toggle Table of Content\"><span class=\"ez-toc-js-icon-con\"><span class=\"\"><span class=\"eztoc-hide\" style=\"display:none;\">Toggle<\/span><span class=\"ez-toc-icon-toggle-span\"><svg style=\"fill: #999;color:#999\" xmlns=\"http:\/\/www.w3.org\/2000\/svg\" class=\"list-377408\" width=\"20px\" height=\"20px\" viewBox=\"0 0 24 24\" fill=\"none\"><path d=\"M6 6H4v2h2V6zm14 0H8v2h12V6zM4 11h2v2H4v-2zm16 0H8v2h12v-2zM4 16h2v2H4v-2zm16 0H8v2h12v-2z\" fill=\"currentColor\"><\/path><\/svg><svg style=\"fill: #999;color:#999\" class=\"arrow-unsorted-368013\" xmlns=\"http:\/\/www.w3.org\/2000\/svg\" width=\"10px\" height=\"10px\" viewBox=\"0 0 24 24\" version=\"1.2\" baseProfile=\"tiny\"><path d=\"M18.2 9.3l-6.2-6.3-6.2 6.3c-.2.2-.3.4-.3.7s.1.5.3.7c.2.2.4.3.7.3h11c.3 0 .5-.1.7-.3.2-.2.3-.5.3-.7s-.1-.5-.3-.7zM5.8 14.7l6.2 6.3 6.2-6.3c.2-.2.3-.5.3-.7s-.1-.5-.3-.7c-.2-.2-.4-.3-.7-.3h-11c-.3 0-.5.1-.7.3-.2.2-.3.5-.3.7s.1.5.3.7z\"\/><\/svg><\/span><\/span><\/span><\/a><\/span><\/div>\n<nav><ul class='ez-toc-list ez-toc-list-level-1 eztoc-toggle-hide-by-default' ><li class='ez-toc-page-1 ez-toc-heading-level-1'><a class=\"ez-toc-link ez-toc-heading-1\" href=\"https:\/\/www.oliquide.com\/blog\/fumer-ou-vapoter-en-terrasse-en-belgique-ce-sera-bientot-interdit\/#Fumer_ou_vapoter_en_terrasse_En_Belgique_ce_sera_bientot_interdit\" >Fumer ou vapoter en terrasse ? En Belgique, ce sera bient\u00f4t interdit<\/a><ul class='ez-toc-list-level-2' ><li class='ez-toc-heading-level-2'><a class=\"ez-toc-link ez-toc-heading-2\" href=\"https:\/\/www.oliquide.com\/blog\/fumer-ou-vapoter-en-terrasse-en-belgique-ce-sera-bientot-interdit\/#Concretement_quest-ce_que_ca_veut_dire\" >Concr\u00e8tement, qu\u2019est-ce que \u00e7a veut dire ?<\/a><\/li><li class='ez-toc-page-1 ez-toc-heading-level-2'><a class=\"ez-toc-link ez-toc-heading-3\" href=\"https:\/\/www.oliquide.com\/blog\/fumer-ou-vapoter-en-terrasse-en-belgique-ce-sera-bientot-interdit\/#Pourquoi_cette_mesure\" >Pourquoi cette mesure ?<\/a><\/li><li class='ez-toc-page-1 ez-toc-heading-level-2'><a class=\"ez-toc-link ez-toc-heading-4\" href=\"https:\/\/www.oliquide.com\/blog\/fumer-ou-vapoter-en-terrasse-en-belgique-ce-sera-bientot-interdit\/#Dans_les_cafes_linquietude_monte\" >Dans les caf\u00e9s, l\u2019inqui\u00e9tude monte<\/a><\/li><li class='ez-toc-page-1 ez-toc-heading-level-2'><a class=\"ez-toc-link ez-toc-heading-5\" href=\"https:\/\/www.oliquide.com\/blog\/fumer-ou-vapoter-en-terrasse-en-belgique-ce-sera-bientot-interdit\/#Et_pour_les_vapoteurs\" >Et pour les vapoteurs ?<\/a><\/li><li class='ez-toc-page-1 ez-toc-heading-level-2'><a class=\"ez-toc-link ez-toc-heading-6\" href=\"https:\/\/www.oliquide.com\/blog\/fumer-ou-vapoter-en-terrasse-en-belgique-ce-sera-bientot-interdit\/#Notre_regard_chez_Oliquide_%F0%9F%92%AD\" >Notre regard chez Oliquide \ud83d\udcad<\/a><\/li><li class='ez-toc-page-1 ez-toc-heading-level-2'><a class=\"ez-toc-link ez-toc-heading-7\" href=\"https:\/\/www.oliquide.com\/blog\/fumer-ou-vapoter-en-terrasse-en-belgique-ce-sera-bientot-interdit\/#FAQ_%E2%80%93_Interdiction_de_fumer_et_de_vapoter_en_terrasse_en_Belgique\" >FAQ \u2013 Interdiction de fumer et de vapoter en terrasse en Belgique<\/a><\/li><\/ul><\/li><\/ul><\/nav><\/div>\n<h1><span class=\"ez-toc-section\" id=\"Fumer_ou_vapoter_en_terrasse_En_Belgique_ce_sera_bientot_interdit\"><\/span>Fumer ou vapoter en terrasse ? En Belgique, ce sera bient\u00f4t interdit<span class=\"ez-toc-section-end\"><\/span><\/h1>\n<div>\n<p data-start=\"339\" data-end=\"593\">C\u2019est une petite r\u00e9volution qui se pr\u00e9pare de l\u2019autre c\u00f4t\u00e9 de la fronti\u00e8re.<br data-start=\"414\" data-end=\"417\" \/>\u00c0 partir du <strong data-start=\"429\" data-end=\"449\">1er janvier 2027<\/strong>, il sera <strong data-start=\"459\" data-end=\"512\">interdit de fumer et de vapoter sur les terrasses<\/strong> en Belgique. Oui, m\u00eame dehors, au soleil, avec un caf\u00e9 ou une bi\u00e8re \u00e0 la main.<\/p>\n<p data-start=\"595\" data-end=\"798\">Le gouvernement belge a d\u00e9cid\u00e9 d\u2019\u00e9tendre l\u2019interdiction d\u00e9j\u00e0 en place \u00e0 l\u2019int\u00e9rieur des lieux publics. Objectif : prot\u00e9ger la sant\u00e9, mais aussi r\u00e9duire la visibilit\u00e9 du tabac\u2026 et d\u00e9sormais, de la vape.<\/p>\n<\/div>\n<div>\n<h2 data-start=\"805\" data-end=\"853\"><span class=\"ez-toc-section\" id=\"Concretement_quest-ce_que_ca_veut_dire\"><\/span>Concr\u00e8tement, qu\u2019est-ce que \u00e7a veut dire ?<span class=\"ez-toc-section-end\"><\/span><\/h2>\n<p data-start=\"855\" data-end=\"1030\">\u00c0 partir de 2027, <strong data-start=\"873\" data-end=\"930\">les terrasses de caf\u00e9s, restaurants, bars, brasseries<\/strong> (et m\u00eame les clubs de cigares ou bars \u00e0 chicha) seront enti\u00e8rement non-fumeurs\u2026 et non-vapoteurs.<\/p>\n<p data-start=\"1032\" data-end=\"1218\">L\u2019interdiction s\u2019appliquera aussi <strong data-start=\"1066\" data-end=\"1103\">dans un rayon de 10 m\u00e8tres autour<\/strong> de ces terrasses.<br data-start=\"1121\" data-end=\"1124\" \/>Autrement dit : il faudra s\u2019\u00e9loigner un peu pour pouvoir allumer sa clope ou sortir sa vape.<\/p>\n<p data-start=\"1220\" data-end=\"1476\">Les \u00e9tablissements devront afficher clairement cette nouvelle r\u00e8gle et retirer les cendriers.<br data-start=\"1313\" data-end=\"1316\" \/>Et si quelqu\u2019un fume ou vape malgr\u00e9 tout, c\u2019est <strong data-start=\"1364\" data-end=\"1383\">le consommateur<\/strong> qui risque une amende, pas le patron du caf\u00e9 (du moment qu\u2019il a respect\u00e9 ses obligations).<\/p>\n<\/div>\n<p><img decoding=\"async\" src=\"\/blog\/wp-content\/uploads\/2025\/10\/ChatGPT-Image-16-oct.-2025-11_58_58.png\" alt=\"\"><\/p>\n<div>\n<h2 data-start=\"1483\" data-end=\"1512\"><span class=\"ez-toc-section\" id=\"Pourquoi_cette_mesure\"><\/span>Pourquoi cette mesure ?<span class=\"ez-toc-section-end\"><\/span><\/h2>\n<p data-start=\"1514\" data-end=\"1749\">Le gouvernement belge explique vouloir <strong data-start=\"1553\" data-end=\"1581\">prot\u00e9ger les non-fumeurs<\/strong>, mais aussi <strong data-start=\"1594\" data-end=\"1610\">d\u00e9normaliser<\/strong> le geste de fumer et de vapoter.<br data-start=\"1643\" data-end=\"1646\" \/>L\u2019id\u00e9e, c\u2019est que moins on voit de gens fumer ou vapoter, moins les jeunes auront envie de commencer.<\/p>\n<p data-start=\"1751\" data-end=\"1861\">Cette d\u00e9cision s\u2019inscrit dans un plan plus large : celui d\u2019une <strong data-start=\"1814\" data-end=\"1858\">\u201cg\u00e9n\u00e9ration sans tabac\u201d \u00e0 l\u2019horizon 2040<\/strong>.<\/p>\n<p data-start=\"1863\" data-end=\"2086\">Mais en pla\u00e7ant la vape dans le m\u00eame panier que le tabac, le message passe mal pour une partie de la population \u2014 notamment les vapoteurs qui voient dans la e-cigarette un outil de sevrage, pas une menace pour les autres.<\/p>\n<\/div>\n<p><img decoding=\"async\" src=\"\/blog\/wp-content\/uploads\/2025\/10\/ChatGPT-Image-16-oct.-2025-12_01_25.png\" alt=\"\"><\/p>\n<div>\n<h2 data-start=\"2093\" data-end=\"2133\"><span class=\"ez-toc-section\" id=\"Dans_les_cafes_linquietude_monte\"><\/span>Dans les caf\u00e9s, l\u2019inqui\u00e9tude monte<span class=\"ez-toc-section-end\"><\/span><\/h2>\n<p data-start=\"2135\" data-end=\"2444\">Du c\u00f4t\u00e9 des restaurateurs et cafetiers, la nouvelle ne passe pas tr\u00e8s bien.<br data-start=\"2210\" data-end=\"2213\" \/>Beaucoup craignent que les clients fumeurs et vapoteurs <strong data-start=\"2269\" data-end=\"2296\">d\u00e9sertent les terrasses<\/strong> ou pr\u00e9f\u00e8rent rester chez eux.<br data-start=\"2326\" data-end=\"2329\" \/>D\u2019autres redoutent des <strong data-start=\"2352\" data-end=\"2364\">tensions<\/strong> avec les clients qui ne comprendront pas la r\u00e8gle ou refuseront de s\u2019y plier.<\/p>\n<p data-start=\"2446\" data-end=\"2636\">Et il reste encore beaucoup de zones floues :<\/p>\n<ul>\n<li data-start=\"2446\" data-end=\"2636\">Qui va contr\u00f4ler ?<\/li>\n<li data-start=\"2446\" data-end=\"2636\">Comment appliquer la loi sur les grandes terrasses ouvertes ?<\/li>\n<li data-start=\"2446\" data-end=\"2636\">Que faire pendant les festivals, march\u00e9s ou braderies ?<\/li>\n<\/ul>\n<p data-start=\"2638\" data-end=\"2718\">Pour l\u2019instant, le gouvernement n\u2019a pas encore r\u00e9pondu \u00e0 toutes ces questions.<\/p>\n<\/div>\n<div>\n<h2 data-start=\"2725\" data-end=\"2754\"><span class=\"ez-toc-section\" id=\"Et_pour_les_vapoteurs\"><\/span>Et pour les vapoteurs ?<span class=\"ez-toc-section-end\"><\/span><\/h2>\n<p data-start=\"2756\" data-end=\"2997\">Soyons honn\u00eates : cette mesure a du mal \u00e0 passer.<br data-start=\"2805\" data-end=\"2808\" \/>Vapoter, ce n\u2019est pas fumer. Et beaucoup ne comprennent pas pourquoi la<em><a href=\"https:\/\/www.oliquide.com\/recharge-liquides.?p2[]=33554432&amp;p2[]=67108864&amp;p2[]=134217728&amp;p4[]=512\"> e-cigarette<\/a><\/em>, pourtant reconnue comme une <strong data-start=\"2921\" data-end=\"2954\">alternative bien moins nocive<\/strong>, est mise sur le m\u00eame plan que le tabac.<\/p>\n<p data-start=\"2999\" data-end=\"3204\">Mais du point de vue des autorit\u00e9s, la logique est avant tout <strong data-start=\"3061\" data-end=\"3084\">visuelle et sociale<\/strong> : le geste de vapoter ressemble \u00e0 celui de fumer, donc il entretient, selon eux, une certaine normalisation du tabac.<\/p>\n<p data-start=\"3206\" data-end=\"3369\">En pratique, \u00e7a veut dire qu\u2019\u00e0 partir de 2027, il faudra <strong data-start=\"3263\" data-end=\"3311\">poser sa vape avant de s\u2019asseoir en terrasse<\/strong>, ou marcher quelques m\u00e8tres plus loin pour en profiter.<\/p>\n<\/div>\n<div>\n<h2 data-start=\"3376\" data-end=\"3413\"><span class=\"ez-toc-section\" id=\"Notre_regard_chez_Oliquide_%F0%9F%92%AD\"><\/span>Notre regard chez <em data-start=\"3398\" data-end=\"3408\">Oliquide<\/em> \ud83d\udcad<span class=\"ez-toc-section-end\"><\/span><\/h2>\n<p data-start=\"3415\" data-end=\"3660\">Chez <span style=\"text-decoration: underline;\"><a href=\"https:\/\/www.oliquide.com\/\"><em data-start=\"3420\" data-end=\"3430\">Oliquide<\/em><\/a><\/span>, on comprend bien l\u2019intention : prot\u00e9ger la <em><a href=\"https:\/\/www.health.belgium.be\/fr\">sant\u00e9 publique<\/a><\/em>, \u00e9viter les mauvaises habitudes et encourager une soci\u00e9t\u00e9 moins d\u00e9pendante au tabac.<br data-start=\"3574\" data-end=\"3577\" \/>Mais on ne peut s\u2019emp\u00eacher de penser que <strong data-start=\"3618\" data-end=\"3657\">la vape m\u00e9rite un traitement \u00e0 part<\/strong>.<\/p>\n<p data-start=\"3662\" data-end=\"3892\">Parce qu\u2019elle n\u2019est pas le probl\u00e8me\u2026 elle fait partie de la solution.<br data-start=\"3731\" data-end=\"3734\" \/>Des milliers de personnes ont arr\u00eat\u00e9 de fumer gr\u00e2ce \u00e0 elle, et c\u2019est dommage de brouiller ce message en l\u2019interdisant partout o\u00f9 l\u2019on interdit la cigarette.<\/p>\n<p data-start=\"3894\" data-end=\"4060\">Esp\u00e9rons que, d\u2019ici 2027, le d\u00e9bat puisse encore \u00e9voluer \u2014 et que la vape garde sa place comme outil de r\u00e9duction des risques, pas comme un bouc \u00e9missaire du tabac.<\/p>\n<\/div>\n<div>\n<h2><span class=\"ez-toc-section\" id=\"FAQ_%E2%80%93_Interdiction_de_fumer_et_de_vapoter_en_terrasse_en_Belgique\"><\/span>FAQ \u2013 Interdiction de fumer et de vapoter en terrasse en Belgique<span class=\"ez-toc-section-end\"><\/span><\/h2>\n<\/div>\n<ul>\n<li>\n<h3>Depuis quand la loi interdit-elle de fumer ou vapoter en terrasse ?<\/h3>\n<div>\n<p>La nouvelle r\u00e9glementation entrera en vigueur <strong data-start=\"454\" data-end=\"474\">\u00e0 partir de 2025<\/strong>. Elle vise \u00e0 \u00e9tendre l\u2019interdiction d\u00e9j\u00e0 en place dans les lieux publics ferm\u00e9s aux <strong data-start=\"559\" data-end=\"607\">terrasses couvertes ou partiellement ferm\u00e9es<\/strong>, consid\u00e9r\u00e9es comme des espaces semi-clos.<\/p>\n<\/div>\n<\/li>\n<li>\n<h3>Est-ce que toutes les terrasses sont concern\u00e9es ?<\/h3>\n<div>\n<p>Non, <strong data-start=\"712\" data-end=\"746\">seules les terrasses couvertes<\/strong> (par un toit, un auvent ou des parois lat\u00e9rales) sont concern\u00e9es par l\u2019interdiction.<br data-start=\"831\" data-end=\"834\" \/>Si la terrasse est <strong data-start=\"853\" data-end=\"881\">totalement \u00e0 l\u2019air libre<\/strong>, sans parois ni toit, il reste possible d\u2019y fumer ou vapoter \u2014 sauf si le propri\u00e9taire du caf\u00e9 ou du restaurant d\u00e9cide lui-m\u00eame d\u2019interdire ces pratiques.<\/p>\n<\/div>\n<\/li>\n<li>\n<h3>Pourquoi cette loi a-t-elle \u00e9t\u00e9 mise en place ?<\/h3>\n<div>\n<p>L\u2019objectif est de <strong data-start=\"1111\" data-end=\"1139\">prot\u00e9ger les non-fumeurs<\/strong>, notamment les enfants et le personnel horeca, contre le tabagisme passif et le vapotage passif. Le gouvernement belge souhaite aussi <strong data-start=\"1274\" data-end=\"1321\">d\u00e9normaliser l\u2019usage du tabac et de la vape<\/strong> dans les lieux publics.<\/p>\n<\/div>\n<\/li>\n<li>\n<h3>Est-ce que la cigarette \u00e9lectronique est vraiment concern\u00e9e ?<\/h3>\n<div>\n<p>Oui. La loi fait <strong data-start=\"1433\" data-end=\"1472\">explicitement r\u00e9f\u00e9rence au vapotage<\/strong>. M\u00eame si la vapeur d\u2019une e-cigarette ne contient pas de tabac, elle est soumise aux m\u00eames r\u00e8gles que la cigarette classique dans les lieux publics.<\/p>\n<\/div>\n<\/li>\n<li>\n<h3>Que risque-t-on en cas d\u2019infraction ?<\/h3>\n<div>\n<p>Les contrevenants s\u2019exposent \u00e0 <strong data-start=\"1698\" data-end=\"1727\">une amende administrative<\/strong>. Les \u00e9tablissements qui ne font pas respecter la r\u00e8gle peuvent \u00e9galement \u00eatre sanctionn\u00e9s. Les montants varient selon la gravit\u00e9 et la r\u00e9cidive, mais peuvent atteindre <strong data-start=\"1896\" data-end=\"1927\">plusieurs centaines d\u2019euros<\/strong>.<\/p>\n<\/div>\n<\/li>\n<li>\n<h3>Est-ce que je peux encore vapoter dans un parc ou dans la rue ?<\/h3>\n<div>\n<p>Oui, pour le moment <strong data-start=\"2021\" data-end=\"2067\">il reste autoris\u00e9 de vapoter \u00e0 l\u2019ext\u00e9rieur<\/strong>, dans les lieux ouverts comme la rue, les parcs ou les plages, tant qu\u2019aucune interdiction locale sp\u00e9cifique n\u2019est affich\u00e9e.<\/p>\n<\/div>\n<\/li>\n<li>\n<h3>Et les vapoteurs dans tout \u00e7a ?<\/h3>\n<div>\n<p>Beaucoup de vapoteurs regrettent cette mesure, estimant que la <strong data-start=\"2296\" data-end=\"2327\">vape n\u2019a pas le m\u00eame impact<\/strong> que la cigarette classique. D\u2019autres y voient une occasion de <strong data-start=\"2390\" data-end=\"2430\">faire \u00e9voluer la perception publique<\/strong> et de rappeler que vapoter, m\u00eame si c\u2019est une alternative moins nocive, reste un acte qui peut g\u00eaner l\u2019entourage.<\/p>\n<\/div>\n<\/li>\n<\/ul>\n<p><!--more--><br \/>\n<!-- {\"type\":\"layout\",\"children\":[{\"type\":\"section\",\"props\":{\"image_position\":\"center-center\",\"style\":\"default\",\"title_breakpoint\":\"xl\",\"title_position\":\"top-left\",\"title_rotation\":\"left\",\"vertical_align\":\"middle\",\"width\":\"default\"},\"children\":[{\"type\":\"row\",\"children\":[{\"type\":\"column\",\"props\":{\"image_position\":\"center-center\",\"position_sticky_breakpoint\":\"m\"},\"children\":[{\"type\":\"image\",\"props\":{\"image\":\"wp-content\\\/uploads\\\/2025\\\/10\\\/BANNIERE-VAPOTER-EN-BELGIQUE.jpg\",\"image_box_decoration\":\"mask\",\"image_svg_color\":\"emphasis\",\"margin\":\"default\"}},{\"type\":\"headline\",\"props\":{\"content\":\"Fumer ou vapoter en terrasse ? En Belgique, ce sera bient\\u00f4t interdit\",\"title_element\":\"h1\"}},{\"type\":\"text\",\"props\":{\"column_breakpoint\":\"m\",\"content\":\"\n\n<p data-start=\\\"339\\\" data-end=\\\"593\\\">C\\u2019est une petite r\\u00e9volution qui se pr\\u00e9pare de l\\u2019autre c\\u00f4t\\u00e9 de la fronti\\u00e8re.<br data-start=\\\"414\\\" data-end=\\\"417\\\" \\\/>\\u00c0 partir du <strong data-start=\\\"429\\\" data-end=\\\"449\\\">1er janvier 2027<\\\/strong>, il sera <strong data-start=\\\"459\\\" data-end=\\\"512\\\">interdit de fumer et de vapoter sur les terrasses<\\\/strong> en Belgique. Oui, m\\u00eame dehors, au soleil, avec un caf\\u00e9 ou une bi\\u00e8re \\u00e0 la main.<\\\/p>\\n\n\n<p data-start=\\\"595\\\" data-end=\\\"798\\\">Le gouvernement belge a d\\u00e9cid\\u00e9 d\\u2019\\u00e9tendre l\\u2019interdiction d\\u00e9j\\u00e0 en place \\u00e0 l\\u2019int\\u00e9rieur des lieux publics. Objectif : prot\\u00e9ger la sant\\u00e9, mais aussi r\\u00e9duire la visibilit\\u00e9 du tabac\\u2026 et d\\u00e9sormais, de la vape.<\\\/p>\",\"margin\":\"default\"}}]}]}]},{\"type\":\"section\",\"props\":{\"image_position\":\"center-center\",\"padding_remove_top\":true,\"style\":\"default\",\"title_breakpoint\":\"xl\",\"title_position\":\"top-left\",\"title_rotation\":\"left\",\"vertical_align\":\"middle\",\"width\":\"default\"},\"children\":[{\"type\":\"row\",\"children\":[{\"type\":\"column\",\"props\":{\"image_position\":\"center-center\",\"position_sticky_breakpoint\":\"m\",\"vertical_align\":\"middle\",\"width_medium\":\"2-3\"},\"children\":[{\"type\":\"text\",\"props\":{\"column_breakpoint\":\"m\",\"content\":\"\n\n<h2 data-start=\\\"805\\\" data-end=\\\"853\\\">Concr\\u00e8tement, qu\\u2019est-ce que \\u00e7a veut dire ?<\\\/h2>\\n\n\n<p data-start=\\\"855\\\" data-end=\\\"1030\\\">\\u00c0 partir de 2027, <strong data-start=\\\"873\\\" data-end=\\\"930\\\">les terrasses de caf\\u00e9s, restaurants, bars, brasseries<\\\/strong> (et m\\u00eame les clubs de cigares ou bars \\u00e0 chicha) seront enti\\u00e8rement non-fumeurs\\u2026 et non-vapoteurs.<\\\/p>\\n\n\n<p data-start=\\\"1032\\\" data-end=\\\"1218\\\">L\\u2019interdiction s\\u2019appliquera aussi <strong data-start=\\\"1066\\\" data-end=\\\"1103\\\">dans un rayon de 10 m\\u00e8tres autour<\\\/strong> de ces terrasses.<br data-start=\\\"1121\\\" data-end=\\\"1124\\\" \\\/>Autrement dit : il faudra s\\u2019\\u00e9loigner un peu pour pouvoir allumer sa clope ou sortir sa vape.<\\\/p>\\n\n\n<p data-start=\\\"1220\\\" data-end=\\\"1476\\\">Les \\u00e9tablissements devront afficher clairement cette nouvelle r\\u00e8gle et retirer les cendriers.<br data-start=\\\"1313\\\" data-end=\\\"1316\\\" \\\/>Et si quelqu\\u2019un fume ou vape malgr\\u00e9 tout, c\\u2019est <strong data-start=\\\"1364\\\" data-end=\\\"1383\\\">le consommateur<\\\/strong> qui risque une amende, pas le patron du caf\\u00e9 (du moment qu\\u2019il a respect\\u00e9 ses obligations).<\\\/p>\",\"margin\":\"default\"}}]},{\"type\":\"column\",\"props\":{\"image_position\":\"center-center\",\"position_sticky_breakpoint\":\"m\",\"width_medium\":\"1-3\"},\"children\":[{\"type\":\"image\",\"props\":{\"image\":\"wp-content\\\/uploads\\\/2025\\\/10\\\/ChatGPT-Image-16-oct.-2025-11_58_58.png\",\"image_box_decoration\":\"mask\",\"image_height\":400,\"image_svg_color\":\"emphasis\",\"margin\":\"default\"}}]}],\"props\":{\"layout\":\"2-3,1-3\"}}]},{\"type\":\"section\",\"props\":{\"image_position\":\"center-center\",\"padding_remove_top\":true,\"style\":\"default\",\"title_breakpoint\":\"xl\",\"title_position\":\"top-left\",\"title_rotation\":\"left\",\"vertical_align\":\"middle\",\"width\":\"default\"},\"children\":[{\"type\":\"row\",\"children\":[{\"type\":\"column\",\"props\":{\"image_position\":\"center-center\",\"position_sticky_breakpoint\":\"m\"},\"children\":[{\"type\":\"text\",\"props\":{\"column_breakpoint\":\"m\",\"content\":\"\n\n<h2 data-start=\\\"1483\\\" data-end=\\\"1512\\\">Pourquoi cette mesure ?<\\\/h2>\\n\n\n<p data-start=\\\"1514\\\" data-end=\\\"1749\\\">Le gouvernement belge explique vouloir <strong data-start=\\\"1553\\\" data-end=\\\"1581\\\">prot\\u00e9ger les non-fumeurs<\\\/strong>, mais aussi <strong data-start=\\\"1594\\\" data-end=\\\"1610\\\">d\\u00e9normaliser<\\\/strong> le geste de fumer et de vapoter.<br data-start=\\\"1643\\\" data-end=\\\"1646\\\" \\\/>L\\u2019id\\u00e9e, c\\u2019est que moins on voit de gens fumer ou vapoter, moins les jeunes auront envie de commencer.<\\\/p>\\n\n\n<p data-start=\\\"1751\\\" data-end=\\\"1861\\\">Cette d\\u00e9cision s\\u2019inscrit dans un plan plus large : celui d\\u2019une <strong data-start=\\\"1814\\\" data-end=\\\"1858\\\">\\u201cg\\u00e9n\\u00e9ration sans tabac\\u201d \\u00e0 l\\u2019horizon 2040<\\\/strong>.<\\\/p>\\n\n\n<p data-start=\\\"1863\\\" data-end=\\\"2086\\\">Mais en pla\\u00e7ant la vape dans le m\\u00eame panier que le tabac, le message passe mal pour une partie de la population \\u2014 notamment les vapoteurs qui voient dans la e-cigarette un outil de sevrage, pas une menace pour les autres.<\\\/p>\",\"margin\":\"default\"}}]}]}]},{\"type\":\"section\",\"props\":{\"image_position\":\"center-center\",\"padding_remove_top\":true,\"style\":\"default\",\"title_breakpoint\":\"xl\",\"title_position\":\"top-left\",\"title_rotation\":\"left\",\"vertical_align\":\"middle\",\"width\":\"default\"},\"children\":[{\"type\":\"row\",\"children\":[{\"type\":\"column\",\"props\":{\"image_position\":\"center-center\",\"position_sticky_breakpoint\":\"m\",\"width_medium\":\"1-3\"},\"children\":[{\"type\":\"image\",\"props\":{\"image\":\"wp-content\\\/uploads\\\/2025\\\/10\\\/ChatGPT-Image-16-oct.-2025-12_01_25.png\",\"image_box_decoration\":\"mask\",\"image_height\":500,\"image_svg_color\":\"emphasis\",\"margin\":\"default\"}}]},{\"type\":\"column\",\"props\":{\"image_position\":\"center-center\",\"position_sticky_breakpoint\":\"m\",\"vertical_align\":\"middle\",\"width_medium\":\"2-3\"},\"children\":[{\"type\":\"text\",\"props\":{\"column_breakpoint\":\"m\",\"content\":\"\n\n<h2 data-start=\\\"2093\\\" data-end=\\\"2133\\\">Dans les caf\\u00e9s, l\\u2019inqui\\u00e9tude monte<\\\/h2>\\n\n\n<p data-start=\\\"2135\\\" data-end=\\\"2444\\\">Du c\\u00f4t\\u00e9 des restaurateurs et cafetiers, la nouvelle ne passe pas tr\\u00e8s bien.<br data-start=\\\"2210\\\" data-end=\\\"2213\\\" \\\/>Beaucoup craignent que les clients fumeurs et vapoteurs <strong data-start=\\\"2269\\\" data-end=\\\"2296\\\">d\\u00e9sertent les terrasses<\\\/strong> ou pr\\u00e9f\\u00e8rent rester chez eux.<br data-start=\\\"2326\\\" data-end=\\\"2329\\\" \\\/>D\\u2019autres redoutent des <strong data-start=\\\"2352\\\" data-end=\\\"2364\\\">tensions<\\\/strong> avec les clients qui ne comprendront pas la r\\u00e8gle ou refuseront de s\\u2019y plier.<\\\/p>\\n\n\n<p data-start=\\\"2446\\\" data-end=\\\"2636\\\">Et il reste encore beaucoup de zones floues :<\\\/p>\\n\n\n<ul>\\n\n\n<li data-start=\\\"2446\\\" data-end=\\\"2636\\\">Qui va contr\\u00f4ler ?<\\\/li>\\n\n\n<li data-start=\\\"2446\\\" data-end=\\\"2636\\\">Comment appliquer la loi sur les grandes terrasses ouvertes ?<\\\/li>\\n\n\n<li data-start=\\\"2446\\\" data-end=\\\"2636\\\">Que faire pendant les festivals, march\\u00e9s ou braderies ?<\\\/li>\\n<\\\/ul>\\n\n\n<p data-start=\\\"2638\\\" data-end=\\\"2718\\\">Pour l\\u2019instant, le gouvernement n\\u2019a pas encore r\\u00e9pondu \\u00e0 toutes ces questions.<\\\/p>\",\"margin\":\"default\"}}]}],\"props\":{\"layout\":\"1-3,2-3\"}}]},{\"type\":\"section\",\"props\":{\"image_position\":\"center-center\",\"padding_remove_top\":true,\"style\":\"default\",\"title_breakpoint\":\"xl\",\"title_position\":\"top-left\",\"title_rotation\":\"left\",\"vertical_align\":\"middle\",\"width\":\"default\"},\"children\":[{\"type\":\"row\",\"children\":[{\"type\":\"column\",\"props\":{\"image_position\":\"center-center\",\"position_sticky_breakpoint\":\"m\"},\"children\":[{\"type\":\"text\",\"props\":{\"column_breakpoint\":\"m\",\"content\":\"\n\n<h2 data-start=\\\"2725\\\" data-end=\\\"2754\\\">Et pour les vapoteurs ?<\\\/h2>\\n\n\n<p data-start=\\\"2756\\\" data-end=\\\"2997\\\">Soyons honn\\u00eates : cette mesure a du mal \\u00e0 passer.<br data-start=\\\"2805\\\" data-end=\\\"2808\\\" \\\/>Vapoter, ce n\\u2019est pas fumer. Et beaucoup ne comprennent pas pourquoi la<em><a href=\\\"https:\\\/\\\/www.oliquide.com\\\/recharge-liquides.?p2[]=33554432&amp;p2[]=67108864&amp;p2[]=134217728&amp;p4[]=512\\\"> e-cigarette<\\\/a><\\\/em>, pourtant reconnue comme une <strong data-start=\\\"2921\\\" data-end=\\\"2954\\\">alternative bien moins nocive<\\\/strong>, est mise sur le m\\u00eame plan que le tabac.<\\\/p>\\n\n\n<p data-start=\\\"2999\\\" data-end=\\\"3204\\\">Mais du point de vue des autorit\\u00e9s, la logique est avant tout <strong data-start=\\\"3061\\\" data-end=\\\"3084\\\">visuelle et sociale<\\\/strong> : le geste de vapoter ressemble \\u00e0 celui de fumer, donc il entretient, selon eux, une certaine normalisation du tabac.<\\\/p>\\n\n\n<p data-start=\\\"3206\\\" data-end=\\\"3369\\\">En pratique, \\u00e7a veut dire qu\\u2019\\u00e0 partir de 2027, il faudra <strong data-start=\\\"3263\\\" data-end=\\\"3311\\\">poser sa vape avant de s\\u2019asseoir en terrasse<\\\/strong>, ou marcher quelques m\\u00e8tres plus loin pour en profiter.<\\\/p>\",\"margin\":\"default\"}}]}]}]},{\"type\":\"section\",\"props\":{\"image_position\":\"center-center\",\"padding_remove_top\":true,\"style\":\"default\",\"title_breakpoint\":\"xl\",\"title_position\":\"top-left\",\"title_rotation\":\"left\",\"vertical_align\":\"middle\",\"width\":\"default\"},\"children\":[{\"type\":\"row\",\"children\":[{\"type\":\"column\",\"props\":{\"image_position\":\"center-center\",\"position_sticky_breakpoint\":\"m\"},\"children\":[{\"type\":\"text\",\"props\":{\"column_breakpoint\":\"m\",\"content\":\"\n\n<h2 data-start=\\\"3376\\\" data-end=\\\"3413\\\">Notre regard chez <em data-start=\\\"3398\\\" data-end=\\\"3408\\\">Oliquide<\\\/em> \\ud83d\\udcad<\\\/h2>\\n\n\n<p data-start=\\\"3415\\\" data-end=\\\"3660\\\">Chez <span style=\\\"text-decoration: underline;\\\"><a href=\\\"https:\\\/\\\/www.oliquide.com\\\/\\\"><em data-start=\\\"3420\\\" data-end=\\\"3430\\\">Oliquide<\\\/em><\\\/a><\\\/span>, on comprend bien l\\u2019intention : prot\\u00e9ger la <em><a href=\\\"https:\\\/\\\/www.health.belgium.be\\\/fr\\\">sant\\u00e9 publique<\\\/a><\\\/em>, \\u00e9viter les mauvaises habitudes et encourager une soci\\u00e9t\\u00e9 moins d\\u00e9pendante au tabac.<br data-start=\\\"3574\\\" data-end=\\\"3577\\\" \\\/>Mais on ne peut s\\u2019emp\\u00eacher de penser que <strong data-start=\\\"3618\\\" data-end=\\\"3657\\\">la vape m\\u00e9rite un traitement \\u00e0 part<\\\/strong>.<\\\/p>\\n\n\n<p data-start=\\\"3662\\\" data-end=\\\"3892\\\">Parce qu\\u2019elle n\\u2019est pas le probl\\u00e8me\\u2026 elle fait partie de la solution.<br data-start=\\\"3731\\\" data-end=\\\"3734\\\" \\\/>Des milliers de personnes ont arr\\u00eat\\u00e9 de fumer gr\\u00e2ce \\u00e0 elle, et c\\u2019est dommage de brouiller ce message en l\\u2019interdisant partout o\\u00f9 l\\u2019on interdit la cigarette.<\\\/p>\\n\n\n<p data-start=\\\"3894\\\" data-end=\\\"4060\\\">Esp\\u00e9rons que, d\\u2019ici 2027, le d\\u00e9bat puisse encore \\u00e9voluer \\u2014 et que la vape garde sa place comme outil de r\\u00e9duction des risques, pas comme un bouc \\u00e9missaire du tabac.<\\\/p>\",\"margin\":\"default\"}}]}]}]},{\"type\":\"section\",\"props\":{\"image_position\":\"center-center\",\"style\":\"default\",\"title_breakpoint\":\"xl\",\"title_position\":\"top-left\",\"title_rotation\":\"left\",\"vertical_align\":\"middle\",\"width\":\"default\"},\"children\":[{\"type\":\"row\",\"children\":[{\"type\":\"column\",\"props\":{\"image_position\":\"center-center\",\"position_sticky_breakpoint\":\"m\"},\"children\":[{\"type\":\"text\",\"props\":{\"column_breakpoint\":\"m\",\"content\":\"\n\n<h2>FAQ \\u2013 Interdiction de fumer et de vapoter en terrasse en Belgique<\\\/h2>\",\"margin\":\"default\"}},{\"type\":\"accordion\",\"props\":{\"collapsible\":true,\"content_column_breakpoint\":\"m\",\"image_align\":\"top\",\"image_grid_breakpoint\":\"m\",\"image_grid_width\":\"1-2\",\"image_svg_color\":\"emphasis\",\"link_style\":\"default\",\"link_text\":\"Read more\",\"show_image\":true,\"show_link\":true},\"children\":[{\"type\":\"accordion_item\",\"props\":{\"content\":\"\n\n<p>La nouvelle r\\u00e9glementation entrera en vigueur <strong data-start=\\\"454\\\" data-end=\\\"474\\\">\\u00e0 partir de 2025<\\\/strong>. Elle vise \\u00e0 \\u00e9tendre l\\u2019interdiction d\\u00e9j\\u00e0 en place dans les lieux publics ferm\\u00e9s aux <strong data-start=\\\"559\\\" data-end=\\\"607\\\">terrasses couvertes ou partiellement ferm\\u00e9es<\\\/strong>, consid\\u00e9r\\u00e9es comme des espaces semi-clos.<\\\/p>\",\"title\":\"Depuis quand la loi interdit-elle de fumer ou vapoter en terrasse ?\"}},{\"type\":\"accordion_item\",\"props\":{\"content\":\"\n\n<p>Non, <strong data-start=\\\"712\\\" data-end=\\\"746\\\">seules les terrasses couvertes<\\\/strong> (par un toit, un auvent ou des parois lat\\u00e9rales) sont concern\\u00e9es par l\\u2019interdiction.<br data-start=\\\"831\\\" data-end=\\\"834\\\" \\\/>Si la terrasse est <strong data-start=\\\"853\\\" data-end=\\\"881\\\">totalement \\u00e0 l\\u2019air libre<\\\/strong>, sans parois ni toit, il reste possible d\\u2019y fumer ou vapoter \\u2014 sauf si le propri\\u00e9taire du caf\\u00e9 ou du restaurant d\\u00e9cide lui-m\\u00eame d\\u2019interdire ces pratiques.<\\\/p>\",\"title\":\"Est-ce que toutes les terrasses sont concern\\u00e9es ?\"}},{\"type\":\"accordion_item\",\"props\":{\"content\":\"\n\n<p>L\\u2019objectif est de <strong data-start=\\\"1111\\\" data-end=\\\"1139\\\">prot\\u00e9ger les non-fumeurs<\\\/strong>, notamment les enfants et le personnel horeca, contre le tabagisme passif et le vapotage passif. Le gouvernement belge souhaite aussi <strong data-start=\\\"1274\\\" data-end=\\\"1321\\\">d\\u00e9normaliser l\\u2019usage du tabac et de la vape<\\\/strong> dans les lieux publics.<\\\/p>\",\"title\":\"Pourquoi cette loi a-t-elle \\u00e9t\\u00e9 mise en place ?\"}},{\"type\":\"accordion_item\",\"props\":{\"content\":\"\n\n<p>Oui. La loi fait <strong data-start=\\\"1433\\\" data-end=\\\"1472\\\">explicitement r\\u00e9f\\u00e9rence au vapotage<\\\/strong>. M\\u00eame si la vapeur d\\u2019une e-cigarette ne contient pas de tabac, elle est soumise aux m\\u00eames r\\u00e8gles que la cigarette classique dans les lieux publics.<\\\/p>\",\"title\":\"Est-ce que la cigarette \\u00e9lectronique est vraiment concern\\u00e9e ?\"}},{\"type\":\"accordion_item\",\"props\":{\"content\":\"\n\n<p>Les contrevenants s\\u2019exposent \\u00e0 <strong data-start=\\\"1698\\\" data-end=\\\"1727\\\">une amende administrative<\\\/strong>. Les \\u00e9tablissements qui ne font pas respecter la r\\u00e8gle peuvent \\u00e9galement \\u00eatre sanctionn\\u00e9s. Les montants varient selon la gravit\\u00e9 et la r\\u00e9cidive, mais peuvent atteindre <strong data-start=\\\"1896\\\" data-end=\\\"1927\\\">plusieurs centaines d\\u2019euros<\\\/strong>.<\\\/p>\",\"title\":\"Que risque-t-on en cas d\\u2019infraction ?\"}},{\"type\":\"accordion_item\",\"props\":{\"content\":\"\n\n<p>Oui, pour le moment <strong data-start=\\\"2021\\\" data-end=\\\"2067\\\">il reste autoris\\u00e9 de vapoter \\u00e0 l\\u2019ext\\u00e9rieur<\\\/strong>, dans les lieux ouverts comme la rue, les parcs ou les plages, tant qu\\u2019aucune interdiction locale sp\\u00e9cifique n\\u2019est affich\\u00e9e.<\\\/p>\",\"title\":\"Est-ce que je peux encore vapoter dans un parc ou dans la rue ?\"}},{\"type\":\"accordion_item\",\"props\":{\"content\":\"\n\n<p>Beaucoup de vapoteurs regrettent cette mesure, estimant que la <strong data-start=\\\"2296\\\" data-end=\\\"2327\\\">vape n\\u2019a pas le m\\u00eame impact<\\\/strong> que la cigarette classique. D\\u2019autres y voient une occasion de <strong data-start=\\\"2390\\\" data-end=\\\"2430\\\">faire \\u00e9voluer la perception publique<\\\/strong> et de rappeler que vapoter, m\\u00eame si c\\u2019est une alternative moins nocive, reste un acte qui peut g\\u00eaner l\\u2019entourage.<\\\/p>\",\"title\":\"Et les vapoteurs dans tout \\u00e7a ?\"}}]}]}]}]},{\"type\":\"section\",\"props\":{\"image_position\":\"center-center\",\"style\":\"default\",\"title_breakpoint\":\"xl\",\"title_position\":\"top-left\",\"title_rotation\":\"left\",\"vertical_align\":\"middle\",\"width\":\"default\"},\"children\":[{\"type\":\"row\",\"children\":[{\"type\":\"column\",\"props\":{\"image_position\":\"center-center\",\"position_sticky_breakpoint\":\"m\"},\"children\":[{\"type\":\"comments\",\"props\":{\"link_style\":\"default\",\"margin\":\"default\",\"title_decoration\":\"bullet\",\"title_element\":\"h2\",\"title_style\":\"h3\"}}]}]}]}],\"version\":\"4.5.29\"} --><\/p>\n","protected":false},"excerpt":{"rendered":"<p>Fumer ou vapoter en terrasse ? En Belgique, ce sera bient\u00f4t interdit C\u2019est une petite r\u00e9volution qui se pr\u00e9pare de l\u2019autre c\u00f4t\u00e9 de la fronti\u00e8re.\u00c0 partir du 1er janvier 2027, il sera interdit de fumer et de vapoter sur les terrasses en Belgique. Oui, m\u00eame dehors, au soleil, avec un caf\u00e9 ou une bi\u00e8re \u00e0 [&hellip;]<\/p>\n","protected":false},"author":6,"featured_media":17639,"comment_status":"open","ping_status":"open","sticky":false,"template":"","format":"standard","meta":{"_jetpack_memberships_contains_paid_content":false,"footnotes":""},"categories":[3],"tags":[1084,1109,109,166,1117,1115,1116,1112,1111,1119,1110,1118,1053,1114,1076,405,1113,434,446,451],"class_list":["post-17634","post","type-post","status-publish","format-standard","has-post-thumbnail","hentry","category-actus-de-la-vape","tag-actualite-vape","tag-belgique","tag-cigarette-electronique","tag-e-cigarette","tag-fumeur","tag-generation-sans-tabac","tag-horeca","tag-interdiction-de-fumer","tag-interdiction-de-vapoter","tag-legislation-belge","tag-loi-anti-tabac","tag-politique-sante","tag-reduction-des-risques","tag-reglementation","tag-sante-publique","tag-tabac","tag-terrasse","tag-vape","tag-vapotage","tag-vapoteur"],"aioseo_notices":[],"jetpack_featured_media_url":"https:\/\/www.oliquide.com\/blog\/wp-content\/uploads\/2025\/10\/BANNIERE-VAPOTER-EN-BELGIQUE.jpg","jetpack_sharing_enabled":true,"_links":{"self":[{"href":"https:\/\/www.oliquide.com\/blog\/wp-json\/wp\/v2\/posts\/17634","targetHints":{"allow":["GET"]}}],"collection":[{"href":"https:\/\/www.oliquide.com\/blog\/wp-json\/wp\/v2\/posts"}],"about":[{"href":"https:\/\/www.oliquide.com\/blog\/wp-json\/wp\/v2\/types\/post"}],"author":[{"embeddable":true,"href":"https:\/\/www.oliquide.com\/blog\/wp-json\/wp\/v2\/users\/6"}],"replies":[{"embeddable":true,"href":"https:\/\/www.oliquide.com\/blog\/wp-json\/wp\/v2\/comments?post=17634"}],"version-history":[{"count":34,"href":"https:\/\/www.oliquide.com\/blog\/wp-json\/wp\/v2\/posts\/17634\/revisions"}],"predecessor-version":[{"id":17672,"href":"https:\/\/www.oliquide.com\/blog\/wp-json\/wp\/v2\/posts\/17634\/revisions\/17672"}],"wp:featuredmedia":[{"embeddable":true,"href":"https:\/\/www.oliquide.com\/blog\/wp-json\/wp\/v2\/media\/17639"}],"wp:attachment":[{"href":"https:\/\/www.oliquide.com\/blog\/wp-json\/wp\/v2\/media?parent=17634"}],"wp:term":[{"taxonomy":"category","embeddable":true,"href":"https:\/\/www.oliquide.com\/blog\/wp-json\/wp\/v2\/categories?post=17634"},{"taxonomy":"post_tag","embeddable":true,"href":"https:\/\/www.oliquide.com\/blog\/wp-json\/wp\/v2\/tags?post=17634"}],"curies":[{"name":"wp","href":"https:\/\/api.w.org\/{rel}","templated":true}]}}