{"id":17884,"date":"2025-11-06T10:00:50","date_gmt":"2025-11-06T09:00:50","guid":{"rendered":"https:\/\/www.oliquide.com\/blog\/?p=17884"},"modified":"2025-11-03T15:18:14","modified_gmt":"2025-11-03T14:18:14","slug":"projet-de-loi-2026-la-vape-menacee-en-france","status":"publish","type":"post","link":"https:\/\/www.oliquide.com\/blog\/projet-de-loi-2026-la-vape-menacee-en-france\/","title":{"rendered":"Projet de loi 2026 : la vape menac\u00e9e en France ?"},"content":{"rendered":"<p><img decoding=\"async\" src=\"\/blog\/wp-content\/uploads\/2025\/11\/BANNIERE-VAPOTAGE-LOI-EN-FRANCE.jpg\" alt=\"\"><\/p>\n<h1><span class=\"ez-toc-section\" id=\"Projet_de_loi_de_Finances_2026_la_vape_en_danger\"><\/span>Projet de loi de Finances 2026 : la vape en danger ?<span class=\"ez-toc-section-end\"><\/span><\/h1>\n<div>\n<p>Depuis quelques jours, le monde de la vape retient son souffle. Le gouvernement a d\u00e9voil\u00e9 le <em><a href=\"https:\/\/france3-regions.franceinfo.fr\/centre-val-de-loire\/eure-et-loir\/projet-de-loi-de-finances-2026-les-professionnels-de-la-vape-craignent-une-mise-a-mort-de-leur-secteur-3241711.html\"><strong data-start=\"481\" data-end=\"515\">projet de loi de Finances 2026<\/strong><\/a><\/em>, et parmi les nombreuses mesures annonc\u00e9es, plusieurs concernent directement le vapotage. Une <strong data-start=\"610\" data-end=\"637\">taxe sur les<em><a href=\"https:\/\/www.oliquide.com\/recharge-liquides.?p2[]=64\"> e-liquides<\/a><\/em><\/strong><em>,<\/em> <strong data-start=\"639\" data-end=\"678\">l\u2019interdiction de la vente en ligne<\/strong>, et un <strong data-start=\"686\" data-end=\"742\">changement de statut pour les boutiques sp\u00e9cialis\u00e9es<\/strong> : trois dispositions qui, si elles \u00e9taient vot\u00e9es en l\u2019\u00e9tat, pourraient profond\u00e9ment transformer (ou fragiliser) la fili\u00e8re.<\/p>\n<\/div>\n<div>\n<div id=\"ez-toc-container\" class=\"ez-toc-v2_0_82_2 counter-hierarchy ez-toc-counter ez-toc-grey ez-toc-container-direction\">\n<div class=\"ez-toc-title-container\">\n<p class=\"ez-toc-title\" style=\"cursor:inherit\">Sommaire<\/p>\n<span class=\"ez-toc-title-toggle\"><a href=\"#\" class=\"ez-toc-pull-right ez-toc-btn ez-toc-btn-xs ez-toc-btn-default ez-toc-toggle\" aria-label=\"Toggle Table of Content\"><span class=\"ez-toc-js-icon-con\"><span class=\"\"><span class=\"eztoc-hide\" style=\"display:none;\">Toggle<\/span><span class=\"ez-toc-icon-toggle-span\"><svg style=\"fill: #999;color:#999\" xmlns=\"http:\/\/www.w3.org\/2000\/svg\" class=\"list-377408\" width=\"20px\" height=\"20px\" viewBox=\"0 0 24 24\" fill=\"none\"><path d=\"M6 6H4v2h2V6zm14 0H8v2h12V6zM4 11h2v2H4v-2zm16 0H8v2h12v-2zM4 16h2v2H4v-2zm16 0H8v2h12v-2z\" fill=\"currentColor\"><\/path><\/svg><svg style=\"fill: #999;color:#999\" class=\"arrow-unsorted-368013\" xmlns=\"http:\/\/www.w3.org\/2000\/svg\" width=\"10px\" height=\"10px\" viewBox=\"0 0 24 24\" version=\"1.2\" baseProfile=\"tiny\"><path d=\"M18.2 9.3l-6.2-6.3-6.2 6.3c-.2.2-.3.4-.3.7s.1.5.3.7c.2.2.4.3.7.3h11c.3 0 .5-.1.7-.3.2-.2.3-.5.3-.7s-.1-.5-.3-.7zM5.8 14.7l6.2 6.3 6.2-6.3c.2-.2.3-.5.3-.7s-.1-.5-.3-.7c-.2-.2-.4-.3-.7-.3h-11c-.3 0-.5.1-.7.3-.2.2-.3.5-.3.7s.1.5.3.7z\"\/><\/svg><\/span><\/span><\/span><\/a><\/span><\/div>\n<nav><ul class='ez-toc-list ez-toc-list-level-1 eztoc-toggle-hide-by-default' ><li class='ez-toc-page-1 ez-toc-heading-level-1'><a class=\"ez-toc-link ez-toc-heading-1\" href=\"https:\/\/www.oliquide.com\/blog\/projet-de-loi-2026-la-vape-menacee-en-france\/#Projet_de_loi_de_Finances_2026_la_vape_en_danger\" >Projet de loi de Finances 2026 : la vape en danger ?<\/a><ul class='ez-toc-list-level-2' ><li class='ez-toc-heading-level-2'><a class=\"ez-toc-link ez-toc-heading-2\" href=\"https:\/\/www.oliquide.com\/blog\/projet-de-loi-2026-la-vape-menacee-en-france\/#Une_nouvelle_taxe_sur_les_e-liquides\" >Une nouvelle taxe sur les e-liquides<\/a><\/li><li class='ez-toc-page-1 ez-toc-heading-level-2'><a class=\"ez-toc-link ez-toc-heading-3\" href=\"https:\/\/www.oliquide.com\/blog\/projet-de-loi-2026-la-vape-menacee-en-france\/#Fin_de_la_vente_en_ligne_un_retour_en_arriere\" >Fin de la vente en ligne : un retour en arri\u00e8re ?<\/a><\/li><li class='ez-toc-page-1 ez-toc-heading-level-2'><a class=\"ez-toc-link ez-toc-heading-4\" href=\"https:\/\/www.oliquide.com\/blog\/projet-de-loi-2026-la-vape-menacee-en-france\/#Les_boutiques_specialisees_sous_agrement_vers_une_mise_sous_tutelle\" >Les boutiques sp\u00e9cialis\u00e9es sous agr\u00e9ment : vers une mise sous tutelle ?<\/a><\/li><li class='ez-toc-page-1 ez-toc-heading-level-2'><a class=\"ez-toc-link ez-toc-heading-5\" href=\"https:\/\/www.oliquide.com\/blog\/projet-de-loi-2026-la-vape-menacee-en-france\/#Une_mesure_a_contre-courant_de_la_sante_publique\" >Une mesure \u00e0 contre-courant de la sant\u00e9 publique<\/a><\/li><li class='ez-toc-page-1 ez-toc-heading-level-2'><a class=\"ez-toc-link ez-toc-heading-6\" href=\"https:\/\/www.oliquide.com\/blog\/projet-de-loi-2026-la-vape-menacee-en-france\/#La_mobilisation_sorganise\" >La mobilisation s\u2019organise<\/a><\/li><li class='ez-toc-page-1 ez-toc-heading-level-2'><a class=\"ez-toc-link ez-toc-heading-7\" href=\"https:\/\/www.oliquide.com\/blog\/projet-de-loi-2026-la-vape-menacee-en-france\/#Et_maintenant\" >Et maintenant ?<\/a><\/li><li class='ez-toc-page-1 ez-toc-heading-level-2'><a class=\"ez-toc-link ez-toc-heading-8\" href=\"https:\/\/www.oliquide.com\/blog\/projet-de-loi-2026-la-vape-menacee-en-france\/#FAQ_%E2%80%93_Projet_de_loi_2026_et_vape_ce_quil_faut_savoir\" >FAQ \u2013 Projet de loi 2026 et vape : ce qu\u2019il faut savoir<\/a><\/li><\/ul><\/li><\/ul><\/nav><\/div>\n<\/div>\n<div>\n<h2 data-start=\"874\" data-end=\"917\"><span class=\"ez-toc-section\" id=\"Une_nouvelle_taxe_sur_les_e-liquides\"><\/span><strong>Une nouvelle taxe sur les e-liquides<\/strong><span class=\"ez-toc-section-end\"><\/span><\/h2>\n<\/div>\n<div>\n<p data-start=\"919\" data-end=\"1066\">Le texte pr\u00e9voit une <strong data-start=\"940\" data-end=\"972\">fiscalisation des <em><a href=\"https:\/\/www.oliquide.com\/recharge-liquides.?p2[]=64\">e-liquides<\/a><\/em><\/strong>, sur le mod\u00e8le des accises d\u00e9j\u00e0 appliqu\u00e9es au tabac. Deux niveaux de taxation sont propos\u00e9s :<\/p>\n<ul data-start=\"1068\" data-end=\"1211\">\n<li data-start=\"1068\" data-end=\"1160\">\n<p data-start=\"1070\" data-end=\"1160\"><strong data-start=\"1070\" data-end=\"1095\">0,03 \u20ac par millilitre<\/strong> pour les liquides contenant <strong data-start=\"1124\" data-end=\"1156\">jusqu\u2019\u00e0 15 mg\/ml de nicotine<\/strong> ;<\/p>\n<\/li>\n<li data-start=\"1161\" data-end=\"1211\">\n<p data-start=\"1163\" data-end=\"1211\"><strong data-start=\"1163\" data-end=\"1188\">0,05 \u20ac par millilitre<\/strong> au-del\u00e0 de ce seuil.<\/p>\n<\/li>\n<\/ul>\n<p data-start=\"1213\" data-end=\"1363\">Concr\u00e8tement, cela repr\u00e9senterait <strong data-start=\"1247\" data-end=\"1265\">0,50 \u20ac de plus<\/strong> sur un flacon de 10 ml \u00e0 taux \u00e9lev\u00e9, si la taxe \u00e9tait enti\u00e8rement r\u00e9percut\u00e9e sur le prix final.<\/p>\n<p data-start=\"1365\" data-end=\"1648\">Pour les vapoteurs, cette hausse peut sembler modeste \u00e0 premi\u00e8re vue, mais son impact cumul\u00e9 est loin d\u2019\u00eatre n\u00e9gligeable \u2014 d\u2019autant plus qu\u2019elle s\u2019appliquerait \u00e0 <strong data-start=\"1527\" data-end=\"1558\">tous les <em><a href=\"https:\/\/www.oliquide.com\/recharge-liquides.?p2[]=64\">liquides<\/a> <\/em>nicotin\u00e9s<\/strong>, y compris ceux utilis\u00e9s dans des dispositifs visant \u00e0 <strong data-start=\"1614\" data-end=\"1645\">r\u00e9duire ou arr\u00eater le tabac<\/strong>.<\/p>\n<p data-start=\"1650\" data-end=\"1906\">\ud83d\udc49 Une mesure paradoxale, quand on sait que la vape est reconnue par de nombreuses autorit\u00e9s de sant\u00e9 comme <strong data-start=\"1758\" data-end=\"1795\">une alternative bien moins nocive<\/strong> \u00e0 la cigarette. Taxer la vape, c\u2019est aussi risquer de <strong data-start=\"1850\" data-end=\"1875\">p\u00e9naliser les fumeurs<\/strong> qui cherchent \u00e0 s\u2019en d\u00e9tacher.<\/p>\n<\/div>\n<p><img decoding=\"async\" src=\"\/blog\/wp-content\/uploads\/2025\/11\/ChatGPT-Image-3-nov.-2025-11_51_18.png\" alt=\"\"><\/p>\n<div>\n<h2 data-start=\"1913\" data-end=\"1969\"><span class=\"ez-toc-section\" id=\"Fin_de_la_vente_en_ligne_un_retour_en_arriere\"><\/span><strong>Fin de la vente en ligne : un retour en arri\u00e8re ?<\/strong><span class=\"ez-toc-section-end\"><\/span><\/h2>\n<p data-start=\"1971\" data-end=\"2191\">Autre mesure choc : <strong data-start=\"1991\" data-end=\"2039\">l\u2019interdiction totale de la vente \u00e0 distance<\/strong> de produits du vapotage. En clair, il deviendrait <strong data-start=\"2090\" data-end=\"2143\">impossible pour un particulier d\u2019acheter en ligne<\/strong> des <em><a href=\"https:\/\/www.oliquide.com\/recharge-liquides.?p2[]=64\">e-liquides<\/a><\/em>, du mat\u00e9riel ou des accessoires.<\/p>\n<p data-start=\"2193\" data-end=\"2297\">Cette disposition, inscrite noir sur blanc dans le projet de loi, aurait des cons\u00e9quences imm\u00e9diates :<\/p>\n<ul data-start=\"2298\" data-end=\"2496\">\n<li data-start=\"2298\" data-end=\"2358\">\n<p data-start=\"2300\" data-end=\"2358\">disparition pure et simple du <strong data-start=\"2330\" data-end=\"2355\">e-commerce de la vape<\/strong>,<\/p>\n<\/li>\n<li data-start=\"2359\" data-end=\"2417\">\n<p data-start=\"2361\" data-end=\"2417\">perte de confort et de libert\u00e9 pour les consommateurs,<\/p>\n<\/li>\n<li data-start=\"2418\" data-end=\"2496\">\n<p data-start=\"2420\" data-end=\"2496\">et surtout, <strong data-start=\"2432\" data-end=\"2454\">un tiers du march\u00e9<\/strong> qui s\u2019\u00e9vaporerait du jour au lendemain.<\/p>\n<\/li>\n<\/ul>\n<p data-start=\"2498\" data-end=\"2788\">Pour beaucoup de vapoteurs, notamment ceux vivant dans des zones rurales ou sans boutique proche, cette mesure reviendrait \u00e0 <strong data-start=\"2623\" data-end=\"2672\">les priver d\u2019acc\u00e8s \u00e0 leurs produits habituels<\/strong>. Sans parler des risques d\u2019un <strong data-start=\"2703\" data-end=\"2723\">march\u00e9 parall\u00e8le<\/strong>, incontr\u00f4l\u00e9 et potentiellement dangereux pour la sant\u00e9 publique.<\/p>\n<\/div>\n<div>\n<h2 data-start=\"2795\" data-end=\"2873\"><span class=\"ez-toc-section\" id=\"Les_boutiques_specialisees_sous_agrement_vers_une_mise_sous_tutelle\"><\/span><strong>Les boutiques sp\u00e9cialis\u00e9es sous agr\u00e9ment : vers une mise sous tutelle ?<\/strong><span class=\"ez-toc-section-end\"><\/span><\/h2>\n<p data-start=\"2875\" data-end=\"3063\">Le projet de loi ne s\u2019arr\u00eate pas l\u00e0. Il pr\u00e9voit \u00e9galement de <strong data-start=\"2936\" data-end=\"2985\">soumettre les vape shops \u00e0 un agr\u00e9ment d\u2019\u00c9tat<\/strong>, les pla\u00e7ant dans le m\u00eame cadre administratif que les <strong data-start=\"3040\" data-end=\"3060\">bureaux de tabac<\/strong>.<\/p>\n<p data-start=\"3065\" data-end=\"3332\">Seuls les <strong data-start=\"3075\" data-end=\"3089\">buralistes<\/strong> ou les <strong data-start=\"3097\" data-end=\"3143\">\u00e9tablissements agr\u00e9\u00e9s par l\u2019administration<\/strong> pourraient vendre des produits du vapotage. Ces commerces devraient remplir des conditions strictes d\u2019honorabilit\u00e9, de formation et de capacit\u00e9 juridique, pr\u00e9cis\u00e9es plus tard par d\u00e9cret.<\/p>\n<p data-start=\"3334\" data-end=\"3563\">Sur le papier, cela peut sembler une simple formalit\u00e9. Dans les faits, cela reviendrait \u00e0 <strong data-start=\"3424\" data-end=\"3469\">mettre sous tutelle un r\u00e9seau ind\u00e9pendant<\/strong> qui s\u2019est d\u00e9velopp\u00e9 depuis plus de dix ans, souvent port\u00e9 par d\u2019anciens fumeurs passionn\u00e9s.<\/p>\n<p data-start=\"3565\" data-end=\"3827\">Les cons\u00e9quences ? Des <strong data-start=\"3588\" data-end=\"3623\">charges administratives lourdes<\/strong>, des <strong data-start=\"3629\" data-end=\"3654\">co\u00fbts suppl\u00e9mentaires<\/strong>, et un risque r\u00e9el de <strong data-start=\"3677\" data-end=\"3718\">disparition de centaines de boutiques<\/strong>. Le tout au profit d\u2019un r\u00e9seau de distribution centralis\u00e9, contr\u00f4l\u00e9, et beaucoup moins proche des vapoteurs.<\/p>\n<\/div>\n<p><img decoding=\"async\" src=\"\/blog\/wp-content\/uploads\/2025\/11\/AdobeStock_615839260_Editorial_Use_Only-scaled.jpeg\" alt=\"\"><\/p>\n<div>\n<h2 data-start=\"3834\" data-end=\"3889\"><span class=\"ez-toc-section\" id=\"Une_mesure_a_contre-courant_de_la_sante_publique\"><\/span><strong>Une mesure \u00e0 contre-courant de la sant\u00e9 publique<\/strong><span class=\"ez-toc-section-end\"><\/span><\/h2>\n<p data-start=\"3891\" data-end=\"4145\">Ces nouvelles r\u00e8gles s\u2019inscrivent officiellement dans le <em><a href=\"https:\/\/www.grand-est.ars.sante.fr\/le-programme-de-lutte-contre-le-tabac-2023-2027-nationalregional#:~:text=Le%20Programme%20national%20de%20lutte%20contre%20le%20tabagisme%20(PNLT)%202023,le%20pr%C3%A9sident%20de%20la%20R%C3%A9publique.\"><strong data-start=\"3948\" data-end=\"3985\">Plan national antitabac 2023\u20132027<\/strong><\/a><\/em>. L\u2019objectif affich\u00e9 du gouvernement : harmoniser la fiscalit\u00e9 des \u201cproduits \u00e0 fumer\u201d.<br data-start=\"4071\" data-end=\"4074\" \/>Mais le probl\u00e8me, c\u2019est que <strong data-start=\"4102\" data-end=\"4142\">la vape n\u2019est pas un produit \u00e0 fumer<\/strong>.<\/p>\n<p data-start=\"4147\" data-end=\"4452\">Assimiler la cigarette \u00e9lectronique au tabac, c\u2019est <strong data-start=\"4199\" data-end=\"4241\">nier son r\u00f4le de r\u00e9duction des risques<\/strong>.<br data-start=\"4242\" data-end=\"4245\" \/>Depuis son arriv\u00e9e sur le march\u00e9, la vape a permis \u00e0 des millions de Fran\u00e7ais de <strong data-start=\"4326\" data-end=\"4349\">sortir du tabagisme<\/strong>. Elle reste aujourd\u2019hui <strong data-start=\"4374\" data-end=\"4403\">le moyen le plus efficace<\/strong> pour d\u00e9crocher de la cigarette traditionnelle.<\/p>\n<p data-start=\"4454\" data-end=\"4623\">De nombreuses \u00e9tudes \u2014 fran\u00e7aises comme internationales \u2014 montrent que la vape est <strong data-start=\"4537\" data-end=\"4567\">au moins 90 % moins nocive<\/strong> que le tabac. Alors pourquoi la traiter comme telle ?<\/p>\n<\/div>\n<div>\n<h2 data-start=\"4630\" data-end=\"4663\"><span class=\"ez-toc-section\" id=\"La_mobilisation_sorganise\"><\/span><strong>La mobilisation s\u2019organise<\/strong><span class=\"ez-toc-section-end\"><\/span><\/h2>\n<p data-start=\"158\" data-end=\"465\">Face \u00e0 ce projet de loi, <strong data-start=\"183\" data-end=\"196\">la <a href=\"https:\/\/fivape.org\/\">FIVAPE<\/a> <\/strong>(F\u00e9d\u00e9ration interprofessionnelle de la vape) a r\u00e9agi imm\u00e9diatement, d\u00e9non\u00e7ant une mesure <strong data-start=\"286\" data-end=\"353\">\u201c\u00e0 contre-courant de l\u2019int\u00e9r\u00eat g\u00e9n\u00e9ral et de la sant\u00e9 publique\u201d<\/strong>. L\u2019organisation a annonc\u00e9 mobiliser <strong data-start=\"390\" data-end=\"409\">tous ses moyens<\/strong> pour obtenir le <strong data-start=\"426\" data-end=\"453\">retrait de l\u2019article 23<\/strong> du texte.<\/p>\n<p data-start=\"467\" data-end=\"705\">Pour permettre \u00e0 chacun de faire entendre sa voix, la FIVAPE a \u00e9galement lanc\u00e9 une p\u00e9tition nationale intitul\u00e9e <a href=\"https:\/\/www.change.org\/p\/vaper-n-est-pas-fumer-lettre-%C3%A0-nos-%C3%A9lus\"><em><strong data-start=\"579\" data-end=\"604\">\u201cNe tuez pas la vape\u201d<\/strong>, disponible sur<\/em> Change.org<\/a>.<\/p>\n<p data-start=\"707\" data-end=\"956\">De nombreux professionnels de la vape, associations de consommateurs et vapoteurs ind\u00e9pendants partagent cette inqui\u00e9tude.<br data-start=\"829\" data-end=\"832\" \/>L\u2019esprit du secteur a toujours repos\u00e9 sur une id\u00e9e simple : <strong data-start=\"892\" data-end=\"953\">proposer une alternative libre, responsable et accessible<\/strong>.<\/p>\n<\/div>\n<p><img decoding=\"async\" src=\"\/blog\/wp-content\/uploads\/2025\/11\/logo-fivape-rvb-1024x394-1.png\" alt=\"\"><\/p>\n<div>\n<h2 data-start=\"5230\" data-end=\"5252\"><span class=\"ez-toc-section\" id=\"Et_maintenant\"><\/span><strong>Et maintenant ?<\/strong><span class=\"ez-toc-section-end\"><\/span><\/h2>\n<p data-start=\"5254\" data-end=\"5477\">Chez <a href=\"https:\/\/www.oliquide.com\/\"><strong><em>Oliquide<\/em><\/strong><\/a>, nous croyons profond\u00e9ment \u00e0 la <strong data-start=\"5300\" data-end=\"5352\">vape comme outil de libert\u00e9 et de sant\u00e9 publique<\/strong>.<br data-start=\"5353\" data-end=\"5356\" \/>Ce projet de loi, tel qu\u2019il est r\u00e9dig\u00e9 aujourd\u2019hui, risque de freiner un mouvement positif qui a d\u00e9j\u00e0 fait ses preuves.<\/p>\n<p data-start=\"5479\" data-end=\"5686\">Nous suivrons attentivement l\u2019\u00e9volution du texte dans les semaines \u00e0 venir et continuerons \u00e0 <strong data-start=\"5572\" data-end=\"5629\">informer, expliquer et d\u00e9fendre une vape ind\u00e9pendante<\/strong>, respectueuse des vapoteurs comme des anciens fumeurs.<\/p>\n<p data-start=\"5688\" data-end=\"5774\">En attendant, restons vigilants, unis, et surtout\u2026 <strong data-start=\"5739\" data-end=\"5774\">continuons \u00e0 vapoter librement.<\/strong><\/p>\n<\/div>\n<div>\n<h2><span class=\"ez-toc-section\" id=\"FAQ_%E2%80%93_Projet_de_loi_2026_et_vape_ce_quil_faut_savoir\"><\/span><strong>FAQ \u2013 Projet de loi 2026 et vape : ce qu\u2019il faut savoir<\/strong><span class=\"ez-toc-section-end\"><\/span><\/h2>\n<\/div>\n<ul>\n<li>\n<h3>Qu\u2019est-ce que le projet de loi de Finances 2026 change pour la vape ?<\/h3>\n<div>\n<p data-start=\"484\" data-end=\"572\">Le projet de loi de Finances 2026 introduit trois grandes mesures concernant la vape :<\/p>\n<ul data-start=\"573\" data-end=\"813\">\n<li data-start=\"573\" data-end=\"609\">\n<p data-start=\"575\" data-end=\"609\">une <strong data-start=\"579\" data-end=\"606\">taxe sur les e-liquides<\/strong>,<\/p>\n<\/li>\n<li data-start=\"610\" data-end=\"654\">\n<p data-start=\"612\" data-end=\"654\"><strong data-start=\"612\" data-end=\"651\">l\u2019interdiction de la vente en ligne<\/strong>,<\/p>\n<\/li>\n<li data-start=\"655\" data-end=\"813\">\n<p data-start=\"657\" data-end=\"813\">et un <strong data-start=\"663\" data-end=\"719\">changement de statut pour les boutiques sp\u00e9cialis\u00e9es<\/strong>, qui devraient obtenir un agr\u00e9ment d\u2019\u00c9tat pour continuer \u00e0 vendre des produits du vapotage.<\/p>\n<\/li>\n<\/ul>\n<p data-start=\"815\" data-end=\"879\">Ces dispositions sont regroup\u00e9es dans l\u2019<strong data-start=\"855\" data-end=\"869\">article 23<\/strong> du texte.<\/p>\n<\/div>\n<\/li>\n<li>\n<h3>Combien co\u00fbtera la taxe sur les e-liquides ?<\/h3>\n<div>\n<p data-start=\"942\" data-end=\"981\">Le gouvernement pr\u00e9voit une taxe de :<\/p>\n<ul data-start=\"982\" data-end=\"1104\">\n<li data-start=\"982\" data-end=\"1065\">\n<p data-start=\"984\" data-end=\"1065\"><strong data-start=\"984\" data-end=\"1009\">0,03 \u20ac par millilitre<\/strong> pour les e-liquides jusqu\u2019\u00e0 <strong data-start=\"1038\" data-end=\"1062\">15 mg\/ml de nicotine<\/strong>,<\/p>\n<\/li>\n<li data-start=\"1066\" data-end=\"1104\">\n<p data-start=\"1068\" data-end=\"1104\"><strong data-start=\"1068\" data-end=\"1093\">0,05 \u20ac par millilitre<\/strong> au-del\u00e0.<\/p>\n<\/li>\n<\/ul>\n<p data-start=\"1106\" data-end=\"1294\">Concr\u00e8tement, cela repr\u00e9sente environ <strong data-start=\"1144\" data-end=\"1177\">0,30 \u00e0 0,50 \u20ac suppl\u00e9mentaires<\/strong> par flacon de 10 ml.<br data-start=\"1198\" data-end=\"1201\" \/>Cette hausse pourrait \u00eatre r\u00e9percut\u00e9e directement sur le prix final pay\u00e9 par le consommateur.<\/p>\n<\/div>\n<\/li>\n<li>\n<h3>La vente en ligne de produits de vape sera-t-elle vraiment interdite ?<\/h3>\n<div>\n<p>Oui, si le texte est adopt\u00e9 tel quel.<br data-start=\"1420\" data-end=\"1423\" \/>L\u2019article L.3513-18-4 interdit <strong data-start=\"1454\" data-end=\"1480\">toute vente \u00e0 distance<\/strong> de produits du vapotage \u00e0 destination des particuliers.<br data-start=\"1536\" data-end=\"1539\" \/>Cela signifie que <strong data-start=\"1557\" data-end=\"1593\">les sites e-commerce sp\u00e9cialis\u00e9s<\/strong>, comme Oliquide ou d\u2019autres boutiques en ligne, <strong data-start=\"1642\" data-end=\"1671\">ne pourraient plus vendre<\/strong> d\u2019e-liquides, de mat\u00e9riel ou d\u2019accessoires.<\/p>\n<\/div>\n<\/li>\n<li>\n<h3>Que va devenir mon vape shop pr\u00e9f\u00e9r\u00e9 ?<\/h3>\n<div>\n<p>Les <strong data-start=\"1776\" data-end=\"1799\">boutiques physiques<\/strong> devront \u00eatre <strong data-start=\"1813\" data-end=\"1847\">\u201cagr\u00e9\u00e9es par l\u2019administration\u201d<\/strong> pour pouvoir continuer leur activit\u00e9.<br data-start=\"1885\" data-end=\"1888\" \/>Elles devront r\u00e9pondre \u00e0 des crit\u00e8res d\u2019honorabilit\u00e9, de formation et de conformit\u00e9 fix\u00e9s par d\u00e9cret.<br data-start=\"1989\" data-end=\"1992\" \/>En pratique, cela pourrait <strong data-start=\"2019\" data-end=\"2062\">alourdir consid\u00e9rablement les d\u00e9marches<\/strong> pour les g\u00e9rants et <strong data-start=\"2083\" data-end=\"2104\">menacer la survie<\/strong> de nombreuses petites enseignes ind\u00e9pendantes.<\/p>\n<\/div>\n<\/li>\n<li>\n<h3>Pourquoi assimiler la vape aux produits du tabac pose probl\u00e8me ?<\/h3>\n<div>\n<p>Parce que <strong data-start=\"2244\" data-end=\"2274\">la vape n\u2019est pas du tabac<\/strong>.<br data-start=\"2275\" data-end=\"2278\" \/>Elle ne contient pas de combustion, pas de goudrons, et beaucoup moins de substances toxiques.<br data-start=\"2372\" data-end=\"2375\" \/>La traiter comme un produit du tabac, c\u2019est <strong data-start=\"2419\" data-end=\"2461\">nier son r\u00f4le de r\u00e9duction des risques<\/strong>, pourtant reconnu par de nombreuses \u00e9tudes et par Sant\u00e9 publique France.<br data-start=\"2534\" data-end=\"2537\" \/>Cette assimilation risque d\u2019<strong data-start=\"2565\" data-end=\"2595\">envoyer un mauvais message<\/strong> aux fumeurs en qu\u00eate d\u2019une alternative plus saine.<\/p>\n<\/div>\n<\/li>\n<li>\n<h3>Est-ce que ces mesures sont d\u00e9j\u00e0 vot\u00e9es ?<\/h3>\n<div>\n<p>Pas encore.<br data-start=\"2717\" data-end=\"2720\" \/>Le projet de loi de Finances 2026 est actuellement <strong data-start=\"2771\" data-end=\"2801\">en discussion au Parlement<\/strong>.<br data-start=\"2802\" data-end=\"2805\" \/>Les d\u00e9bats et amendements vont se poursuivre dans les prochaines semaines avant un vote d\u00e9finitif.<br data-start=\"2903\" data-end=\"2906\" \/>Il est donc encore <strong data-start=\"2925\" data-end=\"2944\">possible d\u2019agir<\/strong> pour faire \u00e9voluer le texte.<\/p>\n<\/div>\n<\/li>\n<li>\n<h3>Quelle est la position d\u2019Oliquide sur ce projet de loi ?<\/h3>\n<div>\n<p>Chez Oliquide, nous d\u00e9fendons une <strong data-start=\"3789\" data-end=\"3832\">vape libre, responsable et ind\u00e9pendante<\/strong>, au service de la sant\u00e9 publique et de la libert\u00e9 de choix des fumeurs.<br data-start=\"3904\" data-end=\"3907\" \/>Nous croyons en une vape <strong data-start=\"3932\" data-end=\"3962\">encadr\u00e9e mais pas \u00e9touff\u00e9e<\/strong>, accessible \u00e0 tous ceux qui souhaitent <strong data-start=\"4002\" data-end=\"4025\">dire adieu au tabac<\/strong>.<br data-start=\"4026\" data-end=\"4029\" \/>Nous continuerons \u00e0 <strong data-start=\"4049\" data-end=\"4087\">informer, mobiliser et accompagner<\/strong> notre communaut\u00e9 tout au long de cette p\u00e9riode.<\/p>\n<\/div>\n<\/li>\n<\/ul>\n<p><!--more--><br \/>\n<!-- {\"type\":\"layout\",\"children\":[{\"type\":\"section\",\"props\":{\"image_position\":\"center-center\",\"style\":\"default\",\"title_breakpoint\":\"xl\",\"title_position\":\"top-left\",\"title_rotation\":\"left\",\"vertical_align\":\"middle\",\"width\":\"default\"},\"children\":[{\"type\":\"row\",\"children\":[{\"type\":\"column\",\"props\":{\"image_position\":\"center-center\",\"position_sticky_breakpoint\":\"m\"},\"children\":[{\"type\":\"image\",\"props\":{\"image\":\"wp-content\\\/uploads\\\/2025\\\/11\\\/BANNIERE-VAPOTAGE-LOI-EN-FRANCE.jpg\",\"image_box_decoration\":\"mask\",\"image_svg_color\":\"emphasis\",\"margin\":\"default\"}},{\"type\":\"headline\",\"props\":{\"content\":\"Projet de loi de Finances 2026 : la vape en danger ?\",\"title_element\":\"h1\"}},{\"type\":\"text\",\"props\":{\"column_breakpoint\":\"m\",\"content\":\"\n\n<p>Depuis quelques jours, le monde de la vape retient son souffle. Le gouvernement a d\\u00e9voil\\u00e9 le <em><a href=\\\"https:\\\/\\\/france3-regions.franceinfo.fr\\\/centre-val-de-loire\\\/eure-et-loir\\\/projet-de-loi-de-finances-2026-les-professionnels-de-la-vape-craignent-une-mise-a-mort-de-leur-secteur-3241711.html\\\"><strong data-start=\\\"481\\\" data-end=\\\"515\\\">projet de loi de Finances 2026<\\\/strong><\\\/a><\\\/em>, et parmi les nombreuses mesures annonc\\u00e9es, plusieurs concernent directement le vapotage. Une <strong data-start=\\\"610\\\" data-end=\\\"637\\\">taxe sur les<em><a href=\\\"https:\\\/\\\/www.oliquide.com\\\/recharge-liquides.?p2[]=64\\\"> e-liquides<\\\/a><\\\/em><\\\/strong><em>,<\\\/em> <strong data-start=\\\"639\\\" data-end=\\\"678\\\">l\\u2019interdiction de la vente en ligne<\\\/strong>, et un <strong data-start=\\\"686\\\" data-end=\\\"742\\\">changement de statut pour les boutiques sp\\u00e9cialis\\u00e9es<\\\/strong> : trois dispositions qui, si elles \\u00e9taient vot\\u00e9es en l\\u2019\\u00e9tat, pourraient profond\\u00e9ment transformer (ou fragiliser) la fili\\u00e8re.<\\\/p>\",\"margin\":\"default\"}},{\"type\":\"html\",\"props\":{\"content\":\"[ez-toc]\"}}]}]}]},{\"type\":\"section\",\"props\":{\"image_position\":\"center-center\",\"padding_remove_top\":true,\"style\":\"default\",\"title_breakpoint\":\"xl\",\"title_position\":\"top-left\",\"title_rotation\":\"left\",\"vertical_align\":\"middle\",\"width\":\"default\"},\"children\":[{\"type\":\"row\",\"children\":[{\"type\":\"column\",\"props\":{\"image_position\":\"center-center\",\"position_sticky_breakpoint\":\"m\"},\"children\":[{\"type\":\"text\",\"props\":{\"column_breakpoint\":\"m\",\"content\":\"\n\n<h2 data-start=\\\"874\\\" data-end=\\\"917\\\"><strong>Une nouvelle taxe sur les e-liquides<\\\/strong><\\\/h2>\",\"margin\":\"default\"}}]}]},{\"type\":\"row\",\"props\":{\"layout\":\"1-2,1-2\"},\"children\":[{\"type\":\"column\",\"props\":{\"image_position\":\"center-center\",\"position_sticky_breakpoint\":\"m\",\"width_medium\":\"1-2\"},\"children\":[{\"type\":\"text\",\"props\":{\"column_breakpoint\":\"m\",\"content\":\"\n\n<p data-start=\\\"919\\\" data-end=\\\"1066\\\">Le texte pr\\u00e9voit une <strong data-start=\\\"940\\\" data-end=\\\"972\\\">fiscalisation des <em><a href=\\\"https:\\\/\\\/www.oliquide.com\\\/recharge-liquides.?p2[]=64\\\">e-liquides<\\\/a><\\\/em><\\\/strong>, sur le mod\\u00e8le des accises d\\u00e9j\\u00e0 appliqu\\u00e9es au tabac. Deux niveaux de taxation sont propos\\u00e9s :<\\\/p>\\n\n\n<ul data-start=\\\"1068\\\" data-end=\\\"1211\\\">\\n\n\n<li data-start=\\\"1068\\\" data-end=\\\"1160\\\">\\n\n\n<p data-start=\\\"1070\\\" data-end=\\\"1160\\\"><strong data-start=\\\"1070\\\" data-end=\\\"1095\\\">0,03 \\u20ac par millilitre<\\\/strong> pour les liquides contenant <strong data-start=\\\"1124\\\" data-end=\\\"1156\\\">jusqu\\u2019\\u00e0 15 mg\\\/ml de nicotine<\\\/strong> ;<\\\/p>\\n<\\\/li>\\n\n\n<li data-start=\\\"1161\\\" data-end=\\\"1211\\\">\\n\n\n<p data-start=\\\"1163\\\" data-end=\\\"1211\\\"><strong data-start=\\\"1163\\\" data-end=\\\"1188\\\">0,05 \\u20ac par millilitre<\\\/strong> au-del\\u00e0 de ce seuil.<\\\/p>\\n<\\\/li>\\n<\\\/ul>\\n\n\n<p data-start=\\\"1213\\\" data-end=\\\"1363\\\">Concr\\u00e8tement, cela repr\\u00e9senterait <strong data-start=\\\"1247\\\" data-end=\\\"1265\\\">0,50 \\u20ac de plus<\\\/strong> sur un flacon de 10 ml \\u00e0 taux \\u00e9lev\\u00e9, si la taxe \\u00e9tait enti\\u00e8rement r\\u00e9percut\\u00e9e sur le prix final.<\\\/p>\\n\n\n<p data-start=\\\"1365\\\" data-end=\\\"1648\\\">Pour les vapoteurs, cette hausse peut sembler modeste \\u00e0 premi\\u00e8re vue, mais son impact cumul\\u00e9 est loin d\\u2019\\u00eatre n\\u00e9gligeable \\u2014 d\\u2019autant plus qu\\u2019elle s\\u2019appliquerait \\u00e0 <strong data-start=\\\"1527\\\" data-end=\\\"1558\\\">tous les <em><a href=\\\"https:\\\/\\\/www.oliquide.com\\\/recharge-liquides.?p2[]=64\\\">liquides<\\\/a> <\\\/em>nicotin\\u00e9s<\\\/strong>, y compris ceux utilis\\u00e9s dans des dispositifs visant \\u00e0 <strong data-start=\\\"1614\\\" data-end=\\\"1645\\\">r\\u00e9duire ou arr\\u00eater le tabac<\\\/strong>.<\\\/p>\\n\n\n<p data-start=\\\"1650\\\" data-end=\\\"1906\\\">\\ud83d\\udc49 Une mesure paradoxale, quand on sait que la vape est reconnue par de nombreuses autorit\\u00e9s de sant\\u00e9 comme <strong data-start=\\\"1758\\\" data-end=\\\"1795\\\">une alternative bien moins nocive<\\\/strong> \\u00e0 la cigarette. Taxer la vape, c\\u2019est aussi risquer de <strong data-start=\\\"1850\\\" data-end=\\\"1875\\\">p\\u00e9naliser les fumeurs<\\\/strong> qui cherchent \\u00e0 s\\u2019en d\\u00e9tacher.<\\\/p>\",\"margin\":\"default\"}}]},{\"type\":\"column\",\"props\":{\"image_position\":\"center-center\",\"position_sticky_breakpoint\":\"m\",\"vertical_align\":\"middle\",\"width_medium\":\"1-2\"},\"children\":[{\"type\":\"image\",\"props\":{\"image\":\"wp-content\\\/uploads\\\/2025\\\/11\\\/ChatGPT-Image-3-nov.-2025-11_51_18.png\",\"image_box_decoration\":\"mask\",\"image_svg_color\":\"emphasis\",\"margin\":\"default\"}}]}]}]},{\"type\":\"section\",\"props\":{\"image_position\":\"center-center\",\"padding_remove_top\":true,\"style\":\"default\",\"title_breakpoint\":\"xl\",\"title_position\":\"top-left\",\"title_rotation\":\"left\",\"vertical_align\":\"middle\",\"width\":\"default\"},\"children\":[{\"type\":\"row\",\"children\":[{\"type\":\"column\",\"props\":{\"image_position\":\"center-center\",\"position_sticky_breakpoint\":\"m\"},\"children\":[{\"type\":\"text\",\"props\":{\"column_breakpoint\":\"m\",\"content\":\"\n\n<h2 data-start=\\\"1913\\\" data-end=\\\"1969\\\"><strong>Fin de la vente en ligne : un retour en arri\\u00e8re ?<\\\/strong><\\\/h2>\\n\n\n<p data-start=\\\"1971\\\" data-end=\\\"2191\\\">Autre mesure choc : <strong data-start=\\\"1991\\\" data-end=\\\"2039\\\">l\\u2019interdiction totale de la vente \\u00e0 distance<\\\/strong> de produits du vapotage. En clair, il deviendrait <strong data-start=\\\"2090\\\" data-end=\\\"2143\\\">impossible pour un particulier d\\u2019acheter en ligne<\\\/strong> des <em><a href=\\\"https:\\\/\\\/www.oliquide.com\\\/recharge-liquides.?p2[]=64\\\">e-liquides<\\\/a><\\\/em>, du mat\\u00e9riel ou des accessoires.<\\\/p>\\n\n\n<p data-start=\\\"2193\\\" data-end=\\\"2297\\\">Cette disposition, inscrite noir sur blanc dans le projet de loi, aurait des cons\\u00e9quences imm\\u00e9diates :<\\\/p>\\n\n\n<ul data-start=\\\"2298\\\" data-end=\\\"2496\\\">\\n\n\n<li data-start=\\\"2298\\\" data-end=\\\"2358\\\">\\n\n\n<p data-start=\\\"2300\\\" data-end=\\\"2358\\\">disparition pure et simple du <strong data-start=\\\"2330\\\" data-end=\\\"2355\\\">e-commerce de la vape<\\\/strong>,<\\\/p>\\n<\\\/li>\\n\n\n<li data-start=\\\"2359\\\" data-end=\\\"2417\\\">\\n\n\n<p data-start=\\\"2361\\\" data-end=\\\"2417\\\">perte de confort et de libert\\u00e9 pour les consommateurs,<\\\/p>\\n<\\\/li>\\n\n\n<li data-start=\\\"2418\\\" data-end=\\\"2496\\\">\\n\n\n<p data-start=\\\"2420\\\" data-end=\\\"2496\\\">et surtout, <strong data-start=\\\"2432\\\" data-end=\\\"2454\\\">un tiers du march\\u00e9<\\\/strong> qui s\\u2019\\u00e9vaporerait du jour au lendemain.<\\\/p>\\n<\\\/li>\\n<\\\/ul>\\n\n\n<p data-start=\\\"2498\\\" data-end=\\\"2788\\\">Pour beaucoup de vapoteurs, notamment ceux vivant dans des zones rurales ou sans boutique proche, cette mesure reviendrait \\u00e0 <strong data-start=\\\"2623\\\" data-end=\\\"2672\\\">les priver d\\u2019acc\\u00e8s \\u00e0 leurs produits habituels<\\\/strong>. Sans parler des risques d\\u2019un <strong data-start=\\\"2703\\\" data-end=\\\"2723\\\">march\\u00e9 parall\\u00e8le<\\\/strong>, incontr\\u00f4l\\u00e9 et potentiellement dangereux pour la sant\\u00e9 publique.<\\\/p>\",\"margin\":\"default\"}}]}]}]},{\"type\":\"section\",\"props\":{\"image_position\":\"center-center\",\"padding_remove_top\":true,\"style\":\"default\",\"title_breakpoint\":\"xl\",\"title_position\":\"top-left\",\"title_rotation\":\"left\",\"vertical_align\":\"middle\",\"width\":\"default\"},\"children\":[{\"type\":\"row\",\"children\":[{\"type\":\"column\",\"props\":{\"image_position\":\"center-center\",\"position_sticky_breakpoint\":\"m\"},\"children\":[{\"type\":\"text\",\"props\":{\"column_breakpoint\":\"m\",\"content\":\"\n\n<h2 data-start=\\\"2795\\\" data-end=\\\"2873\\\"><strong>Les boutiques sp\\u00e9cialis\\u00e9es sous agr\\u00e9ment : vers une mise sous tutelle ?<\\\/strong><\\\/h2>\\n\n\n<p data-start=\\\"2875\\\" data-end=\\\"3063\\\">Le projet de loi ne s\\u2019arr\\u00eate pas l\\u00e0. Il pr\\u00e9voit \\u00e9galement de <strong data-start=\\\"2936\\\" data-end=\\\"2985\\\">soumettre les vape shops \\u00e0 un agr\\u00e9ment d\\u2019\\u00c9tat<\\\/strong>, les pla\\u00e7ant dans le m\\u00eame cadre administratif que les <strong data-start=\\\"3040\\\" data-end=\\\"3060\\\">bureaux de tabac<\\\/strong>.<\\\/p>\\n\n\n<p data-start=\\\"3065\\\" data-end=\\\"3332\\\">Seuls les <strong data-start=\\\"3075\\\" data-end=\\\"3089\\\">buralistes<\\\/strong> ou les <strong data-start=\\\"3097\\\" data-end=\\\"3143\\\">\\u00e9tablissements agr\\u00e9\\u00e9s par l\\u2019administration<\\\/strong> pourraient vendre des produits du vapotage. Ces commerces devraient remplir des conditions strictes d\\u2019honorabilit\\u00e9, de formation et de capacit\\u00e9 juridique, pr\\u00e9cis\\u00e9es plus tard par d\\u00e9cret.<\\\/p>\\n\n\n<p data-start=\\\"3334\\\" data-end=\\\"3563\\\">Sur le papier, cela peut sembler une simple formalit\\u00e9. Dans les faits, cela reviendrait \\u00e0 <strong data-start=\\\"3424\\\" data-end=\\\"3469\\\">mettre sous tutelle un r\\u00e9seau ind\\u00e9pendant<\\\/strong> qui s\\u2019est d\\u00e9velopp\\u00e9 depuis plus de dix ans, souvent port\\u00e9 par d\\u2019anciens fumeurs passionn\\u00e9s.<\\\/p>\\n\n\n<p data-start=\\\"3565\\\" data-end=\\\"3827\\\">Les cons\\u00e9quences ? Des <strong data-start=\\\"3588\\\" data-end=\\\"3623\\\">charges administratives lourdes<\\\/strong>, des <strong data-start=\\\"3629\\\" data-end=\\\"3654\\\">co\\u00fbts suppl\\u00e9mentaires<\\\/strong>, et un risque r\\u00e9el de <strong data-start=\\\"3677\\\" data-end=\\\"3718\\\">disparition de centaines de boutiques<\\\/strong>. Le tout au profit d\\u2019un r\\u00e9seau de distribution centralis\\u00e9, contr\\u00f4l\\u00e9, et beaucoup moins proche des vapoteurs.<\\\/p>\",\"margin\":\"default\"}}]}]},{\"type\":\"row\",\"children\":[{\"type\":\"column\",\"props\":{\"image_position\":\"center-center\",\"position_sticky_breakpoint\":\"m\"},\"children\":[{\"type\":\"image\",\"props\":{\"image\":\"wp-content\\\/uploads\\\/2025\\\/11\\\/AdobeStock_615839260_Editorial_Use_Only-scaled.jpeg\",\"image_height\":500,\"image_svg_color\":\"emphasis\",\"image_width\":2000,\"margin\":\"default\"}}]}]}]},{\"type\":\"section\",\"props\":{\"image_position\":\"center-center\",\"padding_remove_top\":true,\"style\":\"default\",\"title_breakpoint\":\"xl\",\"title_position\":\"top-left\",\"title_rotation\":\"left\",\"vertical_align\":\"middle\",\"width\":\"default\"},\"children\":[{\"type\":\"row\",\"children\":[{\"type\":\"column\",\"props\":{\"image_position\":\"center-center\",\"position_sticky_breakpoint\":\"m\"},\"children\":[{\"type\":\"text\",\"props\":{\"column_breakpoint\":\"m\",\"content\":\"\n\n<h2 data-start=\\\"3834\\\" data-end=\\\"3889\\\"><strong>Une mesure \\u00e0 contre-courant de la sant\\u00e9 publique<\\\/strong><\\\/h2>\\n\n\n<p data-start=\\\"3891\\\" data-end=\\\"4145\\\">Ces nouvelles r\\u00e8gles s\\u2019inscrivent officiellement dans le <em><a href=\\\"https:\\\/\\\/www.grand-est.ars.sante.fr\\\/le-programme-de-lutte-contre-le-tabac-2023-2027-nationalregional#:~:text=Le%20Programme%20national%20de%20lutte%20contre%20le%20tabagisme%20(PNLT)%202023,le%20pr%C3%A9sident%20de%20la%20R%C3%A9publique.\\\"><strong data-start=\\\"3948\\\" data-end=\\\"3985\\\">Plan national antitabac 2023\\u20132027<\\\/strong><\\\/a><\\\/em>. L\\u2019objectif affich\\u00e9 du gouvernement : harmoniser la fiscalit\\u00e9 des \\u201cproduits \\u00e0 fumer\\u201d.<br data-start=\\\"4071\\\" data-end=\\\"4074\\\" \\\/>Mais le probl\\u00e8me, c\\u2019est que <strong data-start=\\\"4102\\\" data-end=\\\"4142\\\">la vape n\\u2019est pas un produit \\u00e0 fumer<\\\/strong>.<\\\/p>\\n\n\n<p data-start=\\\"4147\\\" data-end=\\\"4452\\\">Assimiler la cigarette \\u00e9lectronique au tabac, c\\u2019est <strong data-start=\\\"4199\\\" data-end=\\\"4241\\\">nier son r\\u00f4le de r\\u00e9duction des risques<\\\/strong>.<br data-start=\\\"4242\\\" data-end=\\\"4245\\\" \\\/>Depuis son arriv\\u00e9e sur le march\\u00e9, la vape a permis \\u00e0 des millions de Fran\\u00e7ais de <strong data-start=\\\"4326\\\" data-end=\\\"4349\\\">sortir du tabagisme<\\\/strong>. Elle reste aujourd\\u2019hui <strong data-start=\\\"4374\\\" data-end=\\\"4403\\\">le moyen le plus efficace<\\\/strong> pour d\\u00e9crocher de la cigarette traditionnelle.<\\\/p>\\n\n\n<p data-start=\\\"4454\\\" data-end=\\\"4623\\\">De nombreuses \\u00e9tudes \\u2014 fran\\u00e7aises comme internationales \\u2014 montrent que la vape est <strong data-start=\\\"4537\\\" data-end=\\\"4567\\\">au moins 90 % moins nocive<\\\/strong> que le tabac. Alors pourquoi la traiter comme telle ?<\\\/p>\",\"margin\":\"default\"}}]}]}]},{\"type\":\"section\",\"props\":{\"image_position\":\"center-center\",\"padding_remove_top\":true,\"style\":\"default\",\"title_breakpoint\":\"xl\",\"title_position\":\"top-left\",\"title_rotation\":\"left\",\"vertical_align\":\"middle\",\"width\":\"default\"},\"children\":[{\"type\":\"row\",\"props\":{\"layout\":\"2-3,1-3\"},\"children\":[{\"type\":\"column\",\"props\":{\"image_position\":\"center-center\",\"position_sticky_breakpoint\":\"m\",\"width_medium\":\"2-3\"},\"children\":[{\"type\":\"text\",\"props\":{\"column_breakpoint\":\"m\",\"content\":\"\n\n<h2 data-start=\\\"4630\\\" data-end=\\\"4663\\\"><strong>La mobilisation s\\u2019organise<\\\/strong><\\\/h2>\\n\n\n<p data-start=\\\"158\\\" data-end=\\\"465\\\">Face \\u00e0 ce projet de loi, <strong data-start=\\\"183\\\" data-end=\\\"196\\\">la <a href=\\\"https:\\\/\\\/fivape.org\\\/\\\">FIVAPE<\\\/a> <\\\/strong>(F\\u00e9d\\u00e9ration interprofessionnelle de la vape) a r\\u00e9agi imm\\u00e9diatement, d\\u00e9non\\u00e7ant une mesure <strong data-start=\\\"286\\\" data-end=\\\"353\\\">\\u201c\\u00e0 contre-courant de l\\u2019int\\u00e9r\\u00eat g\\u00e9n\\u00e9ral et de la sant\\u00e9 publique\\u201d<\\\/strong>. L\\u2019organisation a annonc\\u00e9 mobiliser <strong data-start=\\\"390\\\" data-end=\\\"409\\\">tous ses moyens<\\\/strong> pour obtenir le <strong data-start=\\\"426\\\" data-end=\\\"453\\\">retrait de l\\u2019article 23<\\\/strong> du texte.<\\\/p>\\n\n\n<p data-start=\\\"467\\\" data-end=\\\"705\\\">Pour permettre \\u00e0 chacun de faire entendre sa voix, la FIVAPE a \\u00e9galement lanc\\u00e9 une p\\u00e9tition nationale intitul\\u00e9e <a href=\\\"https:\\\/\\\/www.change.org\\\/p\\\/vaper-n-est-pas-fumer-lettre-%C3%A0-nos-%C3%A9lus\\\"><em><strong data-start=\\\"579\\\" data-end=\\\"604\\\">\\u201cNe tuez pas la vape\\u201d<\\\/strong>, disponible sur<\\\/em> Change.org<\\\/a>.<\\\/p>\\n\n\n<p data-start=\\\"707\\\" data-end=\\\"956\\\">De nombreux professionnels de la vape, associations de consommateurs et vapoteurs ind\\u00e9pendants partagent cette inqui\\u00e9tude.<br data-start=\\\"829\\\" data-end=\\\"832\\\" \\\/>L\\u2019esprit du secteur a toujours repos\\u00e9 sur une id\\u00e9e simple : <strong data-start=\\\"892\\\" data-end=\\\"953\\\">proposer une alternative libre, responsable et accessible<\\\/strong>.<\\\/p>\",\"margin\":\"default\"}}]},{\"type\":\"column\",\"props\":{\"image_position\":\"center-center\",\"position_sticky_breakpoint\":\"m\",\"vertical_align\":\"middle\",\"width_medium\":\"1-3\"},\"children\":[{\"type\":\"image\",\"props\":{\"image\":\"wp-content\\\/uploads\\\/2025\\\/11\\\/logo-fivape-rvb-1024x394-1.png\",\"image_svg_color\":\"emphasis\",\"margin\":\"default\"}}]}]}]},{\"type\":\"section\",\"props\":{\"image_position\":\"center-center\",\"padding_remove_top\":true,\"style\":\"default\",\"title_breakpoint\":\"xl\",\"title_position\":\"top-left\",\"title_rotation\":\"left\",\"vertical_align\":\"middle\",\"width\":\"default\"},\"children\":[{\"type\":\"row\",\"children\":[{\"type\":\"column\",\"props\":{\"image_position\":\"center-center\",\"position_sticky_breakpoint\":\"m\"},\"children\":[{\"type\":\"text\",\"props\":{\"column_breakpoint\":\"m\",\"content\":\"\n\n<h2 data-start=\\\"5230\\\" data-end=\\\"5252\\\"><strong>Et maintenant ?<\\\/strong><\\\/h2>\\n\n\n<p data-start=\\\"5254\\\" data-end=\\\"5477\\\">Chez <a href=\\\"https:\\\/\\\/www.oliquide.com\\\/\\\"><strong><em>Oliquide<\\\/em><\\\/strong><\\\/a>, nous croyons profond\\u00e9ment \\u00e0 la <strong data-start=\\\"5300\\\" data-end=\\\"5352\\\">vape comme outil de libert\\u00e9 et de sant\\u00e9 publique<\\\/strong>.<br data-start=\\\"5353\\\" data-end=\\\"5356\\\" \\\/>Ce projet de loi, tel qu\\u2019il est r\\u00e9dig\\u00e9 aujourd\\u2019hui, risque de freiner un mouvement positif qui a d\\u00e9j\\u00e0 fait ses preuves.<\\\/p>\\n\n\n<p data-start=\\\"5479\\\" data-end=\\\"5686\\\">Nous suivrons attentivement l\\u2019\\u00e9volution du texte dans les semaines \\u00e0 venir et continuerons \\u00e0 <strong data-start=\\\"5572\\\" data-end=\\\"5629\\\">informer, expliquer et d\\u00e9fendre une vape ind\\u00e9pendante<\\\/strong>, respectueuse des vapoteurs comme des anciens fumeurs.<\\\/p>\\n\n\n<p data-start=\\\"5688\\\" data-end=\\\"5774\\\">En attendant, restons vigilants, unis, et surtout\\u2026 <strong data-start=\\\"5739\\\" data-end=\\\"5774\\\">continuons \\u00e0 vapoter librement.<\\\/strong><\\\/p>\",\"margin\":\"default\"}}]}]}]},{\"type\":\"section\",\"props\":{\"image_position\":\"center-center\",\"style\":\"default\",\"title_breakpoint\":\"xl\",\"title_position\":\"top-left\",\"title_rotation\":\"left\",\"vertical_align\":\"middle\",\"width\":\"default\"},\"children\":[{\"type\":\"row\",\"children\":[{\"type\":\"column\",\"props\":{\"image_position\":\"center-center\",\"position_sticky_breakpoint\":\"m\"},\"children\":[{\"type\":\"text\",\"props\":{\"column_breakpoint\":\"m\",\"content\":\"\n\n<h2><strong>FAQ \\u2013 Projet de loi 2026 et vape : ce qu\\u2019il faut savoir<\\\/strong><\\\/h2>\",\"margin\":\"default\"}},{\"type\":\"accordion\",\"props\":{\"collapsible\":true,\"content_column_breakpoint\":\"m\",\"image_align\":\"top\",\"image_grid_breakpoint\":\"m\",\"image_grid_width\":\"1-2\",\"image_svg_color\":\"emphasis\",\"link_style\":\"default\",\"link_text\":\"Read more\",\"show_image\":true,\"show_link\":true},\"children\":[{\"type\":\"accordion_item\",\"props\":{\"content\":\"\n\n<p data-start=\\\"484\\\" data-end=\\\"572\\\">Le projet de loi de Finances 2026 introduit trois grandes mesures concernant la vape :<\\\/p>\\n\n\n<ul data-start=\\\"573\\\" data-end=\\\"813\\\">\\n\n\n<li data-start=\\\"573\\\" data-end=\\\"609\\\">\\n\n\n<p data-start=\\\"575\\\" data-end=\\\"609\\\">une <strong data-start=\\\"579\\\" data-end=\\\"606\\\">taxe sur les e-liquides<\\\/strong>,<\\\/p>\\n<\\\/li>\\n\n\n<li data-start=\\\"610\\\" data-end=\\\"654\\\">\\n\n\n<p data-start=\\\"612\\\" data-end=\\\"654\\\"><strong data-start=\\\"612\\\" data-end=\\\"651\\\">l\\u2019interdiction de la vente en ligne<\\\/strong>,<\\\/p>\\n<\\\/li>\\n\n\n<li data-start=\\\"655\\\" data-end=\\\"813\\\">\\n\n\n<p data-start=\\\"657\\\" data-end=\\\"813\\\">et un <strong data-start=\\\"663\\\" data-end=\\\"719\\\">changement de statut pour les boutiques sp\\u00e9cialis\\u00e9es<\\\/strong>, qui devraient obtenir un agr\\u00e9ment d\\u2019\\u00c9tat pour continuer \\u00e0 vendre des produits du vapotage.<\\\/p>\\n<\\\/li>\\n<\\\/ul>\\n\n\n<p data-start=\\\"815\\\" data-end=\\\"879\\\">Ces dispositions sont regroup\\u00e9es dans l\\u2019<strong data-start=\\\"855\\\" data-end=\\\"869\\\">article 23<\\\/strong> du texte.<\\\/p>\",\"title\":\"Qu\\u2019est-ce que le projet de loi de Finances 2026 change pour la vape ?\"}},{\"type\":\"accordion_item\",\"props\":{\"content\":\"\n\n<p data-start=\\\"942\\\" data-end=\\\"981\\\">Le gouvernement pr\\u00e9voit une taxe de :<\\\/p>\\n\n\n<ul data-start=\\\"982\\\" data-end=\\\"1104\\\">\\n\n\n<li data-start=\\\"982\\\" data-end=\\\"1065\\\">\\n\n\n<p data-start=\\\"984\\\" data-end=\\\"1065\\\"><strong data-start=\\\"984\\\" data-end=\\\"1009\\\">0,03 \\u20ac par millilitre<\\\/strong> pour les e-liquides jusqu\\u2019\\u00e0 <strong data-start=\\\"1038\\\" data-end=\\\"1062\\\">15 mg\\\/ml de nicotine<\\\/strong>,<\\\/p>\\n<\\\/li>\\n\n\n<li data-start=\\\"1066\\\" data-end=\\\"1104\\\">\\n\n\n<p data-start=\\\"1068\\\" data-end=\\\"1104\\\"><strong data-start=\\\"1068\\\" data-end=\\\"1093\\\">0,05 \\u20ac par millilitre<\\\/strong> au-del\\u00e0.<\\\/p>\\n<\\\/li>\\n<\\\/ul>\\n\n\n<p data-start=\\\"1106\\\" data-end=\\\"1294\\\">Concr\\u00e8tement, cela repr\\u00e9sente environ <strong data-start=\\\"1144\\\" data-end=\\\"1177\\\">0,30 \\u00e0 0,50 \\u20ac suppl\\u00e9mentaires<\\\/strong> par flacon de 10 ml.<br data-start=\\\"1198\\\" data-end=\\\"1201\\\" \\\/>Cette hausse pourrait \\u00eatre r\\u00e9percut\\u00e9e directement sur le prix final pay\\u00e9 par le consommateur.<\\\/p>\",\"title\":\"Combien co\\u00fbtera la taxe sur les e-liquides ?\"}},{\"type\":\"accordion_item\",\"props\":{\"content\":\"\n\n<p>Oui, si le texte est adopt\\u00e9 tel quel.<br data-start=\\\"1420\\\" data-end=\\\"1423\\\" \\\/>L\\u2019article L.3513-18-4 interdit <strong data-start=\\\"1454\\\" data-end=\\\"1480\\\">toute vente \\u00e0 distance<\\\/strong> de produits du vapotage \\u00e0 destination des particuliers.<br data-start=\\\"1536\\\" data-end=\\\"1539\\\" \\\/>Cela signifie que <strong data-start=\\\"1557\\\" data-end=\\\"1593\\\">les sites e-commerce sp\\u00e9cialis\\u00e9s<\\\/strong>, comme Oliquide ou d\\u2019autres boutiques en ligne, <strong data-start=\\\"1642\\\" data-end=\\\"1671\\\">ne pourraient plus vendre<\\\/strong> d\\u2019e-liquides, de mat\\u00e9riel ou d\\u2019accessoires.<\\\/p>\",\"title\":\"La vente en ligne de produits de vape sera-t-elle vraiment interdite ?\"}},{\"type\":\"accordion_item\",\"props\":{\"content\":\"\n\n<p>Les <strong data-start=\\\"1776\\\" data-end=\\\"1799\\\">boutiques physiques<\\\/strong> devront \\u00eatre <strong data-start=\\\"1813\\\" data-end=\\\"1847\\\">\\u201cagr\\u00e9\\u00e9es par l\\u2019administration\\u201d<\\\/strong> pour pouvoir continuer leur activit\\u00e9.<br data-start=\\\"1885\\\" data-end=\\\"1888\\\" \\\/>Elles devront r\\u00e9pondre \\u00e0 des crit\\u00e8res d\\u2019honorabilit\\u00e9, de formation et de conformit\\u00e9 fix\\u00e9s par d\\u00e9cret.<br data-start=\\\"1989\\\" data-end=\\\"1992\\\" \\\/>En pratique, cela pourrait <strong data-start=\\\"2019\\\" data-end=\\\"2062\\\">alourdir consid\\u00e9rablement les d\\u00e9marches<\\\/strong> pour les g\\u00e9rants et <strong data-start=\\\"2083\\\" data-end=\\\"2104\\\">menacer la survie<\\\/strong> de nombreuses petites enseignes ind\\u00e9pendantes.<\\\/p>\",\"title\":\"Que va devenir mon vape shop pr\\u00e9f\\u00e9r\\u00e9 ?\"}},{\"type\":\"accordion_item\",\"props\":{\"content\":\"\n\n<p>Parce que <strong data-start=\\\"2244\\\" data-end=\\\"2274\\\">la vape n\\u2019est pas du tabac<\\\/strong>.<br data-start=\\\"2275\\\" data-end=\\\"2278\\\" \\\/>Elle ne contient pas de combustion, pas de goudrons, et beaucoup moins de substances toxiques.<br data-start=\\\"2372\\\" data-end=\\\"2375\\\" \\\/>La traiter comme un produit du tabac, c\\u2019est <strong data-start=\\\"2419\\\" data-end=\\\"2461\\\">nier son r\\u00f4le de r\\u00e9duction des risques<\\\/strong>, pourtant reconnu par de nombreuses \\u00e9tudes et par Sant\\u00e9 publique France.<br data-start=\\\"2534\\\" data-end=\\\"2537\\\" \\\/>Cette assimilation risque d\\u2019<strong data-start=\\\"2565\\\" data-end=\\\"2595\\\">envoyer un mauvais message<\\\/strong> aux fumeurs en qu\\u00eate d\\u2019une alternative plus saine.<\\\/p>\",\"title\":\"Pourquoi assimiler la vape aux produits du tabac pose probl\\u00e8me ?\"}},{\"type\":\"accordion_item\",\"props\":{\"content\":\"\n\n<p>Pas encore.<br data-start=\\\"2717\\\" data-end=\\\"2720\\\" \\\/>Le projet de loi de Finances 2026 est actuellement <strong data-start=\\\"2771\\\" data-end=\\\"2801\\\">en discussion au Parlement<\\\/strong>.<br data-start=\\\"2802\\\" data-end=\\\"2805\\\" \\\/>Les d\\u00e9bats et amendements vont se poursuivre dans les prochaines semaines avant un vote d\\u00e9finitif.<br data-start=\\\"2903\\\" data-end=\\\"2906\\\" \\\/>Il est donc encore <strong data-start=\\\"2925\\\" data-end=\\\"2944\\\">possible d\\u2019agir<\\\/strong> pour faire \\u00e9voluer le texte.<\\\/p>\",\"title\":\"Est-ce que ces mesures sont d\\u00e9j\\u00e0 vot\\u00e9es ?\"}},{\"type\":\"accordion_item\",\"props\":{\"content\":\"\n\n<p>Chez Oliquide, nous d\\u00e9fendons une <strong data-start=\\\"3789\\\" data-end=\\\"3832\\\">vape libre, responsable et ind\\u00e9pendante<\\\/strong>, au service de la sant\\u00e9 publique et de la libert\\u00e9 de choix des fumeurs.<br data-start=\\\"3904\\\" data-end=\\\"3907\\\" \\\/>Nous croyons en une vape <strong data-start=\\\"3932\\\" data-end=\\\"3962\\\">encadr\\u00e9e mais pas \\u00e9touff\\u00e9e<\\\/strong>, accessible \\u00e0 tous ceux qui souhaitent <strong data-start=\\\"4002\\\" data-end=\\\"4025\\\">dire adieu au tabac<\\\/strong>.<br data-start=\\\"4026\\\" data-end=\\\"4029\\\" \\\/>Nous continuerons \\u00e0 <strong data-start=\\\"4049\\\" data-end=\\\"4087\\\">informer, mobiliser et accompagner<\\\/strong> notre communaut\\u00e9 tout au long de cette p\\u00e9riode.<\\\/p>\",\"title\":\"Quelle est la position d\\u2019Oliquide sur ce projet de loi ?\"}}]}]}]}]}],\"version\":\"4.5.31\"} --><\/p>\n","protected":false},"excerpt":{"rendered":"<p>Projet de loi de Finances 2026 : la vape en danger ? Depuis quelques jours, le monde de la vape retient son souffle. Le gouvernement a d\u00e9voil\u00e9 le projet de loi de Finances 2026, et parmi les nombreuses mesures annonc\u00e9es, plusieurs concernent directement le vapotage. Une taxe sur les e-liquides, l\u2019interdiction de la vente en [&hellip;]<\/p>\n","protected":false},"author":6,"featured_media":17937,"comment_status":"open","ping_status":"open","sticky":false,"template":"","format":"standard","meta":{"_jetpack_memberships_contains_paid_content":false,"footnotes":""},"categories":[3],"tags":[1151,161,1050,1148,311,1150,1144,1053,1149,1076,1145,434,1147,446,1146],"class_list":["post-17884","post","type-post","status-publish","format-standard","has-post-thumbnail","hentry","category-actus-de-la-vape","tag-defense-de-la-vape","tag-e-liquide","tag-fivape","tag-loi-finances","tag-oliquide","tag-petition-vape","tag-projet-de-loi-2026","tag-reduction-des-risques","tag-reglementation-vape","tag-sante-publique","tag-taxe-e-liquides","tag-vape","tag-vape-shop","tag-vapotage","tag-vente-en-ligne"],"aioseo_notices":[],"jetpack_featured_media_url":"https:\/\/www.oliquide.com\/blog\/wp-content\/uploads\/2025\/11\/BANNIERE-VAPOTAGE-LOI-EN-FRANCE.jpg","jetpack_sharing_enabled":true,"_links":{"self":[{"href":"https:\/\/www.oliquide.com\/blog\/wp-json\/wp\/v2\/posts\/17884","targetHints":{"allow":["GET"]}}],"collection":[{"href":"https:\/\/www.oliquide.com\/blog\/wp-json\/wp\/v2\/posts"}],"about":[{"href":"https:\/\/www.oliquide.com\/blog\/wp-json\/wp\/v2\/types\/post"}],"author":[{"embeddable":true,"href":"https:\/\/www.oliquide.com\/blog\/wp-json\/wp\/v2\/users\/6"}],"replies":[{"embeddable":true,"href":"https:\/\/www.oliquide.com\/blog\/wp-json\/wp\/v2\/comments?post=17884"}],"version-history":[{"count":33,"href":"https:\/\/www.oliquide.com\/blog\/wp-json\/wp\/v2\/posts\/17884\/revisions"}],"predecessor-version":[{"id":17973,"href":"https:\/\/www.oliquide.com\/blog\/wp-json\/wp\/v2\/posts\/17884\/revisions\/17973"}],"wp:featuredmedia":[{"embeddable":true,"href":"https:\/\/www.oliquide.com\/blog\/wp-json\/wp\/v2\/media\/17937"}],"wp:attachment":[{"href":"https:\/\/www.oliquide.com\/blog\/wp-json\/wp\/v2\/media?parent=17884"}],"wp:term":[{"taxonomy":"category","embeddable":true,"href":"https:\/\/www.oliquide.com\/blog\/wp-json\/wp\/v2\/categories?post=17884"},{"taxonomy":"post_tag","embeddable":true,"href":"https:\/\/www.oliquide.com\/blog\/wp-json\/wp\/v2\/tags?post=17884"}],"curies":[{"name":"wp","href":"https:\/\/api.w.org\/{rel}","templated":true}]}}