{"id":2195,"date":"2020-05-29T08:31:30","date_gmt":"2020-05-29T07:31:30","guid":{"rendered":"https:\/\/vapactu.oliquide.com\/?p=2195"},"modified":"2025-02-12T10:47:34","modified_gmt":"2025-02-12T09:47:34","slug":"fausse-inspection-chez-oliquide","status":"publish","type":"post","link":"https:\/\/www.oliquide.com\/blog\/fausse-inspection-chez-oliquide\/","title":{"rendered":"Fausse inspection chez Oliquide"},"content":{"rendered":"<p><img decoding=\"async\" src=\"\/blog\/wp-content\/uploads\/2025\/02\/2024-inspection-oliquide.jpg\" alt=\"fausse inspection chez Oliquide\"><\/p>\n<div id=\"ez-toc-container\" class=\"ez-toc-v2_0_82_2 counter-hierarchy ez-toc-counter ez-toc-grey ez-toc-container-direction\">\n<div class=\"ez-toc-title-container\">\n<p class=\"ez-toc-title\" style=\"cursor:inherit\">Sommaire<\/p>\n<span class=\"ez-toc-title-toggle\"><a href=\"#\" class=\"ez-toc-pull-right ez-toc-btn ez-toc-btn-xs ez-toc-btn-default ez-toc-toggle\" aria-label=\"Toggle Table of Content\"><span class=\"ez-toc-js-icon-con\"><span class=\"\"><span class=\"eztoc-hide\" style=\"display:none;\">Toggle<\/span><span class=\"ez-toc-icon-toggle-span\"><svg style=\"fill: #999;color:#999\" xmlns=\"http:\/\/www.w3.org\/2000\/svg\" class=\"list-377408\" width=\"20px\" height=\"20px\" viewBox=\"0 0 24 24\" fill=\"none\"><path d=\"M6 6H4v2h2V6zm14 0H8v2h12V6zM4 11h2v2H4v-2zm16 0H8v2h12v-2zM4 16h2v2H4v-2zm16 0H8v2h12v-2z\" fill=\"currentColor\"><\/path><\/svg><svg style=\"fill: #999;color:#999\" class=\"arrow-unsorted-368013\" xmlns=\"http:\/\/www.w3.org\/2000\/svg\" width=\"10px\" height=\"10px\" viewBox=\"0 0 24 24\" version=\"1.2\" baseProfile=\"tiny\"><path d=\"M18.2 9.3l-6.2-6.3-6.2 6.3c-.2.2-.3.4-.3.7s.1.5.3.7c.2.2.4.3.7.3h11c.3 0 .5-.1.7-.3.2-.2.3-.5.3-.7s-.1-.5-.3-.7zM5.8 14.7l6.2 6.3 6.2-6.3c.2-.2.3-.5.3-.7s-.1-.5-.3-.7c-.2-.2-.4-.3-.7-.3h-11c-.3 0-.5.1-.7.3-.2.2-.3.5-.3.7s.1.5.3.7z\"\/><\/svg><\/span><\/span><\/span><\/a><\/span><\/div>\n<nav><ul class='ez-toc-list ez-toc-list-level-1 eztoc-toggle-hide-by-default' ><li class='ez-toc-page-1 ez-toc-heading-level-1'><a class=\"ez-toc-link ez-toc-heading-1\" href=\"https:\/\/www.oliquide.com\/blog\/fausse-inspection-chez-oliquide\/#Fausse_inspection_chez_Oliquide\" >Fausse inspection chez Oliquide<\/a><ul class='ez-toc-list-level-2' ><li class='ez-toc-heading-level-2'><a class=\"ez-toc-link ez-toc-heading-2\" href=\"https:\/\/www.oliquide.com\/blog\/fausse-inspection-chez-oliquide\/#Pourquoi_un_spectacle_dans_une_entreprise\" >Pourquoi un spectacle dans une entreprise ?<\/a><\/li><li class='ez-toc-page-1 ez-toc-heading-level-2'><a class=\"ez-toc-link ez-toc-heading-3\" href=\"https:\/\/www.oliquide.com\/blog\/fausse-inspection-chez-oliquide\/#Une_facon_de_soutenir_les_artistes_du_spectacle_vivant\" >Une fa\u00e7on de soutenir les artistes du spectacle vivant<\/a><\/li><\/ul><\/li><\/ul><\/nav><\/div>\n<h1><span class=\"ez-toc-section\" id=\"Fausse_inspection_chez_Oliquide\"><\/span>\n<p><b>Fausse inspection chez Oliquide<\/b><\/p>\n<span class=\"ez-toc-section-end\"><\/span><\/h1>\n<div>\n<p><span style=\"font-weight: 400;\">Jean-Marc et Francis, les deux dirigeants <\/span><a href=\"https:\/\/www.alterboutique.com\/\"><b>d&rsquo;AlterBoutique<\/b><\/a><span style=\"font-weight: 400;\">, la soci\u00e9t\u00e9 qui g\u00e8re le site <\/span><a href=\"https:\/\/www.oliquide.com\/\"><b>Oliquide<\/b><\/a><span style=\"font-weight: 400;\">, ont fait un \u00ab\u00a0coup\u00a0\u00bb aux salari\u00e9s de l&rsquo;entreprise. Le <\/span><b>mardi 19 mai dernier<\/b><span style=\"font-weight: 400;\">, tous les salari\u00e9s ont \u00e9t\u00e9 convoqu\u00e9s \u00e0 une r\u00e9union d&rsquo;une extr\u00eame importance : une inspection des mesures de <\/span><b>pr\u00e9vention sanitaire<\/b><span style=\"font-weight: 400;\"> a \u00e9t\u00e9 ordonn\u00e9e par la pr\u00e9fecture. L&rsquo;entreprise et chaque salari\u00e9 vont \u00eatre pass\u00e9s au peigne fin !<\/span><\/p>\n<\/p>\n<p><span style=\"font-weight: 400;\">La pression monte. Certains salari\u00e9s commencent \u00e0 stresser. D&rsquo;autres, bien plus raisonnables, se disent que l&rsquo;on fait le maximum en mati\u00e8re de pr\u00e9vention. D&rsquo;autres encore, s&rsquo;interrogent, cherchent le pot aux roses, en se disant : pourquoi nous ? Pourquoi une petite entreprise comme la n\u00f4tre serait sous l&rsquo;oeil r\u00e9pressif d&rsquo;une quelconque institution ?<\/span><\/p>\n<\/p>\n<p><span style=\"font-weight: 400;\">Le jour J, tout le monde est pr\u00e9sent dans les locaux \u00e0 15h45. \u00c7a cause, \u00e7a hypoth\u00e8se, \u00e7a r\u00e2le, \u00e7a fait des plans sur la com\u00e8te, \u00e7a suppute, \u00e7a imagine le pire et surtout le pire du pire. L&rsquo;ambiance est un tantinet tendu.<\/span><b> Jean-marc et Francis <\/b><span style=\"font-weight: 400;\">arrivent pour la r\u00e9union, le visage ferm\u00e9 (ils sont joueurs, les bougres !).<\/span><\/p>\n<\/p>\n<p><span style=\"font-weight: 400;\">16h00 : on frappe \u00e0 la porte. On ouvre. Et l\u00e0 &#8230; ce ne sont pas des inspecteurs qui d\u00e9barquent, mais 2 com\u00e9diens, de la compagnie Les Perroqueurs, qui viennent faire une Cri\u00e9e de Rue sur le th\u00e8me du <\/span><b>Protocole National de d\u00e9confinement<\/b><span style=\"font-weight: 400;\">. : 1\/2 heure de spectacle autour des Mesures de Pr\u00e9vention mise en place au sein de l&rsquo;entreprise et plus largement, des mesures nationales.<\/span><\/p>\n<\/div>\n<div>\n<h2><span class=\"ez-toc-section\" id=\"Pourquoi_un_spectacle_dans_une_entreprise\"><\/span><b>Pourquoi un spectacle dans une entreprise ?<\/b><span class=\"ez-toc-section-end\"><\/span><\/h2>\n<\/p>\n<p><span style=\"font-weight: 400;\">Oliquide a travaill\u00e9 pendant toute la p\u00e9riode de confinement. Cela a \u00e9t\u00e9 plut\u00f4t \u00e9prouvant, avec un volume de travail plus important et les r\u00e8gles de protection qui ralentissent le travail. \u00c0 l&rsquo;annonce du <\/span><b>d\u00e9confinement<\/b><span style=\"font-weight: 400;\">, l&rsquo;\u00e9quipe a eu le sentiment que les choses allaient s&rsquo;all\u00e9ger. Mais ce fut l&rsquo;inverse qui s&rsquo;est pass\u00e9. \u00c0 partir du 11 mai, les r\u00e8gles sont devenues encore plus drastiques. Le moral de toute l&rsquo;\u00e9quipe en a pris un coup.<\/span><\/p>\n<\/p>\n<p><span style=\"font-weight: 400;\">Alors les dirigeants <\/span><a href=\"https:\/\/www.oliquide.com\/\"><b>d&rsquo;Oliquide <\/b><\/a><span style=\"font-weight: 400;\">ont voulu cr\u00e9er un moment de d\u00e9tente, avec un temps ludique autour des <\/span><b>Mesures de pr\u00e9vention<\/b><span style=\"font-weight: 400;\">. C&rsquo;est aborder autrement les r\u00e8gles sanitaires au sein de l&rsquo;entreprise. C&rsquo;est porter un regard amus\u00e9 sur ce qui nous g\u00e8ne depuis 2 mois. Les com\u00e9diens ont \u00e9crit leur spectacle en utilisant notre Plan de Reprise d&rsquo;Activit\u00e9, le protocole national, la fiche m\u00e9tier des <\/span><b>pr\u00e9parateurs de commandes<\/b><span style=\"font-weight: 400;\"> et surtout des anecdotes issues des 2 mois de confinement au sein de l&rsquo;entreprise.<\/span><\/p>\n<\/p>\n<h2><span class=\"ez-toc-section\" id=\"Une_facon_de_soutenir_les_artistes_du_spectacle_vivant\"><\/span><b>Une fa\u00e7on de soutenir les artistes du spectacle vivant<\/b><span class=\"ez-toc-section-end\"><\/span><\/h2>\n<\/p>\n<p><span style=\"font-weight: 400;\">La soci\u00e9t\u00e9 <\/span><a href=\"https:\/\/www.alterboutique.com\/\"><b>AlterBoutique <\/b><\/a><span style=\"font-weight: 400;\">est tr\u00e8s proche du monde du spectacle vivant. Elle soutient depuis plusieurs ann\u00e9es quelques artistes, dont le <\/span><b>Th\u00e9\u00e2tre de Cristal<\/b><span style=\"font-weight: 400;\">, install\u00e9 \u00e0 Vannes-le-Ch\u00e2tel. Ce th\u00e9\u00e2tre, dirig\u00e9 par Dominique Farci, fait un travail magnifique, en mettant en lumi\u00e8re toute l&rsquo;humanit\u00e9 de son territoire. La compagnie des Perroqueurs, avec Dominique Farci et Michel Mayen, est une des compagnies du Th\u00e9\u00e2tre de Cristal. Bravo \u00e0 eux pour la Cri\u00e9e qui a \u00e9t\u00e9 propos\u00e9e \u00e0 l&rsquo;\u00e9quipe <\/span><a href=\"https:\/\/www.oliquide.com\/\"><b>d&rsquo;Oliquide<\/b><\/a><span style=\"font-weight: 400;\">. Bravo pour leur r\u00e9activit\u00e9, leur bonne humeur, leur g\u00e9n\u00e9rosit\u00e9. Ce f\u00fbt une sacr\u00e9 bouff\u00e9e d&rsquo;oxyg\u00e8ne pour tout le monde.<\/span><\/p>\n<\/p>\n<p><a href=\"https:\/\/www.alterboutique.com\/\"><b>AlterBoutique<\/b> <\/a><span style=\"font-weight: 400;\">invite toutes les entreprises \u00e0 reproduire cette exp\u00e9rience pour leurs salari\u00e9s. \u00c7a booste la dynamique de l&rsquo;\u00e9quipe et \u00e7a fait bosser des artistes qui en ont bien besoin. Amusez-vous !<\/span><\/p>\n<\/p>\n<p><span style=\"font-weight: 400;\">Extrait &#8230;<\/span><\/p>\n<\/div>\n<p><iframe src=\"https:\/\/youtu.be\/0MRbb4ihwXI\"><\/iframe><\/p>\n<div>\n<p><span style=\"font-weight: 400;\">On doit la captation et le montage vid\u00e9o \u00e0 Arnaud Codazzi. Une belle r\u00e9alisation, magistrale, qui refl\u00e8te parfaitement le moment v\u00e9cu par l&rsquo;\u00e9quipe !<\/span><\/p>\n<\/p>\n<p><span style=\"font-weight: 400;\">Pour \u00e9couter le reportage de Radio D\u00e9clic :<\/span><span style=\"text-decoration: underline;\"><a href=\"http:\/\/radiodeclic.fr\/2020\/05\/27\/toul-une-criee-publique-pour-sensibiliser-aux-mesures-de-prevention\/\"><b> ICI<\/b><\/a><\/span><\/p>\n<p><span style=\"font-weight: 400;\">Pour voir le papier sur France3 GrandEst : <\/span><span style=\"text-decoration: underline;\"><a href=\"https:\/\/france3-regions.francetvinfo.fr\/grand-est\/meurthe-et-moselle\/nancy\/deconfinement-fausse-reunion-vrais-comediens-entreprise-toul-1830964.html\"><b>ICI<\/b><\/a><\/span><\/p>\n<\/div>\n<p><!--more--><br \/>\n<!-- {\"type\":\"layout\",\"children\":[{\"type\":\"section\",\"props\":{\"image_position\":\"center-center\",\"padding\":\"small\",\"style\":\"default\",\"title_breakpoint\":\"xl\",\"title_position\":\"top-left\",\"title_rotation\":\"left\",\"vertical_align\":\"middle\",\"width\":\"default\"},\"children\":[{\"type\":\"row\",\"children\":[{\"type\":\"column\",\"props\":{\"image_position\":\"center-center\",\"position_sticky_breakpoint\":\"m\"},\"children\":[{\"type\":\"image\",\"props\":{\"image\":\"wp-content\\\/uploads\\\/2025\\\/02\\\/2024-inspection-oliquide.jpg\",\"image_alt\":\"fausse inspection chez Oliquide\",\"image_box_decoration\":\"mask\",\"image_svg_color\":\"emphasis\",\"margin\":\"default\"}},{\"type\":\"headline\",\"props\":{\"content\":\"\n\n<p><b>Fausse inspection chez Oliquide<\\\/b><\\\/p>\",\"title_element\":\"h1\"}},{\"type\":\"text\",\"props\":{\"column_breakpoint\":\"m\",\"content\":\"\n\n<p><\\\/p>\\n\n\n<p><span style=\\\"font-weight: 400;\\\">Jean-Marc et Francis, les deux dirigeants <\\\/span><a href=\\\"https:\\\/\\\/www.alterboutique.com\\\/\\\"><b>d'AlterBoutique<\\\/b><\\\/a><span style=\\\"font-weight: 400;\\\">, la soci\\u00e9t\\u00e9 qui g\\u00e8re le site <\\\/span><a href=\\\"https:\\\/\\\/www.oliquide.com\\\/\\\"><b>Oliquide<\\\/b><\\\/a><span style=\\\"font-weight: 400;\\\">, ont fait un \\\"coup\\\" aux salari\\u00e9s de l'entreprise. Le <\\\/span><b>mardi 19 mai dernier<\\\/b><span style=\\\"font-weight: 400;\\\">, tous les salari\\u00e9s ont \\u00e9t\\u00e9 convoqu\\u00e9s \\u00e0 une r\\u00e9union d'une extr\\u00eame importance : une inspection des mesures de <\\\/span><b>pr\\u00e9vention sanitaire<\\\/b><span style=\\\"font-weight: 400;\\\"> a \\u00e9t\\u00e9 ordonn\\u00e9e par la pr\\u00e9fecture. L'entreprise et chaque salari\\u00e9 vont \\u00eatre pass\\u00e9s au peigne fin !<\\\/span><\\\/p>\\n\n\n<p><\\\/p>\\n\n\n<p><span style=\\\"font-weight: 400;\\\">La pression monte. Certains salari\\u00e9s commencent \\u00e0 stresser. D'autres, bien plus raisonnables, se disent que l'on fait le maximum en mati\\u00e8re de pr\\u00e9vention. D'autres encore, s'interrogent, cherchent le pot aux roses, en se disant : pourquoi nous ? Pourquoi une petite entreprise comme la n\\u00f4tre serait sous l'oeil r\\u00e9pressif d'une quelconque institution ?<\\\/span><\\\/p>\\n\n\n<p><\\\/p>\\n\n\n<p><span style=\\\"font-weight: 400;\\\">Le jour J, tout le monde est pr\\u00e9sent dans les locaux \\u00e0 15h45. \\u00c7a cause, \\u00e7a hypoth\\u00e8se, \\u00e7a r\\u00e2le, \\u00e7a fait des plans sur la com\\u00e8te, \\u00e7a suppute, \\u00e7a imagine le pire et surtout le pire du pire. L'ambiance est un tantinet tendu.<\\\/span><b> Jean-marc et Francis <\\\/b><span style=\\\"font-weight: 400;\\\">arrivent pour la r\\u00e9union, le visage ferm\\u00e9 (ils sont joueurs, les bougres !).<\\\/span><\\\/p>\\n\n\n<p><\\\/p>\\n\n\n<p><span style=\\\"font-weight: 400;\\\">16h00 : on frappe \\u00e0 la porte. On ouvre. Et l\\u00e0 ... ce ne sont pas des inspecteurs qui d\\u00e9barquent, mais 2 com\\u00e9diens, de la compagnie Les Perroqueurs, qui viennent faire une Cri\\u00e9e de Rue sur le th\\u00e8me du <\\\/span><b>Protocole National de d\\u00e9confinement<\\\/b><span style=\\\"font-weight: 400;\\\">. : 1\\\/2 heure de spectacle autour des Mesures de Pr\\u00e9vention mise en place au sein de l'entreprise et plus largement, des mesures nationales.<\\\/span><\\\/p>\",\"margin\":\"default\"}}]}]}]},{\"type\":\"section\",\"props\":{\"image_position\":\"center-center\",\"padding\":\"small\",\"style\":\"default\",\"title_breakpoint\":\"xl\",\"title_position\":\"top-left\",\"title_rotation\":\"left\",\"vertical_align\":\"middle\",\"width\":\"default\"},\"children\":[{\"type\":\"row\",\"children\":[{\"type\":\"column\",\"props\":{\"image_position\":\"center-center\",\"position_sticky_breakpoint\":\"m\"},\"children\":[{\"type\":\"text\",\"props\":{\"column_breakpoint\":\"m\",\"content\":\"\n\n<h2><b>Pourquoi un spectacle dans une entreprise ?<\\\/b><\\\/h2>\\n\n\n<p><\\\/p>\\n\n\n<p><span style=\\\"font-weight: 400;\\\">Oliquide a travaill\\u00e9 pendant toute la p\\u00e9riode de confinement. Cela a \\u00e9t\\u00e9 plut\\u00f4t \\u00e9prouvant, avec un volume de travail plus important et les r\\u00e8gles de protection qui ralentissent le travail. \\u00c0 l'annonce du <\\\/span><b>d\\u00e9confinement<\\\/b><span style=\\\"font-weight: 400;\\\">, l'\\u00e9quipe a eu le sentiment que les choses allaient s'all\\u00e9ger. Mais ce fut l'inverse qui s'est pass\\u00e9. \\u00c0 partir du 11 mai, les r\\u00e8gles sont devenues encore plus drastiques. Le moral de toute l'\\u00e9quipe en a pris un coup.<\\\/span><\\\/p>\\n\n\n<p><\\\/p>\\n\n\n<p><span style=\\\"font-weight: 400;\\\">Alors les dirigeants <\\\/span><a href=\\\"https:\\\/\\\/www.oliquide.com\\\/\\\"><b>d'Oliquide <\\\/b><\\\/a><span style=\\\"font-weight: 400;\\\">ont voulu cr\\u00e9er un moment de d\\u00e9tente, avec un temps ludique autour des <\\\/span><b>Mesures de pr\\u00e9vention<\\\/b><span style=\\\"font-weight: 400;\\\">. C'est aborder autrement les r\\u00e8gles sanitaires au sein de l'entreprise. C'est porter un regard amus\\u00e9 sur ce qui nous g\\u00e8ne depuis 2 mois. Les com\\u00e9diens ont \\u00e9crit leur spectacle en utilisant notre Plan de Reprise d'Activit\\u00e9, le protocole national, la fiche m\\u00e9tier des <\\\/span><b>pr\\u00e9parateurs de commandes<\\\/b><span style=\\\"font-weight: 400;\\\"> et surtout des anecdotes issues des 2 mois de confinement au sein de l'entreprise.<\\\/span><\\\/p>\\n\n\n<p><\\\/p>\\n\n\n<h2><b>Une fa\\u00e7on de soutenir les artistes du spectacle vivant<\\\/b><\\\/h2>\\n\n\n<p><\\\/p>\\n\n\n<p><span style=\\\"font-weight: 400;\\\">La soci\\u00e9t\\u00e9 <\\\/span><a href=\\\"https:\\\/\\\/www.alterboutique.com\\\/\\\"><b>AlterBoutique <\\\/b><\\\/a><span style=\\\"font-weight: 400;\\\">est tr\\u00e8s proche du monde du spectacle vivant. Elle soutient depuis plusieurs ann\\u00e9es quelques artistes, dont le <\\\/span><b>Th\\u00e9\\u00e2tre de Cristal<\\\/b><span style=\\\"font-weight: 400;\\\">, install\\u00e9 \\u00e0 Vannes-le-Ch\\u00e2tel. Ce th\\u00e9\\u00e2tre, dirig\\u00e9 par Dominique Farci, fait un travail magnifique, en mettant en lumi\\u00e8re toute l'humanit\\u00e9 de son territoire. La compagnie des Perroqueurs, avec Dominique Farci et Michel Mayen, est une des compagnies du Th\\u00e9\\u00e2tre de Cristal. Bravo \\u00e0 eux pour la Cri\\u00e9e qui a \\u00e9t\\u00e9 propos\\u00e9e \\u00e0 l'\\u00e9quipe <\\\/span><a href=\\\"https:\\\/\\\/www.oliquide.com\\\/\\\"><b>d'Oliquide<\\\/b><\\\/a><span style=\\\"font-weight: 400;\\\">. Bravo pour leur r\\u00e9activit\\u00e9, leur bonne humeur, leur g\\u00e9n\\u00e9rosit\\u00e9. Ce f\\u00fbt une sacr\\u00e9 bouff\\u00e9e d'oxyg\\u00e8ne pour tout le monde.<\\\/span><\\\/p>\\n\n\n<p><\\\/p>\\n\n\n<p><a href=\\\"https:\\\/\\\/www.alterboutique.com\\\/\\\"><b>AlterBoutique<\\\/b> <\\\/a><span style=\\\"font-weight: 400;\\\">invite toutes les entreprises \\u00e0 reproduire cette exp\\u00e9rience pour leurs salari\\u00e9s. \\u00c7a booste la dynamique de l'\\u00e9quipe et \\u00e7a fait bosser des artistes qui en ont bien besoin. Amusez-vous !<\\\/span><\\\/p>\\n\n\n<p><\\\/p>\\n\n\n<p><span style=\\\"font-weight: 400;\\\">Extrait ...<\\\/span><\\\/p>\",\"margin\":\"default\"}},{\"type\":\"video\",\"props\":{\"margin\":\"default\",\"video\":\"https:\\\/\\\/youtu.be\\\/0MRbb4ihwXI\",\"video_box_decoration\":\"mask\",\"video_controls\":true,\"video_height\":5000}},{\"type\":\"text\",\"props\":{\"column_breakpoint\":\"m\",\"content\":\"\n\n<p><span style=\\\"font-weight: 400;\\\">On doit la captation et le montage vid\\u00e9o \\u00e0 Arnaud Codazzi. Une belle r\\u00e9alisation, magistrale, qui refl\\u00e8te parfaitement le moment v\\u00e9cu par l'\\u00e9quipe !<\\\/span><\\\/p>\\n\n\n<p><\\\/p>\\n\n\n<p><span style=\\\"font-weight: 400;\\\">Pour \\u00e9couter le reportage de Radio D\\u00e9clic :<\\\/span><span style=\\\"text-decoration: underline;\\\"><a href=\\\"http:\\\/\\\/radiodeclic.fr\\\/2020\\\/05\\\/27\\\/toul-une-criee-publique-pour-sensibiliser-aux-mesures-de-prevention\\\/\\\"><b> ICI<\\\/b><\\\/a><\\\/span><\\\/p>\\n\n\n<p><span style=\\\"font-weight: 400;\\\">Pour voir le papier sur France3 GrandEst : <\\\/span><span style=\\\"text-decoration: underline;\\\"><a href=\\\"https:\\\/\\\/france3-regions.francetvinfo.fr\\\/grand-est\\\/meurthe-et-moselle\\\/nancy\\\/deconfinement-fausse-reunion-vrais-comediens-entreprise-toul-1830964.html\\\"><b>ICI<\\\/b><\\\/a><\\\/span><\\\/p>\",\"margin\":\"default\"}}]}]}]}],\"version\":\"4.5.4\"} --><\/p>\n","protected":false},"excerpt":{"rendered":"<p>Jean-Marc et Francis, les deux dirigeants d&rsquo;AlterBoutique, la soci\u00e9t\u00e9 qui g\u00e8re le site Oliquide, ont fait un \u00ab\u00a0coup\u00a0\u00bb aux salari\u00e9s de l&rsquo;entreprise. Le mardi 19 mai dernier &#8230;<\/p>\n","protected":false},"author":1,"featured_media":2210,"comment_status":"open","ping_status":"open","sticky":false,"template":"","format":"standard","meta":{"_jetpack_memberships_contains_paid_content":false,"footnotes":""},"categories":[4,17],"tags":[59,127,130,134,263,311,338,354,393,394,422],"class_list":["post-2195","post","type-post","status-publish","format-standard","has-post-thumbnail","hentry","category-actus-oliquide","category-team-oliquide","tag-arnaud-codazzi","tag-convid-19","tag-coronavirus","tag-criee-de-rue","tag-les-perroqueurs","tag-oliquide","tag-protocole-national","tag-regles-de-deconfinement","tag-spectacle-a-alterboutique","tag-spectacle-covid-19","tag-theatre-de-cristal"],"aioseo_notices":[],"jetpack_featured_media_url":"https:\/\/www.oliquide.com\/blog\/wp-content\/uploads\/2020\/05\/Spectacle-Les-Perroqueurs-1.jpg","jetpack_sharing_enabled":true,"_links":{"self":[{"href":"https:\/\/www.oliquide.com\/blog\/wp-json\/wp\/v2\/posts\/2195","targetHints":{"allow":["GET"]}}],"collection":[{"href":"https:\/\/www.oliquide.com\/blog\/wp-json\/wp\/v2\/posts"}],"about":[{"href":"https:\/\/www.oliquide.com\/blog\/wp-json\/wp\/v2\/types\/post"}],"author":[{"embeddable":true,"href":"https:\/\/www.oliquide.com\/blog\/wp-json\/wp\/v2\/users\/1"}],"replies":[{"embeddable":true,"href":"https:\/\/www.oliquide.com\/blog\/wp-json\/wp\/v2\/comments?post=2195"}],"version-history":[{"count":0,"href":"https:\/\/www.oliquide.com\/blog\/wp-json\/wp\/v2\/posts\/2195\/revisions"}],"wp:featuredmedia":[{"embeddable":true,"href":"https:\/\/www.oliquide.com\/blog\/wp-json\/wp\/v2\/media\/2210"}],"wp:attachment":[{"href":"https:\/\/www.oliquide.com\/blog\/wp-json\/wp\/v2\/media?parent=2195"}],"wp:term":[{"taxonomy":"category","embeddable":true,"href":"https:\/\/www.oliquide.com\/blog\/wp-json\/wp\/v2\/categories?post=2195"},{"taxonomy":"post_tag","embeddable":true,"href":"https:\/\/www.oliquide.com\/blog\/wp-json\/wp\/v2\/tags?post=2195"}],"curies":[{"name":"wp","href":"https:\/\/api.w.org\/{rel}","templated":true}]}}