{"id":3706,"date":"2021-10-14T14:22:51","date_gmt":"2021-10-14T13:22:51","guid":{"rendered":"https:\/\/vapactu.oliquide.com\/?p=3706"},"modified":"2025-02-20T11:17:22","modified_gmt":"2025-02-20T10:17:22","slug":"moissanstabac-en-novembre-on-arrete-ensemble","status":"publish","type":"post","link":"https:\/\/www.oliquide.com\/blog\/moissanstabac-en-novembre-on-arrete-ensemble\/","title":{"rendered":"#MoisSansTabac : en novembre, on arr\u00eate ensemble ?"},"content":{"rendered":"<p><img decoding=\"async\" src=\"\/blog\/wp-content\/uploads\/2021\/10\/banniere-mois-sans-tabac-copie-1.jpg\" alt=\"mois sans tabac avec oliquide !\"><\/p>\n<h1>\n<h2><strong>#MoisSansTabac : en novembre, on arr\u00eate ensemble ?<\/strong><\/h2>\n<\/h1>\n<div>\n<p data-start=\"0\" data-end=\"528\">Le <strong data-start=\"3\" data-end=\"24\">1er novembre 2021<\/strong>, nous entamerons la 6e \u00e9dition du <strong data-start=\"63\" data-end=\"81\">#MoisSansTabac<\/strong>. Cette op\u00e9ration a \u00e9t\u00e9 lanc\u00e9e en <strong data-start=\"115\" data-end=\"123\">2016<\/strong>. C&rsquo;est une initiative de <strong data-start=\"149\" data-end=\"174\">Sant\u00e9 publique France<\/strong> et du <strong data-start=\"181\" data-end=\"225\">Minist\u00e8re des Solidarit\u00e9s et de la Sant\u00e9<\/strong>, en partenariat avec l\u2019<strong data-start=\"249\" data-end=\"270\">Assurance Maladie<\/strong>. Depuis sa cr\u00e9ation, ce sont plus de <strong data-start=\"308\" data-end=\"329\">900 000 personnes<\/strong> qui se sont lanc\u00e9es le d\u00e9fi d\u2019<strong data-start=\"360\" data-end=\"380\">arr\u00eater le tabac<\/strong>. Parmi eux, certains y sont parvenus gr\u00e2ce \u00e0 la <strong data-start=\"429\" data-end=\"455\">cigarette \u00e9lectronique<\/strong>. La vape comme aide au <strong data-start=\"483\" data-end=\"504\">sevrage tabagique<\/strong>&#8230; on vous en parle !<\/p>\n<p data-start=\"530\" data-end=\"1084\">Le tabac est aujourd\u2019hui la <strong data-start=\"562\" data-end=\"602\">premi\u00e8re cause \u00e9vitable de mortalit\u00e9<\/strong> en France. En <strong data-start=\"617\" data-end=\"629\">mai 2021<\/strong>, une enqu\u00eate men\u00e9e par <strong data-start=\"653\" data-end=\"678\">Sant\u00e9 publique France<\/strong> a montr\u00e9 que <strong data-start=\"692\" data-end=\"713\">25,5% des adultes<\/strong> r\u00e9sidant en France \u00e9taient des <strong data-start=\"745\" data-end=\"767\">fumeurs quotidiens<\/strong>. La <strong data-start=\"772\" data-end=\"801\">lutte contre le tabagisme<\/strong> est donc une v\u00e9ritable <strong data-start=\"825\" data-end=\"855\">priorit\u00e9 de sant\u00e9 publique<\/strong>. L\u2019op\u00e9ration <strong data-start=\"869\" data-end=\"888\">Mois sans tabac<\/strong> invite les fumeurs \u00e0 <strong data-start=\"914\" data-end=\"934\">arr\u00eater de fumer<\/strong> tous ensemble pendant le <strong data-start=\"960\" data-end=\"980\">mois de novembre<\/strong>. Ces <strong data-start=\"986\" data-end=\"1009\">30 jours de sevrage<\/strong> multiplient par <strong data-start=\"1026\" data-end=\"1031\">5<\/strong> les chances d\u2019<strong data-start=\"1046\" data-end=\"1081\">arr\u00eater de fumer d\u00e9finitivement<\/strong>.<\/p>\n<\/div>\n<div>\n<div id=\"ez-toc-container\" class=\"ez-toc-v2_0_82_2 ez-toc-grey ez-toc-container-direction\">\n<div class=\"ez-toc-title-container\">\n<p class=\"ez-toc-title\" style=\"cursor:inherit\">Sommaire<\/p>\n<span class=\"ez-toc-title-toggle\"><a href=\"#\" class=\"ez-toc-pull-right ez-toc-btn ez-toc-btn-xs ez-toc-btn-default ez-toc-toggle\" aria-label=\"Toggle Table of Content\"><span class=\"ez-toc-js-icon-con\"><span class=\"\"><span class=\"eztoc-hide\" style=\"display:none;\">Toggle<\/span><span class=\"ez-toc-icon-toggle-span\"><svg style=\"fill: #999;color:#999\" xmlns=\"http:\/\/www.w3.org\/2000\/svg\" class=\"list-377408\" width=\"20px\" height=\"20px\" viewBox=\"0 0 24 24\" fill=\"none\"><path d=\"M6 6H4v2h2V6zm14 0H8v2h12V6zM4 11h2v2H4v-2zm16 0H8v2h12v-2zM4 16h2v2H4v-2zm16 0H8v2h12v-2z\" fill=\"currentColor\"><\/path><\/svg><svg style=\"fill: #999;color:#999\" class=\"arrow-unsorted-368013\" xmlns=\"http:\/\/www.w3.org\/2000\/svg\" width=\"10px\" height=\"10px\" viewBox=\"0 0 24 24\" version=\"1.2\" baseProfile=\"tiny\"><path d=\"M18.2 9.3l-6.2-6.3-6.2 6.3c-.2.2-.3.4-.3.7s.1.5.3.7c.2.2.4.3.7.3h11c.3 0 .5-.1.7-.3.2-.2.3-.5.3-.7s-.1-.5-.3-.7zM5.8 14.7l6.2 6.3 6.2-6.3c.2-.2.3-.5.3-.7s-.1-.5-.3-.7c-.2-.2-.4-.3-.7-.3h-11c-.3 0-.5.1-.7.3-.2.2-.3.5-.3.7s.1.5.3.7z\"\/><\/svg><\/span><\/span><\/span><\/a><\/span><\/div>\n<nav><ul class='ez-toc-list ez-toc-list-level-1 eztoc-toggle-hide-by-default' ><li class='ez-toc-page-1 ez-toc-heading-level-3'><a class=\"ez-toc-link ez-toc-heading-1\" href=\"https:\/\/www.oliquide.com\/blog\/moissanstabac-en-novembre-on-arrete-ensemble\/#Un_accompagnement_complet_pour_le_Mois_Sans_Tabac%E2%80%A6\" >Un accompagnement complet pour le Mois Sans Tabac&#8230;<\/a><\/li><li class='ez-toc-page-1 ez-toc-heading-level-3'><a class=\"ez-toc-link ez-toc-heading-2\" href=\"https:\/\/www.oliquide.com\/blog\/moissanstabac-en-novembre-on-arrete-ensemble\/#Et_Oliquide_dans_tout_ca\" >Et Oliquide dans tout \u00e7a ?<\/a><\/li><\/ul><\/nav><\/div>\n<\/div>\n<div>\n<h3 data-start=\"1086\" data-end=\"1148\"><span class=\"ez-toc-section\" id=\"Un_accompagnement_complet_pour_le_Mois_Sans_Tabac%E2%80%A6\"><\/span><strong data-start=\"1090\" data-end=\"1146\">Un accompagnement complet pour le Mois Sans Tabac&#8230;<\/strong><span class=\"ez-toc-section-end\"><\/span><\/h3>\n<p data-start=\"1150\" data-end=\"1561\">Pour vous aider \u00e0 relever le d\u00e9fi, un <strong data-start=\"1188\" data-end=\"1219\">accompagnement personnalis\u00e9<\/strong> est mis en place par <strong data-start=\"1241\" data-end=\"1266\">Sant\u00e9 publique France<\/strong> tout au long du <strong data-start=\"1283\" data-end=\"1303\">mois de novembre<\/strong>. En vous inscrivant au <strong data-start=\"1327\" data-end=\"1346\">Mois sans Tabac<\/strong>, vous pourrez b\u00e9n\u00e9ficier d\u2019une <strong data-start=\"1378\" data-end=\"1425\">consultation avec un professionnel du tabac<\/strong>, d\u2019un <strong data-start=\"1432\" data-end=\"1456\">kit d\u2019aide \u00e0 l\u2019arr\u00eat<\/strong>, d\u2019<strong data-start=\"1460\" data-end=\"1483\">astuces et conseils<\/strong>. Vous serez \u00e9galement entour\u00e9 d&rsquo;une <strong data-start=\"1520\" data-end=\"1534\">communaut\u00e9<\/strong> pour <strong data-start=\"1540\" data-end=\"1558\">ne pas craquer<\/strong>.<\/p>\n<\/div>\n<p><img decoding=\"async\" src=\"\/blog\/wp-content\/uploads\/2024\/05\/Sante-Publique-1.jpg\" alt=\"Engag\u00e9 pour la sant\u00e9 publique\"><br \/>\n<img decoding=\"async\" src=\"\/blog\/wp-content\/uploads\/2021\/02\/cropped-Favicon-Oliquide-2-1.png\" alt=\"\"><\/p>\n<div>\n<h3 data-start=\"1563\" data-end=\"1599\"><span class=\"ez-toc-section\" id=\"Et_Oliquide_dans_tout_ca\"><\/span><strong data-start=\"1567\" data-end=\"1597\">Et Oliquide dans tout \u00e7a ?<\/strong><span class=\"ez-toc-section-end\"><\/span><\/h3>\n<p data-start=\"1601\" data-end=\"1935\">\u00c0 ce jour, on sait que la <strong data-start=\"1627\" data-end=\"1642\">e-cigarette<\/strong> est une <strong data-start=\"1651\" data-end=\"1688\">m\u00e9thode d\u2019aide \u00e0 l\u2019arr\u00eat du tabac<\/strong> qui entra\u00eene une <strong data-start=\"1706\" data-end=\"1729\">r\u00e9duction du risque<\/strong> de <strong data-start=\"1733\" data-end=\"1752\">maladies graves<\/strong>. Selon les chiffres de <strong data-start=\"1776\" data-end=\"1801\">Sant\u00e9 publique France<\/strong>, en <strong data-start=\"1806\" data-end=\"1814\">2016<\/strong>, <strong data-start=\"1816\" data-end=\"1840\">67% des participants<\/strong> avaient eu recours \u00e0 une <strong data-start=\"1866\" data-end=\"1874\">aide<\/strong>, et <strong data-start=\"1879\" data-end=\"1886\">33%<\/strong> avaient utilis\u00e9 la <strong data-start=\"1906\" data-end=\"1932\">cigarette \u00e9lectronique<\/strong>.<\/p>\n<p data-start=\"1937\" data-end=\"2083\">Chez <a href=\"https:\/\/www.oliquide.com\/\"><strong data-start=\"1942\" data-end=\"1954\">Oliquide<\/strong><\/a>, on vous accompagne tout au long du <strong data-start=\"1991\" data-end=\"2010\">Mois Sans Tabac<\/strong> sur notre <strong data-start=\"2021\" data-end=\"2059\">blog, r\u00e9seaux sociaux, newsletters<\/strong> et <strong data-start=\"2063\" data-end=\"2080\">site Internet<\/strong>.<\/p>\n<p data-start=\"2085\" data-end=\"2268\">Si vous souhaitez des <strong data-start=\"2107\" data-end=\"2119\">conseils<\/strong> pour passer \u00e0 la <strong data-start=\"2137\" data-end=\"2145\">vape<\/strong>, <strong data-start=\"2147\" data-end=\"2165\">contactez-nous<\/strong> ! Nous ne sommes pas l\u00e0 uniquement pour <strong data-start=\"2206\" data-end=\"2227\">vendre un produit<\/strong>, mais aussi pour vous <strong data-start=\"2250\" data-end=\"2265\">accompagner<\/strong>.<\/p>\n<\/div>\n<div>\n<p data-start=\"2270\" data-end=\"2484\">D\u2019ici quelques mois, <strong data-start=\"2291\" data-end=\"2308\">trois membres<\/strong> de notre \u00e9quipe vont passer la <strong data-start=\"2340\" data-end=\"2376\">certification AMZER-GLAS CIMVAPE<\/strong>, sp\u00e9cialis\u00e9e en <strong data-start=\"2393\" data-end=\"2408\">tabacologie<\/strong> et <strong data-start=\"2412\" data-end=\"2438\">cigarette \u00e9lectronique<\/strong>, afin de mieux accompagner nos <strong data-start=\"2470\" data-end=\"2481\">clients<\/strong>.<\/p>\n<p data-start=\"2486\" data-end=\"2548\" data-is-last-node=\"\" data-is-only-node=\"\"><strong data-start=\"2486\" data-end=\"2548\" data-is-last-node=\"\">Tout seul on va plus vite, mais ensemble on va plus loin !<\/strong><\/p>\n<\/div>\n<p><!--more--><br \/>\n<!-- {\"type\":\"layout\",\"children\":[{\"type\":\"section\",\"props\":{\"image_position\":\"center-center\",\"style\":\"default\",\"title_breakpoint\":\"xl\",\"title_position\":\"top-left\",\"title_rotation\":\"left\",\"vertical_align\":\"middle\",\"width\":\"default\"},\"children\":[{\"type\":\"row\",\"children\":[{\"type\":\"column\",\"props\":{\"image_position\":\"center-center\",\"position_sticky_breakpoint\":\"m\"},\"children\":[{\"type\":\"image\",\"props\":{\"image\":\"wp-content\\\/uploads\\\/2021\\\/10\\\/banniere-mois-sans-tabac-copie-1.jpg\",\"image_alt\":\"mois sans tabac avec oliquide !\",\"image_box_decoration\":\"mask\",\"image_svg_color\":\"emphasis\",\"margin\":\"default\"}},{\"type\":\"headline\",\"props\":{\"content\":\"\n\n<h2><strong>#MoisSansTabac : en novembre, on arr\\u00eate ensemble ?<\\\/strong><\\\/h2>\",\"title_element\":\"h1\"}},{\"type\":\"text\",\"props\":{\"column_breakpoint\":\"m\",\"content\":\"\n\n<p data-start=\\\"0\\\" data-end=\\\"528\\\">Le <strong data-start=\\\"3\\\" data-end=\\\"24\\\">1er novembre 2021<\\\/strong>, nous entamerons la 6e \\u00e9dition du <strong data-start=\\\"63\\\" data-end=\\\"81\\\">#MoisSansTabac<\\\/strong>. Cette op\\u00e9ration a \\u00e9t\\u00e9 lanc\\u00e9e en <strong data-start=\\\"115\\\" data-end=\\\"123\\\">2016<\\\/strong>. C'est une initiative de <strong data-start=\\\"149\\\" data-end=\\\"174\\\">Sant\\u00e9 publique France<\\\/strong> et du <strong data-start=\\\"181\\\" data-end=\\\"225\\\">Minist\\u00e8re des Solidarit\\u00e9s et de la Sant\\u00e9<\\\/strong>, en partenariat avec l\\u2019<strong data-start=\\\"249\\\" data-end=\\\"270\\\">Assurance Maladie<\\\/strong>. Depuis sa cr\\u00e9ation, ce sont plus de <strong data-start=\\\"308\\\" data-end=\\\"329\\\">900 000 personnes<\\\/strong> qui se sont lanc\\u00e9es le d\\u00e9fi d\\u2019<strong data-start=\\\"360\\\" data-end=\\\"380\\\">arr\\u00eater le tabac<\\\/strong>. Parmi eux, certains y sont parvenus gr\\u00e2ce \\u00e0 la <strong data-start=\\\"429\\\" data-end=\\\"455\\\">cigarette \\u00e9lectronique<\\\/strong>. La vape comme aide au <strong data-start=\\\"483\\\" data-end=\\\"504\\\">sevrage tabagique<\\\/strong>... on vous en parle !<\\\/p>\\n\n\n<p data-start=\\\"530\\\" data-end=\\\"1084\\\">Le tabac est aujourd\\u2019hui la <strong data-start=\\\"562\\\" data-end=\\\"602\\\">premi\\u00e8re cause \\u00e9vitable de mortalit\\u00e9<\\\/strong> en France. En <strong data-start=\\\"617\\\" data-end=\\\"629\\\">mai 2021<\\\/strong>, une enqu\\u00eate men\\u00e9e par <strong data-start=\\\"653\\\" data-end=\\\"678\\\">Sant\\u00e9 publique France<\\\/strong> a montr\\u00e9 que <strong data-start=\\\"692\\\" data-end=\\\"713\\\">25,5% des adultes<\\\/strong> r\\u00e9sidant en France \\u00e9taient des <strong data-start=\\\"745\\\" data-end=\\\"767\\\">fumeurs quotidiens<\\\/strong>. La <strong data-start=\\\"772\\\" data-end=\\\"801\\\">lutte contre le tabagisme<\\\/strong> est donc une v\\u00e9ritable <strong data-start=\\\"825\\\" data-end=\\\"855\\\">priorit\\u00e9 de sant\\u00e9 publique<\\\/strong>. L\\u2019op\\u00e9ration <strong data-start=\\\"869\\\" data-end=\\\"888\\\">Mois sans tabac<\\\/strong> invite les fumeurs \\u00e0 <strong data-start=\\\"914\\\" data-end=\\\"934\\\">arr\\u00eater de fumer<\\\/strong> tous ensemble pendant le <strong data-start=\\\"960\\\" data-end=\\\"980\\\">mois de novembre<\\\/strong>. Ces <strong data-start=\\\"986\\\" data-end=\\\"1009\\\">30 jours de sevrage<\\\/strong> multiplient par <strong data-start=\\\"1026\\\" data-end=\\\"1031\\\">5<\\\/strong> les chances d\\u2019<strong data-start=\\\"1046\\\" data-end=\\\"1081\\\">arr\\u00eater de fumer d\\u00e9finitivement<\\\/strong>.<\\\/p>\",\"margin\":\"default\"}},{\"type\":\"html\",\"props\":{\"content\":\"[ez-toc]\"}}]}]},{\"type\":\"row\",\"props\":{\"layout\":\"1-2,1-2\"},\"children\":[{\"type\":\"column\",\"props\":{\"image_position\":\"center-center\",\"position_sticky_breakpoint\":\"m\",\"vertical_align\":\"middle\",\"width_medium\":\"1-2\"},\"children\":[{\"type\":\"text\",\"props\":{\"column_breakpoint\":\"m\",\"content\":\"\n\n<h3 data-start=\\\"1086\\\" data-end=\\\"1148\\\"><strong data-start=\\\"1090\\\" data-end=\\\"1146\\\">Un accompagnement complet pour le Mois Sans Tabac...<\\\/strong><\\\/h3>\\n\n\n<p data-start=\\\"1150\\\" data-end=\\\"1561\\\">Pour vous aider \\u00e0 relever le d\\u00e9fi, un <strong data-start=\\\"1188\\\" data-end=\\\"1219\\\">accompagnement personnalis\\u00e9<\\\/strong> est mis en place par <strong data-start=\\\"1241\\\" data-end=\\\"1266\\\">Sant\\u00e9 publique France<\\\/strong> tout au long du <strong data-start=\\\"1283\\\" data-end=\\\"1303\\\">mois de novembre<\\\/strong>. En vous inscrivant au <strong data-start=\\\"1327\\\" data-end=\\\"1346\\\">Mois sans Tabac<\\\/strong>, vous pourrez b\\u00e9n\\u00e9ficier d\\u2019une <strong data-start=\\\"1378\\\" data-end=\\\"1425\\\">consultation avec un professionnel du tabac<\\\/strong>, d\\u2019un <strong data-start=\\\"1432\\\" data-end=\\\"1456\\\">kit d\\u2019aide \\u00e0 l\\u2019arr\\u00eat<\\\/strong>, d\\u2019<strong data-start=\\\"1460\\\" data-end=\\\"1483\\\">astuces et conseils<\\\/strong>. Vous serez \\u00e9galement entour\\u00e9 d'une <strong data-start=\\\"1520\\\" data-end=\\\"1534\\\">communaut\\u00e9<\\\/strong> pour <strong data-start=\\\"1540\\\" data-end=\\\"1558\\\">ne pas craquer<\\\/strong>.<\\\/p>\",\"margin\":\"default\"}}]},{\"type\":\"column\",\"props\":{\"image_position\":\"center-center\",\"position_sticky_breakpoint\":\"m\",\"width_medium\":\"1-2\"},\"children\":[{\"type\":\"image\",\"props\":{\"image\":\"wp-content\\\/uploads\\\/2024\\\/05\\\/Sante-Publique-1.jpg\",\"image_alt\":\"Engag\\u00e9 pour la sant\\u00e9 publique\",\"image_box_decoration\":\"mask\",\"image_svg_color\":\"emphasis\",\"margin\":\"default\"}}]}]},{\"type\":\"row\",\"props\":{\"layout\":\"1-2,1-2\"},\"children\":[{\"type\":\"column\",\"props\":{\"image_position\":\"center-center\",\"position_sticky_breakpoint\":\"m\",\"vertical_align\":\"middle\",\"width_medium\":\"1-2\"},\"children\":[{\"type\":\"image\",\"props\":{\"block_align\":\"center\",\"image\":\"wp-content\\\/uploads\\\/2021\\\/02\\\/cropped-Favicon-Oliquide-2-1.png\",\"image_svg_color\":\"emphasis\",\"margin\":\"large\",\"maxwidth\":\"medium\"}}]},{\"type\":\"column\",\"props\":{\"image_position\":\"center-center\",\"position_sticky_breakpoint\":\"m\",\"width_medium\":\"1-2\"},\"children\":[{\"type\":\"text\",\"props\":{\"column_breakpoint\":\"m\",\"content\":\"\n\n<h3 data-start=\\\"1563\\\" data-end=\\\"1599\\\"><strong data-start=\\\"1567\\\" data-end=\\\"1597\\\">Et Oliquide dans tout \\u00e7a ?<\\\/strong><\\\/h3>\\n\n\n<p data-start=\\\"1601\\\" data-end=\\\"1935\\\">\\u00c0 ce jour, on sait que la <strong data-start=\\\"1627\\\" data-end=\\\"1642\\\">e-cigarette<\\\/strong> est une <strong data-start=\\\"1651\\\" data-end=\\\"1688\\\">m\\u00e9thode d\\u2019aide \\u00e0 l\\u2019arr\\u00eat du tabac<\\\/strong> qui entra\\u00eene une <strong data-start=\\\"1706\\\" data-end=\\\"1729\\\">r\\u00e9duction du risque<\\\/strong> de <strong data-start=\\\"1733\\\" data-end=\\\"1752\\\">maladies graves<\\\/strong>. Selon les chiffres de <strong data-start=\\\"1776\\\" data-end=\\\"1801\\\">Sant\\u00e9 publique France<\\\/strong>, en <strong data-start=\\\"1806\\\" data-end=\\\"1814\\\">2016<\\\/strong>, <strong data-start=\\\"1816\\\" data-end=\\\"1840\\\">67% des participants<\\\/strong> avaient eu recours \\u00e0 une <strong data-start=\\\"1866\\\" data-end=\\\"1874\\\">aide<\\\/strong>, et <strong data-start=\\\"1879\\\" data-end=\\\"1886\\\">33%<\\\/strong> avaient utilis\\u00e9 la <strong data-start=\\\"1906\\\" data-end=\\\"1932\\\">cigarette \\u00e9lectronique<\\\/strong>.<\\\/p>\\n\n\n<p data-start=\\\"1937\\\" data-end=\\\"2083\\\">Chez <a href=\\\"https:\\\/\\\/www.oliquide.com\\\/\\\"><strong data-start=\\\"1942\\\" data-end=\\\"1954\\\">Oliquide<\\\/strong><\\\/a>, on vous accompagne tout au long du <strong data-start=\\\"1991\\\" data-end=\\\"2010\\\">Mois Sans Tabac<\\\/strong> sur notre <strong data-start=\\\"2021\\\" data-end=\\\"2059\\\">blog, r\\u00e9seaux sociaux, newsletters<\\\/strong> et <strong data-start=\\\"2063\\\" data-end=\\\"2080\\\">site Internet<\\\/strong>.<\\\/p>\\n\n\n<p data-start=\\\"2085\\\" data-end=\\\"2268\\\">Si vous souhaitez des <strong data-start=\\\"2107\\\" data-end=\\\"2119\\\">conseils<\\\/strong> pour passer \\u00e0 la <strong data-start=\\\"2137\\\" data-end=\\\"2145\\\">vape<\\\/strong>, <strong data-start=\\\"2147\\\" data-end=\\\"2165\\\">contactez-nous<\\\/strong> ! Nous ne sommes pas l\\u00e0 uniquement pour <strong data-start=\\\"2206\\\" data-end=\\\"2227\\\">vendre un produit<\\\/strong>, mais aussi pour vous <strong data-start=\\\"2250\\\" data-end=\\\"2265\\\">accompagner<\\\/strong>.<\\\/p>\",\"margin\":\"default\"}}]}]},{\"type\":\"row\",\"children\":[{\"type\":\"column\",\"props\":{\"image_position\":\"center-center\",\"position_sticky_breakpoint\":\"m\"},\"children\":[{\"type\":\"text\",\"props\":{\"column_breakpoint\":\"m\",\"content\":\"\n\n<p data-start=\\\"2270\\\" data-end=\\\"2484\\\">D\\u2019ici quelques mois, <strong data-start=\\\"2291\\\" data-end=\\\"2308\\\">trois membres<\\\/strong> de notre \\u00e9quipe vont passer la <strong data-start=\\\"2340\\\" data-end=\\\"2376\\\">certification AMZER-GLAS CIMVAPE<\\\/strong>, sp\\u00e9cialis\\u00e9e en <strong data-start=\\\"2393\\\" data-end=\\\"2408\\\">tabacologie<\\\/strong> et <strong data-start=\\\"2412\\\" data-end=\\\"2438\\\">cigarette \\u00e9lectronique<\\\/strong>, afin de mieux accompagner nos <strong data-start=\\\"2470\\\" data-end=\\\"2481\\\">clients<\\\/strong>.<\\\/p>\\n\n\n<p data-start=\\\"2486\\\" data-end=\\\"2548\\\" data-is-last-node=\\\"\\\" data-is-only-node=\\\"\\\"><strong data-start=\\\"2486\\\" data-end=\\\"2548\\\" data-is-last-node=\\\"\\\">Tout seul on va plus vite, mais ensemble on va plus loin !<\\\/strong><\\\/p>\",\"margin\":\"default\"}}]}]},{\"type\":\"row\",\"children\":[{\"type\":\"column\",\"props\":{\"image_position\":\"center-center\",\"position_sticky_breakpoint\":\"m\"},\"children\":[{\"type\":\"comments\",\"props\":{\"link_style\":\"default\",\"margin\":\"default\",\"title_decoration\":\"bullet\",\"title_element\":\"h2\",\"title_style\":\"h3\"}}]}]}]}],\"version\":\"4.5.5\"} --><\/p>\n","protected":false},"excerpt":{"rendered":"<p>#MoisSansTabac : en novembre, on arr\u00eate ensemble ? Le 1er novembre 2021, nous entamerons la 6e \u00e9dition du #MoisSansTabac. Cette op\u00e9ration a \u00e9t\u00e9 lanc\u00e9e en 2016. C&rsquo;est une initiative de Sant\u00e9 publique France et du Minist\u00e8re des Solidarit\u00e9s et de la Sant\u00e9, en partenariat avec l\u2019Assurance Maladie. Depuis sa cr\u00e9ation, ce sont plus de 900 [&hellip;]<\/p>\n","protected":false},"author":1,"featured_media":3724,"comment_status":"open","ping_status":"open","sticky":false,"template":"","format":"standard","meta":{"_jetpack_memberships_contains_paid_content":false,"footnotes":""},"categories":[3],"tags":[292],"class_list":["post-3706","post","type-post","status-publish","format-standard","has-post-thumbnail","hentry","category-actus-de-la-vape","tag-mois-sans-tabac"],"aioseo_notices":[],"jetpack_featured_media_url":"https:\/\/www.oliquide.com\/blog\/wp-content\/uploads\/2021\/10\/banniere-mois-sans-tabac-copie-1.jpg","jetpack_sharing_enabled":true,"_links":{"self":[{"href":"https:\/\/www.oliquide.com\/blog\/wp-json\/wp\/v2\/posts\/3706","targetHints":{"allow":["GET"]}}],"collection":[{"href":"https:\/\/www.oliquide.com\/blog\/wp-json\/wp\/v2\/posts"}],"about":[{"href":"https:\/\/www.oliquide.com\/blog\/wp-json\/wp\/v2\/types\/post"}],"author":[{"embeddable":true,"href":"https:\/\/www.oliquide.com\/blog\/wp-json\/wp\/v2\/users\/1"}],"replies":[{"embeddable":true,"href":"https:\/\/www.oliquide.com\/blog\/wp-json\/wp\/v2\/comments?post=3706"}],"version-history":[{"count":0,"href":"https:\/\/www.oliquide.com\/blog\/wp-json\/wp\/v2\/posts\/3706\/revisions"}],"wp:featuredmedia":[{"embeddable":true,"href":"https:\/\/www.oliquide.com\/blog\/wp-json\/wp\/v2\/media\/3724"}],"wp:attachment":[{"href":"https:\/\/www.oliquide.com\/blog\/wp-json\/wp\/v2\/media?parent=3706"}],"wp:term":[{"taxonomy":"category","embeddable":true,"href":"https:\/\/www.oliquide.com\/blog\/wp-json\/wp\/v2\/categories?post=3706"},{"taxonomy":"post_tag","embeddable":true,"href":"https:\/\/www.oliquide.com\/blog\/wp-json\/wp\/v2\/tags?post=3706"}],"curies":[{"name":"wp","href":"https:\/\/api.w.org\/{rel}","templated":true}]}}