{"id":4392,"date":"2021-12-23T17:00:44","date_gmt":"2021-12-23T16:00:44","guid":{"rendered":"https:\/\/vapactu.oliquide.com\/?p=4392"},"modified":"2025-02-12T10:49:09","modified_gmt":"2025-02-12T09:49:09","slug":"espace-solidaire-remise-de-don-au-theatre-de-cristal","status":"publish","type":"post","link":"https:\/\/www.oliquide.com\/blog\/espace-solidaire-remise-de-don-au-theatre-de-cristal\/","title":{"rendered":"Espace solidaire : remise de don au Th\u00e9\u00e2tre de Cristal"},"content":{"rendered":"<p><img decoding=\"async\" src=\"\/blog\/wp-content\/uploads\/2025\/02\/2024-11-dons-espace-solidaire-theatre-crital.jpg\" alt=\"banniere don espace solidaire theatre du cristal\"><\/p>\n<h1>\n<p><b>Espace solidaire : remise de don au Th\u00e9\u00e2tre de Cristal<\/b><\/p>\n<\/h1>\n<div>\n<p>Ce <strong>mardi 21 d\u00e9cembre<\/strong>, Arthur, Camille, Francis, Jean-Marc et Marie se sont rendus \u00e0 Vannes-le-Ch\u00e2tel (54) dans les locaux du<a href=\"https:\/\/theatredecristal.com\/\"><strong> Th\u00e9\u00e2tre de Cristal<\/strong><\/a> afin de remettre \u00e0 l&rsquo;association les <strong>6 570 \u20ac r\u00e9colt\u00e9s depuis l&rsquo;Espace Solidaire.<\/strong> Cet \u00e9v\u00e9nement a \u00e9t\u00e9, une fois de plus, l&rsquo;occasion de concr\u00e9tiser le concept de cagnotte solidaire mis en place par <a href=\"https:\/\/www.oliquide.com\/\"><strong>Oliquide<\/strong> <\/a>et de partager un moment plein d&rsquo;humanit\u00e9.<\/p>\n<\/div>\n<div>\n<div id=\"ez-toc-container\" class=\"ez-toc-v2_0_82_2 ez-toc-grey ez-toc-container-direction\">\n<div class=\"ez-toc-title-container\">\n<p class=\"ez-toc-title\" style=\"cursor:inherit\">Sommaire<\/p>\n<span class=\"ez-toc-title-toggle\"><a href=\"#\" class=\"ez-toc-pull-right ez-toc-btn ez-toc-btn-xs ez-toc-btn-default ez-toc-toggle\" aria-label=\"Toggle Table of Content\"><span class=\"ez-toc-js-icon-con\"><span class=\"\"><span class=\"eztoc-hide\" style=\"display:none;\">Toggle<\/span><span class=\"ez-toc-icon-toggle-span\"><svg style=\"fill: #999;color:#999\" xmlns=\"http:\/\/www.w3.org\/2000\/svg\" class=\"list-377408\" width=\"20px\" height=\"20px\" viewBox=\"0 0 24 24\" fill=\"none\"><path d=\"M6 6H4v2h2V6zm14 0H8v2h12V6zM4 11h2v2H4v-2zm16 0H8v2h12v-2zM4 16h2v2H4v-2zm16 0H8v2h12v-2z\" fill=\"currentColor\"><\/path><\/svg><svg style=\"fill: #999;color:#999\" class=\"arrow-unsorted-368013\" xmlns=\"http:\/\/www.w3.org\/2000\/svg\" width=\"10px\" height=\"10px\" viewBox=\"0 0 24 24\" version=\"1.2\" baseProfile=\"tiny\"><path d=\"M18.2 9.3l-6.2-6.3-6.2 6.3c-.2.2-.3.4-.3.7s.1.5.3.7c.2.2.4.3.7.3h11c.3 0 .5-.1.7-.3.2-.2.3-.5.3-.7s-.1-.5-.3-.7zM5.8 14.7l6.2 6.3 6.2-6.3c.2-.2.3-.5.3-.7s-.1-.5-.3-.7c-.2-.2-.4-.3-.7-.3h-11c-.3 0-.5.1-.7.3-.2.2-.3.5-.3.7s.1.5.3.7z\"\/><\/svg><\/span><\/span><\/span><\/a><\/span><\/div>\n<nav><ul class='ez-toc-list ez-toc-list-level-1 eztoc-toggle-hide-by-default' ><li class='ez-toc-page-1 ez-toc-heading-level-2'><a class=\"ez-toc-link ez-toc-heading-1\" href=\"https:\/\/www.oliquide.com\/blog\/espace-solidaire-remise-de-don-au-theatre-de-cristal\/#Aventurier_de_lEspace_Solidaire_le_Theatre_de_Cristal_en_quelques_mots%E2%80%A6\" >Aventurier de l&rsquo;Espace Solidaire : le Th\u00e9\u00e2tre de Cristal en quelques mots&#8230;<\/a><\/li><li class='ez-toc-page-1 ez-toc-heading-level-2'><a class=\"ez-toc-link ez-toc-heading-2\" href=\"https:\/\/www.oliquide.com\/blog\/espace-solidaire-remise-de-don-au-theatre-de-cristal\/#Cagnottes_solidaires_reversees_a_lassociation_on_fait_le_point\" >Cagnottes solidaires revers\u00e9es \u00e0 l\u2019association : on fait le point ?<\/a><\/li><li class='ez-toc-page-1 ez-toc-heading-level-2'><a class=\"ez-toc-link ez-toc-heading-3\" href=\"https:\/\/www.oliquide.com\/blog\/espace-solidaire-remise-de-don-au-theatre-de-cristal\/#Remise_de_don_un_moment_de_partage_et_dhumanite\" >Remise de don : un moment de partage et d\u2019humanit\u00e9<\/a><\/li><\/ul><\/nav><\/div>\n<\/div>\n<div>\n<h2><span class=\"ez-toc-section\" id=\"Aventurier_de_lEspace_Solidaire_le_Theatre_de_Cristal_en_quelques_mots%E2%80%A6\"><\/span><b>Aventurier de l&rsquo;Espace Solidaire : le Th\u00e9\u00e2tre de Cristal en quelques mots&#8230;<\/b><span class=\"ez-toc-section-end\"><\/span><\/h2>\n<\/div>\n<div>\n<p>Le<strong><a href=\"https:\/\/theatredecristal.com\/\"> Th\u00e9\u00e2tre de Cristal<\/a> <\/strong>est une association cr\u00e9\u00e9e en 1989 et implant\u00e9 \u00e0 <strong>Vannes le Ch\u00e2tel sur le Pays Terres de Lorraine<\/strong> (\u00e0 la fronti\u00e8re de la Meurthe-et-Moselle, les Vosges et la Meuse). Depuis sa cr\u00e9ation, le <strong><a href=\"https:\/\/theatredecristal.com\/\">Th\u00e9\u00e2tre de Cristal<\/a><\/strong> est impliqu\u00e9 aux c\u00f4t\u00e9s des habitants, des associations, des communes et des structures intercommunales de Lorraine. L\u2019objectif : b\u00e2tir avec eux des projets culturels centr\u00e9s sur les individus et leurs histoires et ouvrir le th\u00e9\u00e2tre \u00e0 un nouveau public. En effet, les projets men\u00e9s par l\u2019association sont vecteurs de rencontres qui permettent de toucher un public nouveau (familles, adolescents\u2026) parmi lequel se trouve des personnes n\u2019allant jamais au th\u00e9\u00e2tre.<\/p>\n<\/div>\n<p><img decoding=\"async\" src=\"\/blog\/wp-content\/uploads\/2025\/02\/theatre_crystal_pied_page.png\" alt=\"logo theatre du cristal\"><\/p>\n<div>\n<p>La compagnie travaille donc autour de <strong>quatre axes principaux<\/strong> pour atteindre ces objectifs :<\/p>\n<ul>\n<li aria-level=\"1\">Les spectacles et les cr\u00e9ations professionnelles<\/li>\n<\/ul>\n<ul>\n<li aria-level=\"1\">Les directions artistiques<\/li>\n<\/ul>\n<ul>\n<li aria-level=\"1\">La formation : \u00e9cole de th\u00e9\u00e2tre et de cirque<\/li>\n<\/ul>\n<ul>\n<li aria-level=\"1\">Salle de spectacles : chaque ann\u00e9e, la salle Michel Dinet h\u00e9berge d\u2019autres compagnies en r\u00e9sidence, diffuse des spectacles et accueille des spectacles jeune public<\/li>\n<\/ul>\n<p>En r\u00e9sum\u00e9, <strong><a href=\"https:\/\/theatredecristal.com\/\">le Th\u00e9\u00e2tre de Cristal<\/a><\/strong>, c\u2019est un association qui fait vibrer la culture sur son territoire et nous, chez<strong><a href=\"https:\/\/www.oliquide.com\/\"> Oliquide<\/a><\/strong>, nous sommes tr\u00e8s sensibles \u00e0 cela et nous tirons notre chapeau bas aux membres de l\u2019\u00e9quipe et aux b\u00e9n\u00e9voles qui font vivre ce beau projet au quotidien.<\/p>\n<\/div>\n<div>\n<h2><span class=\"ez-toc-section\" id=\"Cagnottes_solidaires_reversees_a_lassociation_on_fait_le_point\"><\/span><b>Cagnottes solidaires revers\u00e9es \u00e0 l\u2019association : on fait le point ?<\/b><span class=\"ez-toc-section-end\"><\/span><\/h2>\n<p>Le <a href=\"https:\/\/theatredecristal.com\/\"><strong>Th\u00e9\u00e2tre de Cristal<\/strong><\/a> a \u00e9t\u00e9 la premi\u00e8re association \u00e0 d\u00e9poser un projet sur<strong><a href=\"https:\/\/www.oliquide.com\/compteUtilisateur\/espaceSolidaire\/index.php\"> l\u2019Espace Solidaire<\/a><\/strong> fin 2020. \u00ab Un spectacle autour de Pr\u00e9vert \u00bb, tel \u00e9tait l\u2019intitul\u00e9 du projet d\u00e9pos\u00e9 par la compagnie. Ce titre est plut\u00f4t \u00e9vocateur puisque l\u2019objectif de cette collecte de fonds \u00e9tait de permettre la cr\u00e9ation et la diffusion d\u2019un spectacle associant musique, th\u00e9\u00e2tre, po\u00e9sie, texte et travail autour de l\u2019objet, le tout autour de l\u2019\u0153uvre de <strong>Jacques Pr\u00e9vert.<\/strong> Voici un petit extrait du spectacle :<\/p>\n<\/div>\n<p><iframe src=\"https:\/\/youtu.be\/DLSc5jOXWU4\"><\/iframe><\/p>\n<div>\n<p>Durant plusieurs mois, ce projet a eu sa place sur notre plateforme de <strong>crowdfunding<\/strong> et nos clients pouvaient choisir de lui verser tout ou partie de<strong> leur cagnotte solidaire.<\/strong> En mai 2021, date de cl\u00f4ture de l\u2019aventure, on comptait 113,72 \u20ac revers\u00e9s par 32 aventuriers, ce qui est&#8230; assez peu !<\/p>\n<p>Pour autant, on vous l\u2019a dit, ce projet nous tenait vraiment \u00e0 c\u0153ur et nous voulions vraiment aider la compagnie \u00e0 financer son spectacle. Les<a href=\"https:\/\/www.oliquide.com\/page-cgu-espace-solidaire.php\"> conditions g\u00e9n\u00e9rales d\u2019utilisation de l\u2019Espace Solidaire<\/a> mentionnent que <i>dans le cas o\u00f9 un client n\u2019utilise pas sa cagnotte durant une ann\u00e9e pleine, Oliquide se r\u00e9serve le droit de r\u00e9cup\u00e9rer les fonds vers\u00e9s afin de les reverser \u00e0 des aventures, de quelque fa\u00e7on que ce soit<\/i>. Du coup : c\u2019est ce qu\u2019on a fait !<\/p>\n<p>Nous partons du principe que l\u2019objectif <strong>des cagnottes solidaires<\/strong> est de financer des projets associatifs. Or, une partie de l\u2019argent vers\u00e9 sur les cagnottes de nos clients reste inutilis\u00e9e chaque ann\u00e9e alors qu\u2019il pourrait \u00eatre tr\u00e8s utile aux associations pr\u00e9sentes sur l\u2019Espace Solidaire. C\u2019est donc dans cette dynamique que nous avons d\u00e9cid\u00e9 de verser une partie de l\u2019argent inutilis\u00e9 \u00e0 la compagnie et d&rsquo;ainsi compenser le d\u00e9ficit li\u00e9 au <strong>spectacle sur Pr\u00e9vert<\/strong> qui n&rsquo;a malheureusement pas pu suffisamment tourner \u00e0 cause des restrictions sanitaires.<\/p>\n<p>Par cons\u00e9quent, c\u2019est un <strong>ch\u00e8que de 6 570 \u20ac<\/strong> que nous avons remis \u00e0 l\u2019association. Cela leur a permis de ne pas faire de perte sur ce projet. L\u2019occasion pour <strong>Oliquide<\/strong> de t\u00e9moigner de son soutien envers le monde de la culture en cette p\u00e9riode de <strong>crise sanitaire<\/strong>.<\/p>\n<\/div>\n<div>\n<h2><span class=\"ez-toc-section\" id=\"Remise_de_don_un_moment_de_partage_et_dhumanite\"><\/span><b>Remise de don : un moment de partage et d\u2019humanit\u00e9<\/b><span class=\"ez-toc-section-end\"><\/span><\/h2>\n<p>C\u2019est donc le mardi 21 janvier qu\u2019Arthur, Camille, Francis, Jean-Marc et Marie se sont rendus \u00e0 Vannes-le-Ch\u00e2tel dans le but de <strong>rencontrer une partie de l\u2019\u00e9quipe du Th\u00e9\u00e2tre de Cristal et d\u2019ainsi leur remettre un ch\u00e8que d\u2019une valeur de 6 570 \u20ac.<\/strong><\/p>\n<p>Sur place, nous avons \u00e9t\u00e9 accueilli par<strong> M. Dominique Farci,<\/strong> com\u00e9dien et metteur en sc\u00e8ne au sein de la compagnie (dont nous avions fait une<strong><a href=\"https:\/\/youtu.be\/7W_SAlo-TeE\"> interview<\/a><\/strong> il y a quelques mois !), qui nous a fait visiter les locaux. Salle de spectacle, loges, stockage de costumes et de d\u00e9cors, bureaux : on a tout vu et on a film\u00e9 ! La vid\u00e9o est disponible \u00e0 la fin de l&rsquo;article !<\/p>\n<p>Suite \u00e0 cette visite, nous avons pu discuter avec une dizaine de membres de la compagnie (des salari\u00e9s, des b\u00e9n\u00e9voles et des membres du CA dont la pr\u00e9sidente Isabelle Collin). Nous avons notamment \u00e9chang\u00e9 sur la place du Th\u00e9\u00e2tre dans un monde <strong>post-covid<\/strong> et sur l\u2019importance de soutenir les compagnies et les artistes en ces p\u00e9riodes de bouleversements.<\/p>\n<p>Pour finir, le<strong> ch\u00e8que de 6 570\u20ac<\/strong> a \u00e9t\u00e9 remis par Arthur, d\u00e9veloppeur chez <strong>Oliquide<\/strong>. Un joli temps d\u2019\u00e9change, plein d\u2019humanit\u00e9 : le genre d\u2019instants qui donnent du sens \u00e0 ce que nous faisons au quotidien au sein de notre entreprise.<\/p>\n<\/div>\n<p><img decoding=\"async\" src=\"\/blog\/wp-content\/uploads\/2025\/02\/PHOTO-1.png\" alt=\"\"><br \/>\n<img decoding=\"async\" src=\"\/blog\/wp-content\/uploads\/2025\/02\/PHOTO-2.png\" alt=\"theatre de cristal visite\"><br \/>\n<img decoding=\"async\" src=\"\/blog\/wp-content\/uploads\/2025\/02\/PHOTO-3.png\" alt=\"visite theatre de cristal\"><br \/>\n<iframe src=\"https:\/\/youtu.be\/9XmkDpEsAZg?list=PL4lczJLO_Najxw_DA-zu5NW5rkAorSMkp\"><\/iframe><\/p>\n<p><!--more--><br \/>\n<!-- {\"type\":\"layout\",\"children\":[{\"type\":\"section\",\"props\":{\"image_position\":\"center-center\",\"padding\":\"small\",\"style\":\"default\",\"title_breakpoint\":\"xl\",\"title_position\":\"top-left\",\"title_rotation\":\"left\",\"vertical_align\":\"middle\",\"width\":\"default\"},\"children\":[{\"type\":\"row\",\"children\":[{\"type\":\"column\",\"props\":{\"image_position\":\"center-center\",\"position_sticky_breakpoint\":\"m\"},\"children\":[{\"type\":\"image\",\"props\":{\"image\":\"wp-content\\\/uploads\\\/2025\\\/02\\\/2024-11-dons-espace-solidaire-theatre-crital.jpg\",\"image_alt\":\"banniere don espace solidaire theatre du cristal\",\"image_box_decoration\":\"mask\",\"image_svg_color\":\"emphasis\",\"margin\":\"default\"}},{\"type\":\"headline\",\"props\":{\"content\":\"\n\n<p><b>Espace solidaire : remise de don au Th\\u00e9\\u00e2tre de Cristal<\\\/b><\\\/p>\",\"title_element\":\"h1\"}},{\"type\":\"text\",\"props\":{\"column_breakpoint\":\"m\",\"content\":\"\n\n<p>Ce <strong>mardi 21 d\\u00e9cembre<\\\/strong>, Arthur, Camille, Francis, Jean-Marc et Marie se sont rendus \\u00e0 Vannes-le-Ch\\u00e2tel (54) dans les locaux du<a href=\\\"https:\\\/\\\/theatredecristal.com\\\/\\\"><strong> Th\\u00e9\\u00e2tre de Cristal<\\\/strong><\\\/a> afin de remettre \\u00e0 l'association les <strong>6 570 \\u20ac r\\u00e9colt\\u00e9s depuis l'Espace Solidaire.<\\\/strong> Cet \\u00e9v\\u00e9nement a \\u00e9t\\u00e9, une fois de plus, l'occasion de concr\\u00e9tiser le concept de cagnotte solidaire mis en place par <a href=\\\"https:\\\/\\\/www.oliquide.com\\\/\\\"><strong>Oliquide<\\\/strong> <\\\/a>et de partager un moment plein d'humanit\\u00e9.<\\\/p>\",\"margin\":\"default\",\"text_style\":\"lead\"}},{\"type\":\"html\",\"props\":{\"content\":\"[ez-toc]\"}}]}]}]},{\"type\":\"section\",\"props\":{\"image_position\":\"center-center\",\"padding\":\"small\",\"style\":\"default\",\"title_breakpoint\":\"xl\",\"title_position\":\"top-left\",\"title_rotation\":\"left\",\"vertical_align\":\"middle\",\"width\":\"default\"},\"children\":[{\"type\":\"row\",\"children\":[{\"type\":\"column\",\"props\":{\"image_position\":\"center-center\",\"position_sticky_breakpoint\":\"m\"},\"children\":[{\"type\":\"text\",\"props\":{\"column_breakpoint\":\"m\",\"content\":\"\n\n<h2><b>Aventurier de l'Espace Solidaire : le Th\\u00e9\\u00e2tre de Cristal en quelques mots...<\\\/b><\\\/h2>\",\"margin\":\"default\"}}]}]},{\"type\":\"row\",\"props\":{\"layout\":\"2-3,1-3\"},\"children\":[{\"type\":\"column\",\"props\":{\"image_position\":\"center-center\",\"position_sticky_breakpoint\":\"m\",\"vertical_align\":\"middle\",\"width_medium\":\"2-3\"},\"children\":[{\"type\":\"text\",\"props\":{\"column_breakpoint\":\"m\",\"content\":\"\n\n<p>Le<strong><a href=\\\"https:\\\/\\\/theatredecristal.com\\\/\\\"> Th\\u00e9\\u00e2tre de Cristal<\\\/a> <\\\/strong>est une association cr\\u00e9\\u00e9e en 1989 et implant\\u00e9 \\u00e0 <strong>Vannes le Ch\\u00e2tel sur le Pays Terres de Lorraine<\\\/strong> (\\u00e0 la fronti\\u00e8re de la Meurthe-et-Moselle, les Vosges et la Meuse). Depuis sa cr\\u00e9ation, le <strong><a href=\\\"https:\\\/\\\/theatredecristal.com\\\/\\\">Th\\u00e9\\u00e2tre de Cristal<\\\/a><\\\/strong> est impliqu\\u00e9 aux c\\u00f4t\\u00e9s des habitants, des associations, des communes et des structures intercommunales de Lorraine. L\\u2019objectif : b\\u00e2tir avec eux des projets culturels centr\\u00e9s sur les individus et leurs histoires et ouvrir le th\\u00e9\\u00e2tre \\u00e0 un nouveau public. En effet, les projets men\\u00e9s par l\\u2019association sont vecteurs de rencontres qui permettent de toucher un public nouveau (familles, adolescents\\u2026) parmi lequel se trouve des personnes n\\u2019allant jamais au th\\u00e9\\u00e2tre.<\\\/p>\",\"margin\":\"default\"}}]},{\"type\":\"column\",\"props\":{\"image_position\":\"center-center\",\"position_sticky_breakpoint\":\"m\",\"vertical_align\":\"middle\",\"width_medium\":\"1-3\"},\"children\":[{\"type\":\"image\",\"props\":{\"image\":\"wp-content\\\/uploads\\\/2025\\\/02\\\/theatre_crystal_pied_page.png\",\"image_alt\":\"logo theatre du cristal\",\"image_svg_color\":\"emphasis\",\"margin\":\"default\",\"text_align\":\"center\"}}]}]},{\"type\":\"row\",\"children\":[{\"type\":\"column\",\"props\":{\"image_position\":\"center-center\",\"position_sticky_breakpoint\":\"m\"},\"children\":[{\"type\":\"text\",\"props\":{\"column_breakpoint\":\"m\",\"content\":\"\n\n<p>La compagnie travaille donc autour de <strong>quatre axes principaux<\\\/strong> pour atteindre ces objectifs :<\\\/p>\\n\n\n<ul>\\n\n\n<li aria-level=\\\"1\\\">Les spectacles et les cr\\u00e9ations professionnelles<\\\/li>\\n<\\\/ul>\\n\n\n<ul>\\n\n\n<li aria-level=\\\"1\\\">Les directions artistiques<\\\/li>\\n<\\\/ul>\\n\n\n<ul>\\n\n\n<li aria-level=\\\"1\\\">La formation : \\u00e9cole de th\\u00e9\\u00e2tre et de cirque<\\\/li>\\n<\\\/ul>\\n\n\n<ul>\\n\n\n<li aria-level=\\\"1\\\">Salle de spectacles : chaque ann\\u00e9e, la salle Michel Dinet h\\u00e9berge d\\u2019autres compagnies en r\\u00e9sidence, diffuse des spectacles et accueille des spectacles jeune public<\\\/li>\\n<\\\/ul>\\n\n\n<p>En r\\u00e9sum\\u00e9, <strong><a href=\\\"https:\\\/\\\/theatredecristal.com\\\/\\\">le Th\\u00e9\\u00e2tre de Cristal<\\\/a><\\\/strong>, c\\u2019est un association qui fait vibrer la culture sur son territoire et nous, chez<strong><a href=\\\"https:\\\/\\\/www.oliquide.com\\\/\\\"> Oliquide<\\\/a><\\\/strong>, nous sommes tr\\u00e8s sensibles \\u00e0 cela et nous tirons notre chapeau bas aux membres de l\\u2019\\u00e9quipe et aux b\\u00e9n\\u00e9voles qui font vivre ce beau projet au quotidien.<\\\/p>\",\"margin\":\"default\"}}]}]}]},{\"type\":\"section\",\"props\":{\"image_position\":\"center-center\",\"padding\":\"small\",\"style\":\"default\",\"title_breakpoint\":\"xl\",\"title_position\":\"top-left\",\"title_rotation\":\"left\",\"vertical_align\":\"middle\",\"width\":\"default\"},\"children\":[{\"type\":\"row\",\"children\":[{\"type\":\"column\",\"props\":{\"image_position\":\"center-center\",\"position_sticky_breakpoint\":\"m\"},\"children\":[{\"type\":\"text\",\"props\":{\"column_breakpoint\":\"m\",\"content\":\"\n\n<h2><b>Cagnottes solidaires revers\\u00e9es \\u00e0 l\\u2019association : on fait le point ?<\\\/b><\\\/h2>\\n\n\n<p>Le <a href=\\\"https:\\\/\\\/theatredecristal.com\\\/\\\"><strong>Th\\u00e9\\u00e2tre de Cristal<\\\/strong><\\\/a> a \\u00e9t\\u00e9 la premi\\u00e8re association \\u00e0 d\\u00e9poser un projet sur<strong><a href=\\\"https:\\\/\\\/www.oliquide.com\\\/compteUtilisateur\\\/espaceSolidaire\\\/index.php\\\"> l\\u2019Espace Solidaire<\\\/a><\\\/strong> fin 2020. \\u00ab Un spectacle autour de Pr\\u00e9vert \\u00bb, tel \\u00e9tait l\\u2019intitul\\u00e9 du projet d\\u00e9pos\\u00e9 par la compagnie. Ce titre est plut\\u00f4t \\u00e9vocateur puisque l\\u2019objectif de cette collecte de fonds \\u00e9tait de permettre la cr\\u00e9ation et la diffusion d\\u2019un spectacle associant musique, th\\u00e9\\u00e2tre, po\\u00e9sie, texte et travail autour de l\\u2019objet, le tout autour de l\\u2019\\u0153uvre de <strong>Jacques Pr\\u00e9vert.<\\\/strong> Voici un petit extrait du spectacle :<\\\/p>\",\"margin\":\"default\"}},{\"type\":\"video\",\"props\":{\"margin\":\"default\",\"video\":\"https:\\\/\\\/youtu.be\\\/DLSc5jOXWU4\",\"video_box_decoration\":\"mask\",\"video_controls\":true,\"video_height\":5000}}]}]},{\"type\":\"row\",\"children\":[{\"type\":\"column\",\"props\":{\"image_position\":\"center-center\",\"position_sticky_breakpoint\":\"m\"},\"children\":[{\"type\":\"text\",\"props\":{\"column_breakpoint\":\"m\",\"content\":\"\n\n<p>Durant plusieurs mois, ce projet a eu sa place sur notre plateforme de <strong>crowdfunding<\\\/strong> et nos clients pouvaient choisir de lui verser tout ou partie de<strong> leur cagnotte solidaire.<\\\/strong> En mai 2021, date de cl\\u00f4ture de l\\u2019aventure, on comptait 113,72 \\u20ac revers\\u00e9s par 32 aventuriers, ce qui est... assez peu !<\\\/p>\\n\n\n<p>Pour autant, on vous l\\u2019a dit, ce projet nous tenait vraiment \\u00e0 c\\u0153ur et nous voulions vraiment aider la compagnie \\u00e0 financer son spectacle. Les<a href=\\\"https:\\\/\\\/www.oliquide.com\\\/page-cgu-espace-solidaire.php\\\"> conditions g\\u00e9n\\u00e9rales d\\u2019utilisation de l\\u2019Espace Solidaire<\\\/a> mentionnent que <i>dans le cas o\\u00f9 un client n\\u2019utilise pas sa cagnotte durant une ann\\u00e9e pleine, Oliquide se r\\u00e9serve le droit de r\\u00e9cup\\u00e9rer les fonds vers\\u00e9s afin de les reverser \\u00e0 des aventures, de quelque fa\\u00e7on que ce soit<\\\/i>. Du coup : c\\u2019est ce qu\\u2019on a fait !<\\\/p>\\n\n\n<p>Nous partons du principe que l\\u2019objectif <strong>des cagnottes solidaires<\\\/strong> est de financer des projets associatifs. Or, une partie de l\\u2019argent vers\\u00e9 sur les cagnottes de nos clients reste inutilis\\u00e9e chaque ann\\u00e9e alors qu\\u2019il pourrait \\u00eatre tr\\u00e8s utile aux associations pr\\u00e9sentes sur l\\u2019Espace Solidaire. C\\u2019est donc dans cette dynamique que nous avons d\\u00e9cid\\u00e9 de verser une partie de l\\u2019argent inutilis\\u00e9 \\u00e0 la compagnie et d'ainsi compenser le d\\u00e9ficit li\\u00e9 au <strong>spectacle sur Pr\\u00e9vert<\\\/strong> qui n'a malheureusement pas pu suffisamment tourner \\u00e0 cause des restrictions sanitaires.<\\\/p>\\n\n\n<p>Par cons\\u00e9quent, c\\u2019est un <strong>ch\\u00e8que de 6 570 \\u20ac<\\\/strong> que nous avons remis \\u00e0 l\\u2019association. Cela leur a permis de ne pas faire de perte sur ce projet. L\\u2019occasion pour <strong>Oliquide<\\\/strong> de t\\u00e9moigner de son soutien envers le monde de la culture en cette p\\u00e9riode de <strong>crise sanitaire<\\\/strong>.<\\\/p>\",\"margin\":\"default\"}}]}]}]},{\"type\":\"section\",\"props\":{\"image_position\":\"center-center\",\"padding\":\"small\",\"style\":\"default\",\"title_breakpoint\":\"xl\",\"title_position\":\"top-left\",\"title_rotation\":\"left\",\"vertical_align\":\"middle\",\"width\":\"default\"},\"children\":[{\"type\":\"row\",\"props\":{\"layout\":\"2-3,1-3\"},\"children\":[{\"type\":\"column\",\"props\":{\"image_position\":\"center-center\",\"position_sticky_breakpoint\":\"m\",\"vertical_align\":\"middle\",\"width_medium\":\"2-3\"},\"children\":[{\"type\":\"text\",\"props\":{\"column_breakpoint\":\"m\",\"content\":\"\n\n<h2><b>Remise de don : un moment de partage et d\\u2019humanit\\u00e9<\\\/b><\\\/h2>\\n\n\n<p>C\\u2019est donc le mardi 21 janvier qu\\u2019Arthur, Camille, Francis, Jean-Marc et Marie se sont rendus \\u00e0 Vannes-le-Ch\\u00e2tel dans le but de <strong>rencontrer une partie de l\\u2019\\u00e9quipe du Th\\u00e9\\u00e2tre de Cristal et d\\u2019ainsi leur remettre un ch\\u00e8que d\\u2019une valeur de 6 570 \\u20ac.<\\\/strong><\\\/p>\\n\n\n<p>Sur place, nous avons \\u00e9t\\u00e9 accueilli par<strong> M. Dominique Farci,<\\\/strong> com\\u00e9dien et metteur en sc\\u00e8ne au sein de la compagnie (dont nous avions fait une<strong><a href=\\\"https:\\\/\\\/youtu.be\\\/7W_SAlo-TeE\\\"> interview<\\\/a><\\\/strong> il y a quelques mois !), qui nous a fait visiter les locaux. Salle de spectacle, loges, stockage de costumes et de d\\u00e9cors, bureaux : on a tout vu et on a film\\u00e9 ! La vid\\u00e9o est disponible \\u00e0 la fin de l'article !<\\\/p>\\n\n\n<p>Suite \\u00e0 cette visite, nous avons pu discuter avec une dizaine de membres de la compagnie (des salari\\u00e9s, des b\\u00e9n\\u00e9voles et des membres du CA dont la pr\\u00e9sidente Isabelle Collin). Nous avons notamment \\u00e9chang\\u00e9 sur la place du Th\\u00e9\\u00e2tre dans un monde <strong>post-covid<\\\/strong> et sur l\\u2019importance de soutenir les compagnies et les artistes en ces p\\u00e9riodes de bouleversements.<\\\/p>\\n\n\n<p>Pour finir, le<strong> ch\\u00e8que de 6 570\\u20ac<\\\/strong> a \\u00e9t\\u00e9 remis par Arthur, d\\u00e9veloppeur chez <strong>Oliquide<\\\/strong>. Un joli temps d\\u2019\\u00e9change, plein d\\u2019humanit\\u00e9 : le genre d\\u2019instants qui donnent du sens \\u00e0 ce que nous faisons au quotidien au sein de notre entreprise.<\\\/p>\",\"margin\":\"default\"}}]},{\"type\":\"column\",\"props\":{\"image_position\":\"center-center\",\"position_sticky_breakpoint\":\"m\",\"width_medium\":\"1-3\"},\"children\":[{\"type\":\"image\",\"props\":{\"image\":\"wp-content\\\/uploads\\\/2025\\\/02\\\/PHOTO-1.png\",\"image_svg_color\":\"emphasis\",\"margin\":\"default\"}},{\"type\":\"image\",\"props\":{\"image\":\"wp-content\\\/uploads\\\/2025\\\/02\\\/PHOTO-2.png\",\"image_alt\":\"theatre de cristal visite\",\"image_svg_color\":\"emphasis\",\"margin\":\"default\"}},{\"type\":\"image\",\"props\":{\"image\":\"wp-content\\\/uploads\\\/2025\\\/02\\\/PHOTO-3.png\",\"image_alt\":\"visite theatre de cristal\",\"image_svg_color\":\"emphasis\",\"margin\":\"default\"}}]}]}]},{\"type\":\"section\",\"props\":{\"image_position\":\"center-center\",\"padding\":\"small\",\"style\":\"default\",\"title_breakpoint\":\"xl\",\"title_position\":\"top-left\",\"title_rotation\":\"left\",\"vertical_align\":\"middle\",\"width\":\"default\"},\"children\":[{\"type\":\"row\",\"children\":[{\"type\":\"column\",\"props\":{\"image_position\":\"center-center\",\"position_sticky_breakpoint\":\"m\"},\"children\":[{\"type\":\"video\",\"props\":{\"margin\":\"default\",\"video\":\"https:\\\/\\\/youtu.be\\\/9XmkDpEsAZg?list=PL4lczJLO_Najxw_DA-zu5NW5rkAorSMkp\",\"video_box_decoration\":\"mask\",\"video_controls\":true,\"video_height\":5000}}]}]},{\"type\":\"row\",\"children\":[{\"type\":\"column\",\"props\":{\"image_position\":\"center-center\",\"position_sticky_breakpoint\":\"m\"},\"children\":[{\"type\":\"comments\",\"props\":{\"link_style\":\"default\",\"margin\":\"default\",\"title_decoration\":\"bullet\",\"title_element\":\"h2\",\"title_style\":\"h3\"}}]}]}]}],\"version\":\"4.5.4\"} --><\/p>\n","protected":false},"excerpt":{"rendered":"<p>Espace solidaire : remise de don au Th\u00e9\u00e2tre de Cristal Ce mardi 21 d\u00e9cembre, Arthur, Camille, Francis, Jean-Marc et Marie se sont rendus \u00e0 Vannes-le-Ch\u00e2tel (54) dans les locaux du Th\u00e9\u00e2tre de Cristal afin de remettre \u00e0 l&rsquo;association les 6 570 \u20ac r\u00e9colt\u00e9s depuis l&rsquo;Espace Solidaire. Cet \u00e9v\u00e9nement a \u00e9t\u00e9, une fois de plus, l&rsquo;occasion [&hellip;]<\/p>\n","protected":false},"author":1,"featured_media":4423,"comment_status":"open","ping_status":"open","sticky":false,"template":"","format":"standard","meta":{"_jetpack_memberships_contains_paid_content":false,"footnotes":""},"categories":[4,9],"tags":[67,96,137,147,149,200,203,210,212,215,311,356,357,395,396,421,422,432,433,457,458],"class_list":["post-4392","post","type-post","status-publish","format-standard","has-post-thumbnail","hentry","category-actus-oliquide","category-espace-solidaire","tag-association","tag-cagnotte-solidaire","tag-culture","tag-don","tag-don-association","tag-entreprise-ethique","tag-entreprise-solidaire","tag-espace-solidaire","tag-espace-solidaire-oliquide","tag-ethique-en-entreprise","tag-oliquide","tag-remise-de-don","tag-remise-de-don-association","tag-spectacle-prevert","tag-spectacle-sur-prevert","tag-theatre","tag-theatre-de-cristal","tag-valeurs-dentreprise","tag-vannes-le-chatel","tag-vie-dentreprise","tag-vie-doliquide"],"aioseo_notices":[],"jetpack_featured_media_url":"https:\/\/www.oliquide.com\/blog\/wp-content\/uploads\/2021\/12\/espace-solidaire-remise-don-theatre-de-cristal-1.jpg","jetpack_sharing_enabled":true,"_links":{"self":[{"href":"https:\/\/www.oliquide.com\/blog\/wp-json\/wp\/v2\/posts\/4392","targetHints":{"allow":["GET"]}}],"collection":[{"href":"https:\/\/www.oliquide.com\/blog\/wp-json\/wp\/v2\/posts"}],"about":[{"href":"https:\/\/www.oliquide.com\/blog\/wp-json\/wp\/v2\/types\/post"}],"author":[{"embeddable":true,"href":"https:\/\/www.oliquide.com\/blog\/wp-json\/wp\/v2\/users\/1"}],"replies":[{"embeddable":true,"href":"https:\/\/www.oliquide.com\/blog\/wp-json\/wp\/v2\/comments?post=4392"}],"version-history":[{"count":0,"href":"https:\/\/www.oliquide.com\/blog\/wp-json\/wp\/v2\/posts\/4392\/revisions"}],"wp:featuredmedia":[{"embeddable":true,"href":"https:\/\/www.oliquide.com\/blog\/wp-json\/wp\/v2\/media\/4423"}],"wp:attachment":[{"href":"https:\/\/www.oliquide.com\/blog\/wp-json\/wp\/v2\/media?parent=4392"}],"wp:term":[{"taxonomy":"category","embeddable":true,"href":"https:\/\/www.oliquide.com\/blog\/wp-json\/wp\/v2\/categories?post=4392"},{"taxonomy":"post_tag","embeddable":true,"href":"https:\/\/www.oliquide.com\/blog\/wp-json\/wp\/v2\/tags?post=4392"}],"curies":[{"name":"wp","href":"https:\/\/api.w.org\/{rel}","templated":true}]}}