{"id":4558,"date":"2022-01-13T16:44:43","date_gmt":"2022-01-13T15:44:43","guid":{"rendered":"https:\/\/vapactu.oliquide.com\/?p=4558"},"modified":"2025-02-20T11:58:25","modified_gmt":"2025-02-20T10:58:25","slug":"second-don-de-lespace-solidaire-pour-les-restos-du-coeur-toul","status":"publish","type":"post","link":"https:\/\/www.oliquide.com\/blog\/second-don-de-lespace-solidaire-pour-les-restos-du-coeur-toul\/","title":{"rendered":"Espace solidaire : 3 596 \u20ac pour les Restos du c\u0153ur"},"content":{"rendered":"<p><img decoding=\"async\" src=\"\/blog\/wp-content\/uploads\/2022\/01\/banniere-espace-solidaire-restos-du-coeur-1.jpg\" alt=\"don au restos du coeur\"><\/p>\n<h1><strong>Espace solidaire : 3 596 pour les Restos du Coeur !<\/strong><\/h1>\n<div>\n<p data-start=\"48\" data-end=\"335\">En ce d\u00e9but d\u2019ann\u00e9e, trois membres de la <strong data-start=\"89\" data-end=\"106\">team Oliquide<\/strong> ont rendu visite aux <strong data-start=\"128\" data-end=\"146\">Restos du C\u0153ur<\/strong> pour remettre l\u2019argent r\u00e9colt\u00e9 via l\u2019<strong data-start=\"184\" data-end=\"204\">Espace Solidaire<\/strong>. Un premier don avait \u00e9t\u00e9 fait en <strong data-start=\"239\" data-end=\"255\">f\u00e9vrier 2021<\/strong>. Cette ann\u00e9e, c\u2019est <strong data-start=\"276\" data-end=\"287\">2 178 \u20ac<\/strong> qui ont \u00e9t\u00e9 remis au centre de <strong data-start=\"319\" data-end=\"332\">Toul (54)<\/strong>.<\/p>\n<\/div>\n<div>\n<h3 data-start=\"331\" data-end=\"389\"><strong data-start=\"335\" data-end=\"387\">Bienvenue au centre des Restos du C\u0153ur de Toul !<\/strong><\/h3>\n<p data-start=\"391\" data-end=\"710\">Le <strong data-start=\"394\" data-end=\"418\">jeudi 6 janvier 2022<\/strong>, <strong data-start=\"420\" data-end=\"447\">Camille, Manue et Marie<\/strong> se sont rendues au centre des <strong data-start=\"478\" data-end=\"496\">Restos du C\u0153ur<\/strong> \u00e0 <strong data-start=\"499\" data-end=\"507\">Toul<\/strong>. Sur place, elles ont \u00e9t\u00e9 accueillies par <strong data-start=\"550\" data-end=\"569\">Charly Langlade<\/strong> (<strong data-start=\"571\" data-end=\"589\">vice-pr\u00e9sident<\/strong> du si\u00e8ge d\u00e9partemental de <strong data-start=\"616\" data-end=\"638\">Meurthe-et-Moselle<\/strong>) et <strong data-start=\"643\" data-end=\"660\">Michel Chenot<\/strong> (<strong data-start=\"662\" data-end=\"688\">adjoint au responsable<\/strong> du centre de Toul).<\/p>\n<\/div>\n<p><img decoding=\"async\" src=\"\/blog\/wp-content\/uploads\/2022\/01\/porte-resto-du-coeur-toul-1.jpg\" alt=\"restos du coeur centre toul\"><br \/>\n<img decoding=\"async\" src=\"\/blog\/wp-content\/uploads\/2022\/01\/citation-restos-du-coeur-toul-1.jpg\" alt=\"citation restos du coeur\"><\/p>\n<div>\n<p>Une dizaine de <strong data-start=\"727\" data-end=\"740\">b\u00e9n\u00e9voles<\/strong> \u00e9taient \u00e9galement pr\u00e9sents ce jour-l\u00e0 dans les locaux afin d\u2019assurer la <strong data-start=\"813\" data-end=\"842\">distribution hebdomadaire<\/strong>. Le d\u00e9partement de la <strong data-start=\"865\" data-end=\"887\">Meurthe-et-Moselle<\/strong> regroupe <strong data-start=\"897\" data-end=\"911\">37 centres<\/strong> comme celui de Toul pour un total de plus de <strong data-start=\"957\" data-end=\"974\">800 b\u00e9n\u00e9voles<\/strong> (soit environ <strong data-start=\"989\" data-end=\"1009\">130 temps pleins<\/strong>). Le r\u00f4le du <strong data-start=\"1023\" data-end=\"1046\">si\u00e8ge d\u00e9partemental<\/strong> est de <strong data-start=\"1054\" data-end=\"1080\">coordonner les centres<\/strong>, en g\u00e9rer l\u2019organisation et assurer leur <strong data-start=\"1122\" data-end=\"1144\">bon fonctionnement<\/strong>.<\/p>\n<\/div>\n<div>\n<p>Le centre de <strong data-start=\"1162\" data-end=\"1170\">Toul<\/strong> accueille actuellement <strong data-start=\"1194\" data-end=\"1210\">180 familles<\/strong>, soit environ <strong data-start=\"1225\" data-end=\"1242\">450 personnes<\/strong>. <strong data-start=\"1244\" data-end=\"1260\">27 b\u00e9n\u00e9voles<\/strong> rythment la vie de ce centre. <strong data-start=\"1291\" data-end=\"1313\">Sans les b\u00e9n\u00e9voles<\/strong>, les <strong data-start=\"1319\" data-end=\"1337\">Restos du C\u0153ur<\/strong> ne pourraient pas accompagner autant de personnes. <strong data-start=\"1389\" data-end=\"1416\">Les Restaurants du C\u0153ur<\/strong> sont toujours \u00e0 la recherche de <strong data-start=\"1449\" data-end=\"1469\">nouveaux membres<\/strong>, alors n\u2019h\u00e9sitez pas \u00e0 vous engager ! Comme le dit <strong data-start=\"1521\" data-end=\"1536\">M. Langlade<\/strong> : <strong data-start=\"1539\" data-end=\"1579\">\u00ab on donne, mais surtout on re\u00e7oit \u00bb<\/strong>.<\/p>\n<\/div>\n<div>\n<h3 data-start=\"1584\" data-end=\"1641\"><strong data-start=\"1588\" data-end=\"1639\">Espace solidaire : le projet des Restos du C\u0153ur<\/strong><\/h3>\n<p data-start=\"1643\" data-end=\"1760\">Le projet des <strong data-start=\"1657\" data-end=\"1675\">Restos du C\u0153ur<\/strong> est pr\u00e9sent sur l\u2019<a href=\"https:\/\/www.oliquide.com\/compteUtilisateur\/espaceSolidaire\/index.php\"><strong data-start=\"1694\" data-end=\"1714\">Espace Solidaire<\/strong><\/a> depuis son lancement en <strong data-start=\"1739\" data-end=\"1757\">septembre 2020<\/strong>.<\/p>\n<p data-start=\"1762\" data-end=\"1958\">Pour rappel, l\u2019<strong data-start=\"1777\" data-end=\"1797\">Espace Solidaire<\/strong>, c\u2019est <strong data-start=\"1805\" data-end=\"1841\">2,5% de notre chiffre d\u2019affaires<\/strong> mis \u00e0 disposition dans des <strong data-start=\"1869\" data-end=\"1893\">cagnottes solidaires<\/strong> que nos clients choisissent d\u2019attribuer \u00e0 une <strong data-start=\"1940\" data-end=\"1955\">association<\/strong>.<\/p>\n<p data-start=\"1960\" data-end=\"2091\">En <strong data-start=\"1963\" data-end=\"1979\">janvier 2021<\/strong>, un premier ch\u00e8que de <strong data-start=\"2002\" data-end=\"2013\">1 418 \u20ac<\/strong> avait \u00e9t\u00e9 remis \u00e0 l\u2019association pour financer la <strong data-start=\"2063\" data-end=\"2088\">r\u00e9novation des locaux<\/strong>.<\/p>\n<\/div>\n<p><iframe src=\"https:\/\/youtu.be\/EI0nosLiRpI\"><\/iframe><\/p>\n<div>\n<p data-start=\"2093\" data-end=\"2365\">Un an plus tard, le <strong data-start=\"2113\" data-end=\"2131\">6 janvier 2022<\/strong>, un second ch\u00e8que de <strong data-start=\"2153\" data-end=\"2164\">2 178 \u20ac<\/strong> a \u00e9t\u00e9 remis. Cette visite a permis de constater l\u2019<strong data-start=\"2215\" data-end=\"2238\">avanc\u00e9e des travaux<\/strong> : certains <strong data-start=\"2250\" data-end=\"2274\">murs ont \u00e9t\u00e9 refaits<\/strong>, un <strong data-start=\"2279\" data-end=\"2289\">bureau<\/strong>, une <strong data-start=\"2295\" data-end=\"2309\">salle-caf\u00e9<\/strong> et <strong data-start=\"2313\" data-end=\"2345\">deux espaces de distribution<\/strong> ont \u00e9t\u00e9 am\u00e9nag\u00e9s.<\/p>\n<p data-start=\"2367\" data-end=\"2550\">Le <strong data-start=\"2370\" data-end=\"2385\">ch\u00e8que 2022<\/strong> servira \u00e0 <strong data-start=\"2396\" data-end=\"2422\">poursuivre les travaux<\/strong>, notamment pour <strong data-start=\"2439\" data-end=\"2469\">refaire l\u2019entr\u00e9e du centre<\/strong> et, si possible, \u00e0 financer des <strong data-start=\"2502\" data-end=\"2524\">produits d\u2019hygi\u00e8ne<\/strong> pour les b\u00e9n\u00e9ficiaires.<\/p>\n<\/div>\n<p><img decoding=\"async\" src=\"\/blog\/wp-content\/uploads\/2022\/01\/bureau-resto-du-coeur-touls-1.jpg\" alt=\"bureau centre toul restos du coeur\"><br \/>\n<img decoding=\"async\" src=\"\/blog\/wp-content\/uploads\/2022\/01\/fresque-coluche-resto-du-coeur-toul-1.jpg\" alt=\"fresque restos du coeur toul\"><br \/>\n<img decoding=\"async\" src=\"\/blog\/wp-content\/uploads\/2022\/01\/salle-distribution-resto-du-coeur-toul-1.jpg\" alt=\"salle de distribution centre toul\"><\/p>\n<div>\n<h3 data-start=\"2552\" data-end=\"2634\"><strong data-start=\"2556\" data-end=\"2632\">Restaurants du C\u0153ur : nouvelle ann\u00e9e, nouveaux enjeux pour l\u2019association<\/strong><\/h3>\n<p data-start=\"2636\" data-end=\"2855\">Cr\u00e9\u00e9e en <strong data-start=\"2645\" data-end=\"2653\">1985<\/strong> par <strong data-start=\"2658\" data-end=\"2669\">Coluche<\/strong>, l\u2019association des <strong data-start=\"2689\" data-end=\"2707\">Restos du C\u0153ur<\/strong> est aujourd\u2019hui l\u2019une des <strong data-start=\"2734\" data-end=\"2760\">plus connues en France<\/strong>. Si l\u2019on pense imm\u00e9diatement \u00e0 l\u2019<strong data-start=\"2794\" data-end=\"2814\">aide alimentaire<\/strong>, l\u2019association a \u00e9largi ses missions :<\/p>\n<ul data-start=\"2857\" data-end=\"3069\">\n<li data-start=\"2857\" data-end=\"2938\"><strong data-start=\"2859\" data-end=\"2884\">Accompagnement social<\/strong> (aide \u00e0 la parentalit\u00e9, d\u00e9marches administratives\u2026)<\/li>\n<li data-start=\"2939\" data-end=\"2981\"><strong data-start=\"2941\" data-end=\"2979\">Distribution de produits d\u2019hygi\u00e8ne<\/strong><\/li>\n<li data-start=\"2982\" data-end=\"3015\"><strong data-start=\"2984\" data-end=\"3013\">Distribution de v\u00eatements<\/strong><\/li>\n<li data-start=\"3016\" data-end=\"3069\"><strong data-start=\"3018\" data-end=\"3045\">Accompagnement culturel<\/strong> (cin\u00e9ma, spectacles\u2026)<\/li>\n<\/ul>\n<\/div>\n<p><img decoding=\"async\" src=\"\/blog\/wp-content\/uploads\/2022\/01\/coluche-restos-du-coeur-1.jpg\" alt=\"coluche, cr\u00e9ateur des restos du coeur\"><\/p>\n<div>\n<p data-start=\"3071\" data-end=\"3411\">Ces derni\u00e8res ann\u00e9es, les <strong data-start=\"3097\" data-end=\"3114\">b\u00e9n\u00e9ficiaires<\/strong> de l\u2019association ont \u00e9volu\u00e9 : en <strong data-start=\"3148\" data-end=\"3170\">Meurthe-et-Moselle<\/strong>, <strong data-start=\"3172\" data-end=\"3179\">40%<\/strong> des b\u00e9n\u00e9ficiaires sont d\u00e9sormais des <strong data-start=\"3217\" data-end=\"3227\">jeunes<\/strong> (<strong data-start=\"3229\" data-end=\"3263\">\u00e9tudiants, jeunes travailleurs<\/strong>). Face \u00e0 cette <strong data-start=\"3279\" data-end=\"3301\">nouvelle pr\u00e9carit\u00e9<\/strong>, le centre de <strong data-start=\"3316\" data-end=\"3339\">Vand\u0153uvre-l\u00e8s-Nancy<\/strong> a mis en place des <strong data-start=\"3359\" data-end=\"3408\">journ\u00e9es de distribution r\u00e9serv\u00e9es aux jeunes<\/strong>.<\/p>\n<p data-start=\"3413\" data-end=\"3585\">L\u2019association doit faire face \u00e0 <strong data-start=\"3445\" data-end=\"3466\">de nouveaux d\u00e9fis<\/strong>, mais <strong data-start=\"3473\" data-end=\"3490\">reste engag\u00e9e<\/strong> pour accompagner les personnes en difficult\u00e9. Plus que jamais, <strong data-start=\"3554\" data-end=\"3583\">\u00ab\u00a0ils comptent sur vous !\u00a0\u00bb<\/strong><\/p>\n<p data-start=\"3587\" data-end=\"3824\">Nous sommes <strong data-start=\"3599\" data-end=\"3622\">tr\u00e8s reconnaissants<\/strong> d\u2019avoir pu \u00e9changer avec les <strong data-start=\"3652\" data-end=\"3665\">b\u00e9n\u00e9voles<\/strong> des <strong data-start=\"3670\" data-end=\"3688\">Restos du C\u0153ur<\/strong> lors de cette <strong data-start=\"3703\" data-end=\"3716\">rencontre<\/strong>. Un grand <strong data-start=\"3727\" data-end=\"3736\">merci<\/strong> \u00e0 chaque <strong data-start=\"3746\" data-end=\"3756\">client<\/strong> ayant choisi de reverser sa <strong data-start=\"3785\" data-end=\"3797\">cagnotte<\/strong> aux <strong data-start=\"3802\" data-end=\"3820\">Restos du C\u0153ur<\/strong> !<\/p>\n<p data-start=\"3826\" data-end=\"3900\" data-is-last-node=\"\" data-is-only-node=\"\">Retrouvez plus d\u2019informations et <strong data-start=\"3859\" data-end=\"3871\">la vid\u00e9o<\/strong> de cette remise de don ici :<\/p>\n<\/div>\n<p><iframe src=\"https:\/\/youtu.be\/oi18RXP6VDQ?list=PL4lczJLO_Najxw_DA-zu5NW5rkAorSMkp\"><\/iframe><\/p>\n<p><!--more--><br \/>\n<!-- {\"type\":\"layout\",\"children\":[{\"type\":\"section\",\"props\":{\"image_position\":\"center-center\",\"style\":\"default\",\"title_breakpoint\":\"xl\",\"title_position\":\"top-left\",\"title_rotation\":\"left\",\"vertical_align\":\"middle\",\"width\":\"default\"},\"children\":[{\"type\":\"row\",\"children\":[{\"type\":\"column\",\"props\":{\"image_position\":\"center-center\",\"position_sticky_breakpoint\":\"m\"},\"children\":[{\"type\":\"image\",\"props\":{\"image\":\"wp-content\\\/uploads\\\/2022\\\/01\\\/banniere-espace-solidaire-restos-du-coeur-1.jpg\",\"image_alt\":\"don au restos du coeur\",\"image_box_decoration\":\"mask\",\"image_svg_color\":\"emphasis\",\"margin\":\"default\"}},{\"type\":\"headline\",\"props\":{\"content\":\"<strong>Espace solidaire : 3 596 pour les Restos du Coeur !<\\\/strong>\",\"title_element\":\"h1\"}},{\"type\":\"text\",\"props\":{\"column_breakpoint\":\"m\",\"content\":\"\n\n<p data-start=\\\"48\\\" data-end=\\\"335\\\">En ce d\\u00e9but d\\u2019ann\\u00e9e, trois membres de la <strong data-start=\\\"89\\\" data-end=\\\"106\\\">team Oliquide<\\\/strong> ont rendu visite aux <strong data-start=\\\"128\\\" data-end=\\\"146\\\">Restos du C\\u0153ur<\\\/strong> pour remettre l\\u2019argent r\\u00e9colt\\u00e9 via l\\u2019<strong data-start=\\\"184\\\" data-end=\\\"204\\\">Espace Solidaire<\\\/strong>. Un premier don avait \\u00e9t\\u00e9 fait en <strong data-start=\\\"239\\\" data-end=\\\"255\\\">f\\u00e9vrier 2021<\\\/strong>. Cette ann\\u00e9e, c\\u2019est <strong data-start=\\\"276\\\" data-end=\\\"287\\\">2 178 \\u20ac<\\\/strong> qui ont \\u00e9t\\u00e9 remis au centre de <strong data-start=\\\"319\\\" data-end=\\\"332\\\">Toul (54)<\\\/strong>.<\\\/p>\",\"margin\":\"default\"}}]}]},{\"type\":\"row\",\"props\":{\"layout\":\"1-2,1-2\"},\"children\":[{\"type\":\"column\",\"props\":{\"image_position\":\"center-center\",\"position_sticky_breakpoint\":\"m\",\"vertical_align\":\"middle\",\"width_medium\":\"1-2\"},\"children\":[{\"type\":\"text\",\"props\":{\"column_breakpoint\":\"m\",\"content\":\"\n\n<h3 data-start=\\\"331\\\" data-end=\\\"389\\\"><strong data-start=\\\"335\\\" data-end=\\\"387\\\">Bienvenue au centre des Restos du C\\u0153ur de Toul !<\\\/strong><\\\/h3>\\n\n\n<p data-start=\\\"391\\\" data-end=\\\"710\\\">Le <strong data-start=\\\"394\\\" data-end=\\\"418\\\">jeudi 6 janvier 2022<\\\/strong>, <strong data-start=\\\"420\\\" data-end=\\\"447\\\">Camille, Manue et Marie<\\\/strong> se sont rendues au centre des <strong data-start=\\\"478\\\" data-end=\\\"496\\\">Restos du C\\u0153ur<\\\/strong> \\u00e0 <strong data-start=\\\"499\\\" data-end=\\\"507\\\">Toul<\\\/strong>. Sur place, elles ont \\u00e9t\\u00e9 accueillies par <strong data-start=\\\"550\\\" data-end=\\\"569\\\">Charly Langlade<\\\/strong> (<strong data-start=\\\"571\\\" data-end=\\\"589\\\">vice-pr\\u00e9sident<\\\/strong> du si\\u00e8ge d\\u00e9partemental de <strong data-start=\\\"616\\\" data-end=\\\"638\\\">Meurthe-et-Moselle<\\\/strong>) et <strong data-start=\\\"643\\\" data-end=\\\"660\\\">Michel Chenot<\\\/strong> (<strong data-start=\\\"662\\\" data-end=\\\"688\\\">adjoint au responsable<\\\/strong> du centre de Toul).<\\\/p>\",\"margin\":\"default\"}}]},{\"type\":\"column\",\"props\":{\"image_position\":\"center-center\",\"position_sticky_breakpoint\":\"m\",\"vertical_align\":\"middle\",\"width_medium\":\"1-2\"},\"children\":[{\"type\":\"image\",\"props\":{\"image\":\"wp-content\\\/uploads\\\/2022\\\/01\\\/porte-resto-du-coeur-toul-1.jpg\",\"image_alt\":\"restos du coeur centre toul\",\"image_box_decoration\":\"mask\",\"image_svg_color\":\"emphasis\",\"margin\":\"default\",\"text_align\":\"center\"}}]}]},{\"type\":\"row\",\"props\":{\"layout\":\"1-2,1-2\"},\"children\":[{\"type\":\"column\",\"props\":{\"image_position\":\"center-center\",\"position_sticky_breakpoint\":\"m\",\"width_medium\":\"1-2\"},\"children\":[{\"type\":\"image\",\"props\":{\"image\":\"wp-content\\\/uploads\\\/2022\\\/01\\\/citation-restos-du-coeur-toul-1.jpg\",\"image_alt\":\"citation restos du coeur\",\"image_box_decoration\":\"mask\",\"image_svg_color\":\"emphasis\",\"margin\":\"default\"}}]},{\"type\":\"column\",\"props\":{\"image_position\":\"center-center\",\"position_sticky_breakpoint\":\"m\",\"vertical_align\":\"middle\",\"width_medium\":\"1-2\"},\"children\":[{\"type\":\"text\",\"props\":{\"column_breakpoint\":\"m\",\"content\":\"\n\n<p>Une dizaine de <strong data-start=\\\"727\\\" data-end=\\\"740\\\">b\\u00e9n\\u00e9voles<\\\/strong> \\u00e9taient \\u00e9galement pr\\u00e9sents ce jour-l\\u00e0 dans les locaux afin d\\u2019assurer la <strong data-start=\\\"813\\\" data-end=\\\"842\\\">distribution hebdomadaire<\\\/strong>. Le d\\u00e9partement de la <strong data-start=\\\"865\\\" data-end=\\\"887\\\">Meurthe-et-Moselle<\\\/strong> regroupe <strong data-start=\\\"897\\\" data-end=\\\"911\\\">37 centres<\\\/strong> comme celui de Toul pour un total de plus de <strong data-start=\\\"957\\\" data-end=\\\"974\\\">800 b\\u00e9n\\u00e9voles<\\\/strong> (soit environ <strong data-start=\\\"989\\\" data-end=\\\"1009\\\">130 temps pleins<\\\/strong>). Le r\\u00f4le du <strong data-start=\\\"1023\\\" data-end=\\\"1046\\\">si\\u00e8ge d\\u00e9partemental<\\\/strong> est de <strong data-start=\\\"1054\\\" data-end=\\\"1080\\\">coordonner les centres<\\\/strong>, en g\\u00e9rer l\\u2019organisation et assurer leur <strong data-start=\\\"1122\\\" data-end=\\\"1144\\\">bon fonctionnement<\\\/strong>.<\\\/p>\",\"margin\":\"default\"}}]}]},{\"type\":\"row\",\"children\":[{\"type\":\"column\",\"props\":{\"image_position\":\"center-center\",\"position_sticky_breakpoint\":\"m\"},\"children\":[{\"type\":\"text\",\"props\":{\"column_breakpoint\":\"m\",\"content\":\"\n\n<p>Le centre de <strong data-start=\\\"1162\\\" data-end=\\\"1170\\\">Toul<\\\/strong> accueille actuellement <strong data-start=\\\"1194\\\" data-end=\\\"1210\\\">180 familles<\\\/strong>, soit environ <strong data-start=\\\"1225\\\" data-end=\\\"1242\\\">450 personnes<\\\/strong>. <strong data-start=\\\"1244\\\" data-end=\\\"1260\\\">27 b\\u00e9n\\u00e9voles<\\\/strong> rythment la vie de ce centre. <strong data-start=\\\"1291\\\" data-end=\\\"1313\\\">Sans les b\\u00e9n\\u00e9voles<\\\/strong>, les <strong data-start=\\\"1319\\\" data-end=\\\"1337\\\">Restos du C\\u0153ur<\\\/strong> ne pourraient pas accompagner autant de personnes. <strong data-start=\\\"1389\\\" data-end=\\\"1416\\\">Les Restaurants du C\\u0153ur<\\\/strong> sont toujours \\u00e0 la recherche de <strong data-start=\\\"1449\\\" data-end=\\\"1469\\\">nouveaux membres<\\\/strong>, alors n\\u2019h\\u00e9sitez pas \\u00e0 vous engager ! Comme le dit <strong data-start=\\\"1521\\\" data-end=\\\"1536\\\">M. Langlade<\\\/strong> : <strong data-start=\\\"1539\\\" data-end=\\\"1579\\\">\\u00ab on donne, mais surtout on re\\u00e7oit \\u00bb<\\\/strong>.<\\\/p>\",\"margin\":\"default\"}}]}]},{\"type\":\"row\",\"children\":[{\"type\":\"column\",\"props\":{\"image_position\":\"center-center\",\"position_sticky_breakpoint\":\"m\"},\"children\":[{\"type\":\"text\",\"props\":{\"column_breakpoint\":\"m\",\"content\":\"\n\n<h3 data-start=\\\"1584\\\" data-end=\\\"1641\\\"><strong data-start=\\\"1588\\\" data-end=\\\"1639\\\">Espace solidaire : le projet des Restos du C\\u0153ur<\\\/strong><\\\/h3>\\n\n\n<p data-start=\\\"1643\\\" data-end=\\\"1760\\\">Le projet des <strong data-start=\\\"1657\\\" data-end=\\\"1675\\\">Restos du C\\u0153ur<\\\/strong> est pr\\u00e9sent sur l\\u2019<a href=\\\"https:\\\/\\\/www.oliquide.com\\\/compteUtilisateur\\\/espaceSolidaire\\\/index.php\\\"><strong data-start=\\\"1694\\\" data-end=\\\"1714\\\">Espace Solidaire<\\\/strong><\\\/a> depuis son lancement en <strong data-start=\\\"1739\\\" data-end=\\\"1757\\\">septembre 2020<\\\/strong>.<\\\/p>\\n\n\n<p data-start=\\\"1762\\\" data-end=\\\"1958\\\">Pour rappel, l\\u2019<strong data-start=\\\"1777\\\" data-end=\\\"1797\\\">Espace Solidaire<\\\/strong>, c\\u2019est <strong data-start=\\\"1805\\\" data-end=\\\"1841\\\">2,5% de notre chiffre d\\u2019affaires<\\\/strong> mis \\u00e0 disposition dans des <strong data-start=\\\"1869\\\" data-end=\\\"1893\\\">cagnottes solidaires<\\\/strong> que nos clients choisissent d\\u2019attribuer \\u00e0 une <strong data-start=\\\"1940\\\" data-end=\\\"1955\\\">association<\\\/strong>.<\\\/p>\\n\n\n<p data-start=\\\"1960\\\" data-end=\\\"2091\\\">En <strong data-start=\\\"1963\\\" data-end=\\\"1979\\\">janvier 2021<\\\/strong>, un premier ch\\u00e8que de <strong data-start=\\\"2002\\\" data-end=\\\"2013\\\">1 418 \\u20ac<\\\/strong> avait \\u00e9t\\u00e9 remis \\u00e0 l\\u2019association pour financer la <strong data-start=\\\"2063\\\" data-end=\\\"2088\\\">r\\u00e9novation des locaux<\\\/strong>.<\\\/p>\",\"margin\":\"default\"}},{\"type\":\"video\",\"props\":{\"margin\":\"default\",\"text_align\":\"center\",\"video\":\"https:\\\/\\\/youtu.be\\\/EI0nosLiRpI\",\"video_controls\":true,\"video_height\":600}}]}]},{\"type\":\"row\",\"children\":[{\"type\":\"column\",\"props\":{\"image_position\":\"center-center\",\"position_sticky_breakpoint\":\"m\"},\"children\":[{\"type\":\"text\",\"props\":{\"column_breakpoint\":\"m\",\"content\":\"\n\n<p data-start=\\\"2093\\\" data-end=\\\"2365\\\">Un an plus tard, le <strong data-start=\\\"2113\\\" data-end=\\\"2131\\\">6 janvier 2022<\\\/strong>, un second ch\\u00e8que de <strong data-start=\\\"2153\\\" data-end=\\\"2164\\\">2 178 \\u20ac<\\\/strong> a \\u00e9t\\u00e9 remis. Cette visite a permis de constater l\\u2019<strong data-start=\\\"2215\\\" data-end=\\\"2238\\\">avanc\\u00e9e des travaux<\\\/strong> : certains <strong data-start=\\\"2250\\\" data-end=\\\"2274\\\">murs ont \\u00e9t\\u00e9 refaits<\\\/strong>, un <strong data-start=\\\"2279\\\" data-end=\\\"2289\\\">bureau<\\\/strong>, une <strong data-start=\\\"2295\\\" data-end=\\\"2309\\\">salle-caf\\u00e9<\\\/strong> et <strong data-start=\\\"2313\\\" data-end=\\\"2345\\\">deux espaces de distribution<\\\/strong> ont \\u00e9t\\u00e9 am\\u00e9nag\\u00e9s.<\\\/p>\\n\n\n<p data-start=\\\"2367\\\" data-end=\\\"2550\\\">Le <strong data-start=\\\"2370\\\" data-end=\\\"2385\\\">ch\\u00e8que 2022<\\\/strong> servira \\u00e0 <strong data-start=\\\"2396\\\" data-end=\\\"2422\\\">poursuivre les travaux<\\\/strong>, notamment pour <strong data-start=\\\"2439\\\" data-end=\\\"2469\\\">refaire l\\u2019entr\\u00e9e du centre<\\\/strong> et, si possible, \\u00e0 financer des <strong data-start=\\\"2502\\\" data-end=\\\"2524\\\">produits d\\u2019hygi\\u00e8ne<\\\/strong> pour les b\\u00e9n\\u00e9ficiaires.<\\\/p>\",\"margin\":\"default\"}}]}]},{\"type\":\"row\",\"props\":{\"layout\":\"1-3,1-3,1-3\"},\"children\":[{\"type\":\"column\",\"props\":{\"image_position\":\"center-center\",\"position_sticky_breakpoint\":\"m\",\"width_medium\":\"1-3\"},\"children\":[{\"type\":\"image\",\"props\":{\"image\":\"wp-content\\\/uploads\\\/2022\\\/01\\\/bureau-resto-du-coeur-touls-1.jpg\",\"image_alt\":\"bureau centre toul restos du coeur\",\"image_box_decoration\":\"mask\",\"image_svg_color\":\"emphasis\",\"margin\":\"default\"}}]},{\"type\":\"column\",\"props\":{\"image_position\":\"center-center\",\"position_sticky_breakpoint\":\"m\",\"width_medium\":\"1-3\"},\"children\":[{\"type\":\"image\",\"props\":{\"image\":\"wp-content\\\/uploads\\\/2022\\\/01\\\/fresque-coluche-resto-du-coeur-toul-1.jpg\",\"image_alt\":\"fresque restos du coeur toul\",\"image_box_decoration\":\"mask\",\"image_svg_color\":\"emphasis\",\"margin\":\"default\"}}]},{\"type\":\"column\",\"props\":{\"image_position\":\"center-center\",\"position_sticky_breakpoint\":\"m\",\"width_medium\":\"1-3\"},\"children\":[{\"type\":\"image\",\"props\":{\"image\":\"wp-content\\\/uploads\\\/2022\\\/01\\\/salle-distribution-resto-du-coeur-toul-1.jpg\",\"image_alt\":\"salle de distribution centre toul\",\"image_box_decoration\":\"mask\",\"image_svg_color\":\"emphasis\",\"margin\":\"default\"}}]}]},{\"type\":\"row\",\"props\":{\"layout\":\"1-2,1-2\"},\"children\":[{\"type\":\"column\",\"props\":{\"image_position\":\"center-center\",\"position_sticky_breakpoint\":\"m\",\"width_medium\":\"1-2\"},\"children\":[{\"type\":\"text\",\"props\":{\"column_breakpoint\":\"m\",\"content\":\"\n\n<h3 data-start=\\\"2552\\\" data-end=\\\"2634\\\"><strong data-start=\\\"2556\\\" data-end=\\\"2632\\\">Restaurants du C\\u0153ur : nouvelle ann\\u00e9e, nouveaux enjeux pour l\\u2019association<\\\/strong><\\\/h3>\\n\n\n<p data-start=\\\"2636\\\" data-end=\\\"2855\\\">Cr\\u00e9\\u00e9e en <strong data-start=\\\"2645\\\" data-end=\\\"2653\\\">1985<\\\/strong> par <strong data-start=\\\"2658\\\" data-end=\\\"2669\\\">Coluche<\\\/strong>, l\\u2019association des <strong data-start=\\\"2689\\\" data-end=\\\"2707\\\">Restos du C\\u0153ur<\\\/strong> est aujourd\\u2019hui l\\u2019une des <strong data-start=\\\"2734\\\" data-end=\\\"2760\\\">plus connues en France<\\\/strong>. Si l\\u2019on pense imm\\u00e9diatement \\u00e0 l\\u2019<strong data-start=\\\"2794\\\" data-end=\\\"2814\\\">aide alimentaire<\\\/strong>, l\\u2019association a \\u00e9largi ses missions :<\\\/p>\\n\n\n<ul data-start=\\\"2857\\\" data-end=\\\"3069\\\">\\n\n\n<li data-start=\\\"2857\\\" data-end=\\\"2938\\\"><strong data-start=\\\"2859\\\" data-end=\\\"2884\\\">Accompagnement social<\\\/strong> (aide \\u00e0 la parentalit\\u00e9, d\\u00e9marches administratives\\u2026)<\\\/li>\\n\n\n<li data-start=\\\"2939\\\" data-end=\\\"2981\\\"><strong data-start=\\\"2941\\\" data-end=\\\"2979\\\">Distribution de produits d\\u2019hygi\\u00e8ne<\\\/strong><\\\/li>\\n\n\n<li data-start=\\\"2982\\\" data-end=\\\"3015\\\"><strong data-start=\\\"2984\\\" data-end=\\\"3013\\\">Distribution de v\\u00eatements<\\\/strong><\\\/li>\\n\n\n<li data-start=\\\"3016\\\" data-end=\\\"3069\\\"><strong data-start=\\\"3018\\\" data-end=\\\"3045\\\">Accompagnement culturel<\\\/strong> (cin\\u00e9ma, spectacles\\u2026)<\\\/li>\\n<\\\/ul>\",\"margin\":\"default\"}}]},{\"type\":\"column\",\"props\":{\"image_position\":\"center-center\",\"position_sticky_breakpoint\":\"m\",\"vertical_align\":\"middle\",\"width_medium\":\"1-2\"},\"children\":[{\"type\":\"image\",\"props\":{\"image\":\"wp-content\\\/uploads\\\/2022\\\/01\\\/coluche-restos-du-coeur-1.jpg\",\"image_alt\":\"coluche, cr\\u00e9ateur des restos du coeur\",\"image_svg_color\":\"emphasis\",\"margin\":\"default\",\"text_align\":\"center\"}}]}]},{\"type\":\"row\",\"children\":[{\"type\":\"column\",\"props\":{\"image_position\":\"center-center\",\"position_sticky_breakpoint\":\"m\"},\"children\":[{\"type\":\"text\",\"props\":{\"column_breakpoint\":\"m\",\"content\":\"\n\n<p data-start=\\\"3071\\\" data-end=\\\"3411\\\">Ces derni\\u00e8res ann\\u00e9es, les <strong data-start=\\\"3097\\\" data-end=\\\"3114\\\">b\\u00e9n\\u00e9ficiaires<\\\/strong> de l\\u2019association ont \\u00e9volu\\u00e9 : en <strong data-start=\\\"3148\\\" data-end=\\\"3170\\\">Meurthe-et-Moselle<\\\/strong>, <strong data-start=\\\"3172\\\" data-end=\\\"3179\\\">40%<\\\/strong> des b\\u00e9n\\u00e9ficiaires sont d\\u00e9sormais des <strong data-start=\\\"3217\\\" data-end=\\\"3227\\\">jeunes<\\\/strong> (<strong data-start=\\\"3229\\\" data-end=\\\"3263\\\">\\u00e9tudiants, jeunes travailleurs<\\\/strong>). Face \\u00e0 cette <strong data-start=\\\"3279\\\" data-end=\\\"3301\\\">nouvelle pr\\u00e9carit\\u00e9<\\\/strong>, le centre de <strong data-start=\\\"3316\\\" data-end=\\\"3339\\\">Vand\\u0153uvre-l\\u00e8s-Nancy<\\\/strong> a mis en place des <strong data-start=\\\"3359\\\" data-end=\\\"3408\\\">journ\\u00e9es de distribution r\\u00e9serv\\u00e9es aux jeunes<\\\/strong>.<\\\/p>\\n\n\n<p data-start=\\\"3413\\\" data-end=\\\"3585\\\">L\\u2019association doit faire face \\u00e0 <strong data-start=\\\"3445\\\" data-end=\\\"3466\\\">de nouveaux d\\u00e9fis<\\\/strong>, mais <strong data-start=\\\"3473\\\" data-end=\\\"3490\\\">reste engag\\u00e9e<\\\/strong> pour accompagner les personnes en difficult\\u00e9. Plus que jamais, <strong data-start=\\\"3554\\\" data-end=\\\"3583\\\">\\\"ils comptent sur vous !\\\"<\\\/strong><\\\/p>\\n\n\n<p data-start=\\\"3587\\\" data-end=\\\"3824\\\">Nous sommes <strong data-start=\\\"3599\\\" data-end=\\\"3622\\\">tr\\u00e8s reconnaissants<\\\/strong> d\\u2019avoir pu \\u00e9changer avec les <strong data-start=\\\"3652\\\" data-end=\\\"3665\\\">b\\u00e9n\\u00e9voles<\\\/strong> des <strong data-start=\\\"3670\\\" data-end=\\\"3688\\\">Restos du C\\u0153ur<\\\/strong> lors de cette <strong data-start=\\\"3703\\\" data-end=\\\"3716\\\">rencontre<\\\/strong>. Un grand <strong data-start=\\\"3727\\\" data-end=\\\"3736\\\">merci<\\\/strong> \\u00e0 chaque <strong data-start=\\\"3746\\\" data-end=\\\"3756\\\">client<\\\/strong> ayant choisi de reverser sa <strong data-start=\\\"3785\\\" data-end=\\\"3797\\\">cagnotte<\\\/strong> aux <strong data-start=\\\"3802\\\" data-end=\\\"3820\\\">Restos du C\\u0153ur<\\\/strong> !<\\\/p>\\n\n\n<p data-start=\\\"3826\\\" data-end=\\\"3900\\\" data-is-last-node=\\\"\\\" data-is-only-node=\\\"\\\">Retrouvez plus d\\u2019informations et <strong data-start=\\\"3859\\\" data-end=\\\"3871\\\">la vid\\u00e9o<\\\/strong> de cette remise de don ici :<\\\/p>\",\"margin\":\"default\"}},{\"type\":\"video\",\"props\":{\"margin\":\"default\",\"text_align\":\"center\",\"video\":\"https:\\\/\\\/youtu.be\\\/oi18RXP6VDQ?list=PL4lczJLO_Najxw_DA-zu5NW5rkAorSMkp\",\"video_controls\":true,\"video_height\":600}}]}]},{\"type\":\"row\",\"children\":[{\"type\":\"column\",\"props\":{\"image_position\":\"center-center\",\"position_sticky_breakpoint\":\"m\"},\"children\":[{\"type\":\"comments\",\"props\":{\"link_style\":\"default\",\"margin\":\"default\",\"title_decoration\":\"bullet\",\"title_element\":\"h2\",\"title_style\":\"h3\"}}]}]}]}],\"version\":\"4.5.5\"} --><\/p>\n","protected":false},"excerpt":{"rendered":"<p>Espace solidaire : 3 596 pour les Restos du Coeur ! En ce d\u00e9but d\u2019ann\u00e9e, trois membres de la team Oliquide ont rendu visite aux Restos du C\u0153ur pour remettre l\u2019argent r\u00e9colt\u00e9 via l\u2019Espace Solidaire. Un premier don avait \u00e9t\u00e9 fait en f\u00e9vrier 2021. Cette ann\u00e9e, c\u2019est 2 178 \u20ac qui ont \u00e9t\u00e9 remis au [&hellip;]<\/p>\n","protected":false},"author":1,"featured_media":4582,"comment_status":"open","ping_status":"open","sticky":false,"template":"","format":"standard","meta":{"_jetpack_memberships_contains_paid_content":false,"footnotes":""},"categories":[4,9],"tags":[47,48,96,148,150,203,210,212,264,365,366,367,389],"class_list":["post-4558","post","type-post","status-publish","format-standard","has-post-thumbnail","hentry","category-actus-oliquide","category-espace-solidaire","tag-aide-financiere","tag-aides-aux-associations","tag-cagnotte-solidaire","tag-don-a-une-association","tag-don-aux-restos-du-coeur","tag-entreprise-solidaire","tag-espace-solidaire","tag-espace-solidaire-oliquide","tag-les-restos-du-coeur","tag-restaurants-du-coeur","tag-restos-du-coeur","tag-restos-du-coeur-toul","tag-solidarite"],"aioseo_notices":[],"jetpack_featured_media_url":"https:\/\/www.oliquide.com\/blog\/wp-content\/uploads\/2022\/01\/banniere-espace-solidaire-restos-du-coeur-1.jpg","jetpack_sharing_enabled":true,"_links":{"self":[{"href":"https:\/\/www.oliquide.com\/blog\/wp-json\/wp\/v2\/posts\/4558","targetHints":{"allow":["GET"]}}],"collection":[{"href":"https:\/\/www.oliquide.com\/blog\/wp-json\/wp\/v2\/posts"}],"about":[{"href":"https:\/\/www.oliquide.com\/blog\/wp-json\/wp\/v2\/types\/post"}],"author":[{"embeddable":true,"href":"https:\/\/www.oliquide.com\/blog\/wp-json\/wp\/v2\/users\/1"}],"replies":[{"embeddable":true,"href":"https:\/\/www.oliquide.com\/blog\/wp-json\/wp\/v2\/comments?post=4558"}],"version-history":[{"count":0,"href":"https:\/\/www.oliquide.com\/blog\/wp-json\/wp\/v2\/posts\/4558\/revisions"}],"wp:featuredmedia":[{"embeddable":true,"href":"https:\/\/www.oliquide.com\/blog\/wp-json\/wp\/v2\/media\/4582"}],"wp:attachment":[{"href":"https:\/\/www.oliquide.com\/blog\/wp-json\/wp\/v2\/media?parent=4558"}],"wp:term":[{"taxonomy":"category","embeddable":true,"href":"https:\/\/www.oliquide.com\/blog\/wp-json\/wp\/v2\/categories?post=4558"},{"taxonomy":"post_tag","embeddable":true,"href":"https:\/\/www.oliquide.com\/blog\/wp-json\/wp\/v2\/tags?post=4558"}],"curies":[{"name":"wp","href":"https:\/\/api.w.org\/{rel}","templated":true}]}}