{"id":4849,"date":"2022-02-17T13:00:55","date_gmt":"2022-02-17T12:00:55","guid":{"rendered":"https:\/\/vapactu.oliquide.com\/?p=4849"},"modified":"2025-02-21T15:36:02","modified_gmt":"2025-02-21T14:36:02","slug":"la-conduite-verte-adoptee-par-oliquide","status":"publish","type":"post","link":"https:\/\/www.oliquide.com\/blog\/la-conduite-verte-adoptee-par-oliquide\/","title":{"rendered":"D\u00e9placements verts : conduite verte chez Oliquide !"},"content":{"rendered":"<p><img decoding=\"async\" src=\"\/blog\/wp-content\/uploads\/2025\/02\/banniere-deplacements-verts-1-273d390a.webp\" alt=\"\"><\/p>\n<h1><strong>D\u00e9placements verts : conduite verte chez Oliquide !<\/strong><\/h1>\n<div>\n<p>En 2021, Oli et Vapo ont lanc\u00e9 un d\u00e9fi \u00e9colo \u00e0 leurs salari\u00e9s : se r\u00e9inventer pour venir chez Oliquide de fa\u00e7on plus verte. Le moins que l&rsquo;on puisse dire, c&rsquo;est qu&rsquo;ils ont relev\u00e9 le d\u00e9fi haut la main !<\/p>\n<\/div>\n<p><img decoding=\"async\" src=\"\/blog\/wp-content\/uploads\/2022\/02\/OLIETVAPOPRIX-copie-2-1.jpg\" alt=\"Oscar d\u00e9placements verts Oli et Vapo\"><\/p>\n<div>\n<h3 data-start=\"205\" data-end=\"242\"><strong>Oliquide et sa prime \u00e9cologique<\/strong><\/h3>\n<p data-start=\"244\" data-end=\"478\">Chaque jour, chez Oliquide, chacun fait un effort pour se d\u00e9placer plus vert. Pour les encourager, Oli et Vapo ont mis en place une prime d\u00e9placement vert : 5\u20ac pour chaque trajet effectu\u00e9 avec un moyen de transport \u00e9co-responsable !<\/p>\n<p data-start=\"480\" data-end=\"623\">Depuis, de moins en moins de salari\u00e9s viennent en voiture\u2026 et la comp\u00e9tition est lanc\u00e9e pour remporter la m\u00e9daille d\u2019or du d\u00e9placement vert !<\/p>\n<p data-start=\"625\" data-end=\"787\">L\u2019objectif ? Sensibiliser et inciter \u00e0 adopter des habitudes plus \u00e9coresponsables, sans forcer. En plus, cette prime permet \u00e0 certains d\u2019investir dans un v\u00e9lo !<\/p>\n<\/div>\n<div>\n<h3><strong>Chaque salari\u00e9 a son transport ?<\/strong><\/h3>\n<p>Et oui, comme on vous la dit pr\u00e9c\u00e9demment, chez Oliquide, tout le monde a su se r\u00e9inventer pour changer ses habitudes et venir au travail en utilisant un moyen de transport \u00e9co-responsable. Certains ont fait preuve d&rsquo;une grande originalit\u00e9 !<\/p>\n<p>Oli et Vapo ont donc d\u00e9cid\u00e9 de remettre : les oscars du d\u00e9placement vert ! C&rsquo;est parti !\u00a0<\/p>\n<p>Nos courageux sportifs m\u00e9ritent ils d&rsquo;\u00eatre r\u00e9compens\u00e9s ? Pour Oli oui ! Quand on voit le temps qu\u2019il fait en Lorraine&#8230; Mais eux ils n\u2019ont peur de rien ! T\u00e9m\u00e9raires, pluie ou soleil, c\u2019est le v\u00e9lo qui les conduit au boulot ! Bravo \u00e0 Francis, Jean-Marc, Michel et Didier, qui re\u00e7oivent l&rsquo;oscar des combattants !<\/p>\n<\/div>\n<p><img decoding=\"async\" src=\"\/blog\/wp-content\/uploads\/2022\/02\/Copie-de-28-JANVIER-CHEZ-OLIQUIDE-ON-PROTEGE-VOS-DONNEES-1.jpg\" alt=\"le v\u00e9lo de Vapo\"><br \/>\n<img decoding=\"async\" src=\"\/blog\/wp-content\/uploads\/2022\/02\/28-JANVIER-CHEZ-OLIQUIDE-ON-PROTEGE-VOS-DONNEES-1.jpg\" alt=\"la longboard d'Oli\"><\/p>\n<div>\n<p>Certains des salari\u00e9s ont opt\u00e9 pour une alternative courageuse : la marche. \u00c7a r\u00e9veille ! Enfin ces courageux sont assez rares, aime dire Vapo ! Il faut croire que Camille, Giacomo et Pauline se sont d\u00e9couvert une passion pour la randonn\u00e9e touloise ! Merci aux parapluies d\u2019exister ! Vapo leur a donn\u00e9 l&rsquo;oscar des baroudeurs !\u00a0<\/p>\n<p>Un innovateur des transports verts : C\u2019est notre Giacomo qui se voit recevoir l&rsquo;oscar du meilleur glisseur ! C\u2019est \u00e0 seulement 20 ans, berc\u00e9 par une conscience \u00e9cologique que ce jeune salari\u00e9 a su se r\u00e9inventer. Un moyen de transport vert peu commun et assez glissant : la longboard. Et quand il a un p\u00e9pin, il confie sa planche \u00e0 notre bricoleuse d\u2019Oli ! Vous voyez, tout ce qui roule m\u00eame sans moteur peut vous emmener au boulot !<\/p>\n<p>Chez Oliquide, on a des pros du covoiturage ! Ces fans du volant partag\u00e9 \u00e9copent de l&rsquo;oscar des pipelettes !<\/p>\n<\/div>\n<div>\n<h3><strong>En t\u00eate du classement :<\/strong><\/h3>\n<ul>\n<li>Rachel, pilote qui adore transporter Maryline et Christelle plusieurs fois par semaine<\/li>\n<li>Nathalie, la pilote qui s&rsquo;arrange avec une personne de son village pour vivre sa nouvelle passion : le covoit\u2019<\/li>\n<li>Marie, la pilote de Formule 1, son truc c\u2019est d\u2019aller chercher Camille et Florian \u00e0 l\u2019arr\u00eat de bus pour les emmener dans son bolide<\/li>\n<li>Couple de pilotes : Vincent le pilote et M\u00e9laine la copilote de comp\u00e9t\u2019<\/li>\n<\/ul>\n<\/div>\n<p><img decoding=\"async\" src=\"\/blog\/wp-content\/uploads\/2022\/02\/olietvapoecolo-1.jpg\" alt=\"Oli et Vapo covoiturage\"><\/p>\n<div>\n<p>Camille et Florian sont des pros de l\u2019horloge ! Pourquoi ? Et bien ils connaissent par c\u0153ur les cr\u00e9neaux de bus et jonglent avec leur temps de travail pour avoir la meilleure place assise ! Oli dit que c\u2019est facile, l\u2019entrep\u00f4t est \u00e0 quelques minutes seulement de 2 arr\u00eats de bus ! Ils gagnent l&rsquo;oscar des meilleurs sprinters !<\/p>\n<p>Vous avez s\u00fbrement d\u00fb suivre les F&rsquo;Oliquides ? C\u2019est une gagnante qui a d\u00e9croch\u00e9 le gros lot ! Une trottinette \u00e9lectrique. Elle a m\u00eame envoy\u00e9 une petite vid\u00e9o \u00e0 Oli, la pro de l\u2019\u00e9lectrique ! Bingo pour Oli, il n\u2019y a pas que des trottinettes ici ! Jean-Marc et Romain se d\u00e9placent en voiture \u00e9lectrique ! Youpi ! Ils re\u00e7oivent l&rsquo;oscar des meilleurs coups de jus !<\/p>\n<p>Pour \u00e9viter les d\u00e9placements, certains favorisent la salle de pause pour d\u00e9jeuner. Elle est superbe et \u00e9quip\u00e9e ! En plus, il y a 2 boulangeries accessibles \u00e0 pied aux alentours de l\u2019entrep\u00f4t ! Oli, cette gourmande, a sa petite favorite et va se chercher un sandwich au thon tous les midis ! Vous saurez, prendre votre pause midi en restant au boulot, c\u2019est \u00e9colo ! C\u2019est aussi sympa de se retrouver entre coll\u00e8gues dans une autre ambiance que celle du travail.<\/p>\n<\/div>\n<div>\n<h3><strong>La vie verte de l&rsquo;entreprise<\/strong><\/h3>\n<p>Vous commencez \u00e0 le savoir : chez Oliquide, nous attachons un soin particulier \u00e0 int\u00e9grer nos valeurs dans notre travail au quotidien. Faire du e-commerce c&rsquo;est bien mais le faire de fa\u00e7on humaine, c&rsquo;est mieux. C&rsquo;est d&rsquo;ailleurs dans cette dynamique qu&rsquo;on a cr\u00e9\u00e9 l&rsquo;Espace Solidaire, notre plateforme de crowdfunding sur laquelle nous proposons \u00e0 nos client de remettre 2,5% de notre chiffre d&rsquo;affaires \u00e0 des associations.<\/p>\n<p>Il en est de m\u00eame pour nos valeurs environnementales. Notre plan\u00e8te, on l&rsquo;aime, on l&rsquo;adore et on veut la chouchouter ! D&rsquo;o\u00f9 la mise en place d&rsquo;initiatives comme la prime d\u00e9placement vert.<\/p>\n<p>Si on en croit Oli et Vapo : 2022 promet d\u2019\u00eatre une ann\u00e9e encore plus verte chez Oliquide ! Mais que mijotent nos deux amoureux de la vape ? Surprise !<\/p>\n<p>Pour les plus curieux d&rsquo;entre vous, ne vous inqui\u00e9tez pas. Oli et Vapo sont impatients de cracher le morceau alors \u00e7a ne saurait tarder ! Tout ce qu&rsquo;ils peuvent vous dire pour le moment, c&rsquo;est que les amoureux de la nature ont le sourire !<\/p>\n<\/div>\n<div>\n<h3><strong>Et vous ?<\/strong><\/h3>\n<p>Si vous aussi, vous \u00eates salari\u00e9 ou g\u00e9rant d\u2019une entreprise, on esp\u00e8re que cet article pourra vous donner des id\u00e9es&#8230;\u00a0Vous allez voir, venir au boulot de fa\u00e7on \u00e9colo, c\u2019est super fun et \u00e7a prot\u00e8ge la plan\u00e8te !<\/p>\n<p>N\u2019h\u00e9sitez pas \u00e0 nous partager vos moyens de transports verts dans les commentaires !<\/p>\n<\/div>\n<p><img decoding=\"async\" src=\"\/blog\/wp-content\/uploads\/2022\/02\/Copie-de-Copie-de-Copie-de-Copie-de-28-JANVIER-CHEZ-OLIQUIDE-ON-PROTEGE-VOS-DONNEES-2-1.png\" alt=\"Oli et Vapo \u00e9cologie\"><\/p>\n<p><!--more--><br \/>\n<!-- {\"type\":\"layout\",\"children\":[{\"type\":\"section\",\"props\":{\"image_position\":\"center-center\",\"style\":\"default\",\"title_breakpoint\":\"xl\",\"title_position\":\"top-left\",\"title_rotation\":\"left\",\"vertical_align\":\"middle\",\"width\":\"default\"},\"children\":[{\"type\":\"row\",\"children\":[{\"type\":\"column\",\"props\":{\"image_position\":\"center-center\",\"position_sticky_breakpoint\":\"m\"},\"children\":[{\"type\":\"image\",\"props\":{\"image\":\"wp-content\\\/uploads\\\/2025\\\/02\\\/banniere-deplacements-verts-1-273d390a.webp\",\"image_box_decoration\":\"mask\",\"image_svg_color\":\"emphasis\",\"margin\":\"default\"}},{\"type\":\"headline\",\"props\":{\"content\":\"<strong>D\\u00e9placements verts : conduite verte chez Oliquide !<\\\/strong>\",\"title_element\":\"h1\"}},{\"type\":\"text\",\"props\":{\"column_breakpoint\":\"m\",\"content\":\"\n\n<p>En 2021, Oli et Vapo ont lanc\\u00e9 un d\\u00e9fi \\u00e9colo \\u00e0 leurs salari\\u00e9s : se r\\u00e9inventer pour venir chez Oliquide de fa\\u00e7on plus verte. Le moins que l'on puisse dire, c'est qu'ils ont relev\\u00e9 le d\\u00e9fi haut la main !<\\\/p>\",\"margin\":\"default\"}}]}]},{\"type\":\"row\",\"props\":{\"layout\":\"1-2,1-2\"},\"children\":[{\"type\":\"column\",\"props\":{\"image_position\":\"center-center\",\"position_sticky_breakpoint\":\"m\",\"vertical_align\":\"middle\",\"width_medium\":\"1-2\"},\"children\":[{\"type\":\"image\",\"props\":{\"image\":\"wp-content\\\/uploads\\\/2022\\\/02\\\/OLIETVAPOPRIX-copie-2-1.jpg\",\"image_alt\":\"Oscar d\\u00e9placements verts Oli et Vapo\",\"image_box_decoration\":\"mask\",\"image_svg_color\":\"emphasis\",\"margin\":\"default\",\"text_align\":\"center\"}}]},{\"type\":\"column\",\"props\":{\"image_position\":\"center-center\",\"position_sticky_breakpoint\":\"m\",\"vertical_align\":\"middle\",\"width_medium\":\"1-2\"},\"children\":[{\"type\":\"text\",\"props\":{\"column_breakpoint\":\"m\",\"content\":\"\n\n<h3 data-start=\\\"205\\\" data-end=\\\"242\\\"><strong>Oliquide et sa prime \\u00e9cologique<\\\/strong><\\\/h3>\\n\n\n<p data-start=\\\"244\\\" data-end=\\\"478\\\">Chaque jour, chez Oliquide, chacun fait un effort pour se d\\u00e9placer plus vert. Pour les encourager, Oli et Vapo ont mis en place une prime d\\u00e9placement vert : 5\\u20ac pour chaque trajet effectu\\u00e9 avec un moyen de transport \\u00e9co-responsable !<\\\/p>\\n\n\n<p data-start=\\\"480\\\" data-end=\\\"623\\\">Depuis, de moins en moins de salari\\u00e9s viennent en voiture\\u2026 et la comp\\u00e9tition est lanc\\u00e9e pour remporter la m\\u00e9daille d\\u2019or du d\\u00e9placement vert !<\\\/p>\\n\n\n<p data-start=\\\"625\\\" data-end=\\\"787\\\">L\\u2019objectif ? Sensibiliser et inciter \\u00e0 adopter des habitudes plus \\u00e9coresponsables, sans forcer. En plus, cette prime permet \\u00e0 certains d\\u2019investir dans un v\\u00e9lo !<\\\/p>\",\"margin\":\"default\"}}]}]},{\"type\":\"row\",\"children\":[{\"type\":\"column\",\"props\":{\"image_position\":\"center-center\",\"position_sticky_breakpoint\":\"m\",\"vertical_align\":\"middle\",\"width_medium\":\"1-2\"},\"children\":[{\"type\":\"text\",\"props\":{\"column_breakpoint\":\"m\",\"content\":\"\n\n<h3><strong>Chaque salari\\u00e9 a son transport ?<\\\/strong><\\\/h3>\\n\n\n<p>Et oui, comme on vous la dit pr\\u00e9c\\u00e9demment, chez Oliquide, tout le monde a su se r\\u00e9inventer pour changer ses habitudes et venir au travail en utilisant un moyen de transport \\u00e9co-responsable. Certains ont fait preuve d'une grande originalit\\u00e9 !<\\\/p>\\n\n\n<p>Oli et Vapo ont donc d\\u00e9cid\\u00e9 de remettre : les oscars du d\\u00e9placement vert ! C'est parti !\\u00a0<\\\/p>\\n\n\n<p>Nos courageux sportifs m\\u00e9ritent ils d'\\u00eatre r\\u00e9compens\\u00e9s ? Pour Oli oui ! Quand on voit le temps qu\\u2019il fait en Lorraine... Mais eux ils n\\u2019ont peur de rien ! T\\u00e9m\\u00e9raires, pluie ou soleil, c\\u2019est le v\\u00e9lo qui les conduit au boulot ! Bravo \\u00e0 Francis, Jean-Marc, Michel et Didier, qui re\\u00e7oivent l'oscar des combattants !<\\\/p>\",\"margin\":\"default\"}}]},{\"type\":\"column\",\"props\":{\"image_position\":\"center-center\",\"position_sticky_breakpoint\":\"m\",\"vertical_align\":\"middle\",\"width_medium\":\"1-2\"},\"children\":[{\"type\":\"image\",\"props\":{\"image\":\"wp-content\\\/uploads\\\/2022\\\/02\\\/Copie-de-28-JANVIER-CHEZ-OLIQUIDE-ON-PROTEGE-VOS-DONNEES-1.jpg\",\"image_alt\":\"le v\\u00e9lo de Vapo\",\"image_svg_color\":\"emphasis\",\"margin\":\"default\",\"text_align\":\"center\"}}]}],\"props\":{\"layout\":\"1-2,1-2\"}},{\"type\":\"row\",\"props\":{\"layout\":\"1-2,1-2\"},\"children\":[{\"type\":\"column\",\"props\":{\"image_position\":\"center-center\",\"position_sticky_breakpoint\":\"m\",\"width_medium\":\"1-2\"},\"children\":[{\"type\":\"image\",\"props\":{\"image\":\"wp-content\\\/uploads\\\/2022\\\/02\\\/28-JANVIER-CHEZ-OLIQUIDE-ON-PROTEGE-VOS-DONNEES-1.jpg\",\"image_alt\":\"la longboard d'Oli\",\"image_svg_color\":\"emphasis\",\"margin\":\"default\",\"maxwidth\":\"large\"}}]},{\"type\":\"column\",\"props\":{\"image_position\":\"center-center\",\"position_sticky_breakpoint\":\"m\",\"vertical_align\":\"middle\",\"width_medium\":\"1-2\"},\"children\":[{\"type\":\"text\",\"props\":{\"column_breakpoint\":\"m\",\"content\":\"\n\n<p>Certains des salari\\u00e9s ont opt\\u00e9 pour une alternative courageuse : la marche. \\u00c7a r\\u00e9veille ! Enfin ces courageux sont assez rares, aime dire Vapo ! Il faut croire que Camille, Giacomo et Pauline se sont d\\u00e9couvert une passion pour la randonn\\u00e9e touloise ! Merci aux parapluies d\\u2019exister ! Vapo leur a donn\\u00e9 l'oscar des baroudeurs !\\u00a0<\\\/p>\\n\n\n<p>Un innovateur des transports verts : C\\u2019est notre Giacomo qui se voit recevoir l'oscar du meilleur glisseur ! C\\u2019est \\u00e0 seulement 20 ans, berc\\u00e9 par une conscience \\u00e9cologique que ce jeune salari\\u00e9 a su se r\\u00e9inventer. Un moyen de transport vert peu commun et assez glissant : la longboard. Et quand il a un p\\u00e9pin, il confie sa planche \\u00e0 notre bricoleuse d\\u2019Oli ! Vous voyez, tout ce qui roule m\\u00eame sans moteur peut vous emmener au boulot !<\\\/p>\\n\n\n<p>Chez Oliquide, on a des pros du covoiturage ! Ces fans du volant partag\\u00e9 \\u00e9copent de l'oscar des pipelettes !<\\\/p>\",\"margin\":\"default\"}}]}]},{\"type\":\"row\",\"props\":{\"layout\":\"1-2,1-2\"},\"children\":[{\"type\":\"column\",\"props\":{\"image_position\":\"center-center\",\"position_sticky_breakpoint\":\"m\",\"vertical_align\":\"middle\",\"width_medium\":\"1-2\"},\"children\":[{\"type\":\"text\",\"props\":{\"column_breakpoint\":\"m\",\"content\":\"\n\n<h3><strong>En t\\u00eate du classement :<\\\/strong><\\\/h3>\\n\n\n<ul>\\n\n\n<li>Rachel, pilote qui adore transporter Maryline et Christelle plusieurs fois par semaine<\\\/li>\\n\n\n<li>Nathalie, la pilote qui s'arrange avec une personne de son village pour vivre sa nouvelle passion : le covoit\\u2019<\\\/li>\\n\n\n<li>Marie, la pilote de Formule 1, son truc c\\u2019est d\\u2019aller chercher Camille et Florian \\u00e0 l\\u2019arr\\u00eat de bus pour les emmener dans son bolide<\\\/li>\\n\n\n<li>Couple de pilotes : Vincent le pilote et M\\u00e9laine la copilote de comp\\u00e9t\\u2019<\\\/li>\\n<\\\/ul>\",\"margin\":\"default\"}}]},{\"type\":\"column\",\"props\":{\"image_position\":\"center-center\",\"position_sticky_breakpoint\":\"m\",\"width_medium\":\"1-2\"},\"children\":[{\"type\":\"image\",\"props\":{\"image\":\"wp-content\\\/uploads\\\/2022\\\/02\\\/olietvapoecolo-1.jpg\",\"image_alt\":\"Oli et Vapo covoiturage\",\"image_svg_color\":\"emphasis\",\"margin\":\"default\"}}]}]},{\"type\":\"row\",\"children\":[{\"type\":\"column\",\"props\":{\"image_position\":\"center-center\",\"position_sticky_breakpoint\":\"m\"},\"children\":[{\"type\":\"text\",\"props\":{\"column_breakpoint\":\"m\",\"content\":\"\n\n<p>Camille et Florian sont des pros de l\\u2019horloge ! Pourquoi ? Et bien ils connaissent par c\\u0153ur les cr\\u00e9neaux de bus et jonglent avec leur temps de travail pour avoir la meilleure place assise ! Oli dit que c\\u2019est facile, l\\u2019entrep\\u00f4t est \\u00e0 quelques minutes seulement de 2 arr\\u00eats de bus ! Ils gagnent l'oscar des meilleurs sprinters !<\\\/p>\\n\n\n<p>Vous avez s\\u00fbrement d\\u00fb suivre les F'Oliquides ? C\\u2019est une gagnante qui a d\\u00e9croch\\u00e9 le gros lot ! Une trottinette \\u00e9lectrique. Elle a m\\u00eame envoy\\u00e9 une petite vid\\u00e9o \\u00e0 Oli, la pro de l\\u2019\\u00e9lectrique ! Bingo pour Oli, il n\\u2019y a pas que des trottinettes ici ! Jean-Marc et Romain se d\\u00e9placent en voiture \\u00e9lectrique ! Youpi ! Ils re\\u00e7oivent l'oscar des meilleurs coups de jus !<\\\/p>\\n\n\n<p>Pour \\u00e9viter les d\\u00e9placements, certains favorisent la salle de pause pour d\\u00e9jeuner. Elle est superbe et \\u00e9quip\\u00e9e ! En plus, il y a 2 boulangeries accessibles \\u00e0 pied aux alentours de l\\u2019entrep\\u00f4t ! Oli, cette gourmande, a sa petite favorite et va se chercher un sandwich au thon tous les midis ! Vous saurez, prendre votre pause midi en restant au boulot, c\\u2019est \\u00e9colo ! C\\u2019est aussi sympa de se retrouver entre coll\\u00e8gues dans une autre ambiance que celle du travail.<\\\/p>\",\"margin\":\"default\"}},{\"type\":\"text\",\"props\":{\"column_breakpoint\":\"m\",\"content\":\"\n\n<h3><strong>La vie verte de l'entreprise<\\\/strong><\\\/h3>\\n\n\n<p>Vous commencez \\u00e0 le savoir : chez Oliquide, nous attachons un soin particulier \\u00e0 int\\u00e9grer nos valeurs dans notre travail au quotidien. Faire du e-commerce c'est bien mais le faire de fa\\u00e7on humaine, c'est mieux. C'est d'ailleurs dans cette dynamique qu'on a cr\\u00e9\\u00e9 l'Espace Solidaire, notre plateforme de crowdfunding sur laquelle nous proposons \\u00e0 nos client de remettre 2,5% de notre chiffre d'affaires \\u00e0 des associations.<\\\/p>\\n\n\n<p>Il en est de m\\u00eame pour nos valeurs environnementales. Notre plan\\u00e8te, on l'aime, on l'adore et on veut la chouchouter ! D'o\\u00f9 la mise en place d'initiatives comme la prime d\\u00e9placement vert.<\\\/p>\\n\n\n<p>Si on en croit Oli et Vapo : 2022 promet d\\u2019\\u00eatre une ann\\u00e9e encore plus verte chez Oliquide ! Mais que mijotent nos deux amoureux de la vape ? Surprise !<\\\/p>\\n\n\n<p>Pour les plus curieux d'entre vous, ne vous inqui\\u00e9tez pas. Oli et Vapo sont impatients de cracher le morceau alors \\u00e7a ne saurait tarder ! Tout ce qu'ils peuvent vous dire pour le moment, c'est que les amoureux de la nature ont le sourire !<\\\/p>\",\"margin\":\"default\"}}]}]},{\"type\":\"row\",\"props\":{\"layout\":\"1-2,1-2\"},\"children\":[{\"type\":\"column\",\"props\":{\"image_position\":\"center-center\",\"position_sticky_breakpoint\":\"m\",\"vertical_align\":\"middle\",\"width_medium\":\"1-2\"},\"children\":[{\"type\":\"text\",\"props\":{\"column_breakpoint\":\"m\",\"content\":\"\n\n<h3><strong>Et vous ?<\\\/strong><\\\/h3>\\n\n\n<p>Si vous aussi, vous \\u00eates salari\\u00e9 ou g\\u00e9rant d\\u2019une entreprise, on esp\\u00e8re que cet article pourra vous donner des id\\u00e9es...\\u00a0Vous allez voir, venir au boulot de fa\\u00e7on \\u00e9colo, c\\u2019est super fun et \\u00e7a prot\\u00e8ge la plan\\u00e8te !<\\\/p>\\n\n\n<p>N\\u2019h\\u00e9sitez pas \\u00e0 nous partager vos moyens de transports verts dans les commentaires !<\\\/p>\",\"margin\":\"default\"}}]},{\"type\":\"column\",\"props\":{\"image_position\":\"center-center\",\"position_sticky_breakpoint\":\"m\",\"width_medium\":\"1-2\"},\"children\":[{\"type\":\"image\",\"props\":{\"image\":\"wp-content\\\/uploads\\\/2022\\\/02\\\/Copie-de-Copie-de-Copie-de-Copie-de-28-JANVIER-CHEZ-OLIQUIDE-ON-PROTEGE-VOS-DONNEES-2-1.png\",\"image_alt\":\"Oli et Vapo \\u00e9cologie\",\"image_svg_color\":\"emphasis\",\"margin\":\"default\"}}]}]},{\"type\":\"row\",\"children\":[{\"type\":\"column\",\"props\":{\"image_position\":\"center-center\",\"position_sticky_breakpoint\":\"m\"},\"children\":[{\"type\":\"comments\",\"props\":{\"link_style\":\"default\",\"margin\":\"default\",\"title_decoration\":\"bullet\",\"title_element\":\"h2\",\"title_style\":\"h3\"}}]}]}]}],\"version\":\"4.5.5\"} --><\/p>\n","protected":false},"excerpt":{"rendered":"<p>D\u00e9placements verts : conduite verte chez Oliquide ! En 2021, Oli et Vapo ont lanc\u00e9 un d\u00e9fi \u00e9colo \u00e0 leurs salari\u00e9s : se r\u00e9inventer pour venir chez Oliquide de fa\u00e7on plus verte. Le moins que l&rsquo;on puisse dire, c&rsquo;est qu&rsquo;ils ont relev\u00e9 le d\u00e9fi haut la main ! Oliquide et sa prime \u00e9cologique Chaque jour, [&hellip;]<\/p>\n","protected":false},"author":3,"featured_media":6521,"comment_status":"open","ping_status":"open","sticky":false,"template":"","format":"standard","meta":{"_jetpack_memberships_contains_paid_content":false,"footnotes":""},"categories":[4,5],"tags":[144,171,173,175,176,199,200,204,293,294,295,296,331,332,432],"class_list":["post-4849","post","type-post","status-publish","format-standard","has-post-thumbnail","hentry","category-actus-oliquide","category-biodiversite","tag-deplacement-vert","tag-ecologie","tag-ecologie-en-entreprise","tag-ecoresponsabilite","tag-ecoresponsabilite-en-entreprise","tag-entreprise-ecoresponsable","tag-entreprise-ethique","tag-entreprise-verte","tag-moyen-de-transport-ecoresponsable","tag-moyens-de-transport-ecologiques","tag-moyens-de-transport-ecoresponsables","tag-moyens-de-transport-vert","tag-prime-deplacement-vert","tag-prime-en-entreprise","tag-valeurs-dentreprise"],"aioseo_notices":[],"jetpack_featured_media_url":"https:\/\/www.oliquide.com\/blog\/wp-content\/uploads\/2022\/02\/banniere-deplacements-verts-1.jpg","jetpack_sharing_enabled":true,"_links":{"self":[{"href":"https:\/\/www.oliquide.com\/blog\/wp-json\/wp\/v2\/posts\/4849","targetHints":{"allow":["GET"]}}],"collection":[{"href":"https:\/\/www.oliquide.com\/blog\/wp-json\/wp\/v2\/posts"}],"about":[{"href":"https:\/\/www.oliquide.com\/blog\/wp-json\/wp\/v2\/types\/post"}],"author":[{"embeddable":true,"href":"https:\/\/www.oliquide.com\/blog\/wp-json\/wp\/v2\/users\/3"}],"replies":[{"embeddable":true,"href":"https:\/\/www.oliquide.com\/blog\/wp-json\/wp\/v2\/comments?post=4849"}],"version-history":[{"count":0,"href":"https:\/\/www.oliquide.com\/blog\/wp-json\/wp\/v2\/posts\/4849\/revisions"}],"wp:featuredmedia":[{"embeddable":true,"href":"https:\/\/www.oliquide.com\/blog\/wp-json\/wp\/v2\/media\/6521"}],"wp:attachment":[{"href":"https:\/\/www.oliquide.com\/blog\/wp-json\/wp\/v2\/media?parent=4849"}],"wp:term":[{"taxonomy":"category","embeddable":true,"href":"https:\/\/www.oliquide.com\/blog\/wp-json\/wp\/v2\/categories?post=4849"},{"taxonomy":"post_tag","embeddable":true,"href":"https:\/\/www.oliquide.com\/blog\/wp-json\/wp\/v2\/tags?post=4849"}],"curies":[{"name":"wp","href":"https:\/\/api.w.org\/{rel}","templated":true}]}}