{"id":9210,"date":"2023-10-12T09:42:57","date_gmt":"2023-10-12T07:42:57","guid":{"rendered":"https:\/\/vapactu.oliquide.com\/?p=9210"},"modified":"2025-02-07T11:35:08","modified_gmt":"2025-02-07T10:35:08","slug":"nouveau-batiment-environnement-et-biodiversite","status":"publish","type":"post","link":"https:\/\/www.oliquide.com\/blog\/nouveau-batiment-environnement-et-biodiversite\/","title":{"rendered":"Nouveau b\u00e2timent : quelles d\u00e9marches pour l&rsquo;environnement et la biodiversit\u00e9 ?"},"content":{"rendered":"<p><img decoding=\"async\" src=\"\/blog\/wp-content\/uploads\/2025\/02\/NV-BAT.jpg\" alt=\"nouveau batiment \u00e9cologie et biodiversit\u00e9\"><\/p>\n<div id=\"ez-toc-container\" class=\"ez-toc-v2_0_82_2 counter-hierarchy ez-toc-counter ez-toc-grey ez-toc-container-direction\">\n<div class=\"ez-toc-title-container\">\n<p class=\"ez-toc-title\" style=\"cursor:inherit\">Sommaire<\/p>\n<span class=\"ez-toc-title-toggle\"><a href=\"#\" class=\"ez-toc-pull-right ez-toc-btn ez-toc-btn-xs ez-toc-btn-default ez-toc-toggle\" aria-label=\"Toggle Table of Content\"><span class=\"ez-toc-js-icon-con\"><span class=\"\"><span class=\"eztoc-hide\" style=\"display:none;\">Toggle<\/span><span class=\"ez-toc-icon-toggle-span\"><svg style=\"fill: #999;color:#999\" xmlns=\"http:\/\/www.w3.org\/2000\/svg\" class=\"list-377408\" width=\"20px\" height=\"20px\" viewBox=\"0 0 24 24\" fill=\"none\"><path d=\"M6 6H4v2h2V6zm14 0H8v2h12V6zM4 11h2v2H4v-2zm16 0H8v2h12v-2zM4 16h2v2H4v-2zm16 0H8v2h12v-2z\" fill=\"currentColor\"><\/path><\/svg><svg style=\"fill: #999;color:#999\" class=\"arrow-unsorted-368013\" xmlns=\"http:\/\/www.w3.org\/2000\/svg\" width=\"10px\" height=\"10px\" viewBox=\"0 0 24 24\" version=\"1.2\" baseProfile=\"tiny\"><path d=\"M18.2 9.3l-6.2-6.3-6.2 6.3c-.2.2-.3.4-.3.7s.1.5.3.7c.2.2.4.3.7.3h11c.3 0 .5-.1.7-.3.2-.2.3-.5.3-.7s-.1-.5-.3-.7zM5.8 14.7l6.2 6.3 6.2-6.3c.2-.2.3-.5.3-.7s-.1-.5-.3-.7c-.2-.2-.4-.3-.7-.3h-11c-.3 0-.5.1-.7.3-.2.2-.3.5-.3.7s.1.5.3.7z\"\/><\/svg><\/span><\/span><\/span><\/a><\/span><\/div>\n<nav><ul class='ez-toc-list ez-toc-list-level-1 eztoc-toggle-hide-by-default' ><li class='ez-toc-page-1 ez-toc-heading-level-1'><a class=\"ez-toc-link ez-toc-heading-1\" href=\"https:\/\/www.oliquide.com\/blog\/nouveau-batiment-environnement-et-biodiversite\/#Nouveau_batiment_quelles_demarches_pour_lenvironnement_et_la_biodiversite\" >Nouveau b\u00e2timent : quelles d\u00e9marches pour l&rsquo;environnement et la biodiversit\u00e9 ?<\/a><ul class='ez-toc-list-level-2' ><li class='ez-toc-heading-level-2'><a class=\"ez-toc-link ez-toc-heading-2\" href=\"https:\/\/www.oliquide.com\/blog\/nouveau-batiment-environnement-et-biodiversite\/#Un_batiment_de_1_000_m%C2%B2_pense_pour_limiter_son_impact_sur_lenvironnement%E2%80%A6\" >Un b\u00e2timent de 1 000 m\u00b2 pens\u00e9 pour limiter son impact sur l\u2019environnement\u2026<\/a><\/li><li class='ez-toc-page-1 ez-toc-heading-level-2'><a class=\"ez-toc-link ez-toc-heading-3\" href=\"https:\/\/www.oliquide.com\/blog\/nouveau-batiment-environnement-et-biodiversite\/#7_000_m%C2%B2_pour_la_biodiversite\" >7 000 m\u00b2 pour la biodiversit\u00e9 !<\/a><\/li><\/ul><\/li><li class='ez-toc-page-1 ez-toc-heading-level-1'><a class=\"ez-toc-link ez-toc-heading-4\" href=\"https:\/\/www.oliquide.com\/blog\/nouveau-batiment-environnement-et-biodiversite\/#FAQ\" >FAQ<\/a><\/li><\/ul><\/nav><\/div>\n<h1><span class=\"ez-toc-section\" id=\"Nouveau_batiment_quelles_demarches_pour_lenvironnement_et_la_biodiversite\"><\/span>Nouveau b\u00e2timent : quelles d\u00e9marches pour l&rsquo;environnement et la biodiversit\u00e9 ?<span class=\"ez-toc-section-end\"><\/span><\/h1>\n<div>\n<p><em><span style=\"font-weight: 400;\">Il y a quelques mois, nous vous avons annonc\u00e9 une grande nouvelle : en 2023, Oliquide d\u00e9m\u00e9nage ! Vous commencez \u00e0 le savoir\u2026 dans notre entreprise, quand on se lance dans un nouveau projet, on aime se questionner et se renseigner afin qu\u2019il soit \u00e0 l\u2019image des valeurs que nous pr\u00f4nons au quotidien. Aujourd\u2019hui, nous avons d\u00e9cid\u00e9 de partager avec vous l\u2019un de nos axes de travail : l\u2019impact de nos futurs locaux sur l\u2019environnement et la biodiversit\u00e9.<\/span><\/em><\/p>\n<\/div>\n<div>\n<h2><span class=\"ez-toc-section\" id=\"Un_batiment_de_1_000_m%C2%B2_pense_pour_limiter_son_impact_sur_lenvironnement%E2%80%A6\"><\/span><strong>Un b\u00e2timent de 1 000 m\u00b2 pens\u00e9 pour limiter son impact sur l\u2019environnement\u2026<\/strong><span class=\"ez-toc-section-end\"><\/span><\/h2>\n<p><span style=\"font-weight: 400;\">Pour la construction de notre futur \u00ab chez nous \u00bb, nous avons fait appel \u00e0 l\u2019<strong>architecte Guy Amard<\/strong>, tr\u00e8s sensible aux questions environnementales. Il a d&rsquo;ailleurs d\u00e9j\u00e0 plusieurs projets dans cette direction \u00e0 son actif. <strong>Ensemble<\/strong>, nous avons pu imaginer un b\u00e2timent r\u00e9pondant aux besoins de notre activit\u00e9 tout en veillant \u00e0 <strong>limiter l\u2019impact environnemental<\/strong> de ce dernier.<\/span><\/p>\n<p><span style=\"font-weight: 400;\">Le grand chantier a d\u00e9but\u00e9 il y a quelques mois. Sur un terrain de <strong>8 000 m\u00b2<\/strong>, c\u2019est un b\u00e2timent \u00e0 ossature bois de 1 000 m\u00b2 qui a vu le jour. Tous les mat\u00e9riaux utilis\u00e9s pour l\u2019isolation sont<strong> biosourc\u00e9s<\/strong> et nous avons choisi d\u2019installer du triple vitrage. Le toit en shed a \u00e9t\u00e9 con\u00e7u pour accueillir<strong> une centrale solaire<\/strong>, projet qui s&rsquo;inscrit dans une d\u00e9marche d&rsquo;<strong>autoconsommation<\/strong> de la zone Espace K avec d&rsquo;autres entreprises. Il permettra \u00e9galement d\u2019offrir un \u00e9clairage tr\u00e8s confortable et une climatisation <strong>naturelle<\/strong> (free cooling). Les donn\u00e9es de calculs thermiques du projet nous permettent d\u2019affirmer d\u00e8s aujourd\u2019hui que ce b\u00e2timent sera RT 2020.<\/span><\/p>\n<\/div>\n<p><img decoding=\"async\" src=\"\/blog\/wp-content\/uploads\/2022\/08\/photo-batiment-charpente-bois-ecologie.jpg\" alt=\"photo charpente bois batiment ecologique\"><\/p>\n<div>\n<p><strong>La RT 2020 : kesako ?<\/strong><\/p>\n<p><span style=\"font-weight: 400;\">La RT 2020, c\u2019est la r\u00e9glementation thermique qui est appliqu\u00e9e \u00e0 toutes les constructions neuves depuis fin 2020. Elle vise \u00e0 r\u00e9duire la consommation \u00e9nerg\u00e9tique des nouvelles constructions.<\/span><\/p>\n<\/div>\n<div>\n<p><span style=\"font-weight: 400;\">Rappelons qu\u2019en plus, chez Oliquide, nous avons choisi de nous fournir en \u00e9lectricit\u00e9 chez<\/span><span style=\"text-decoration: underline;\"><em><a href=\"https:\/\/www.enercoop.fr\/\"><span style=\"font-weight: 400;\"> Enercoop<\/span><\/a><\/em><\/span><span style=\"font-weight: 400;\">. C&rsquo;est l&rsquo;une de nos fa\u00e7ons de montrer <strong>notre soutien au d\u00e9veloppement des \u00e9nergies renouvelables<\/strong> et notre volont\u00e9 de consommer autrement.<\/span><\/p>\n<\/div>\n<div>\n<h2><span class=\"ez-toc-section\" id=\"7_000_m%C2%B2_pour_la_biodiversite\"><\/span><strong>7 000 m\u00b2 pour la biodiversit\u00e9 !<\/strong><span class=\"ez-toc-section-end\"><\/span><\/h2>\n<p><span style=\"font-weight: 400;\">Comme nous ne faisons pas les choses \u00e0 moiti\u00e9, vous vous doutez que nous ne nous sommes pas uniquement content\u00e9s de travailler sur le b\u00e2timent principal. Nous avons souhait\u00e9 aller plus loin avec une r\u00e9flexion du m\u00eame ordre sur les ext\u00e9rieurs&#8230; <strong>Quel est notre r\u00f4le d\u2019entrepreneurs face aux enjeux de la biodiversit\u00e9 ? \u00c0 quels niveaux pouvons nous agir ?<\/strong><\/span><\/p>\n<p><span style=\"font-weight: 400;\">En cherchant un peu, nous avons trouv\u00e9 quelques \u00e9l\u00e9ments de r\u00e9ponse dans l\u2019AMI \u00ab <strong>Entreprises du Grand Est : devenez acteurs pour la biodiversit\u00e9 !<\/strong> \u00bb. Alors nous avons choisi de nous engager dans cette d\u00e9marche \u00e0 double vocation : r\u00e9aliser des am\u00e9nagements concrets <strong>favorisant l\u2019accueil de la biodiversit\u00e9<\/strong> et <strong>sensibiliser<\/strong> l\u2019\u00e9quipe salari\u00e9e et nos clients (et pourquoi pas d\u2019autres publics)<strong> aux enjeux li\u00e9s \u00e0 la pr\u00e9servation de la biodiversit\u00e9<\/strong> sur un site d\u2019entreprise.<\/span><\/p>\n<p><span style=\"font-weight: 400;\">Pour nous aider dans cette d\u00e9marche, nous nous sommes rapproch\u00e9s de l\u2019association<\/span><em><span style=\"text-decoration: underline;\"><a href=\"https:\/\/www.etcterra.fr\/\"><span style=\"font-weight: 400;\"> ETC Terra<\/span><\/a><\/span><\/em><span style=\"font-weight: 400;\">, association d\u2019<strong>\u00c9ducation \u00e0 la Nature, \u00e0 l\u2019Environnement et au D\u00e9veloppement Durable<\/strong> (ENEDD) conventionn\u00e9e \u00e0 ce titre par la R\u00e9gion Grand Est. L\u2019association a r\u00e9alis\u00e9 une \u00e9tude diagnostic pour identifier les atouts et faiblesses du site au regard de la biodiversit\u00e9. Ce diagnostic a permis d\u2019inventorier les am\u00e9nagements potentiels et ainsi d\u2019avoir des pistes de travail\u2026<\/span><\/p>\n<\/div>\n<p><img decoding=\"async\" src=\"\/blog\/wp-content\/uploads\/2022\/08\/reflexion-batiment-biodiversite-1.jpg\" alt=\"reflexion autour de la biodiversit\u00e9\"><\/p>\n<div>\n<h3><strong>Am\u00e9nager pour la biodiversit\u00e9<\/strong><\/h3>\n<p><span style=\"font-weight: 400;\">Le choix d\u00e9finitif des am\u00e9nagements et leur agencement se fera \u00e0 la suite de s\u00e9quences de partage et de travail avec l\u2019\u00e9quipe salari\u00e9e. Cette r\u00e9flexion sera \u00e9galement partag\u00e9e avec vous, nos clients, gr\u00e2ce \u00e0 nos diff\u00e9rents outils de communication :<\/span><em><span style=\"text-decoration: underline;\"><a href=\"https:\/\/vapactu.oliquide.com\/\"><span style=\"font-weight: 400;\"> blog<\/span><\/a><span style=\"font-weight: 400;\">,<\/span><a href=\"https:\/\/vapactu.oliquide.com\/?etape=2#newsletter\"><span style=\"font-weight: 400;\"> newsletter<\/span><\/a><span style=\"font-weight: 400;\">,<\/span><a href=\"https:\/\/www.facebook.com\/oliquide\"><span style=\"font-weight: 400;\"> r\u00e9seaux sociaux<\/span><\/a><\/span><\/em><span style=\"font-weight: 400;\">\u2026 <strong>Nous avons h\u00e2te d\u2019avoir vos retours sur le projet pour l\u2019enrichir de vos id\u00e9es !<\/strong><\/span><\/p>\n<p><span style=\"font-weight: 400;\">L\u2019objectif est d\u2019accueillir de la biodiversit\u00e9 en cr\u00e9ant des zones de <strong>refuge<\/strong>, des zones d\u2019<strong>habitations<\/strong>, des zones <strong>pourvoyeuses de nourriture<\/strong> ou encore des espaces de circulation pour les esp\u00e8ces environnantes : oiseaux, insectes, invert\u00e9br\u00e9s, mammif\u00e8res, reptiles&#8230;<\/span><\/p>\n<p><span style=\"font-weight: 400;\">Bien \u00e9videmment, l\u2019id\u00e9e est \u00e9galement de faire de l\u2019am\u00e9nagement global une r\u00e9alisation offrant aux salari\u00e9s de l\u2019entreprise un espace <strong>esth\u00e9tique, apaisant et riche en d\u00e9couvertes<\/strong>, et aux visiteurs de passage une vitrine de diff\u00e9rents moyens simples mais g\u00e9n\u00e9ralement efficaces pour<strong> conserver, accueillir ou prot\u00e9ger la biodiversit\u00e9<\/strong>.<\/span><\/p>\n<p><span style=\"font-weight: 400;\">Voici une petite liste non exhaustive d\u2019exemples d&rsquo;am\u00e9nagements que nous envisageons d\u2019int\u00e9grer \u00e0 notre espace :<\/span><\/p>\n<\/div>\n<p><img decoding=\"async\" src=\"\/blog\/wp-content\/uploads\/2022\/09\/amenagements-biodiversite-terrain-oliquide.jpg\" alt=\"amenagements biodiversit\u00e9 oliquide\"><\/p>\n<div>\n<p><span style=\"font-weight: 400;\">L&rsquo;am\u00e9nagement des espace biodiversit\u00e9 sera confi\u00e9 \u00e0<\/span><a href=\"https:\/\/www.facebook.com\/Compagnons-du-Chemin-de-Vie-116395839043080\/\"><span style=\"font-weight: 400;\"><em><span style=\"text-decoration: underline;\"> l&rsquo;association Les Compagnons du chemin de vie<\/span><\/em><\/span><\/a><span style=\"font-weight: 400;\">, install\u00e9e en Meuse et sp\u00e9cialis\u00e9e dans les am\u00e9nagements naturels, notamment<\/span><span style=\"text-decoration: underline;\"><em><a href=\"http:\/\/www.natura2000.fr\/\"><span style=\"font-weight: 400;\"> Natura 2000<\/span><\/a><\/em><\/span><span style=\"font-weight: 400;\">.<\/span><\/p>\n<\/div>\n<div>\n<h3><strong>Sensibiliser pour la biodiversit\u00e9<\/strong><\/h3>\n<p><span style=\"font-weight: 400;\">Nous avons commenc\u00e9 \u00e0 imaginer comment ces am\u00e9nagements, une fois termin\u00e9s, pourraient \u00eatre anim\u00e9s, et comment nous pourrions <strong>poursuivre notre d\u00e9marche de sensibilisation<\/strong>.<\/span><\/p>\n<p><span style=\"font-weight: 400;\">Un programme de courtes <strong>s\u00e9quences de sensibilisation<\/strong> li\u00e9es \u00e0 chacun des am\u00e9nagements sera mis en \u0153uvre afin de mettre en avant son utilit\u00e9 et permettre aux salari\u00e9s d\u00e9sirant aller plus loin de le faire. Nous pourrions d\u2019ailleurs <strong>partager virtuellement ces moments avec vous<\/strong>, chers clients. Nous envisageons aussi de placer des webcams dans certains nichoirs et autres am\u00e9nagements afin de vous permettre de voir l\u2019\u00e9volution et l\u2019animation de ces derniers directement depuis notre site.<\/span><\/p>\n<\/p>\n<p><span style=\"font-weight: 400;\">Nous avons \u00e9galement le souhait de nous investir dans des actions au-del\u00e0 de l\u2019entreprise. Deux axes sont d\u2019ores et d\u00e9j\u00e0 envisag\u00e9s :<\/span><\/p>\n<ul>\n<li style=\"font-weight: 400;\" aria-level=\"1\"><span style=\"font-weight: 400;\">L\u2019organisation de temps de pr\u00e9sentation avec les autres entreprises du site de l\u2019Espace K dans le but de les sensibiliser aux enjeux de biodiversit\u00e9, et, pourquoi pas, de les inciter \u00e0 \u00e9tendre les am\u00e9nagements men\u00e9s par AlterBoutique \u00e0 toute la zone d\u2019activit\u00e9 ;<\/span><\/li>\n<li style=\"font-weight: 400;\" aria-level=\"1\"><span style=\"font-weight: 400;\">L\u2019ouverture du site pour tout autre public qui pourraient b\u00e9n\u00e9ficier des am\u00e9nagements r\u00e9alis\u00e9s : \u00e9coles, associations&#8230;<\/span><\/li>\n<\/ul>\n<p><span style=\"font-weight: 400;\">Pour favoriser cette sensibilisation, nous avons pr\u00e9vu de cr\u00e9er des outils d\u2019interpr\u00e9tation avec des panneaux r\u00e9partis sur l\u2019espace, expliquant la d\u00e9marche et les enjeux, ainsi qu\u2019un fascicule et des fiches th\u00e9matiques.<\/span><\/p>\n<p><span style=\"font-weight: 400;\">Comme vous pouvez le constater, nous nous sommes embarqu\u00e9s dans <strong>une sacr\u00e9e aventure<\/strong>. Tout ce qu\u2019on peut vous dire, c\u2019est que l\u2019on ne regrette pas. Construire ensemble ce b\u00e2timent, c\u2019est <strong>un v\u00e9ritable aboutissement<\/strong> dans la relation que l\u2019on essaye d\u2019\u00e9tablir avec nos clients et dans la transmission de nos valeurs via notre activit\u00e9. Nous vous tiendrons \u00e9videmment inform\u00e9s de l\u2019avanc\u00e9e de tous ces am\u00e9nagements alors n\u2019h\u00e9sitez pas \u00e0 vous abonner \u00e0 notre newsletter ou \u00e0 nos r\u00e9seaux sociaux ! Vous pouvez \u00e9galement partager avec nous vos id\u00e9es en commentaire. Nous serons ravis de votre implication au sein de ce projet.<\/span><\/p>\n<p><strong>Et pour la biodiversit\u00e9\u2026 hip hip hip, espace K !<\/strong><\/p>\n<\/div>\n<h1><span class=\"ez-toc-section\" id=\"FAQ\"><\/span>FAQ<span class=\"ez-toc-section-end\"><\/span><\/h1>\n<ul>\n<li>\n<h3>Pourquoi cr\u00e9er des am\u00e9nagements pour la biodiversit\u00e9 sur le site de l\u2019entreprise ?<\/h3>\n<div>\n<p><span style=\"font-weight: 400;\">Les am\u00e9nagements permettent d&rsquo;accueillir la faune et la flore locale en cr\u00e9ant des refuges adapt\u00e9s aux esp\u00e8ces pr\u00e9sentes tout en offrant un cadre de travail agr\u00e9able et inspirant pour les employ\u00e9s.<\/span><\/p>\n<\/div>\n<\/li>\n<li>\n<h3>Quels types d\u2019espaces seront am\u00e9nag\u00e9s pour favoriser la biodiversit\u00e9 ?<\/h3>\n<div>\n<p><span style=\"font-weight: 400;\">Nous envisageons d&rsquo;int\u00e9grer des prairies fleuries, des haies vives et s\u00e8ches, des mares, des arbres fruitiers, des bacs potagers, des nichoirs \u00e0 insectes et \u00e0 oiseaux, ainsi que des zones non entretenues pour laisser la nature reprendre ses droits.<\/span><\/p>\n<\/div>\n<\/li>\n<li>\n<h3>Quelle est la diff\u00e9rence entre la voie orale et sublinguale ?<\/h3>\n<div>\n<ul>\n<li><strong>Voie orale<\/strong> : D\u00e9lai d\u2019action plus long (30-90 min) mais dur\u00e9e des effets prolong\u00e9e (7 heures).<\/li>\n<li><strong>Voie sublinguale<\/strong> : Effets rapides (environ 20 min), mais dur\u00e9e d\u2019action l\u00e9g\u00e8rement plus courte (6 heures).<\/li>\n<\/ul>\n<\/div>\n<\/li>\n<li>\n<h3>Comment l\u2019entreprise implique-t-elle ses clients et salari\u00e9s dans ce projet ?<\/h3>\n<div>\n<p><span style=\"font-weight: 400;\">Nous pr\u00e9voyons des s\u00e9quences de partage et de consultation via nos outils de communication (blog, newsletter, r\u00e9seaux sociaux) pour enrichir le projet avec vos id\u00e9es et vos retours. Des visites p\u00e9dagogiques et des panneaux explicatifs seront \u00e9galement install\u00e9s.<\/span><\/p>\n<\/div>\n<\/li>\n<li>\n<h3>Quels sont les objectifs de cette d\u00e9marche ?<\/h3>\n<div>\n<p><span style=\"font-weight: 400;\">L\u2019objectif est double : pr\u00e9server et favoriser l\u2019accueil de la biodiversit\u00e9 sur notre site tout en sensibilisant notre \u00e9quipe et nos visiteurs aux enjeux environnementaux.<\/span><\/p>\n<\/div>\n<\/li>\n<li>\n<h3>Quels sont les atouts du b\u00e2timent \u00e9cologique ?<\/h3>\n<div>\n<p><span style=\"font-weight: 400;\">Notre futur b\u00e2timent de 1 000 m\u00b2 est con\u00e7u en mat\u00e9riaux biosourc\u00e9s avec une isolation performante et des vitrages triple \u00e9paisseur. Il utilise l\u2019\u00e9nergie solaire et un syst\u00e8me de ventilation naturelle pour r\u00e9duire son empreinte \u00e9nerg\u00e9tique.<\/span><\/p>\n<\/div>\n<\/li>\n<li>\n<h3>Comment pouvons-nous suivre l\u2019\u00e9volution du projet ?<\/h3>\n<div>\n<p><span style=\"font-weight: 400;\">Nous partagerons r\u00e9guli\u00e8rement des nouvelles sur nos r\u00e9seaux sociaux et notre blog. Des webcams pourraient \u00eatre install\u00e9es pour observer en direct les changements et la vie qui se d\u00e9veloppe sur le site.<\/span><\/p>\n<\/div>\n<\/li>\n<\/ul>\n<p><!--more--><br \/>\n<!-- {\"type\":\"layout\",\"children\":[{\"type\":\"section\",\"props\":{\"image_position\":\"center-center\",\"style\":\"default\",\"title_breakpoint\":\"xl\",\"title_position\":\"top-left\",\"title_rotation\":\"left\",\"vertical_align\":\"middle\",\"width\":\"default\"},\"children\":[{\"type\":\"row\",\"children\":[{\"type\":\"column\",\"props\":{\"image_position\":\"center-center\",\"position_sticky_breakpoint\":\"m\"},\"children\":[{\"type\":\"image\",\"props\":{\"image\":\"wp-content\\\/uploads\\\/2025\\\/02\\\/NV-BAT.jpg\",\"image_alt\":\"nouveau batiment \\u00e9cologie et biodiversit\\u00e9\",\"image_svg_color\":\"emphasis\",\"margin\":\"default\"}},{\"type\":\"headline\",\"props\":{\"content\":\"Nouveau b\\u00e2timent : quelles d\\u00e9marches pour l'environnement et la biodiversit\\u00e9 ?\",\"title_element\":\"h1\"}},{\"type\":\"text\",\"props\":{\"column_breakpoint\":\"m\",\"content\":\"\n\n<p><em><span style=\\\"font-weight: 400;\\\">Il y a quelques mois, nous vous avons annonc\\u00e9 une grande nouvelle : en 2023, Oliquide d\\u00e9m\\u00e9nage ! Vous commencez \\u00e0 le savoir\\u2026 dans notre entreprise, quand on se lance dans un nouveau projet, on aime se questionner et se renseigner afin qu\\u2019il soit \\u00e0 l\\u2019image des valeurs que nous pr\\u00f4nons au quotidien. Aujourd\\u2019hui, nous avons d\\u00e9cid\\u00e9 de partager avec vous l\\u2019un de nos axes de travail : l\\u2019impact de nos futurs locaux sur l\\u2019environnement et la biodiversit\\u00e9.<\\\/span><\\\/em><\\\/p>\",\"margin\":\"default\"}},{\"type\":\"text\",\"props\":{\"column_breakpoint\":\"m\",\"content\":\"\n\n<h2><strong>Un b\\u00e2timent de 1 000 m\\u00b2 pens\\u00e9 pour limiter son impact sur l\\u2019environnement\\u2026<\\\/strong><\\\/h2>\\n\n\n<p><span style=\\\"font-weight: 400;\\\">Pour la construction de notre futur \\u00ab chez nous \\u00bb, nous avons fait appel \\u00e0 l\\u2019<strong>architecte Guy Amard<\\\/strong>, tr\\u00e8s sensible aux questions environnementales. Il a d'ailleurs d\\u00e9j\\u00e0 plusieurs projets dans cette direction \\u00e0 son actif. <strong>Ensemble<\\\/strong>, nous avons pu imaginer un b\\u00e2timent r\\u00e9pondant aux besoins de notre activit\\u00e9 tout en veillant \\u00e0 <strong>limiter l\\u2019impact environnemental<\\\/strong> de ce dernier.<\\\/span><\\\/p>\\n\n\n<p><span style=\\\"font-weight: 400;\\\">Le grand chantier a d\\u00e9but\\u00e9 il y a quelques mois. Sur un terrain de <strong>8 000 m\\u00b2<\\\/strong>, c\\u2019est un b\\u00e2timent \\u00e0 ossature bois de 1 000 m\\u00b2 qui a vu le jour. Tous les mat\\u00e9riaux utilis\\u00e9s pour l\\u2019isolation sont<strong> biosourc\\u00e9s<\\\/strong> et nous avons choisi d\\u2019installer du triple vitrage. Le toit en shed a \\u00e9t\\u00e9 con\\u00e7u pour accueillir<strong> une centrale solaire<\\\/strong>, projet qui s'inscrit dans une d\\u00e9marche d'<strong>autoconsommation<\\\/strong> de la zone Espace K avec d'autres entreprises. Il permettra \\u00e9galement d\\u2019offrir un \\u00e9clairage tr\\u00e8s confortable et une climatisation <strong>naturelle<\\\/strong> (free cooling). Les donn\\u00e9es de calculs thermiques du projet nous permettent d\\u2019affirmer d\\u00e8s aujourd\\u2019hui que ce b\\u00e2timent sera RT 2020.<\\\/span><\\\/p>\",\"margin\":\"default\"}}]}]},{\"type\":\"row\",\"props\":{\"layout\":\"1-2,1-2\"},\"children\":[{\"type\":\"column\",\"props\":{\"image_position\":\"center-center\",\"position_sticky_breakpoint\":\"m\",\"width_medium\":\"1-2\"},\"children\":[{\"type\":\"image\",\"props\":{\"image\":\"wp-content\\\/uploads\\\/2022\\\/08\\\/photo-batiment-charpente-bois-ecologie.jpg\",\"image_alt\":\"photo charpente bois batiment ecologique\",\"image_border\":\"rounded\",\"image_box_decoration\":\"primary\",\"image_svg_color\":\"emphasis\",\"image_width\":350,\"margin\":\"default\",\"text_align\":\"center\"}}]},{\"type\":\"column\",\"props\":{\"image_position\":\"center-center\",\"position_sticky_breakpoint\":\"m\",\"width_medium\":\"1-2\"},\"children\":[{\"type\":\"text\",\"props\":{\"column_breakpoint\":\"m\",\"content\":\"\n\n<p><strong>La RT 2020 : kesako ?<\\\/strong><\\\/p>\\n\n\n<p><span style=\\\"font-weight: 400;\\\">La RT 2020, c\\u2019est la r\\u00e9glementation thermique qui est appliqu\\u00e9e \\u00e0 toutes les constructions neuves depuis fin 2020. Elle vise \\u00e0 r\\u00e9duire la consommation \\u00e9nerg\\u00e9tique des nouvelles constructions.<\\\/span><\\\/p>\",\"margin\":\"default\"}},{\"type\":\"text\",\"props\":{\"column_breakpoint\":\"m\",\"content\":\"\n\n<p><span style=\\\"font-weight: 400;\\\">Rappelons qu\\u2019en plus, chez Oliquide, nous avons choisi de nous fournir en \\u00e9lectricit\\u00e9 chez<\\\/span><span style=\\\"text-decoration: underline;\\\"><em><a href=\\\"https:\\\/\\\/www.enercoop.fr\\\/\\\"><span style=\\\"font-weight: 400;\\\"> Enercoop<\\\/span><\\\/a><\\\/em><\\\/span><span style=\\\"font-weight: 400;\\\">. C'est l'une de nos fa\\u00e7ons de montrer <strong>notre soutien au d\\u00e9veloppement des \\u00e9nergies renouvelables<\\\/strong> et notre volont\\u00e9 de consommer autrement.<\\\/span><\\\/p>\",\"margin\":\"default\"}}]}]}]},{\"type\":\"section\",\"props\":{\"image_position\":\"center-center\",\"style\":\"default\",\"title_breakpoint\":\"xl\",\"title_position\":\"top-left\",\"title_rotation\":\"left\",\"vertical_align\":\"middle\",\"width\":\"default\"},\"children\":[{\"type\":\"row\",\"props\":{\"layout\":\"1-2,1-2\"},\"children\":[{\"type\":\"column\",\"props\":{\"image_position\":\"center-center\",\"position_sticky_breakpoint\":\"m\",\"width_medium\":\"1-2\"},\"children\":[{\"type\":\"text\",\"props\":{\"column_breakpoint\":\"m\",\"content\":\"\n\n<h2><strong>7 000 m\\u00b2 pour la biodiversit\\u00e9 !<\\\/strong><\\\/h2>\\n\n\n<p><span style=\\\"font-weight: 400;\\\">Comme nous ne faisons pas les choses \\u00e0 moiti\\u00e9, vous vous doutez que nous ne nous sommes pas uniquement content\\u00e9s de travailler sur le b\\u00e2timent principal. Nous avons souhait\\u00e9 aller plus loin avec une r\\u00e9flexion du m\\u00eame ordre sur les ext\\u00e9rieurs... <strong>Quel est notre r\\u00f4le d\\u2019entrepreneurs face aux enjeux de la biodiversit\\u00e9 ? \\u00c0 quels niveaux pouvons nous agir ?<\\\/strong><\\\/span><\\\/p>\\n\n\n<p><span style=\\\"font-weight: 400;\\\">En cherchant un peu, nous avons trouv\\u00e9 quelques \\u00e9l\\u00e9ments de r\\u00e9ponse dans l\\u2019AMI \\u00ab <strong>Entreprises du Grand Est : devenez acteurs pour la biodiversit\\u00e9 !<\\\/strong> \\u00bb. Alors nous avons choisi de nous engager dans cette d\\u00e9marche \\u00e0 double vocation : r\\u00e9aliser des am\\u00e9nagements concrets <strong>favorisant l\\u2019accueil de la biodiversit\\u00e9<\\\/strong> et <strong>sensibiliser<\\\/strong> l\\u2019\\u00e9quipe salari\\u00e9e et nos clients (et pourquoi pas d\\u2019autres publics)<strong> aux enjeux li\\u00e9s \\u00e0 la pr\\u00e9servation de la biodiversit\\u00e9<\\\/strong> sur un site d\\u2019entreprise.<\\\/span><\\\/p>\\n\n\n<p><span style=\\\"font-weight: 400;\\\">Pour nous aider dans cette d\\u00e9marche, nous nous sommes rapproch\\u00e9s de l\\u2019association<\\\/span><em><span style=\\\"text-decoration: underline;\\\"><a href=\\\"https:\\\/\\\/www.etcterra.fr\\\/\\\"><span style=\\\"font-weight: 400;\\\"> ETC Terra<\\\/span><\\\/a><\\\/span><\\\/em><span style=\\\"font-weight: 400;\\\">, association d\\u2019<strong>\\u00c9ducation \\u00e0 la Nature, \\u00e0 l\\u2019Environnement et au D\\u00e9veloppement Durable<\\\/strong> (ENEDD) conventionn\\u00e9e \\u00e0 ce titre par la R\\u00e9gion Grand Est. L\\u2019association a r\\u00e9alis\\u00e9 une \\u00e9tude diagnostic pour identifier les atouts et faiblesses du site au regard de la biodiversit\\u00e9. Ce diagnostic a permis d\\u2019inventorier les am\\u00e9nagements potentiels et ainsi d\\u2019avoir des pistes de travail\\u2026<\\\/span><\\\/p>\",\"margin\":\"default\"}}]},{\"type\":\"column\",\"props\":{\"image_position\":\"center-center\",\"position_sticky_breakpoint\":\"m\",\"width_medium\":\"1-2\"},\"children\":[{\"type\":\"image\",\"props\":{\"block_align\":\"right\",\"image\":\"wp-content\\\/uploads\\\/2022\\\/08\\\/reflexion-batiment-biodiversite-1.jpg\",\"image_alt\":\"reflexion autour de la biodiversit\\u00e9\",\"image_svg_color\":\"emphasis\",\"margin\":\"default\",\"maxwidth\":\"large\"}}]}]}]},{\"type\":\"section\",\"props\":{\"image_position\":\"center-center\",\"style\":\"default\",\"title_breakpoint\":\"xl\",\"title_position\":\"top-left\",\"title_rotation\":\"left\",\"vertical_align\":\"middle\",\"width\":\"default\"},\"children\":[{\"type\":\"row\",\"children\":[{\"type\":\"column\",\"props\":{\"image_position\":\"center-center\",\"position_sticky_breakpoint\":\"m\"},\"children\":[{\"type\":\"text\",\"props\":{\"column_breakpoint\":\"m\",\"content\":\"\n\n<h3><strong>Am\\u00e9nager pour la biodiversit\\u00e9<\\\/strong><\\\/h3>\\n\n\n<p><span style=\\\"font-weight: 400;\\\">Le choix d\\u00e9finitif des am\\u00e9nagements et leur agencement se fera \\u00e0 la suite de s\\u00e9quences de partage et de travail avec l\\u2019\\u00e9quipe salari\\u00e9e. Cette r\\u00e9flexion sera \\u00e9galement partag\\u00e9e avec vous, nos clients, gr\\u00e2ce \\u00e0 nos diff\\u00e9rents outils de communication :<\\\/span><em><span style=\\\"text-decoration: underline;\\\"><a href=\\\"https:\\\/\\\/vapactu.oliquide.com\\\/\\\"><span style=\\\"font-weight: 400;\\\"> blog<\\\/span><\\\/a><span style=\\\"font-weight: 400;\\\">,<\\\/span><a href=\\\"https:\\\/\\\/vapactu.oliquide.com\\\/?etape=2#newsletter\\\"><span style=\\\"font-weight: 400;\\\"> newsletter<\\\/span><\\\/a><span style=\\\"font-weight: 400;\\\">,<\\\/span><a href=\\\"https:\\\/\\\/www.facebook.com\\\/oliquide\\\"><span style=\\\"font-weight: 400;\\\"> r\\u00e9seaux sociaux<\\\/span><\\\/a><\\\/span><\\\/em><span style=\\\"font-weight: 400;\\\">\\u2026 <strong>Nous avons h\\u00e2te d\\u2019avoir vos retours sur le projet pour l\\u2019enrichir de vos id\\u00e9es !<\\\/strong><\\\/span><\\\/p>\\n\n\n<p><span style=\\\"font-weight: 400;\\\">L\\u2019objectif est d\\u2019accueillir de la biodiversit\\u00e9 en cr\\u00e9ant des zones de <strong>refuge<\\\/strong>, des zones d\\u2019<strong>habitations<\\\/strong>, des zones <strong>pourvoyeuses de nourriture<\\\/strong> ou encore des espaces de circulation pour les esp\\u00e8ces environnantes : oiseaux, insectes, invert\\u00e9br\\u00e9s, mammif\\u00e8res, reptiles...<\\\/span><\\\/p>\\n\n\n<p><span style=\\\"font-weight: 400;\\\">Bien \\u00e9videmment, l\\u2019id\\u00e9e est \\u00e9galement de faire de l\\u2019am\\u00e9nagement global une r\\u00e9alisation offrant aux salari\\u00e9s de l\\u2019entreprise un espace <strong>esth\\u00e9tique, apaisant et riche en d\\u00e9couvertes<\\\/strong>, et aux visiteurs de passage une vitrine de diff\\u00e9rents moyens simples mais g\\u00e9n\\u00e9ralement efficaces pour<strong> conserver, accueillir ou prot\\u00e9ger la biodiversit\\u00e9<\\\/strong>.<\\\/span><\\\/p>\\n\n\n<p><span style=\\\"font-weight: 400;\\\">Voici une petite liste non exhaustive d\\u2019exemples d'am\\u00e9nagements que nous envisageons d\\u2019int\\u00e9grer \\u00e0 notre espace :<\\\/span><\\\/p>\",\"margin\":\"default\"}}]}]}]},{\"type\":\"section\",\"props\":{\"image_position\":\"center-center\",\"style\":\"default\",\"title_breakpoint\":\"xl\",\"title_position\":\"top-left\",\"title_rotation\":\"left\",\"vertical_align\":\"middle\",\"width\":\"default\"},\"children\":[{\"type\":\"row\",\"children\":[{\"type\":\"column\",\"props\":{\"image_position\":\"center-center\",\"position_sticky_breakpoint\":\"m\"},\"children\":[{\"type\":\"image\",\"props\":{\"image\":\"wp-content\\\/uploads\\\/2022\\\/09\\\/amenagements-biodiversite-terrain-oliquide.jpg\",\"image_alt\":\"amenagements biodiversit\\u00e9 oliquide\",\"image_svg_color\":\"emphasis\",\"margin\":\"default\",\"text_align\":\"center\"}},{\"type\":\"text\",\"props\":{\"column_breakpoint\":\"m\",\"content\":\"\n\n<p><span style=\\\"font-weight: 400;\\\">L'am\\u00e9nagement des espace biodiversit\\u00e9 sera confi\\u00e9 \\u00e0<\\\/span><a href=\\\"https:\\\/\\\/www.facebook.com\\\/Compagnons-du-Chemin-de-Vie-116395839043080\\\/\\\"><span style=\\\"font-weight: 400;\\\"><em><span style=\\\"text-decoration: underline;\\\"> l'association Les Compagnons du chemin de vie<\\\/span><\\\/em><\\\/span><\\\/a><span style=\\\"font-weight: 400;\\\">, install\\u00e9e en Meuse et sp\\u00e9cialis\\u00e9e dans les am\\u00e9nagements naturels, notamment<\\\/span><span style=\\\"text-decoration: underline;\\\"><em><a href=\\\"http:\\\/\\\/www.natura2000.fr\\\/\\\"><span style=\\\"font-weight: 400;\\\"> Natura 2000<\\\/span><\\\/a><\\\/em><\\\/span><span style=\\\"font-weight: 400;\\\">.<\\\/span><\\\/p>\",\"margin\":\"default\"}},{\"type\":\"text\",\"props\":{\"column_breakpoint\":\"m\",\"content\":\"\n\n<h3><strong>Sensibiliser pour la biodiversit\\u00e9<\\\/strong><\\\/h3>\\n\n\n<p><span style=\\\"font-weight: 400;\\\">Nous avons commenc\\u00e9 \\u00e0 imaginer comment ces am\\u00e9nagements, une fois termin\\u00e9s, pourraient \\u00eatre anim\\u00e9s, et comment nous pourrions <strong>poursuivre notre d\\u00e9marche de sensibilisation<\\\/strong>.<\\\/span><\\\/p>\\n\n\n<p><span style=\\\"font-weight: 400;\\\">Un programme de courtes <strong>s\\u00e9quences de sensibilisation<\\\/strong> li\\u00e9es \\u00e0 chacun des am\\u00e9nagements sera mis en \\u0153uvre afin de mettre en avant son utilit\\u00e9 et permettre aux salari\\u00e9s d\\u00e9sirant aller plus loin de le faire. Nous pourrions d\\u2019ailleurs <strong>partager virtuellement ces moments avec vous<\\\/strong>, chers clients. Nous envisageons aussi de placer des webcams dans certains nichoirs et autres am\\u00e9nagements afin de vous permettre de voir l\\u2019\\u00e9volution et l\\u2019animation de ces derniers directement depuis notre site.<\\\/span><\\\/p>\\n\n\n<p><\\\/p>\\n\n\n<p><span style=\\\"font-weight: 400;\\\">Nous avons \\u00e9galement le souhait de nous investir dans des actions au-del\\u00e0 de l\\u2019entreprise. Deux axes sont d\\u2019ores et d\\u00e9j\\u00e0 envisag\\u00e9s :<\\\/span><\\\/p>\\n\n\n<ul>\\n\n\n<li style=\\\"font-weight: 400;\\\" aria-level=\\\"1\\\"><span style=\\\"font-weight: 400;\\\">L\\u2019organisation de temps de pr\\u00e9sentation avec les autres entreprises du site de l\\u2019Espace K dans le but de les sensibiliser aux enjeux de biodiversit\\u00e9, et, pourquoi pas, de les inciter \\u00e0 \\u00e9tendre les am\\u00e9nagements men\\u00e9s par AlterBoutique \\u00e0 toute la zone d\\u2019activit\\u00e9 ;<\\\/span><\\\/li>\\n\n\n<li style=\\\"font-weight: 400;\\\" aria-level=\\\"1\\\"><span style=\\\"font-weight: 400;\\\">L\\u2019ouverture du site pour tout autre public qui pourraient b\\u00e9n\\u00e9ficier des am\\u00e9nagements r\\u00e9alis\\u00e9s : \\u00e9coles, associations...<\\\/span><\\\/li>\\n<\\\/ul>\\n\n\n<p><span style=\\\"font-weight: 400;\\\">Pour favoriser cette sensibilisation, nous avons pr\\u00e9vu de cr\\u00e9er des outils d\\u2019interpr\\u00e9tation avec des panneaux r\\u00e9partis sur l\\u2019espace, expliquant la d\\u00e9marche et les enjeux, ainsi qu\\u2019un fascicule et des fiches th\\u00e9matiques.<\\\/span><\\\/p>\\n\n\n<p><span style=\\\"font-weight: 400;\\\">Comme vous pouvez le constater, nous nous sommes embarqu\\u00e9s dans <strong>une sacr\\u00e9e aventure<\\\/strong>. Tout ce qu\\u2019on peut vous dire, c\\u2019est que l\\u2019on ne regrette pas. Construire ensemble ce b\\u00e2timent, c\\u2019est <strong>un v\\u00e9ritable aboutissement<\\\/strong> dans la relation que l\\u2019on essaye d\\u2019\\u00e9tablir avec nos clients et dans la transmission de nos valeurs via notre activit\\u00e9. Nous vous tiendrons \\u00e9videmment inform\\u00e9s de l\\u2019avanc\\u00e9e de tous ces am\\u00e9nagements alors n\\u2019h\\u00e9sitez pas \\u00e0 vous abonner \\u00e0 notre newsletter ou \\u00e0 nos r\\u00e9seaux sociaux ! Vous pouvez \\u00e9galement partager avec nous vos id\\u00e9es en commentaire. Nous serons ravis de votre implication au sein de ce projet.<\\\/span><\\\/p>\\n\n\n<p><strong>Et pour la biodiversit\\u00e9\\u2026 hip hip hip, espace K !<\\\/strong><\\\/p>\",\"margin\":\"default\"}}]}]}]},{\"type\":\"section\",\"props\":{\"image_position\":\"center-center\",\"style\":\"default\",\"title_breakpoint\":\"xl\",\"title_position\":\"top-left\",\"title_rotation\":\"left\",\"vertical_align\":\"middle\",\"width\":\"default\"},\"children\":[{\"type\":\"row\",\"children\":[{\"type\":\"column\",\"props\":{\"image_position\":\"center-center\",\"position_sticky_breakpoint\":\"m\"},\"children\":[{\"type\":\"headline\",\"props\":{\"content\":\"FAQ\",\"title_element\":\"h1\"}},{\"type\":\"accordion\",\"props\":{\"collapsible\":true,\"content_column_breakpoint\":\"m\",\"image_align\":\"top\",\"image_grid_breakpoint\":\"m\",\"image_grid_width\":\"1-2\",\"image_svg_color\":\"emphasis\",\"link_style\":\"default\",\"link_text\":\"Read more\",\"show_image\":true,\"show_link\":true},\"children\":[{\"type\":\"accordion_item\",\"props\":{\"content\":\"\n\n<p><span style=\\\"font-weight: 400;\\\">Les am\\u00e9nagements permettent d'accueillir la faune et la flore locale en cr\\u00e9ant des refuges adapt\\u00e9s aux esp\\u00e8ces pr\\u00e9sentes tout en offrant un cadre de travail agr\\u00e9able et inspirant pour les employ\\u00e9s.<\\\/span><\\\/p>\",\"title\":\"Pourquoi cr\\u00e9er des am\\u00e9nagements pour la biodiversit\\u00e9 sur le site de l\\u2019entreprise ?\"}},{\"type\":\"accordion_item\",\"props\":{\"content\":\"\n\n<p><span style=\\\"font-weight: 400;\\\">Nous envisageons d'int\\u00e9grer des prairies fleuries, des haies vives et s\\u00e8ches, des mares, des arbres fruitiers, des bacs potagers, des nichoirs \\u00e0 insectes et \\u00e0 oiseaux, ainsi que des zones non entretenues pour laisser la nature reprendre ses droits.<\\\/span><\\\/p>\",\"title\":\"Quels types d\\u2019espaces seront am\\u00e9nag\\u00e9s pour favoriser la biodiversit\\u00e9 ?\"}},{\"type\":\"accordion_item\",\"props\":{\"content\":\"\n\n<ul>\\n\n\n<li><strong>Voie orale<\\\/strong> : D\\u00e9lai d\\u2019action plus long (30-90 min) mais dur\\u00e9e des effets prolong\\u00e9e (7 heures).<\\\/li>\\n\n\n<li><strong>Voie sublinguale<\\\/strong> : Effets rapides (environ 20 min), mais dur\\u00e9e d\\u2019action l\\u00e9g\\u00e8rement plus courte (6 heures).<\\\/li>\\n<\\\/ul>\",\"title\":\"Quelle est la diff\\u00e9rence entre la voie orale et sublinguale ?\"}},{\"type\":\"accordion_item\",\"props\":{\"content\":\"\n\n<p><span style=\\\"font-weight: 400;\\\">Nous pr\\u00e9voyons des s\\u00e9quences de partage et de consultation via nos outils de communication (blog, newsletter, r\\u00e9seaux sociaux) pour enrichir le projet avec vos id\\u00e9es et vos retours. Des visites p\\u00e9dagogiques et des panneaux explicatifs seront \\u00e9galement install\\u00e9s.<\\\/span><\\\/p>\",\"title\":\"Comment l\\u2019entreprise implique-t-elle ses clients et salari\\u00e9s dans ce projet ?\"}},{\"type\":\"accordion_item\",\"props\":{\"content\":\"\n\n<p><span style=\\\"font-weight: 400;\\\">L\\u2019objectif est double : pr\\u00e9server et favoriser l\\u2019accueil de la biodiversit\\u00e9 sur notre site tout en sensibilisant notre \\u00e9quipe et nos visiteurs aux enjeux environnementaux.<\\\/span><\\\/p>\",\"title\":\"Quels sont les objectifs de cette d\\u00e9marche ?\"}},{\"type\":\"accordion_item\",\"props\":{\"content\":\"\n\n<p><span style=\\\"font-weight: 400;\\\">Notre futur b\\u00e2timent de 1 000 m\\u00b2 est con\\u00e7u en mat\\u00e9riaux biosourc\\u00e9s avec une isolation performante et des vitrages triple \\u00e9paisseur. Il utilise l\\u2019\\u00e9nergie solaire et un syst\\u00e8me de ventilation naturelle pour r\\u00e9duire son empreinte \\u00e9nerg\\u00e9tique.<\\\/span><\\\/p>\",\"title\":\"Quels sont les atouts du b\\u00e2timent \\u00e9cologique ?\"}},{\"type\":\"accordion_item\",\"props\":{\"content\":\"\n\n<p><span style=\\\"font-weight: 400;\\\">Nous partagerons r\\u00e9guli\\u00e8rement des nouvelles sur nos r\\u00e9seaux sociaux et notre blog. Des webcams pourraient \\u00eatre install\\u00e9es pour observer en direct les changements et la vie qui se d\\u00e9veloppe sur le site.<\\\/span><\\\/p>\",\"title\":\"Comment pouvons-nous suivre l\\u2019\\u00e9volution du projet ?\"}}],\"name\":\"FAQ\"}]}]}]},{\"type\":\"section\",\"props\":{\"image_position\":\"center-center\",\"style\":\"default\",\"title_breakpoint\":\"xl\",\"title_position\":\"top-left\",\"title_rotation\":\"left\",\"vertical_align\":\"middle\",\"width\":\"default\"},\"children\":[{\"type\":\"row\",\"children\":[{\"type\":\"column\",\"props\":{\"image_position\":\"center-center\",\"position_sticky_breakpoint\":\"m\"},\"children\":[{\"type\":\"comments\",\"props\":{\"link_style\":\"default\",\"margin\":\"default\",\"title_decoration\":\"bullet\",\"title_element\":\"h2\",\"title_style\":\"h3\"}}]}]}]}],\"version\":\"4.5.4\"} --><\/p>\n","protected":false},"excerpt":{"rendered":"<p>Nouveau b\u00e2timent : quelles d\u00e9marches pour l&rsquo;environnement et la biodiversit\u00e9 ? Il y a quelques mois, nous vous avons annonc\u00e9 une grande nouvelle : en 2023, Oliquide d\u00e9m\u00e9nage ! Vous commencez \u00e0 le savoir\u2026 dans notre entreprise, quand on se lance dans un nouveau projet, on aime se questionner et se renseigner afin qu\u2019il soit [&hellip;]<\/p>\n","protected":false},"author":6,"featured_media":5722,"comment_status":"open","ping_status":"open","sticky":false,"template":"","format":"standard","meta":{"_jetpack_memberships_contains_paid_content":false,"footnotes":""},"categories":[4,5,14],"tags":[],"class_list":["post-9210","post","type-post","status-publish","format-standard","has-post-thumbnail","hentry","category-actus-oliquide","category-biodiversite","category-nos-engagements"],"aioseo_notices":[],"jetpack_featured_media_url":"https:\/\/www.oliquide.com\/blog\/wp-content\/uploads\/2022\/08\/banniere-biodiversite-environnement-batiment-1.jpg","jetpack_sharing_enabled":true,"_links":{"self":[{"href":"https:\/\/www.oliquide.com\/blog\/wp-json\/wp\/v2\/posts\/9210","targetHints":{"allow":["GET"]}}],"collection":[{"href":"https:\/\/www.oliquide.com\/blog\/wp-json\/wp\/v2\/posts"}],"about":[{"href":"https:\/\/www.oliquide.com\/blog\/wp-json\/wp\/v2\/types\/post"}],"author":[{"embeddable":true,"href":"https:\/\/www.oliquide.com\/blog\/wp-json\/wp\/v2\/users\/6"}],"replies":[{"embeddable":true,"href":"https:\/\/www.oliquide.com\/blog\/wp-json\/wp\/v2\/comments?post=9210"}],"version-history":[{"count":0,"href":"https:\/\/www.oliquide.com\/blog\/wp-json\/wp\/v2\/posts\/9210\/revisions"}],"wp:featuredmedia":[{"embeddable":true,"href":"https:\/\/www.oliquide.com\/blog\/wp-json\/wp\/v2\/media\/5722"}],"wp:attachment":[{"href":"https:\/\/www.oliquide.com\/blog\/wp-json\/wp\/v2\/media?parent=9210"}],"wp:term":[{"taxonomy":"category","embeddable":true,"href":"https:\/\/www.oliquide.com\/blog\/wp-json\/wp\/v2\/categories?post=9210"},{"taxonomy":"post_tag","embeddable":true,"href":"https:\/\/www.oliquide.com\/blog\/wp-json\/wp\/v2\/tags?post=9210"}],"curies":[{"name":"wp","href":"https:\/\/api.w.org\/{rel}","templated":true}]}}