{"id":9652,"date":"2024-07-19T08:23:54","date_gmt":"2024-07-19T07:23:54","guid":{"rendered":"https:\/\/vapactu.oliquide.com\/?p=9652"},"modified":"2025-02-07T11:31:59","modified_gmt":"2025-02-07T10:31:59","slug":"prix-regional-construction-bois","status":"publish","type":"post","link":"https:\/\/www.oliquide.com\/blog\/prix-regional-construction-bois\/","title":{"rendered":"Alterboutique remporte le prix r\u00e9gional de construction en bois 2024 !"},"content":{"rendered":"<p><img decoding=\"async\" src=\"\/blog\/wp-content\/uploads\/2025\/02\/BATIMENT.jpg\" alt=\"\"><\/p>\n<h1><span class=\"ez-toc-section\" id=\"Alterboutique_remporte_le_prix_regional_de_la_Construction_Bois_Grand-Est_2024\"><\/span>\n<p><b>Alterboutique remporte le prix r\u00e9gional de la Construction Bois Grand-Est 2024 !\u00a0<\/b><\/p>\n<span class=\"ez-toc-section-end\"><\/span><\/h1>\n<div>\n<p><span style=\"font-weight: 400;\">Nous sommes ravis d\u2019annoncer qu\u2019Alterboutique a remport\u00e9 le prestigieux <strong>Prix R\u00e9gional de la Construction Bois Grand Est 2024 dans la cat\u00e9gorie \u201cTravailler-accueillir\u201d<\/strong>. Cette reconnaissance souligne notre engagement envers la construction durable et notre expertise dans l\u2019utilisation du bois comme mat\u00e9riau principal. La c\u00e9r\u00e9monie s\u2019est tenue <strong>le lundi 8 juillet 2024<\/strong> dans les locaux de l\u2019Ecole Sup\u00e9rieure d\u2019Architecture de Nancy (54).<\/span><\/p>\n<\/div>\n<div>\n<div id=\"ez-toc-container\" class=\"ez-toc-v2_0_82_2 counter-hierarchy ez-toc-counter ez-toc-grey ez-toc-container-direction\">\n<div class=\"ez-toc-title-container\">\n<p class=\"ez-toc-title\" style=\"cursor:inherit\">Sommaire<\/p>\n<span class=\"ez-toc-title-toggle\"><a href=\"#\" class=\"ez-toc-pull-right ez-toc-btn ez-toc-btn-xs ez-toc-btn-default ez-toc-toggle\" aria-label=\"Toggle Table of Content\"><span class=\"ez-toc-js-icon-con\"><span class=\"\"><span class=\"eztoc-hide\" style=\"display:none;\">Toggle<\/span><span class=\"ez-toc-icon-toggle-span\"><svg style=\"fill: #999;color:#999\" xmlns=\"http:\/\/www.w3.org\/2000\/svg\" class=\"list-377408\" width=\"20px\" height=\"20px\" viewBox=\"0 0 24 24\" fill=\"none\"><path d=\"M6 6H4v2h2V6zm14 0H8v2h12V6zM4 11h2v2H4v-2zm16 0H8v2h12v-2zM4 16h2v2H4v-2zm16 0H8v2h12v-2z\" fill=\"currentColor\"><\/path><\/svg><svg style=\"fill: #999;color:#999\" class=\"arrow-unsorted-368013\" xmlns=\"http:\/\/www.w3.org\/2000\/svg\" width=\"10px\" height=\"10px\" viewBox=\"0 0 24 24\" version=\"1.2\" baseProfile=\"tiny\"><path d=\"M18.2 9.3l-6.2-6.3-6.2 6.3c-.2.2-.3.4-.3.7s.1.5.3.7c.2.2.4.3.7.3h11c.3 0 .5-.1.7-.3.2-.2.3-.5.3-.7s-.1-.5-.3-.7zM5.8 14.7l6.2 6.3 6.2-6.3c.2-.2.3-.5.3-.7s-.1-.5-.3-.7c-.2-.2-.4-.3-.7-.3h-11c-.3 0-.5.1-.7.3-.2.2-.3.5-.3.7s.1.5.3.7z\"\/><\/svg><\/span><\/span><\/span><\/a><\/span><\/div>\n<nav><ul class='ez-toc-list ez-toc-list-level-1 eztoc-toggle-hide-by-default' ><li class='ez-toc-page-1 ez-toc-heading-level-1'><a class=\"ez-toc-link ez-toc-heading-1\" href=\"https:\/\/www.oliquide.com\/blog\/prix-regional-construction-bois\/#Alterboutique_remporte_le_prix_regional_de_la_Construction_Bois_Grand-Est_2024\" >Alterboutique remporte le prix r\u00e9gional de la Construction Bois Grand-Est 2024 !\u00a0<\/a><ul class='ez-toc-list-level-2' ><li class='ez-toc-heading-level-2'><a class=\"ez-toc-link ez-toc-heading-2\" href=\"https:\/\/www.oliquide.com\/blog\/prix-regional-construction-bois\/#LExcellence_en_Construction_Bois\" >L\u2019Excellence en Construction Bois<\/a><\/li><li class='ez-toc-page-1 ez-toc-heading-level-2'><a class=\"ez-toc-link ez-toc-heading-3\" href=\"https:\/\/www.oliquide.com\/blog\/prix-regional-construction-bois\/#Un_projet_exemplaire\" >Un projet exemplaire\u00a0<\/a><\/li><li class='ez-toc-page-1 ez-toc-heading-level-2'><a class=\"ez-toc-link ez-toc-heading-4\" href=\"https:\/\/www.oliquide.com\/blog\/prix-regional-construction-bois\/#Une_approche_environnemental\" >Une approche environnemental<\/a><\/li><li class='ez-toc-page-1 ez-toc-heading-level-2'><a class=\"ez-toc-link ez-toc-heading-5\" href=\"https:\/\/www.oliquide.com\/blog\/prix-regional-construction-bois\/#Innovations_techniques\" >Innovations techniques\u00a0<\/a><\/li><li class='ez-toc-page-1 ez-toc-heading-level-2'><a class=\"ez-toc-link ez-toc-heading-6\" href=\"https:\/\/www.oliquide.com\/blog\/prix-regional-construction-bois\/#Qualification_pour_le_concours_National\" >Qualification pour le concours National<\/a><\/li><\/ul><\/li><\/ul><\/nav><\/div>\n<\/div>\n<div>\n<h2><span class=\"ez-toc-section\" id=\"LExcellence_en_Construction_Bois\"><\/span><span style=\"font-weight: 400;\"><strong><b>L\u2019Excellence en Construction Bois<\/b><\/strong><\/span><span class=\"ez-toc-section-end\"><\/span><\/h2>\n<p><span style=\"font-weight: 400;\"><strong>Le prix R\u00e9gional de la Construction Bois<\/strong> r\u00e9compense chaque ann\u00e9e des projets exemplaires au sein des r\u00e9gions. Il valorise les r\u00e9alisations des bureaux d\u2019\u00e9tudes, architectes, ma\u00eetres d&rsquo;\u0153uvre, ma\u00eetres d\u2019ouvrage et designers en am\u00e9nagement, qui ont choisi le bois pour b\u00e2tir, r\u00e9habiliter, \u00e9tendre, am\u00e9nager, et dont le travail s\u2019est distingu\u00e9 en r\u00e9gion. Cette ann\u00e9e, la qualit\u00e9 des projets pr\u00e9sent\u00e9s a rendu les choix du jury particuli\u00e8rement difficiles. Les laur\u00e9ats ont \u00e9t\u00e9 s\u00e9lectionn\u00e9s pour leur <strong>innovation<\/strong>, leur <strong>ing\u00e9niosit\u00e9<\/strong>, leur <strong>qualit\u00e9 esth\u00e9tique<\/strong> et leur <strong>originalit\u00e9<\/strong>.\u00a0 <\/span><\/p>\n<\/div>\n<p><img decoding=\"async\" src=\"\/blog\/wp-content\/uploads\/2024\/07\/logo-fibois-grand-est-vertical.png\" alt=\"\"><\/p>\n<div>\n<h2><span class=\"ez-toc-section\" id=\"Un_projet_exemplaire\"><\/span><b>Un projet exemplaire\u00a0<\/b><span class=\"ez-toc-section-end\"><\/span><\/h2>\n<\/div>\n<p><img decoding=\"async\" src=\"\/blog\/wp-content\/uploads\/2024\/07\/Capture-decran-2024-07-25-090810-1.png\" alt=\"\"><\/p>\n<div>\n<p><span style=\"font-weight: 400;\">Le projet prim\u00e9 d\u2019Alterboutique refl\u00e8te notre engagement \u00e0 offrir un cadre de travail de haute qualit\u00e9 avec un impact environnemental minimum, imagin\u00e9 par notre architecte, <strong>Guy AMARD<\/strong><\/span><i><span style=\"font-weight: 400;\">\u00a0en collaboration avec <strong>Mathias HUMBERT<\/strong>, ing\u00e9nieur Bois du Bureau d&rsquo;\u00e9tudes <strong>ISAIAS<\/strong><\/span><\/i><span style=\"font-weight: 400;\">. La conception du b\u00e2timent met l\u2019accent sur le confort d\u2019usage, avec une lumi\u00e8re naturelle abondante, un environnement en bois massif et une fluidit\u00e9 des circulations entre le hall et les bureaux. Nous avons utilis\u00e9 des mat\u00e9riaux sains et privil\u00e9gi\u00e9 le bois local pour la construction.\u00a0<\/span><\/p>\n<\/div>\n<div>\n<h2><span class=\"ez-toc-section\" id=\"Une_approche_environnemental\"><\/span><span style=\"font-weight: 400;\"><b>Une approche environnemental<\/b><\/span><span class=\"ez-toc-section-end\"><\/span><\/h2>\n<p><span style=\"font-weight: 400;\">Notre d\u00e9marche se traduit par :\u00a0<\/span><\/p>\n<ul>\n<li style=\"font-weight: 400;\" aria-level=\"1\"><span style=\"font-weight: 400;\">La pr\u00e9servation des arbres existants et la r\u00e9duction des mouvements de mat\u00e9riaux.\u00a0<\/span><\/li>\n<li style=\"font-weight: 400;\" aria-level=\"1\"><span style=\"font-weight: 400;\"><strong>L\u2019utilisation de bois<\/strong> pour la structure.\u00a0<\/span><\/li>\n<li style=\"font-weight: 400;\" aria-level=\"1\"><span style=\"font-weight: 400;\">La r\u00e9duction des <strong>besoins \u00e9nerg\u00e9tiques<\/strong> gr\u00e2ce \u00e0 des techniques comme<strong> le free-cooling*<\/strong> et l\u2019\u00e9clairage naturel.\u00a0<\/span><\/li>\n<li style=\"font-weight: 400;\" aria-level=\"1\"><span style=\"font-weight: 400;\">L\u2019utilisation de mat\u00e9riaux de finition \u00e0 tr\u00e8s faible \u00e9mission de <strong>COV<\/strong>.\u00a0<\/span><\/li>\n<li aria-level=\"1\">L&rsquo;utilisation de <strong>mat\u00e9riaux biosourc\u00e9s<\/strong> (isolation, rev\u00eatement sol, &#8230;)\u00a0<\/li>\n<li style=\"font-weight: 400;\" aria-level=\"1\"><span style=\"font-weight: 400;\">L\u2019am\u00e9nagement d\u2019un jardin p\u00e9dagogique favorisant la biodiversit\u00e9 sur les <strong>7 000m2<\/strong> r\u00e9siduels sur le terrain.<\/span><\/li>\n<\/ul>\n<p><i><span style=\"font-weight: 400;\">* <strong>Le free-cooling<\/strong> est une technique de refroidissement des b\u00e2timents ou des syst\u00e8mes informatiques qui utilise l&rsquo;air ext\u00e9rieur, lorsqu&rsquo;il est suffisamment frais, pour r\u00e9duire la temp\u00e9rature int\u00e9rieure, sans avoir besoin de recourir \u00e0 des syst\u00e8mes de climatisation \u00e9nergivores.<\/span><\/i><\/p>\n<\/div>\n<p><img decoding=\"async\" src=\"\/blog\/wp-content\/uploads\/2024\/07\/Sans-titre-4.png\" alt=\"\"><\/p>\n<div>\n<h2><span class=\"ez-toc-section\" id=\"Innovations_techniques\"><\/span><span style=\"font-weight: 400;\"><b>Innovations techniques\u00a0<\/b><\/span><span class=\"ez-toc-section-end\"><\/span><\/h2>\n<p><span style=\"font-weight: 400;\">Le b\u00e2timent se distingue par une structure en bois associ\u00e9e \u00e0 une isolation biosourc\u00e9e. Les portiques bois-acier permettent de grandes port\u00e9es, maximisant l\u2019\u00e9clairage naturel. Le bandage int\u00e9rieur utilise des essences locales, illustrant notre engagement envers la construction locale et durable.<\/span><\/p>\n<p><span>Nous tenons \u00e0 remercier toutes<strong> les entreprises locales<\/strong> qui ont contribu\u00e9 \u00e0 la r\u00e9alisation de ce projet exceptionnel :<\/span><\/p>\n<ul>\n<li><span><\/span><span>Architecte :<\/span><span>\u00a0<strong>Guy AMARD<\/strong> (Villey-Saint-Etienne)<\/span><\/li>\n<li><span><\/span><span>Bureau d\u2019\u00c9tudes Bois ISAIAS :<\/span><span>\u00a0<strong>Mathias HUMBERT<\/strong> (Maidi\u00e8res)<\/span><\/li>\n<li><span><\/span><span>Bureau d\u2019\u00c9tudes Fluides FLUID\u2019CONCEPT :<\/span><span>\u00a0<strong>Gilles HENRY<\/strong> &amp; <strong>Daniel OLIVIERA<\/strong> (Neufch\u00e2teau)<\/span><\/li>\n<li><span><\/span><span>Bureau d\u2019\u00c9tudes B\u00e9ton BARTHES :<\/span><span>\u00a0<strong>Mathieu MARTINUZZI<\/strong> (Maidi\u00e8res)<\/span><\/li>\n<li><span><\/span><span>Structure Bois &amp; Couverture :<\/span><span>\u00a0Entreprise <strong>RAYBAUD<\/strong> (Thiaucourt)<\/span><\/li>\n<li><span><\/span><span>Gros \u0153uvre et VRD :<\/span><span>\u00a0Entreprise <strong>CL\u00c9MENT<\/strong> (Foug)<\/span><\/li>\n<li><span><\/span><span>Bardage Bois Int\u00e9rieur :<\/span><span>\u00a0Scierie <strong>SMT<\/strong> (Toul)<\/span><\/li>\n<li><span><\/span><span>Menuiserie M\u00e9tallique :<\/span><span>\u00a0Entreprise <strong>SOFIB<\/strong> (Norroy-le-Veneur)<\/span><\/li>\n<li><span><\/span><span>Menuiserie Bois :<\/span><span>\u00a0Entreprise <strong>LORRAINE CR\u00c9ATION<\/strong> (Ars-sur-Moselle)<\/span><\/li>\n<li><span><\/span><span>Plomberie &#8211; Chauffage &#8211; Ventilation :<\/span><span>\u00a0Entreprise <strong>EUROP\u2019CLIM<\/strong> (Liverdun)<\/span><\/li>\n<li><span><\/span><span>\u00c9lectricit\u00e9 :<\/span><span>\u00a0Entreprise <strong>AVENA<\/strong> (Nancy)<\/span><\/li>\n<li><span><\/span><span>Fa\u00efences &#8211; Pl\u00e2trerie :<\/span><span>\u00a0Entreprise <strong>BRIQU\u00c9<\/strong> (Toul)<\/span><\/li>\n<li><span><\/span><span>Sols Souples &#8211; Peintures :<\/span><span>\u00a0Entreprise <strong>ROUSSEAU<\/strong> (Saint-Max)<\/span><\/li>\n<li><span><\/span><span>Espace biodiversit\u00e9 &amp; Am\u00e9nagement paysager :<\/span><span>\u00a0<strong>ETC TERRA<\/strong> (Saint-Di\u00e9-des-Vosges), <strong>LES COMPAGNONS DU CHEMIN DE VIE<\/strong> (L\u00e9rouville), <strong>MEUSE NATURE<\/strong> <strong>ENVIRONNEMENT<\/strong> (Mogneville)<\/span><\/li>\n<\/ul>\n<\/div>\n<p><iframe src=\"https:\/\/youtu.be\/YWMqVN8xQOI?si=9UaOwQ3ID2jNEU3i\"><\/iframe><\/p>\n<div>\n<ul>\n<li style=\"text-align: left;\">Cr\u00e9dit vid\u00e9o : Fr\u00e9d\u00e9ric MERCENIER<\/li>\n<li style=\"text-align: left;\">Architecte : Guy AMARD<\/li>\n<\/ul>\n<\/div>\n<div>\n<h2><\/h2>\n<h2><\/h2>\n<h2><span class=\"ez-toc-section\" id=\"Qualification_pour_le_concours_National\"><\/span><span style=\"font-weight: 400;\"><b>Qualification pour le concours National<\/b><\/span><span class=\"ez-toc-section-end\"><\/span><\/h2>\n<p><span style=\"font-weight: 400;\">Notre projet a \u00e9galement \u00e9t\u00e9 s\u00e9lectionn\u00e9 pour participer au prix National de la Construction Bois 2024. Parmi les<strong> 717 candidatures<\/strong> re\u00e7ues, notre b\u00e2timent figure dans <strong>84 finalistes<\/strong> qui seront \u00e9valu\u00e9s \u00e0 Paris. Les laur\u00e9ats nationaux seront d\u00e9voil\u00e9s lors de la c\u00e9r\u00e9monie de remise des prix <strong>le 3 octobre 2024 au salon Batimat \u00e0 Paris.\u00a0<\/strong><\/span><\/p>\n<p><span style=\"font-weight: 400;\">Cette reconnaissance r\u00e9gionale et notre qualification pour le concours national t\u00e9moignent de notre engagement vers l\u2019excellence en construction durable. Nous remercions nos <strong>partenaires<\/strong>, <strong>collaborateurs<\/strong> et <strong>clients<\/strong> pour leur soutien continu. Ensemble, continuons \u00e0 innover et \u00e0 construire un avenir plus respectueux de l\u2019environnement. <\/span><\/p>\n<\/div>\n<p><img decoding=\"async\" src=\"\/blog\/wp-content\/uploads\/2024\/07\/IMG_06928-scaled.jpg\" alt=\"\"><\/p>\n<p><!--more--><br \/>\n<!-- {\"type\":\"layout\",\"children\":[{\"type\":\"section\",\"props\":{\"image_position\":\"center-center\",\"style\":\"default\",\"title_breakpoint\":\"xl\",\"title_position\":\"top-left\",\"title_rotation\":\"left\",\"vertical_align\":\"middle\",\"width\":\"default\"},\"children\":[{\"type\":\"row\",\"children\":[{\"type\":\"column\",\"props\":{\"image_position\":\"center-center\",\"position_sticky_breakpoint\":\"m\"},\"children\":[{\"type\":\"image\",\"props\":{\"image\":\"wp-content\\\/uploads\\\/2025\\\/02\\\/BATIMENT.jpg\",\"image_svg_color\":\"emphasis\",\"margin\":\"default\"}},{\"type\":\"headline\",\"props\":{\"content\":\"\n\n<p><b>Alterboutique remporte le prix r\\u00e9gional de la Construction Bois Grand-Est 2024 !\\u00a0<\\\/b><\\\/p>\",\"title_element\":\"h1\"}},{\"type\":\"text\",\"props\":{\"column_breakpoint\":\"m\",\"content\":\"\n\n<p><span style=\\\"font-weight: 400;\\\">Nous sommes ravis d\\u2019annoncer qu\\u2019Alterboutique a remport\\u00e9 le prestigieux <strong>Prix R\\u00e9gional de la Construction Bois Grand Est 2024 dans la cat\\u00e9gorie \\u201cTravailler-accueillir\\u201d<\\\/strong>. Cette reconnaissance souligne notre engagement envers la construction durable et notre expertise dans l\\u2019utilisation du bois comme mat\\u00e9riau principal. La c\\u00e9r\\u00e9monie s\\u2019est tenue <strong>le lundi 8 juillet 2024<\\\/strong> dans les locaux de l\\u2019Ecole Sup\\u00e9rieure d\\u2019Architecture de Nancy (54).<\\\/span><\\\/p>\",\"margin\":\"default\"}},{\"type\":\"html\",\"props\":{\"content\":\"[ez-toc]\"}}]}]},{\"type\":\"row\",\"props\":{\"layout\":\"2-3,1-3\"},\"children\":[{\"type\":\"column\",\"props\":{\"image_position\":\"center-center\",\"position_sticky_breakpoint\":\"m\",\"width_medium\":\"2-3\"},\"children\":[{\"type\":\"text\",\"props\":{\"column_breakpoint\":\"m\",\"content\":\"\n\n<h2><span style=\\\"font-weight: 400;\\\"><strong><b>L\\u2019Excellence en Construction Bois<\\\/b><\\\/strong><\\\/span><\\\/h2>\\n\n\n<p><span style=\\\"font-weight: 400;\\\"><strong>Le prix R\\u00e9gional de la Construction Bois<\\\/strong> r\\u00e9compense chaque ann\\u00e9e des projets exemplaires au sein des r\\u00e9gions. Il valorise les r\\u00e9alisations des bureaux d\\u2019\\u00e9tudes, architectes, ma\\u00eetres d'\\u0153uvre, ma\\u00eetres d\\u2019ouvrage et designers en am\\u00e9nagement, qui ont choisi le bois pour b\\u00e2tir, r\\u00e9habiliter, \\u00e9tendre, am\\u00e9nager, et dont le travail s\\u2019est distingu\\u00e9 en r\\u00e9gion. Cette ann\\u00e9e, la qualit\\u00e9 des projets pr\\u00e9sent\\u00e9s a rendu les choix du jury particuli\\u00e8rement difficiles. Les laur\\u00e9ats ont \\u00e9t\\u00e9 s\\u00e9lectionn\\u00e9s pour leur <strong>innovation<\\\/strong>, leur <strong>ing\\u00e9niosit\\u00e9<\\\/strong>, leur <strong>qualit\\u00e9 esth\\u00e9tique<\\\/strong> et leur <strong>originalit\\u00e9<\\\/strong>.\\u00a0 <\\\/span><\\\/p>\",\"margin\":\"default\"}}]},{\"type\":\"column\",\"props\":{\"image_position\":\"center-center\",\"position_sticky_breakpoint\":\"m\",\"width_medium\":\"1-3\"},\"children\":[{\"type\":\"image\",\"props\":{\"image\":\"wp-content\\\/uploads\\\/2024\\\/07\\\/logo-fibois-grand-est-vertical.png\",\"image_svg_color\":\"emphasis\",\"image_width\":500,\"margin\":\"default\"}}]}]},{\"type\":\"row\",\"children\":[{\"type\":\"column\",\"props\":{\"image_position\":\"center-center\",\"position_sticky_breakpoint\":\"m\"},\"children\":[{\"type\":\"text\",\"props\":{\"column_breakpoint\":\"m\",\"content\":\"\n\n<h2><b>Un projet exemplaire\\u00a0<\\\/b><\\\/h2>\",\"margin\":\"default\"}},{\"type\":\"image\",\"props\":{\"image\":\"wp-content\\\/uploads\\\/2024\\\/07\\\/Capture-decran-2024-07-25-090810-1.png\",\"image_svg_color\":\"emphasis\",\"margin\":\"default\"}},{\"type\":\"text\",\"props\":{\"column_breakpoint\":\"m\",\"content\":\"\n\n<p><span style=\\\"font-weight: 400;\\\">Le projet prim\\u00e9 d\\u2019Alterboutique refl\\u00e8te notre engagement \\u00e0 offrir un cadre de travail de haute qualit\\u00e9 avec un impact environnemental minimum, imagin\\u00e9 par notre architecte, <strong>Guy AMARD<\\\/strong><\\\/span><i><span style=\\\"font-weight: 400;\\\">\\u00a0en collaboration avec <strong>Mathias HUMBERT<\\\/strong>, ing\\u00e9nieur Bois du Bureau d'\\u00e9tudes <strong>ISAIAS<\\\/strong><\\\/span><\\\/i><span style=\\\"font-weight: 400;\\\">. La conception du b\\u00e2timent met l\\u2019accent sur le confort d\\u2019usage, avec une lumi\\u00e8re naturelle abondante, un environnement en bois massif et une fluidit\\u00e9 des circulations entre le hall et les bureaux. Nous avons utilis\\u00e9 des mat\\u00e9riaux sains et privil\\u00e9gi\\u00e9 le bois local pour la construction.\\u00a0<\\\/span><\\\/p>\",\"margin\":\"default\"}}]}]}]},{\"type\":\"section\",\"props\":{\"image_position\":\"center-center\",\"style\":\"muted\",\"title_breakpoint\":\"xl\",\"title_position\":\"top-left\",\"title_rotation\":\"left\",\"vertical_align\":\"middle\",\"width\":\"default\"},\"children\":[{\"type\":\"row\",\"props\":{\"layout\":\"1-2,1-2\"},\"children\":[{\"type\":\"column\",\"props\":{\"image_position\":\"center-center\",\"position_sticky_breakpoint\":\"m\",\"width_medium\":\"1-2\"},\"children\":[{\"type\":\"text\",\"props\":{\"column_breakpoint\":\"m\",\"content\":\"\n\n<h2><span style=\\\"font-weight: 400;\\\"><b>Une approche environnemental<\\\/b><\\\/span><\\\/h2>\\n\n\n<p><span style=\\\"font-weight: 400;\\\">Notre d\\u00e9marche se traduit par :\\u00a0<\\\/span><\\\/p>\\n\n\n<ul>\\n\n\n<li style=\\\"font-weight: 400;\\\" aria-level=\\\"1\\\"><span style=\\\"font-weight: 400;\\\">La pr\\u00e9servation des arbres existants et la r\\u00e9duction des mouvements de mat\\u00e9riaux.\\u00a0<\\\/span><\\\/li>\\n\n\n<li style=\\\"font-weight: 400;\\\" aria-level=\\\"1\\\"><span style=\\\"font-weight: 400;\\\"><strong>L\\u2019utilisation de bois<\\\/strong> pour la structure.\\u00a0<\\\/span><\\\/li>\\n\n\n<li style=\\\"font-weight: 400;\\\" aria-level=\\\"1\\\"><span style=\\\"font-weight: 400;\\\">La r\\u00e9duction des <strong>besoins \\u00e9nerg\\u00e9tiques<\\\/strong> gr\\u00e2ce \\u00e0 des techniques comme<strong> le free-cooling*<\\\/strong> et l\\u2019\\u00e9clairage naturel.\\u00a0<\\\/span><\\\/li>\\n\n\n<li style=\\\"font-weight: 400;\\\" aria-level=\\\"1\\\"><span style=\\\"font-weight: 400;\\\">L\\u2019utilisation de mat\\u00e9riaux de finition \\u00e0 tr\\u00e8s faible \\u00e9mission de <strong>COV<\\\/strong>.\\u00a0<\\\/span><\\\/li>\\n\n\n<li aria-level=\\\"1\\\">L'utilisation de <strong>mat\\u00e9riaux biosourc\\u00e9s<\\\/strong> (isolation, rev\\u00eatement sol, ...)\\u00a0<\\\/li>\\n\n\n<li style=\\\"font-weight: 400;\\\" aria-level=\\\"1\\\"><span style=\\\"font-weight: 400;\\\">L\\u2019am\\u00e9nagement d\\u2019un jardin p\\u00e9dagogique favorisant la biodiversit\\u00e9 sur les <strong>7 000m2<\\\/strong> r\\u00e9siduels sur le terrain.<\\\/span><\\\/li>\\n<\\\/ul>\\n\n\n<p><i><span style=\\\"font-weight: 400;\\\">* <strong>Le free-cooling<\\\/strong> est une technique de refroidissement des b\\u00e2timents ou des syst\\u00e8mes informatiques qui utilise l'air ext\\u00e9rieur, lorsqu'il est suffisamment frais, pour r\\u00e9duire la temp\\u00e9rature int\\u00e9rieure, sans avoir besoin de recourir \\u00e0 des syst\\u00e8mes de climatisation \\u00e9nergivores.<\\\/span><\\\/i><\\\/p>\",\"margin\":\"default\"}}]},{\"type\":\"column\",\"props\":{\"image_position\":\"center-center\",\"position_sticky_breakpoint\":\"m\",\"width_medium\":\"1-2\"},\"children\":[{\"type\":\"image\",\"props\":{\"image\":\"wp-content\\\/uploads\\\/2024\\\/07\\\/Sans-titre-4.png\",\"image_svg_color\":\"emphasis\",\"image_width\":500,\"margin\":\"default\",\"maxwidth\":\"large\"}}]}]}]},{\"type\":\"section\",\"props\":{\"image_position\":\"center-center\",\"style\":\"default\",\"title_breakpoint\":\"xl\",\"title_position\":\"top-left\",\"title_rotation\":\"left\",\"vertical_align\":\"middle\",\"width\":\"default\"},\"children\":[{\"type\":\"row\",\"children\":[{\"type\":\"column\",\"props\":{\"image_position\":\"center-center\",\"position_sticky_breakpoint\":\"m\"},\"children\":[{\"type\":\"text\",\"props\":{\"column_breakpoint\":\"m\",\"content\":\"\n\n<h2><span style=\\\"font-weight: 400;\\\"><b>Innovations techniques\\u00a0<\\\/b><\\\/span><\\\/h2>\\n\n\n<p><span style=\\\"font-weight: 400;\\\">Le b\\u00e2timent se distingue par une structure en bois associ\\u00e9e \\u00e0 une isolation biosourc\\u00e9e. Les portiques bois-acier permettent de grandes port\\u00e9es, maximisant l\\u2019\\u00e9clairage naturel. Le bandage int\\u00e9rieur utilise des essences locales, illustrant notre engagement envers la construction locale et durable.<\\\/span><\\\/p>\\n\n\n<p><span>Nous tenons \\u00e0 remercier toutes<strong> les entreprises locales<\\\/strong> qui ont contribu\\u00e9 \\u00e0 la r\\u00e9alisation de ce projet exceptionnel :<\\\/span><\\\/p>\\n\n\n<ul>\\n\n\n<li><span><\\\/span><span>Architecte :<\\\/span><span>\\u00a0<strong>Guy AMARD<\\\/strong> (Villey-Saint-Etienne)<\\\/span><\\\/li>\\n\n\n<li><span><\\\/span><span>Bureau d\\u2019\\u00c9tudes Bois ISAIAS :<\\\/span><span>\\u00a0<strong>Mathias HUMBERT<\\\/strong> (Maidi\\u00e8res)<\\\/span><\\\/li>\\n\n\n<li><span><\\\/span><span>Bureau d\\u2019\\u00c9tudes Fluides FLUID\\u2019CONCEPT :<\\\/span><span>\\u00a0<strong>Gilles HENRY<\\\/strong> &amp; <strong>Daniel OLIVIERA<\\\/strong> (Neufch\\u00e2teau)<\\\/span><\\\/li>\\n\n\n<li><span><\\\/span><span>Bureau d\\u2019\\u00c9tudes B\\u00e9ton BARTHES :<\\\/span><span>\\u00a0<strong>Mathieu MARTINUZZI<\\\/strong> (Maidi\\u00e8res)<\\\/span><\\\/li>\\n\n\n<li><span><\\\/span><span>Structure Bois &amp; Couverture :<\\\/span><span>\\u00a0Entreprise <strong>RAYBAUD<\\\/strong> (Thiaucourt)<\\\/span><\\\/li>\\n\n\n<li><span><\\\/span><span>Gros \\u0153uvre et VRD :<\\\/span><span>\\u00a0Entreprise <strong>CL\\u00c9MENT<\\\/strong> (Foug)<\\\/span><\\\/li>\\n\n\n<li><span><\\\/span><span>Bardage Bois Int\\u00e9rieur :<\\\/span><span>\\u00a0Scierie <strong>SMT<\\\/strong> (Toul)<\\\/span><\\\/li>\\n\n\n<li><span><\\\/span><span>Menuiserie M\\u00e9tallique :<\\\/span><span>\\u00a0Entreprise <strong>SOFIB<\\\/strong> (Norroy-le-Veneur)<\\\/span><\\\/li>\\n\n\n<li><span><\\\/span><span>Menuiserie Bois :<\\\/span><span>\\u00a0Entreprise <strong>LORRAINE CR\\u00c9ATION<\\\/strong> (Ars-sur-Moselle)<\\\/span><\\\/li>\\n\n\n<li><span><\\\/span><span>Plomberie - Chauffage - Ventilation :<\\\/span><span>\\u00a0Entreprise <strong>EUROP\\u2019CLIM<\\\/strong> (Liverdun)<\\\/span><\\\/li>\\n\n\n<li><span><\\\/span><span>\\u00c9lectricit\\u00e9 :<\\\/span><span>\\u00a0Entreprise <strong>AVENA<\\\/strong> (Nancy)<\\\/span><\\\/li>\\n\n\n<li><span><\\\/span><span>Fa\\u00efences - Pl\\u00e2trerie :<\\\/span><span>\\u00a0Entreprise <strong>BRIQU\\u00c9<\\\/strong> (Toul)<\\\/span><\\\/li>\\n\n\n<li><span><\\\/span><span>Sols Souples - Peintures :<\\\/span><span>\\u00a0Entreprise <strong>ROUSSEAU<\\\/strong> (Saint-Max)<\\\/span><\\\/li>\\n\n\n<li><span><\\\/span><span>Espace biodiversit\\u00e9 &amp; Am\\u00e9nagement paysager :<\\\/span><span>\\u00a0<strong>ETC TERRA<\\\/strong> (Saint-Di\\u00e9-des-Vosges), <strong>LES COMPAGNONS DU CHEMIN DE VIE<\\\/strong> (L\\u00e9rouville), <strong>MEUSE NATURE<\\\/strong> <strong>ENVIRONNEMENT<\\\/strong> (Mogneville)<\\\/span><\\\/li>\\n<\\\/ul>\\n\n\n<p><\\\/p>\",\"margin\":\"default\"}},{\"type\":\"video\",\"props\":{\"margin\":\"default\",\"video\":\"https:\\\/\\\/youtu.be\\\/YWMqVN8xQOI?si=9UaOwQ3ID2jNEU3i\",\"video_controls\":true,\"video_height\":\"800\",\"video_width\":\"1300\"}},{\"type\":\"text\",\"props\":{\"column_breakpoint\":\"m\",\"content\":\"\n\n<ul>\\n\n\n<li style=\\\"text-align: left;\\\">Cr\\u00e9dit vid\\u00e9o : Fr\\u00e9d\\u00e9ric MERCENIER<\\\/li>\\n\n\n<li style=\\\"text-align: left;\\\">Architecte : Guy AMARD<\\\/li>\\n<\\\/ul>\",\"margin\":\"default\"}}]}]}]},{\"type\":\"section\",\"props\":{\"image_position\":\"center-center\",\"style\":\"muted\",\"title_breakpoint\":\"xl\",\"title_position\":\"top-left\",\"title_rotation\":\"left\",\"vertical_align\":\"middle\",\"width\":\"default\"},\"children\":[{\"type\":\"row\",\"children\":[{\"type\":\"column\",\"props\":{\"image_position\":\"center-center\",\"position_sticky_breakpoint\":\"m\",\"width_medium\":\"1-2\"},\"children\":[{\"type\":\"text\",\"props\":{\"column_breakpoint\":\"m\",\"content\":\"\n\n<h2><\\\/h2>\\n\n\n<h2><\\\/h2>\\n\n\n<h2><span style=\\\"font-weight: 400;\\\"><b>Qualification pour le concours National<\\\/b><\\\/span><\\\/h2>\\n\n\n<p><span style=\\\"font-weight: 400;\\\">Notre projet a \\u00e9galement \\u00e9t\\u00e9 s\\u00e9lectionn\\u00e9 pour participer au prix National de la Construction Bois 2024. Parmi les<strong> 717 candidatures<\\\/strong> re\\u00e7ues, notre b\\u00e2timent figure dans <strong>84 finalistes<\\\/strong> qui seront \\u00e9valu\\u00e9s \\u00e0 Paris. Les laur\\u00e9ats nationaux seront d\\u00e9voil\\u00e9s lors de la c\\u00e9r\\u00e9monie de remise des prix <strong>le 3 octobre 2024 au salon Batimat \\u00e0 Paris.\\u00a0<\\\/strong><\\\/span><\\\/p>\\n\n\n<p><span style=\\\"font-weight: 400;\\\">Cette reconnaissance r\\u00e9gionale et notre qualification pour le concours national t\\u00e9moignent de notre engagement vers l\\u2019excellence en construction durable. Nous remercions nos <strong>partenaires<\\\/strong>, <strong>collaborateurs<\\\/strong> et <strong>clients<\\\/strong> pour leur soutien continu. Ensemble, continuons \\u00e0 innover et \\u00e0 construire un avenir plus respectueux de l\\u2019environnement. <\\\/span><\\\/p>\",\"margin\":\"default\"}}]},{\"type\":\"column\",\"props\":{\"image_position\":\"center-center\",\"position_sticky_breakpoint\":\"m\",\"width_medium\":\"1-2\"},\"children\":[{\"type\":\"image\",\"props\":{\"image\":\"wp-content\\\/uploads\\\/2024\\\/07\\\/IMG_06928-scaled.jpg\",\"image_svg_color\":\"emphasis\",\"margin\":\"default\"}}]}],\"props\":{\"layout\":\"1-2,1-2\"}}]},{\"type\":\"section\",\"props\":{\"image_position\":\"center-center\",\"style\":\"default\",\"title_breakpoint\":\"xl\",\"title_position\":\"top-left\",\"title_rotation\":\"left\",\"vertical_align\":\"middle\",\"width\":\"default\"},\"children\":[{\"type\":\"row\",\"children\":[{\"type\":\"column\",\"props\":{\"image_position\":\"center-center\",\"position_sticky_breakpoint\":\"m\"},\"children\":[{\"type\":\"comments\",\"props\":{\"link_style\":\"default\",\"margin\":\"default\",\"title_decoration\":\"bullet\",\"title_element\":\"h2\",\"title_style\":\"h3\"}}]}]}]}],\"version\":\"4.5.4\"} --><\/p>\n","protected":false},"excerpt":{"rendered":"<p>Alterboutique remporte le prix r\u00e9gional de la Construction Bois Grand-Est 2024 !\u00a0 Nous sommes ravis d\u2019annoncer qu\u2019Alterboutique a remport\u00e9 le prestigieux Prix R\u00e9gional de la Construction Bois Grand Est 2024 dans la cat\u00e9gorie \u201cTravailler-accueillir\u201d. Cette reconnaissance souligne notre engagement envers la construction durable et notre expertise dans l\u2019utilisation du bois comme mat\u00e9riau principal. La c\u00e9r\u00e9monie [&hellip;]<\/p>\n","protected":false},"author":5,"featured_media":9772,"comment_status":"open","ping_status":"open","sticky":false,"template":"","format":"standard","meta":{"_jetpack_memberships_contains_paid_content":false,"footnotes":""},"categories":[4,17],"tags":[],"class_list":["post-9652","post","type-post","status-publish","format-standard","has-post-thumbnail","hentry","category-actus-oliquide","category-team-oliquide"],"aioseo_notices":[],"jetpack_featured_media_url":"https:\/\/www.oliquide.com\/blog\/wp-content\/uploads\/2024\/07\/IMG_06928-scaled-1.jpg","jetpack_sharing_enabled":true,"_links":{"self":[{"href":"https:\/\/www.oliquide.com\/blog\/wp-json\/wp\/v2\/posts\/9652","targetHints":{"allow":["GET"]}}],"collection":[{"href":"https:\/\/www.oliquide.com\/blog\/wp-json\/wp\/v2\/posts"}],"about":[{"href":"https:\/\/www.oliquide.com\/blog\/wp-json\/wp\/v2\/types\/post"}],"author":[{"embeddable":true,"href":"https:\/\/www.oliquide.com\/blog\/wp-json\/wp\/v2\/users\/5"}],"replies":[{"embeddable":true,"href":"https:\/\/www.oliquide.com\/blog\/wp-json\/wp\/v2\/comments?post=9652"}],"version-history":[{"count":0,"href":"https:\/\/www.oliquide.com\/blog\/wp-json\/wp\/v2\/posts\/9652\/revisions"}],"wp:featuredmedia":[{"embeddable":true,"href":"https:\/\/www.oliquide.com\/blog\/wp-json\/wp\/v2\/media\/9772"}],"wp:attachment":[{"href":"https:\/\/www.oliquide.com\/blog\/wp-json\/wp\/v2\/media?parent=9652"}],"wp:term":[{"taxonomy":"category","embeddable":true,"href":"https:\/\/www.oliquide.com\/blog\/wp-json\/wp\/v2\/categories?post=9652"},{"taxonomy":"post_tag","embeddable":true,"href":"https:\/\/www.oliquide.com\/blog\/wp-json\/wp\/v2\/tags?post=9652"}],"curies":[{"name":"wp","href":"https:\/\/api.w.org\/{rel}","templated":true}]}}